{"id":100161,"date":"2016-05-31T09:39:17","date_gmt":"2016-05-31T13:39:17","guid":{"rendered":"http:\/\/desarrollo.ip.gov.py\/ip\/?p=100161"},"modified":"2016-05-31T10:07:42","modified_gmt":"2016-05-31T14:07:42","slug":"villar-jugara-su-septima-copa-america","status":"publish","type":"post","link":"https:\/\/www.ip.gov.py\/ip\/2016\/05\/31\/villar-jugara-su-septima-copa-america\/","title":{"rendered":"Villar jugar\u00e1 su s\u00e9ptima Copa Am\u00e9rica"},"content":{"rendered":"<p style=\"text-align: justify;\"><strong><em>Asunci\u00f3n, IP.- <\/em><\/strong>\u00a0El portero Justo Villar, de 39 a\u00f1os, capit\u00e1n de la Selecci\u00f3n Nacional, disputar\u00e1 su s\u00e9ptima Copa Am\u00e9rica en su rica carrera futbol\u00edstica. Jug\u00f3 las ediciones de 1999 (cuando nuestro pa\u00eds organiz\u00f3 el evento), y posteriormente estuvo en Colombia 2001, Per\u00fa 2004, Venezuela 2007, Argentina 2011, Chile 2015 y ahora Estados Unidos 2016. Adem\u00e1s, el portero integr\u00f3 la Albirroja que disput\u00f3 el Mundial Corea-Jap\u00f3n, en el 2002, donde no pudo jugar ning\u00fan partido. Despu\u00e9s estuvo en el Mundial de Alemania 2006, donde disput\u00f3 un partido y posteriormente en Sud\u00e1frica 2010, donde jug\u00f3 cinco enfrentamientos.<!--more--><\/p>\n<p style=\"text-align: justify;\">Por otro lado, en estos momentos la Albirroja\u00a0 se encuentra activando en el Complejo Disney ESPN, de Orlando, Estados Unidos. Tras la movilizaci\u00f3n hablar\u00e1n en conferencia de prensa dos futbolistas.<\/p>\n<p style=\"text-align: justify;\">La Selecci\u00f3n Paraguaya debuta en la Copa Am\u00e9rica Centenario este s\u00e1bado, a las 17.00, frente a Costa Rica, en el estadio Citrus Bowl, de Orlando. El escenario tiene capacidad para 70.000 espectadores.<\/p>\n","protected":false},"excerpt":{"rendered":"<p>Asunci\u00f3n, IP.- \u00a0El portero Justo Villar, de 39 a\u00f1os, capit\u00e1n de la Selecci\u00f3n Nacional, disputar\u00e1 su s\u00e9ptima Copa Am\u00e9rica en su rica carrera futbol\u00edstica. Jug\u00f3 las ediciones de 1999 (cuando nuestro pa\u00eds organiz\u00f3 el evento), y posteriormente estuvo en Colombia 2001, Per\u00fa 2004, Venezuela 2007, Argentina 2011, Chile 2015 y ahora Estados Unidos 2016. Adem\u00e1s, [&hellip;]<\/p>\n","protected":false},"author":20,"featured_media":100162,"comment_status":"closed","ping_status":"closed","sticky":false,"template":"","format":"standard","meta":{"_monsterinsights_skip_tracking":false,"_monsterinsights_sitenote_active":false,"_monsterinsights_sitenote_note":"","_monsterinsights_sitenote_category":0,"footnotes":""},"categories":[8],"tags":[],"class_list":{"0":"post-100161","1":"post","2":"type-post","3":"status-publish","4":"format-standard","5":"has-post-thumbnail","7":"category-deportes"},"yoast_head":"<!-- This site is optimized with the Yoast SEO plugin v27.4 - https:\/\/yoast.com\/product\/yoast-seo-wordpress\/ -->\n<title>Villar jugar\u00e1 su s\u00e9ptima Copa Am\u00e9rica - .::Agencia IP::.<\/title>\n<meta name=\"robots\" content=\"index, follow, max-snippet:-1, max-image-preview:large, max-video-preview:-1\" \/>\n<link rel=\"canonical\" href=\"https:\/\/www.ip.gov.py\/ip\/2016\/05\/31\/villar-jugara-su-septima-copa-america\/\" \/>\n<meta property=\"og:locale\" content=\"es_ES\" \/>\n<meta property=\"og:type\" content=\"article\" \/>\n<meta property=\"og:title\" content=\"Villar jugar\u00e1 su s\u00e9ptima Copa Am\u00e9rica - .::Agencia IP::.\" \/>\n<meta property=\"og:description\" content=\"Asunci\u00f3n, IP.- \u00a0El portero Justo Villar, de 39 a\u00f1os, capit\u00e1n de la Selecci\u00f3n Nacional, disputar\u00e1 su s\u00e9ptima Copa Am\u00e9rica en su rica carrera futbol\u00edstica. Jug\u00f3 las ediciones de 1999 (cuando nuestro pa\u00eds organiz\u00f3 el evento), y posteriormente estuvo en Colombia 2001, Per\u00fa 2004, Venezuela 2007, Argentina 2011, Chile 2015 y ahora Estados Unidos 2016. Adem\u00e1s, [&hellip;]\" \/>\n<meta property=\"og:url\" content=\"https:\/\/www.ip.gov.py\/ip\/2016\/05\/31\/villar-jugara-su-septima-copa-america\/\" \/>\n<meta property=\"og:site_name\" content=\".::Agencia IP::.\" \/>\n<meta property=\"article:publisher\" content=\"https:\/\/www.facebook.com\/IPParaguay\/\" \/>\n<meta property=\"article:published_time\" content=\"2016-05-31T13:39:17+00:00\" \/>\n<meta property=\"article:modified_time\" content=\"2016-05-31T14:07:42+00:00\" \/>\n<meta property=\"og:image\" content=\"https:\/\/www.ip.gov.py\/ip\/wp-content\/uploads\/2016\/05\/13319884_10157029294440327_107537174339071161_n.jpg\" \/>\n\t<meta property=\"og:image:width\" content=\"960\" \/>\n\t<meta property=\"og:image:height\" content=\"588\" \/>\n\t<meta property=\"og:image:type\" content=\"image\/jpeg\" \/>\n<meta name=\"author\" content=\"Hector Latorre\" \/>\n<meta name=\"twitter:card\" content=\"summary_large_image\" \/>\n<meta name=\"twitter:creator\" content=\"@IPParaguay\" \/>\n<meta name=\"twitter:site\" content=\"@IPParaguay\" \/>\n<meta name=\"twitter:label1\" content=\"Escrito por\" \/>\n\t<meta name=\"twitter:data1\" content=\"Hector Latorre\" \/>\n\t<meta name=\"twitter:label2\" content=\"Tiempo de lectura\" \/>\n\t<meta name=\"twitter:data2\" content=\"1 minuto\" \/>\n<script type=\"application\/ld+json\" class=\"yoast-schema-graph\">{\"@context\":\"https:\\\/\\\/schema.org\",\"@graph\":[{\"@type\":\"Article\",\"@id\":\"https:\\\/\\\/www.ip.gov.py\\\/ip\\\/2016\\\/05\\\/31\\\/villar-jugara-su-septima-copa-america\\\/#article\",\"isPartOf\":{\"@id\":\"https:\\\/\\\/www.ip.gov.py\\\/ip\\\/2016\\\/05\\\/31\\\/villar-jugara-su-septima-copa-america\\\/\"},\"author\":{\"name\":\"Hector Latorre\",\"@id\":\"https:\\\/\\\/www.ip.gov.py\\\/ip\\\/#\\\/schema\\\/person\\\/ab00554d48b7525bfa3dfbba7d507ef1\"},\"headline\":\"Villar jugar\u00e1 su s\u00e9ptima Copa Am\u00e9rica\",\"datePublished\":\"2016-05-31T13:39:17+00:00\",\"dateModified\":\"2016-05-31T14:07:42+00:00\",\"mainEntityOfPage\":{\"@id\":\"https:\\\/\\\/www.ip.gov.py\\\/ip\\\/2016\\\/05\\\/31\\\/villar-jugara-su-septima-copa-america\\\/\"},\"wordCount\":171,\"publisher\":{\"@id\":\"https:\\\/\\\/www.ip.gov.py\\\/ip\\\/#organization\"},\"image\":{\"@id\":\"https:\\\/\\\/www.ip.gov.py\\\/ip\\\/2016\\\/05\\\/31\\\/villar-jugara-su-septima-copa-america\\\/#primaryimage\"},\"thumbnailUrl\":\"https:\\\/\\\/www.ip.gov.py\\\/ip\\\/wp-content\\\/uploads\\\/2016\\\/05\\\/13319884_10157029294440327_107537174339071161_n.jpg\",\"articleSection\":[\"Deportes\"],\"inLanguage\":\"es\"},{\"@type\":\"WebPage\",\"@id\":\"https:\\\/\\\/www.ip.gov.py\\\/ip\\\/2016\\\/05\\\/31\\\/villar-jugara-su-septima-copa-america\\\/\",\"url\":\"https:\\\/\\\/www.ip.gov.py\\\/ip\\\/2016\\\/05\\\/31\\\/villar-jugara-su-septima-copa-america\\\/\",\"name\":\"Villar jugar\u00e1 su s\u00e9ptima Copa Am\u00e9rica - .::Agencia IP::.\",\"isPartOf\":{\"@id\":\"https:\\\/\\\/www.ip.gov.py\\\/ip\\\/#website\"},\"primaryImageOfPage\":{\"@id\":\"https:\\\/\\\/www.ip.gov.py\\\/ip\\\/2016\\\/05\\\/31\\\/villar-jugara-su-septima-copa-america\\\/#primaryimage\"},\"image\":{\"@id\":\"https:\\\/\\\/www.ip.gov.py\\\/ip\\\/2016\\\/05\\\/31\\\/villar-jugara-su-septima-copa-america\\\/#primaryimage\"},\"thumbnailUrl\":\"https:\\\/\\\/www.ip.gov.py\\\/ip\\\/wp-content\\\/uploads\\\/2016\\\/05\\\/13319884_10157029294440327_107537174339071161_n.jpg\",\"datePublished\":\"2016-05-31T13:39:17+00:00\",\"dateModified\":\"2016-05-31T14:07:42+00:00\",\"breadcrumb\":{\"@id\":\"https:\\\/\\\/www.ip.gov.py\\\/ip\\\/2016\\\/05\\\/31\\\/villar-jugara-su-septima-copa-america\\\/#breadcrumb\"},\"inLanguage\":\"es\",\"potentialAction\":[{\"@type\":\"ReadAction\",\"target\":[\"https:\\\/\\\/www.ip.gov.py\\\/ip\\\/2016\\\/05\\\/31\\\/villar-jugara-su-septima-copa-america\\\/\"]}]},{\"@type\":\"ImageObject\",\"inLanguage\":\"es\",\"@id\":\"https:\\\/\\\/www.ip.gov.py\\\/ip\\\/2016\\\/05\\\/31\\\/villar-jugara-su-septima-copa-america\\\/#primaryimage\",\"url\":\"https:\\\/\\\/www.ip.gov.py\\\/ip\\\/wp-content\\\/uploads\\\/2016\\\/05\\\/13319884_10157029294440327_107537174339071161_n.jpg\",\"contentUrl\":\"https:\\\/\\\/www.ip.gov.py\\\/ip\\\/wp-content\\\/uploads\\\/2016\\\/05\\\/13319884_10157029294440327_107537174339071161_n.jpg\",\"width\":960,\"height\":588,\"caption\":\"El portero Justo Villar, ex capit\u00e1n de la Selecci\u00f3n Nacional se despide del f\u00fatbol. Foto APF.\"},{\"@type\":\"BreadcrumbList\",\"@id\":\"https:\\\/\\\/www.ip.gov.py\\\/ip\\\/2016\\\/05\\\/31\\\/villar-jugara-su-septima-copa-america\\\/#breadcrumb\",\"itemListElement\":[{\"@type\":\"ListItem\",\"position\":1,\"name\":\"Portada\",\"item\":\"https:\\\/\\\/www.ip.gov.py\\\/ip\\\/\"},{\"@type\":\"ListItem\",\"position\":2,\"name\":\"Villar jugar\u00e1 su s\u00e9ptima Copa Am\u00e9rica\"}]},{\"@type\":\"WebSite\",\"@id\":\"https:\\\/\\\/www.ip.gov.py\\\/ip\\\/#website\",\"url\":\"https:\\\/\\\/www.ip.gov.py\\\/ip\\\/\",\"name\":\".::Agencia IP::.\",\"description\":\"\",\"publisher\":{\"@id\":\"https:\\\/\\\/www.ip.gov.py\\\/ip\\\/#organization\"},\"potentialAction\":[{\"@type\":\"SearchAction\",\"target\":{\"@type\":\"EntryPoint\",\"urlTemplate\":\"https:\\\/\\\/www.ip.gov.py\\\/ip\\\/?s={search_term_string}\"},\"query-input\":{\"@type\":\"PropertyValueSpecification\",\"valueRequired\":true,\"valueName\":\"search_term_string\"}}],\"inLanguage\":\"es\"},{\"@type\":\"Organization\",\"@id\":\"https:\\\/\\\/www.ip.gov.py\\\/ip\\\/#organization\",\"name\":\"Agencia IP\",\"url\":\"https:\\\/\\\/www.ip.gov.py\\\/ip\\\/\",\"logo\":{\"@type\":\"ImageObject\",\"inLanguage\":\"es\",\"@id\":\"https:\\\/\\\/www.ip.gov.py\\\/ip\\\/#\\\/schema\\\/logo\\\/image\\\/\",\"url\":\"https:\\\/\\\/www.ip.gov.py\\\/ip\\\/wp-content\\\/uploads\\\/2018\\\/01\\\/Agencia-IP.jpg\",\"contentUrl\":\"https:\\\/\\\/www.ip.gov.py\\\/ip\\\/wp-content\\\/uploads\\\/2018\\\/01\\\/Agencia-IP.jpg\",\"width\":150,\"height\":150,\"caption\":\"Agencia IP\"},\"image\":{\"@id\":\"https:\\\/\\\/www.ip.gov.py\\\/ip\\\/#\\\/schema\\\/logo\\\/image\\\/\"},\"sameAs\":[\"https:\\\/\\\/www.facebook.com\\\/IPParaguay\\\/\",\"https:\\\/\\\/x.com\\\/IPParaguay\",\"https:\\\/\\\/www.instagram.com\\\/IPParaguay\"]},{\"@type\":\"Person\",\"@id\":\"https:\\\/\\\/www.ip.gov.py\\\/ip\\\/#\\\/schema\\\/person\\\/ab00554d48b7525bfa3dfbba7d507ef1\",\"name\":\"Hector Latorre\",\"url\":\"https:\\\/\\\/www.ip.gov.py\\\/ip\\\/author\\\/hlatorre\\\/\"}]}<\/script>\n<!-- \/ Yoast SEO plugin. -->","yoast_head_json":{"title":"Villar jugar\u00e1 su s\u00e9ptima Copa Am\u00e9rica - .::Agencia IP::.","robots":{"index":"index","follow":"follow","max-snippet":"max-snippet:-1","max-image-preview":"max-image-preview:large","max-video-preview":"max-video-preview:-1"},"canonical":"https:\/\/www.ip.gov.py\/ip\/2016\/05\/31\/villar-jugara-su-septima-copa-america\/","og_locale":"es_ES","og_type":"article","og_title":"Villar jugar\u00e1 su s\u00e9ptima Copa Am\u00e9rica - .::Agencia IP::.","og_description":"Asunci\u00f3n, IP.- \u00a0El portero Justo Villar, de 39 a\u00f1os, capit\u00e1n de la Selecci\u00f3n Nacional, disputar\u00e1 su s\u00e9ptima Copa Am\u00e9rica en su rica carrera futbol\u00edstica. Jug\u00f3 las ediciones de 1999 (cuando nuestro pa\u00eds organiz\u00f3 el evento), y posteriormente estuvo en Colombia 2001, Per\u00fa 2004, Venezuela 2007, Argentina 2011, Chile 2015 y ahora Estados Unidos 2016. Adem\u00e1s, [&hellip;]","og_url":"https:\/\/www.ip.gov.py\/ip\/2016\/05\/31\/villar-jugara-su-septima-copa-america\/","og_site_name":".::Agencia IP::.","article_publisher":"https:\/\/www.facebook.com\/IPParaguay\/","article_published_time":"2016-05-31T13:39:17+00:00","article_modified_time":"2016-05-31T14:07:42+00:00","og_image":[{"width":960,"height":588,"url":"https:\/\/www.ip.gov.py\/ip\/wp-content\/uploads\/2016\/05\/13319884_10157029294440327_107537174339071161_n.jpg","type":"image\/jpeg"}],"author":"Hector Latorre","twitter_card":"summary_large_image","twitter_creator":"@IPParaguay","twitter_site":"@IPParaguay","twitter_misc":{"Escrito por":"Hector Latorre","Tiempo de lectura":"1 minuto"},"schema":{"@context":"https:\/\/schema.org","@graph":[{"@type":"Article","@id":"https:\/\/www.ip.gov.py\/ip\/2016\/05\/31\/villar-jugara-su-septima-copa-america\/#article","isPartOf":{"@id":"https:\/\/www.ip.gov.py\/ip\/2016\/05\/31\/villar-jugara-su-septima-copa-america\/"},"author":{"name":"Hector Latorre","@id":"https:\/\/www.ip.gov.py\/ip\/#\/schema\/person\/ab00554d48b7525bfa3dfbba7d507ef1"},"headline":"Villar jugar\u00e1 su s\u00e9ptima Copa Am\u00e9rica","datePublished":"2016-05-31T13:39:17+00:00","dateModified":"2016-05-31T14:07:42+00:00","mainEntityOfPage":{"@id":"https:\/\/www.ip.gov.py\/ip\/2016\/05\/31\/villar-jugara-su-septima-copa-america\/"},"wordCount":171,"publisher":{"@id":"https:\/\/www.ip.gov.py\/ip\/#organization"},"image":{"@id":"https:\/\/www.ip.gov.py\/ip\/2016\/05\/31\/villar-jugara-su-septima-copa-america\/#primaryimage"},"thumbnailUrl":"https:\/\/www.ip.gov.py\/ip\/wp-content\/uploads\/2016\/05\/13319884_10157029294440327_107537174339071161_n.jpg","articleSection":["Deportes"],"inLanguage":"es"},{"@type":"WebPage","@id":"https:\/\/www.ip.gov.py\/ip\/2016\/05\/31\/villar-jugara-su-septima-copa-america\/","url":"https:\/\/www.ip.gov.py\/ip\/2016\/05\/31\/villar-jugara-su-septima-copa-america\/","name":"Villar jugar\u00e1 su s\u00e9ptima Copa Am\u00e9rica - .::Agencia IP::.","isPartOf":{"@id":"https:\/\/www.ip.gov.py\/ip\/#website"},"primaryImageOfPage":{"@id":"https:\/\/www.ip.gov.py\/ip\/2016\/05\/31\/villar-jugara-su-septima-copa-america\/#primaryimage"},"image":{"@id":"https:\/\/www.ip.gov.py\/ip\/2016\/05\/31\/villar-jugara-su-septima-copa-america\/#primaryimage"},"thumbnailUrl":"https:\/\/www.ip.gov.py\/ip\/wp-content\/uploads\/2016\/05\/13319884_10157029294440327_107537174339071161_n.jpg","datePublished":"2016-05-31T13:39:17+00:00","dateModified":"2016-05-31T14:07:42+00:00","breadcrumb":{"@id":"https:\/\/www.ip.gov.py\/ip\/2016\/05\/31\/villar-jugara-su-septima-copa-america\/#breadcrumb"},"inLanguage":"es","potentialAction":[{"@type":"ReadAction","target":["https:\/\/www.ip.gov.py\/ip\/2016\/05\/31\/villar-jugara-su-septima-copa-america\/"]}]},{"@type":"ImageObject","inLanguage":"es","@id":"https:\/\/www.ip.gov.py\/ip\/2016\/05\/31\/villar-jugara-su-septima-copa-america\/#primaryimage","url":"https:\/\/www.ip.gov.py\/ip\/wp-content\/uploads\/2016\/05\/13319884_10157029294440327_107537174339071161_n.jpg","contentUrl":"https:\/\/www.ip.gov.py\/ip\/wp-content\/uploads\/2016\/05\/13319884_10157029294440327_107537174339071161_n.jpg","width":960,"height":588,"caption":"El portero Justo Villar, ex capit\u00e1n de la Selecci\u00f3n Nacional se despide del f\u00fatbol. Foto APF."},{"@type":"BreadcrumbList","@id":"https:\/\/www.ip.gov.py\/ip\/2016\/05\/31\/villar-jugara-su-septima-copa-america\/#breadcrumb","itemListElement":[{"@type":"ListItem","position":1,"name":"Portada","item":"https:\/\/www.ip.gov.py\/ip\/"},{"@type":"ListItem","position":2,"name":"Villar jugar\u00e1 su s\u00e9ptima Copa Am\u00e9rica"}]},{"@type":"WebSite","@id":"https:\/\/www.ip.gov.py\/ip\/#website","url":"https:\/\/www.ip.gov.py\/ip\/","name":".::Agencia IP::.","description":"","publisher":{"@id":"https:\/\/www.ip.gov.py\/ip\/#organization"},"potentialAction":[{"@type":"SearchAction","target":{"@type":"EntryPoint","urlTemplate":"https:\/\/www.ip.gov.py\/ip\/?s={search_term_string}"},"query-input":{"@type":"PropertyValueSpecification","valueRequired":true,"valueName":"search_term_string"}}],"inLanguage":"es"},{"@type":"Organization","@id":"https:\/\/www.ip.gov.py\/ip\/#organization","name":"Agencia IP","url":"https:\/\/www.ip.gov.py\/ip\/","logo":{"@type":"ImageObject","inLanguage":"es","@id":"https:\/\/www.ip.gov.py\/ip\/#\/schema\/logo\/image\/","url":"https:\/\/www.ip.gov.py\/ip\/wp-content\/uploads\/2018\/01\/Agencia-IP.jpg","contentUrl":"https:\/\/www.ip.gov.py\/ip\/wp-content\/uploads\/2018\/01\/Agencia-IP.jpg","width":150,"height":150,"caption":"Agencia IP"},"image":{"@id":"https:\/\/www.ip.gov.py\/ip\/#\/schema\/logo\/image\/"},"sameAs":["https:\/\/www.facebook.com\/IPParaguay\/","https:\/\/x.com\/IPParaguay","https:\/\/www.instagram.com\/IPParaguay"]},{"@type":"Person","@id":"https:\/\/www.ip.gov.py\/ip\/#\/schema\/person\/ab00554d48b7525bfa3dfbba7d507ef1","name":"Hector Latorre","url":"https:\/\/www.ip.gov.py\/ip\/author\/hlatorre\/"}]}},"_links":{"self":[{"href":"https:\/\/www.ip.gov.py\/ip\/wp-json\/wp\/v2\/posts\/100161","targetHints":{"allow":["GET"]}}],"collection":[{"href":"https:\/\/www.ip.gov.py\/ip\/wp-json\/wp\/v2\/posts"}],"about":[{"href":"https:\/\/www.ip.gov.py\/ip\/wp-json\/wp\/v2\/types\/post"}],"author":[{"embeddable":true,"href":"https:\/\/www.ip.gov.py\/ip\/wp-json\/wp\/v2\/users\/20"}],"replies":[{"embeddable":true,"href":"https:\/\/www.ip.gov.py\/ip\/wp-json\/wp\/v2\/comments?post=100161"}],"version-history":[{"count":0,"href":"https:\/\/www.ip.gov.py\/ip\/wp-json\/wp\/v2\/posts\/100161\/revisions"}],"wp:featuredmedia":[{"embeddable":true,"href":"https:\/\/www.ip.gov.py\/ip\/wp-json\/wp\/v2\/media\/100162"}],"wp:attachment":[{"href":"https:\/\/www.ip.gov.py\/ip\/wp-json\/wp\/v2\/media?parent=100161"}],"wp:term":[{"taxonomy":"category","embeddable":true,"href":"https:\/\/www.ip.gov.py\/ip\/wp-json\/wp\/v2\/categories?post=100161"},{"taxonomy":"post_tag","embeddable":true,"href":"https:\/\/www.ip.gov.py\/ip\/wp-json\/wp\/v2\/tags?post=100161"}],"curies":[{"name":"wp","href":"https:\/\/api.w.org\/{rel}","templated":true}]}}