{"id":100589,"date":"2016-06-02T10:08:40","date_gmt":"2016-06-02T14:08:40","guid":{"rendered":"http:\/\/desarrollo.ip.gov.py\/ip\/?p=100589"},"modified":"2016-06-02T10:08:40","modified_gmt":"2016-06-02T14:08:40","slug":"almagro-urge-a-convocar-sesion-de-oea-sobre-carta-democratica-para-venezuela","status":"publish","type":"post","link":"https:\/\/www.ip.gov.py\/ip\/2016\/06\/02\/almagro-urge-a-convocar-sesion-de-oea-sobre-carta-democratica-para-venezuela\/","title":{"rendered":"Almagro urge a convocar sesi\u00f3n de OEA sobre Carta Democr\u00e1tica para Venezuela"},"content":{"rendered":"<p><em><strong>Washington.-<\/strong><\/em> El secretario general de la Organizaci\u00f3n de Estados Americanos (OEA), Luis Almagro, urgi\u00f3 hoy al Consejo Permanente del organismo a poner fecha a la sesi\u00f3n para decidir si se aplica la Carta Democr\u00e1tica a Venezuela, un proceso que puede llevar a su suspensi\u00f3n del ente.<!--more--><\/p>\n<p>\u00abHoy m\u00e1s que nunca urge fecha reuni\u00f3n Consejo OEA para abordar Carta Democr\u00e1tica #Vzla #DemocraciaEnVzlaYA\u00bb, escribi\u00f3 Almagro a primera hora en su activa cuenta de la red social Twitter.<\/p>\n<p>El titular de la OEA tambi\u00e9n salud\u00f3 que los 34 pa\u00edses de la organizaci\u00f3n abordaran este mi\u00e9rcoles \u00abla crisis de Venezuela\u00bb por primera vez desde 2014, cuando Panam\u00e1 quiso llevar las protestas sociales contra el Gobierno del presidente Nicol\u00e1s Maduro cedi\u00e9ndole una silla a la diputada opositora Mar\u00eda Corina Machado y Caracas forz\u00f3 que la reuni\u00f3n fuera privada.<\/p>\n<p>\u00abSaludamos a pa\u00edses por haber abordado por primera vez #CrisisVenezuela desde 2014 en Consejo @OEA_oficial\u00bb, afirm\u00f3 hoy Almagro en otro mensaje.<\/p>\n<p>Esta es su primera reacci\u00f3n tras la aprobaci\u00f3n este mi\u00e9rcoles por consenso de una declaraci\u00f3n conciliadora que, en t\u00e9rminos muy diluidos, apoya el di\u00e1logo nacional como soluci\u00f3n a la crisis de Venezuela y respalda la iniciativa en marcha de la Uni\u00f3n de Naciones Suramericanas (Unasur) y tres expresidentes para promoverlo.<\/p>\n<p>Almagro se ausent\u00f3 de esa sesi\u00f3n para dejar claro que la declaraci\u00f3n promovida por Argentina es distinta del proceso de la Carta Democr\u00e1tica que activ\u00f3 el martes, un instrumento muy sensible que se invoca por primera vez contra la voluntad del Gobierno del Estado afectado.<\/p>\n<p>El jefe de la OEA ha pedido convocar una sesi\u00f3n extraordinaria entre el 10 y el 20 de junio para que los Estados se pronuncien sobre si, como \u00e9l, consideran que en Venezuela hay \u00abuna alteraci\u00f3n del orden constitucional que afecta gravemente al orden democr\u00e1tico\u00bb y, en consecuencia, votan proseguir con el proceso de la carta.<\/p>\n<p>Esa convocatoria est\u00e1 en manos del presidente de turno del Consejo Permanente, el embajador argentino Juan Jos\u00e9 Arcuri, que todav\u00eda no se ha pronunciado al respecto pero que el mi\u00e9rcoles mostr\u00f3 un evidente malestar con Almagro.<\/p>\n<p>\u00abAlguien lo dijo por ah\u00ed y creo que no se repite lo suficiente, los Estados somos los due\u00f1os del organismo\u00bb, afirm\u00f3 Arcuri en un mensaje que refleja el sentir de un buen n\u00famero de Estados, que consideran que Almagro est\u00e1 actuando por su cuenta y pasando por encima de ellos, sobre todo en la crisis venezolana.<\/p>\n<p>Otro gesto claro de que \u00abArgentina est\u00e1 de punta con Almagro\u00bb (re\u00f1ido con \u00e9l), como comentaron los diplom\u00e1ticos en los pasillos de la OEA, fue que Arcuri neg\u00f3 la palabra al t\u00e9rmino de la sesi\u00f3n al jefe de gabinete de Almagro, Gonzalo Koncke, en un desplante que los veteranos del organismo consideran ins\u00f3lito.<\/p>\n<p>La declaraci\u00f3n aprobada el mi\u00e9rcoles surgi\u00f3 de un texto que Argentina llevaba gestando con m\u00e1s de 20 pa\u00edses en la \u00faltima semana como v\u00eda alternativa, y conciliadora, a la Carta Democr\u00e1tica. EFE<\/p>\n","protected":false},"excerpt":{"rendered":"<p>Washington.- El secretario general de la Organizaci\u00f3n de Estados Americanos (OEA), Luis Almagro, urgi\u00f3 hoy al Consejo Permanente del organismo a poner fecha a la sesi\u00f3n para decidir si se aplica la Carta Democr\u00e1tica a Venezuela, un proceso que puede llevar a su suspensi\u00f3n del ente.<\/p>\n","protected":false},"author":11,"featured_media":100595,"comment_status":"closed","ping_status":"closed","sticky":false,"template":"","format":"standard","meta":{"_monsterinsights_skip_tracking":false,"_monsterinsights_sitenote_active":false,"_monsterinsights_sitenote_note":"","_monsterinsights_sitenote_category":0,"footnotes":""},"categories":[5],"tags":[],"class_list":{"0":"post-100589","1":"post","2":"type-post","3":"status-publish","4":"format-standard","5":"has-post-thumbnail","7":"category-internacionales"},"yoast_head":"<!-- This site is optimized with the Yoast SEO plugin v27.5 - https:\/\/yoast.com\/product\/yoast-seo-wordpress\/ -->\n<title>Almagro urge a convocar sesi\u00f3n de OEA sobre Carta Democr\u00e1tica para Venezuela - .::Agencia IP::.<\/title>\n<meta name=\"robots\" content=\"index, follow, max-snippet:-1, max-image-preview:large, max-video-preview:-1\" \/>\n<link rel=\"canonical\" href=\"https:\/\/www.ip.gov.py\/ip\/2016\/06\/02\/almagro-urge-a-convocar-sesion-de-oea-sobre-carta-democratica-para-venezuela\/\" \/>\n<meta property=\"og:locale\" content=\"es_ES\" \/>\n<meta property=\"og:type\" content=\"article\" \/>\n<meta property=\"og:title\" content=\"Almagro urge a convocar sesi\u00f3n de OEA sobre Carta Democr\u00e1tica para Venezuela - .::Agencia IP::.\" \/>\n<meta property=\"og:description\" content=\"Washington.- El secretario general de la Organizaci\u00f3n de Estados Americanos (OEA), Luis Almagro, urgi\u00f3 hoy al Consejo Permanente del organismo a poner fecha a la sesi\u00f3n para decidir si se aplica la Carta Democr\u00e1tica a Venezuela, un proceso que puede llevar a su suspensi\u00f3n del ente.\" \/>\n<meta property=\"og:url\" content=\"https:\/\/www.ip.gov.py\/ip\/2016\/06\/02\/almagro-urge-a-convocar-sesion-de-oea-sobre-carta-democratica-para-venezuela\/\" \/>\n<meta property=\"og:site_name\" content=\".::Agencia IP::.\" \/>\n<meta property=\"article:publisher\" content=\"https:\/\/www.facebook.com\/IPParaguay\/\" \/>\n<meta property=\"article:published_time\" content=\"2016-06-02T14:08:40+00:00\" \/>\n<meta property=\"og:image\" content=\"https:\/\/www.ip.gov.py\/ip\/wp-content\/uploads\/2016\/06\/Luis-Almagro.jpg\" \/>\n\t<meta property=\"og:image:width\" content=\"622\" \/>\n\t<meta property=\"og:image:height\" content=\"380\" \/>\n\t<meta property=\"og:image:type\" content=\"image\/jpeg\" \/>\n<meta name=\"author\" content=\"vrios\" \/>\n<meta name=\"twitter:card\" content=\"summary_large_image\" \/>\n<meta name=\"twitter:creator\" content=\"@IPParaguay\" \/>\n<meta name=\"twitter:site\" content=\"@IPParaguay\" \/>\n<meta name=\"twitter:label1\" content=\"Escrito por\" \/>\n\t<meta name=\"twitter:data1\" content=\"vrios\" \/>\n\t<meta name=\"twitter:label2\" content=\"Tiempo de lectura\" \/>\n\t<meta name=\"twitter:data2\" content=\"3 minutos\" \/>\n<script type=\"application\/ld+json\" class=\"yoast-schema-graph\">{\"@context\":\"https:\\\/\\\/schema.org\",\"@graph\":[{\"@type\":\"Article\",\"@id\":\"https:\\\/\\\/www.ip.gov.py\\\/ip\\\/2016\\\/06\\\/02\\\/almagro-urge-a-convocar-sesion-de-oea-sobre-carta-democratica-para-venezuela\\\/#article\",\"isPartOf\":{\"@id\":\"https:\\\/\\\/www.ip.gov.py\\\/ip\\\/2016\\\/06\\\/02\\\/almagro-urge-a-convocar-sesion-de-oea-sobre-carta-democratica-para-venezuela\\\/\"},\"author\":{\"name\":\"vrios\",\"@id\":\"https:\\\/\\\/www.ip.gov.py\\\/ip\\\/#\\\/schema\\\/person\\\/fa3668852e893cb0423795330f919039\"},\"headline\":\"Almagro urge a convocar sesi\u00f3n de OEA sobre Carta Democr\u00e1tica para Venezuela\",\"datePublished\":\"2016-06-02T14:08:40+00:00\",\"mainEntityOfPage\":{\"@id\":\"https:\\\/\\\/www.ip.gov.py\\\/ip\\\/2016\\\/06\\\/02\\\/almagro-urge-a-convocar-sesion-de-oea-sobre-carta-democratica-para-venezuela\\\/\"},\"wordCount\":537,\"publisher\":{\"@id\":\"https:\\\/\\\/www.ip.gov.py\\\/ip\\\/#organization\"},\"image\":{\"@id\":\"https:\\\/\\\/www.ip.gov.py\\\/ip\\\/2016\\\/06\\\/02\\\/almagro-urge-a-convocar-sesion-de-oea-sobre-carta-democratica-para-venezuela\\\/#primaryimage\"},\"thumbnailUrl\":\"https:\\\/\\\/www.ip.gov.py\\\/ip\\\/wp-content\\\/uploads\\\/2016\\\/06\\\/Luis-Almagro.jpg\",\"articleSection\":[\"Internacionales\"],\"inLanguage\":\"es\"},{\"@type\":\"WebPage\",\"@id\":\"https:\\\/\\\/www.ip.gov.py\\\/ip\\\/2016\\\/06\\\/02\\\/almagro-urge-a-convocar-sesion-de-oea-sobre-carta-democratica-para-venezuela\\\/\",\"url\":\"https:\\\/\\\/www.ip.gov.py\\\/ip\\\/2016\\\/06\\\/02\\\/almagro-urge-a-convocar-sesion-de-oea-sobre-carta-democratica-para-venezuela\\\/\",\"name\":\"Almagro urge a convocar sesi\u00f3n de OEA sobre Carta Democr\u00e1tica para Venezuela - .::Agencia IP::.\",\"isPartOf\":{\"@id\":\"https:\\\/\\\/www.ip.gov.py\\\/ip\\\/#website\"},\"primaryImageOfPage\":{\"@id\":\"https:\\\/\\\/www.ip.gov.py\\\/ip\\\/2016\\\/06\\\/02\\\/almagro-urge-a-convocar-sesion-de-oea-sobre-carta-democratica-para-venezuela\\\/#primaryimage\"},\"image\":{\"@id\":\"https:\\\/\\\/www.ip.gov.py\\\/ip\\\/2016\\\/06\\\/02\\\/almagro-urge-a-convocar-sesion-de-oea-sobre-carta-democratica-para-venezuela\\\/#primaryimage\"},\"thumbnailUrl\":\"https:\\\/\\\/www.ip.gov.py\\\/ip\\\/wp-content\\\/uploads\\\/2016\\\/06\\\/Luis-Almagro.jpg\",\"datePublished\":\"2016-06-02T14:08:40+00:00\",\"breadcrumb\":{\"@id\":\"https:\\\/\\\/www.ip.gov.py\\\/ip\\\/2016\\\/06\\\/02\\\/almagro-urge-a-convocar-sesion-de-oea-sobre-carta-democratica-para-venezuela\\\/#breadcrumb\"},\"inLanguage\":\"es\",\"potentialAction\":[{\"@type\":\"ReadAction\",\"target\":[\"https:\\\/\\\/www.ip.gov.py\\\/ip\\\/2016\\\/06\\\/02\\\/almagro-urge-a-convocar-sesion-de-oea-sobre-carta-democratica-para-venezuela\\\/\"]}]},{\"@type\":\"ImageObject\",\"inLanguage\":\"es\",\"@id\":\"https:\\\/\\\/www.ip.gov.py\\\/ip\\\/2016\\\/06\\\/02\\\/almagro-urge-a-convocar-sesion-de-oea-sobre-carta-democratica-para-venezuela\\\/#primaryimage\",\"url\":\"https:\\\/\\\/www.ip.gov.py\\\/ip\\\/wp-content\\\/uploads\\\/2016\\\/06\\\/Luis-Almagro.jpg\",\"contentUrl\":\"https:\\\/\\\/www.ip.gov.py\\\/ip\\\/wp-content\\\/uploads\\\/2016\\\/06\\\/Luis-Almagro.jpg\",\"width\":622,\"height\":380,\"caption\":\"www.resumenlatinoamericano.org\"},{\"@type\":\"BreadcrumbList\",\"@id\":\"https:\\\/\\\/www.ip.gov.py\\\/ip\\\/2016\\\/06\\\/02\\\/almagro-urge-a-convocar-sesion-de-oea-sobre-carta-democratica-para-venezuela\\\/#breadcrumb\",\"itemListElement\":[{\"@type\":\"ListItem\",\"position\":1,\"name\":\"Portada\",\"item\":\"https:\\\/\\\/www.ip.gov.py\\\/ip\\\/\"},{\"@type\":\"ListItem\",\"position\":2,\"name\":\"Almagro urge a convocar sesi\u00f3n de OEA sobre Carta Democr\u00e1tica para Venezuela\"}]},{\"@type\":\"WebSite\",\"@id\":\"https:\\\/\\\/www.ip.gov.py\\\/ip\\\/#website\",\"url\":\"https:\\\/\\\/www.ip.gov.py\\\/ip\\\/\",\"name\":\".::Agencia IP::.\",\"description\":\"\",\"publisher\":{\"@id\":\"https:\\\/\\\/www.ip.gov.py\\\/ip\\\/#organization\"},\"potentialAction\":[{\"@type\":\"SearchAction\",\"target\":{\"@type\":\"EntryPoint\",\"urlTemplate\":\"https:\\\/\\\/www.ip.gov.py\\\/ip\\\/?s={search_term_string}\"},\"query-input\":{\"@type\":\"PropertyValueSpecification\",\"valueRequired\":true,\"valueName\":\"search_term_string\"}}],\"inLanguage\":\"es\"},{\"@type\":\"Organization\",\"@id\":\"https:\\\/\\\/www.ip.gov.py\\\/ip\\\/#organization\",\"name\":\"Agencia IP\",\"url\":\"https:\\\/\\\/www.ip.gov.py\\\/ip\\\/\",\"logo\":{\"@type\":\"ImageObject\",\"inLanguage\":\"es\",\"@id\":\"https:\\\/\\\/www.ip.gov.py\\\/ip\\\/#\\\/schema\\\/logo\\\/image\\\/\",\"url\":\"https:\\\/\\\/www.ip.gov.py\\\/ip\\\/wp-content\\\/uploads\\\/2018\\\/01\\\/Agencia-IP.jpg\",\"contentUrl\":\"https:\\\/\\\/www.ip.gov.py\\\/ip\\\/wp-content\\\/uploads\\\/2018\\\/01\\\/Agencia-IP.jpg\",\"width\":150,\"height\":150,\"caption\":\"Agencia IP\"},\"image\":{\"@id\":\"https:\\\/\\\/www.ip.gov.py\\\/ip\\\/#\\\/schema\\\/logo\\\/image\\\/\"},\"sameAs\":[\"https:\\\/\\\/www.facebook.com\\\/IPParaguay\\\/\",\"https:\\\/\\\/x.com\\\/IPParaguay\",\"https:\\\/\\\/www.instagram.com\\\/IPParaguay\"]},{\"@type\":\"Person\",\"@id\":\"https:\\\/\\\/www.ip.gov.py\\\/ip\\\/#\\\/schema\\\/person\\\/fa3668852e893cb0423795330f919039\",\"name\":\"vrios\",\"url\":\"https:\\\/\\\/www.ip.gov.py\\\/ip\\\/author\\\/vrios\\\/\"}]}<\/script>\n<!-- \/ Yoast SEO plugin. -->","yoast_head_json":{"title":"Almagro urge a convocar sesi\u00f3n de OEA sobre Carta Democr\u00e1tica para Venezuela - .::Agencia IP::.","robots":{"index":"index","follow":"follow","max-snippet":"max-snippet:-1","max-image-preview":"max-image-preview:large","max-video-preview":"max-video-preview:-1"},"canonical":"https:\/\/www.ip.gov.py\/ip\/2016\/06\/02\/almagro-urge-a-convocar-sesion-de-oea-sobre-carta-democratica-para-venezuela\/","og_locale":"es_ES","og_type":"article","og_title":"Almagro urge a convocar sesi\u00f3n de OEA sobre Carta Democr\u00e1tica para Venezuela - .::Agencia IP::.","og_description":"Washington.- El secretario general de la Organizaci\u00f3n de Estados Americanos (OEA), Luis Almagro, urgi\u00f3 hoy al Consejo Permanente del organismo a poner fecha a la sesi\u00f3n para decidir si se aplica la Carta Democr\u00e1tica a Venezuela, un proceso que puede llevar a su suspensi\u00f3n del ente.","og_url":"https:\/\/www.ip.gov.py\/ip\/2016\/06\/02\/almagro-urge-a-convocar-sesion-de-oea-sobre-carta-democratica-para-venezuela\/","og_site_name":".::Agencia IP::.","article_publisher":"https:\/\/www.facebook.com\/IPParaguay\/","article_published_time":"2016-06-02T14:08:40+00:00","og_image":[{"width":622,"height":380,"url":"https:\/\/www.ip.gov.py\/ip\/wp-content\/uploads\/2016\/06\/Luis-Almagro.jpg","type":"image\/jpeg"}],"author":"vrios","twitter_card":"summary_large_image","twitter_creator":"@IPParaguay","twitter_site":"@IPParaguay","twitter_misc":{"Escrito por":"vrios","Tiempo de lectura":"3 minutos"},"schema":{"@context":"https:\/\/schema.org","@graph":[{"@type":"Article","@id":"https:\/\/www.ip.gov.py\/ip\/2016\/06\/02\/almagro-urge-a-convocar-sesion-de-oea-sobre-carta-democratica-para-venezuela\/#article","isPartOf":{"@id":"https:\/\/www.ip.gov.py\/ip\/2016\/06\/02\/almagro-urge-a-convocar-sesion-de-oea-sobre-carta-democratica-para-venezuela\/"},"author":{"name":"vrios","@id":"https:\/\/www.ip.gov.py\/ip\/#\/schema\/person\/fa3668852e893cb0423795330f919039"},"headline":"Almagro urge a convocar sesi\u00f3n de OEA sobre Carta Democr\u00e1tica para Venezuela","datePublished":"2016-06-02T14:08:40+00:00","mainEntityOfPage":{"@id":"https:\/\/www.ip.gov.py\/ip\/2016\/06\/02\/almagro-urge-a-convocar-sesion-de-oea-sobre-carta-democratica-para-venezuela\/"},"wordCount":537,"publisher":{"@id":"https:\/\/www.ip.gov.py\/ip\/#organization"},"image":{"@id":"https:\/\/www.ip.gov.py\/ip\/2016\/06\/02\/almagro-urge-a-convocar-sesion-de-oea-sobre-carta-democratica-para-venezuela\/#primaryimage"},"thumbnailUrl":"https:\/\/www.ip.gov.py\/ip\/wp-content\/uploads\/2016\/06\/Luis-Almagro.jpg","articleSection":["Internacionales"],"inLanguage":"es"},{"@type":"WebPage","@id":"https:\/\/www.ip.gov.py\/ip\/2016\/06\/02\/almagro-urge-a-convocar-sesion-de-oea-sobre-carta-democratica-para-venezuela\/","url":"https:\/\/www.ip.gov.py\/ip\/2016\/06\/02\/almagro-urge-a-convocar-sesion-de-oea-sobre-carta-democratica-para-venezuela\/","name":"Almagro urge a convocar sesi\u00f3n de OEA sobre Carta Democr\u00e1tica para Venezuela - .::Agencia IP::.","isPartOf":{"@id":"https:\/\/www.ip.gov.py\/ip\/#website"},"primaryImageOfPage":{"@id":"https:\/\/www.ip.gov.py\/ip\/2016\/06\/02\/almagro-urge-a-convocar-sesion-de-oea-sobre-carta-democratica-para-venezuela\/#primaryimage"},"image":{"@id":"https:\/\/www.ip.gov.py\/ip\/2016\/06\/02\/almagro-urge-a-convocar-sesion-de-oea-sobre-carta-democratica-para-venezuela\/#primaryimage"},"thumbnailUrl":"https:\/\/www.ip.gov.py\/ip\/wp-content\/uploads\/2016\/06\/Luis-Almagro.jpg","datePublished":"2016-06-02T14:08:40+00:00","breadcrumb":{"@id":"https:\/\/www.ip.gov.py\/ip\/2016\/06\/02\/almagro-urge-a-convocar-sesion-de-oea-sobre-carta-democratica-para-venezuela\/#breadcrumb"},"inLanguage":"es","potentialAction":[{"@type":"ReadAction","target":["https:\/\/www.ip.gov.py\/ip\/2016\/06\/02\/almagro-urge-a-convocar-sesion-de-oea-sobre-carta-democratica-para-venezuela\/"]}]},{"@type":"ImageObject","inLanguage":"es","@id":"https:\/\/www.ip.gov.py\/ip\/2016\/06\/02\/almagro-urge-a-convocar-sesion-de-oea-sobre-carta-democratica-para-venezuela\/#primaryimage","url":"https:\/\/www.ip.gov.py\/ip\/wp-content\/uploads\/2016\/06\/Luis-Almagro.jpg","contentUrl":"https:\/\/www.ip.gov.py\/ip\/wp-content\/uploads\/2016\/06\/Luis-Almagro.jpg","width":622,"height":380,"caption":"www.resumenlatinoamericano.org"},{"@type":"BreadcrumbList","@id":"https:\/\/www.ip.gov.py\/ip\/2016\/06\/02\/almagro-urge-a-convocar-sesion-de-oea-sobre-carta-democratica-para-venezuela\/#breadcrumb","itemListElement":[{"@type":"ListItem","position":1,"name":"Portada","item":"https:\/\/www.ip.gov.py\/ip\/"},{"@type":"ListItem","position":2,"name":"Almagro urge a convocar sesi\u00f3n de OEA sobre Carta Democr\u00e1tica para Venezuela"}]},{"@type":"WebSite","@id":"https:\/\/www.ip.gov.py\/ip\/#website","url":"https:\/\/www.ip.gov.py\/ip\/","name":".::Agencia IP::.","description":"","publisher":{"@id":"https:\/\/www.ip.gov.py\/ip\/#organization"},"potentialAction":[{"@type":"SearchAction","target":{"@type":"EntryPoint","urlTemplate":"https:\/\/www.ip.gov.py\/ip\/?s={search_term_string}"},"query-input":{"@type":"PropertyValueSpecification","valueRequired":true,"valueName":"search_term_string"}}],"inLanguage":"es"},{"@type":"Organization","@id":"https:\/\/www.ip.gov.py\/ip\/#organization","name":"Agencia IP","url":"https:\/\/www.ip.gov.py\/ip\/","logo":{"@type":"ImageObject","inLanguage":"es","@id":"https:\/\/www.ip.gov.py\/ip\/#\/schema\/logo\/image\/","url":"https:\/\/www.ip.gov.py\/ip\/wp-content\/uploads\/2018\/01\/Agencia-IP.jpg","contentUrl":"https:\/\/www.ip.gov.py\/ip\/wp-content\/uploads\/2018\/01\/Agencia-IP.jpg","width":150,"height":150,"caption":"Agencia IP"},"image":{"@id":"https:\/\/www.ip.gov.py\/ip\/#\/schema\/logo\/image\/"},"sameAs":["https:\/\/www.facebook.com\/IPParaguay\/","https:\/\/x.com\/IPParaguay","https:\/\/www.instagram.com\/IPParaguay"]},{"@type":"Person","@id":"https:\/\/www.ip.gov.py\/ip\/#\/schema\/person\/fa3668852e893cb0423795330f919039","name":"vrios","url":"https:\/\/www.ip.gov.py\/ip\/author\/vrios\/"}]}},"_links":{"self":[{"href":"https:\/\/www.ip.gov.py\/ip\/wp-json\/wp\/v2\/posts\/100589","targetHints":{"allow":["GET"]}}],"collection":[{"href":"https:\/\/www.ip.gov.py\/ip\/wp-json\/wp\/v2\/posts"}],"about":[{"href":"https:\/\/www.ip.gov.py\/ip\/wp-json\/wp\/v2\/types\/post"}],"author":[{"embeddable":true,"href":"https:\/\/www.ip.gov.py\/ip\/wp-json\/wp\/v2\/users\/11"}],"replies":[{"embeddable":true,"href":"https:\/\/www.ip.gov.py\/ip\/wp-json\/wp\/v2\/comments?post=100589"}],"version-history":[{"count":0,"href":"https:\/\/www.ip.gov.py\/ip\/wp-json\/wp\/v2\/posts\/100589\/revisions"}],"wp:featuredmedia":[{"embeddable":true,"href":"https:\/\/www.ip.gov.py\/ip\/wp-json\/wp\/v2\/media\/100595"}],"wp:attachment":[{"href":"https:\/\/www.ip.gov.py\/ip\/wp-json\/wp\/v2\/media?parent=100589"}],"wp:term":[{"taxonomy":"category","embeddable":true,"href":"https:\/\/www.ip.gov.py\/ip\/wp-json\/wp\/v2\/categories?post=100589"},{"taxonomy":"post_tag","embeddable":true,"href":"https:\/\/www.ip.gov.py\/ip\/wp-json\/wp\/v2\/tags?post=100589"}],"curies":[{"name":"wp","href":"https:\/\/api.w.org\/{rel}","templated":true}]}}