{"id":100959,"date":"2016-06-03T22:07:44","date_gmt":"2016-06-04T02:07:44","guid":{"rendered":"http:\/\/desarrollo.ip.gov.py\/ip\/?p=100959"},"modified":"2016-06-04T08:25:57","modified_gmt":"2016-06-04T12:25:57","slug":"llega-el-turno-de-la-seleccion-nacional","status":"publish","type":"post","link":"https:\/\/www.ip.gov.py\/ip\/2016\/06\/03\/llega-el-turno-de-la-seleccion-nacional\/","title":{"rendered":"Llega el turno de la Selecci\u00f3n Nacional"},"content":{"rendered":"<p style=\"text-align: justify;\"><strong><em>Asunci\u00f3n, IP.-<\/em><\/strong> Paraguay debuta este s\u00e1bado, a las 17.00, ante el complicado Costa Rica, en la Copa Am\u00e9rica Centenario, que suma su edici\u00f3n 45 con esta que es muy especial. El partido, que ser\u00e1 transmitido en vivo por Paraguay TV para todo el territorio nacional, tiene como escenario en el estadio Citrus Bowl, de Orlando, Estados Unidos, que cuenta con capacidad para 70.000 espectadores.<!--more--><\/p>\n<p style=\"text-align: justify;\">El entrenador de la Albirroja, Ram\u00f3n D\u00edaz, destac\u00f3 la importancia de la unidad del grupo y, sobre todo, el respaldo que los hist\u00f3ricos est\u00e1n brindando a los futbolistas m\u00e1s j\u00f3venes. En esta situaci\u00f3n se encuentran Robert Piris Da Motta, \u00d3scar Romero y Blas Riveros, los dos primeros est\u00e1n anunciados en la formaci\u00f3n para el arranque del torneo m\u00e1s antiguo a nivel de Selecciones.<\/p>\n<p style=\"text-align: justify;\">Tres son los futbolistas que integran la Selecci\u00f3n Nacional y que se constituyen como pilares para este proceso de renovaci\u00f3n. Nos referimos al capit\u00e1n Justo Villar, a Paulo Da Silva y a Nelson Haedo Valdez. Llega el turno de la Selecci\u00f3n Nacional y donde estar\u00e1 expectante todo un pa\u00eds por lo que pueda realizar en su debut en el certamen internacional.<\/p>\n<p style=\"text-align: justify;\"><strong>Detalles<\/strong><\/p>\n<p style=\"text-align: justify;\"><strong>Grupo A. Estadio:<\/strong> Citrus Bowl, de Orlando. <strong>\u00c1rbitro:<\/strong> Patricio Loustau.<\/p>\n<p style=\"text-align: justify;\"><strong>L\u00edneas:<\/strong> Ezequiel Brailovsky\u00a0 y\u00a0 Ariel Scime (terna argentina). <strong>Hora:<\/strong> 17.00. <strong>Para ver en casa:<\/strong> Transmite en vivo Paraguay TV.<\/p>\n<p style=\"text-align: justify;\"><strong>Paraguay:<\/strong> Justo Villar; Bruno Valdez, Paulo Da Silva, Gustavo G\u00f3mez y Miguel Samudio; Derlis Gonz\u00e1lez, Celso Ortiz, Robert Piris y \u00d3scar Romero; Dar\u00edo Lezcano y Jorge Ben\u00edtez. DT: Ram\u00f3n D\u00edaz<\/p>\n<p style=\"text-align: justify;\"><strong>Costa Rica:<\/strong> Patrick Pemberton; Bismarck Acosta, \u00d3scar Duarte, Ronald Matarrita y Cristian Gamboa; Celso Borges, Joel Campbell, Cristan Bola\u00f1os y Bryan Ruiz; \u00c1lvaro Saborio y Marco Ure\u00f1a. DT: \u00d3scar Ram\u00edrez.<\/p>\n","protected":false},"excerpt":{"rendered":"<p>Asunci\u00f3n, IP.- Paraguay debuta este s\u00e1bado, a las 17.00, ante el complicado Costa Rica, en la Copa Am\u00e9rica Centenario, que suma su edici\u00f3n 45 con esta que es muy especial. El partido, que ser\u00e1 transmitido en vivo por Paraguay TV para todo el territorio nacional, tiene como escenario en el estadio Citrus Bowl, de Orlando, [&hellip;]<\/p>\n","protected":false},"author":20,"featured_media":100960,"comment_status":"closed","ping_status":"closed","sticky":false,"template":"","format":"standard","meta":{"_monsterinsights_skip_tracking":false,"_monsterinsights_sitenote_active":false,"_monsterinsights_sitenote_note":"","_monsterinsights_sitenote_category":0,"footnotes":""},"categories":[8],"tags":[],"class_list":{"0":"post-100959","1":"post","2":"type-post","3":"status-publish","4":"format-standard","5":"has-post-thumbnail","7":"category-deportes"},"yoast_head":"<!-- This site is optimized with the Yoast SEO plugin v27.4 - https:\/\/yoast.com\/product\/yoast-seo-wordpress\/ -->\n<title>Llega el turno de la Selecci\u00f3n Nacional - .::Agencia IP::.<\/title>\n<meta name=\"robots\" content=\"index, follow, max-snippet:-1, max-image-preview:large, max-video-preview:-1\" \/>\n<link rel=\"canonical\" href=\"https:\/\/www.ip.gov.py\/ip\/2016\/06\/03\/llega-el-turno-de-la-seleccion-nacional\/\" \/>\n<meta property=\"og:locale\" content=\"es_ES\" \/>\n<meta property=\"og:type\" content=\"article\" \/>\n<meta property=\"og:title\" content=\"Llega el turno de la Selecci\u00f3n Nacional - .::Agencia IP::.\" \/>\n<meta property=\"og:description\" content=\"Asunci\u00f3n, IP.- Paraguay debuta este s\u00e1bado, a las 17.00, ante el complicado Costa Rica, en la Copa Am\u00e9rica Centenario, que suma su edici\u00f3n 45 con esta que es muy especial. El partido, que ser\u00e1 transmitido en vivo por Paraguay TV para todo el territorio nacional, tiene como escenario en el estadio Citrus Bowl, de Orlando, [&hellip;]\" \/>\n<meta property=\"og:url\" content=\"https:\/\/www.ip.gov.py\/ip\/2016\/06\/03\/llega-el-turno-de-la-seleccion-nacional\/\" \/>\n<meta property=\"og:site_name\" content=\".::Agencia IP::.\" \/>\n<meta property=\"article:publisher\" content=\"https:\/\/www.facebook.com\/IPParaguay\/\" \/>\n<meta property=\"article:published_time\" content=\"2016-06-04T02:07:44+00:00\" \/>\n<meta property=\"article:modified_time\" content=\"2016-06-04T12:25:57+00:00\" \/>\n<meta property=\"og:image\" content=\"https:\/\/www.ip.gov.py\/ip\/wp-content\/uploads\/2016\/06\/13321711_10157043097390327_4885758388059902489_n.jpg\" \/>\n\t<meta property=\"og:image:width\" content=\"960\" \/>\n\t<meta property=\"og:image:height\" content=\"641\" \/>\n\t<meta property=\"og:image:type\" content=\"image\/jpeg\" \/>\n<meta name=\"author\" content=\"Hector Latorre\" \/>\n<meta name=\"twitter:card\" content=\"summary_large_image\" \/>\n<meta name=\"twitter:creator\" content=\"@IPParaguay\" \/>\n<meta name=\"twitter:site\" content=\"@IPParaguay\" \/>\n<meta name=\"twitter:label1\" content=\"Escrito por\" \/>\n\t<meta name=\"twitter:data1\" content=\"Hector Latorre\" \/>\n\t<meta name=\"twitter:label2\" content=\"Tiempo de lectura\" \/>\n\t<meta name=\"twitter:data2\" content=\"2 minutos\" \/>\n<script type=\"application\/ld+json\" class=\"yoast-schema-graph\">{\"@context\":\"https:\\\/\\\/schema.org\",\"@graph\":[{\"@type\":\"Article\",\"@id\":\"https:\\\/\\\/www.ip.gov.py\\\/ip\\\/2016\\\/06\\\/03\\\/llega-el-turno-de-la-seleccion-nacional\\\/#article\",\"isPartOf\":{\"@id\":\"https:\\\/\\\/www.ip.gov.py\\\/ip\\\/2016\\\/06\\\/03\\\/llega-el-turno-de-la-seleccion-nacional\\\/\"},\"author\":{\"name\":\"Hector Latorre\",\"@id\":\"https:\\\/\\\/www.ip.gov.py\\\/ip\\\/#\\\/schema\\\/person\\\/ab00554d48b7525bfa3dfbba7d507ef1\"},\"headline\":\"Llega el turno de la Selecci\u00f3n Nacional\",\"datePublished\":\"2016-06-04T02:07:44+00:00\",\"dateModified\":\"2016-06-04T12:25:57+00:00\",\"mainEntityOfPage\":{\"@id\":\"https:\\\/\\\/www.ip.gov.py\\\/ip\\\/2016\\\/06\\\/03\\\/llega-el-turno-de-la-seleccion-nacional\\\/\"},\"wordCount\":312,\"publisher\":{\"@id\":\"https:\\\/\\\/www.ip.gov.py\\\/ip\\\/#organization\"},\"image\":{\"@id\":\"https:\\\/\\\/www.ip.gov.py\\\/ip\\\/2016\\\/06\\\/03\\\/llega-el-turno-de-la-seleccion-nacional\\\/#primaryimage\"},\"thumbnailUrl\":\"https:\\\/\\\/www.ip.gov.py\\\/ip\\\/wp-content\\\/uploads\\\/2016\\\/06\\\/13321711_10157043097390327_4885758388059902489_n.jpg\",\"articleSection\":[\"Deportes\"],\"inLanguage\":\"es\"},{\"@type\":\"WebPage\",\"@id\":\"https:\\\/\\\/www.ip.gov.py\\\/ip\\\/2016\\\/06\\\/03\\\/llega-el-turno-de-la-seleccion-nacional\\\/\",\"url\":\"https:\\\/\\\/www.ip.gov.py\\\/ip\\\/2016\\\/06\\\/03\\\/llega-el-turno-de-la-seleccion-nacional\\\/\",\"name\":\"Llega el turno de la Selecci\u00f3n Nacional - .::Agencia IP::.\",\"isPartOf\":{\"@id\":\"https:\\\/\\\/www.ip.gov.py\\\/ip\\\/#website\"},\"primaryImageOfPage\":{\"@id\":\"https:\\\/\\\/www.ip.gov.py\\\/ip\\\/2016\\\/06\\\/03\\\/llega-el-turno-de-la-seleccion-nacional\\\/#primaryimage\"},\"image\":{\"@id\":\"https:\\\/\\\/www.ip.gov.py\\\/ip\\\/2016\\\/06\\\/03\\\/llega-el-turno-de-la-seleccion-nacional\\\/#primaryimage\"},\"thumbnailUrl\":\"https:\\\/\\\/www.ip.gov.py\\\/ip\\\/wp-content\\\/uploads\\\/2016\\\/06\\\/13321711_10157043097390327_4885758388059902489_n.jpg\",\"datePublished\":\"2016-06-04T02:07:44+00:00\",\"dateModified\":\"2016-06-04T12:25:57+00:00\",\"breadcrumb\":{\"@id\":\"https:\\\/\\\/www.ip.gov.py\\\/ip\\\/2016\\\/06\\\/03\\\/llega-el-turno-de-la-seleccion-nacional\\\/#breadcrumb\"},\"inLanguage\":\"es\",\"potentialAction\":[{\"@type\":\"ReadAction\",\"target\":[\"https:\\\/\\\/www.ip.gov.py\\\/ip\\\/2016\\\/06\\\/03\\\/llega-el-turno-de-la-seleccion-nacional\\\/\"]}]},{\"@type\":\"ImageObject\",\"inLanguage\":\"es\",\"@id\":\"https:\\\/\\\/www.ip.gov.py\\\/ip\\\/2016\\\/06\\\/03\\\/llega-el-turno-de-la-seleccion-nacional\\\/#primaryimage\",\"url\":\"https:\\\/\\\/www.ip.gov.py\\\/ip\\\/wp-content\\\/uploads\\\/2016\\\/06\\\/13321711_10157043097390327_4885758388059902489_n.jpg\",\"contentUrl\":\"https:\\\/\\\/www.ip.gov.py\\\/ip\\\/wp-content\\\/uploads\\\/2016\\\/06\\\/13321711_10157043097390327_4885758388059902489_n.jpg\",\"width\":960,\"height\":641,\"caption\":\"El capit\u00e1n Justo Villar (i) y el t\u00e9cnico de la Albirroja, Ram\u00f3n D\u00edaz, exteriorizan su optimismo para el partido de este s\u00e1bado. Foto Gentileza APF.\"},{\"@type\":\"BreadcrumbList\",\"@id\":\"https:\\\/\\\/www.ip.gov.py\\\/ip\\\/2016\\\/06\\\/03\\\/llega-el-turno-de-la-seleccion-nacional\\\/#breadcrumb\",\"itemListElement\":[{\"@type\":\"ListItem\",\"position\":1,\"name\":\"Portada\",\"item\":\"https:\\\/\\\/www.ip.gov.py\\\/ip\\\/\"},{\"@type\":\"ListItem\",\"position\":2,\"name\":\"Llega el turno de la Selecci\u00f3n Nacional\"}]},{\"@type\":\"WebSite\",\"@id\":\"https:\\\/\\\/www.ip.gov.py\\\/ip\\\/#website\",\"url\":\"https:\\\/\\\/www.ip.gov.py\\\/ip\\\/\",\"name\":\".::Agencia IP::.\",\"description\":\"\",\"publisher\":{\"@id\":\"https:\\\/\\\/www.ip.gov.py\\\/ip\\\/#organization\"},\"potentialAction\":[{\"@type\":\"SearchAction\",\"target\":{\"@type\":\"EntryPoint\",\"urlTemplate\":\"https:\\\/\\\/www.ip.gov.py\\\/ip\\\/?s={search_term_string}\"},\"query-input\":{\"@type\":\"PropertyValueSpecification\",\"valueRequired\":true,\"valueName\":\"search_term_string\"}}],\"inLanguage\":\"es\"},{\"@type\":\"Organization\",\"@id\":\"https:\\\/\\\/www.ip.gov.py\\\/ip\\\/#organization\",\"name\":\"Agencia IP\",\"url\":\"https:\\\/\\\/www.ip.gov.py\\\/ip\\\/\",\"logo\":{\"@type\":\"ImageObject\",\"inLanguage\":\"es\",\"@id\":\"https:\\\/\\\/www.ip.gov.py\\\/ip\\\/#\\\/schema\\\/logo\\\/image\\\/\",\"url\":\"https:\\\/\\\/www.ip.gov.py\\\/ip\\\/wp-content\\\/uploads\\\/2018\\\/01\\\/Agencia-IP.jpg\",\"contentUrl\":\"https:\\\/\\\/www.ip.gov.py\\\/ip\\\/wp-content\\\/uploads\\\/2018\\\/01\\\/Agencia-IP.jpg\",\"width\":150,\"height\":150,\"caption\":\"Agencia IP\"},\"image\":{\"@id\":\"https:\\\/\\\/www.ip.gov.py\\\/ip\\\/#\\\/schema\\\/logo\\\/image\\\/\"},\"sameAs\":[\"https:\\\/\\\/www.facebook.com\\\/IPParaguay\\\/\",\"https:\\\/\\\/x.com\\\/IPParaguay\",\"https:\\\/\\\/www.instagram.com\\\/IPParaguay\"]},{\"@type\":\"Person\",\"@id\":\"https:\\\/\\\/www.ip.gov.py\\\/ip\\\/#\\\/schema\\\/person\\\/ab00554d48b7525bfa3dfbba7d507ef1\",\"name\":\"Hector Latorre\",\"url\":\"https:\\\/\\\/www.ip.gov.py\\\/ip\\\/author\\\/hlatorre\\\/\"}]}<\/script>\n<!-- \/ Yoast SEO plugin. -->","yoast_head_json":{"title":"Llega el turno de la Selecci\u00f3n Nacional - .::Agencia IP::.","robots":{"index":"index","follow":"follow","max-snippet":"max-snippet:-1","max-image-preview":"max-image-preview:large","max-video-preview":"max-video-preview:-1"},"canonical":"https:\/\/www.ip.gov.py\/ip\/2016\/06\/03\/llega-el-turno-de-la-seleccion-nacional\/","og_locale":"es_ES","og_type":"article","og_title":"Llega el turno de la Selecci\u00f3n Nacional - .::Agencia IP::.","og_description":"Asunci\u00f3n, IP.- Paraguay debuta este s\u00e1bado, a las 17.00, ante el complicado Costa Rica, en la Copa Am\u00e9rica Centenario, que suma su edici\u00f3n 45 con esta que es muy especial. El partido, que ser\u00e1 transmitido en vivo por Paraguay TV para todo el territorio nacional, tiene como escenario en el estadio Citrus Bowl, de Orlando, [&hellip;]","og_url":"https:\/\/www.ip.gov.py\/ip\/2016\/06\/03\/llega-el-turno-de-la-seleccion-nacional\/","og_site_name":".::Agencia IP::.","article_publisher":"https:\/\/www.facebook.com\/IPParaguay\/","article_published_time":"2016-06-04T02:07:44+00:00","article_modified_time":"2016-06-04T12:25:57+00:00","og_image":[{"width":960,"height":641,"url":"https:\/\/www.ip.gov.py\/ip\/wp-content\/uploads\/2016\/06\/13321711_10157043097390327_4885758388059902489_n.jpg","type":"image\/jpeg"}],"author":"Hector Latorre","twitter_card":"summary_large_image","twitter_creator":"@IPParaguay","twitter_site":"@IPParaguay","twitter_misc":{"Escrito por":"Hector Latorre","Tiempo de lectura":"2 minutos"},"schema":{"@context":"https:\/\/schema.org","@graph":[{"@type":"Article","@id":"https:\/\/www.ip.gov.py\/ip\/2016\/06\/03\/llega-el-turno-de-la-seleccion-nacional\/#article","isPartOf":{"@id":"https:\/\/www.ip.gov.py\/ip\/2016\/06\/03\/llega-el-turno-de-la-seleccion-nacional\/"},"author":{"name":"Hector Latorre","@id":"https:\/\/www.ip.gov.py\/ip\/#\/schema\/person\/ab00554d48b7525bfa3dfbba7d507ef1"},"headline":"Llega el turno de la Selecci\u00f3n Nacional","datePublished":"2016-06-04T02:07:44+00:00","dateModified":"2016-06-04T12:25:57+00:00","mainEntityOfPage":{"@id":"https:\/\/www.ip.gov.py\/ip\/2016\/06\/03\/llega-el-turno-de-la-seleccion-nacional\/"},"wordCount":312,"publisher":{"@id":"https:\/\/www.ip.gov.py\/ip\/#organization"},"image":{"@id":"https:\/\/www.ip.gov.py\/ip\/2016\/06\/03\/llega-el-turno-de-la-seleccion-nacional\/#primaryimage"},"thumbnailUrl":"https:\/\/www.ip.gov.py\/ip\/wp-content\/uploads\/2016\/06\/13321711_10157043097390327_4885758388059902489_n.jpg","articleSection":["Deportes"],"inLanguage":"es"},{"@type":"WebPage","@id":"https:\/\/www.ip.gov.py\/ip\/2016\/06\/03\/llega-el-turno-de-la-seleccion-nacional\/","url":"https:\/\/www.ip.gov.py\/ip\/2016\/06\/03\/llega-el-turno-de-la-seleccion-nacional\/","name":"Llega el turno de la Selecci\u00f3n Nacional - .::Agencia IP::.","isPartOf":{"@id":"https:\/\/www.ip.gov.py\/ip\/#website"},"primaryImageOfPage":{"@id":"https:\/\/www.ip.gov.py\/ip\/2016\/06\/03\/llega-el-turno-de-la-seleccion-nacional\/#primaryimage"},"image":{"@id":"https:\/\/www.ip.gov.py\/ip\/2016\/06\/03\/llega-el-turno-de-la-seleccion-nacional\/#primaryimage"},"thumbnailUrl":"https:\/\/www.ip.gov.py\/ip\/wp-content\/uploads\/2016\/06\/13321711_10157043097390327_4885758388059902489_n.jpg","datePublished":"2016-06-04T02:07:44+00:00","dateModified":"2016-06-04T12:25:57+00:00","breadcrumb":{"@id":"https:\/\/www.ip.gov.py\/ip\/2016\/06\/03\/llega-el-turno-de-la-seleccion-nacional\/#breadcrumb"},"inLanguage":"es","potentialAction":[{"@type":"ReadAction","target":["https:\/\/www.ip.gov.py\/ip\/2016\/06\/03\/llega-el-turno-de-la-seleccion-nacional\/"]}]},{"@type":"ImageObject","inLanguage":"es","@id":"https:\/\/www.ip.gov.py\/ip\/2016\/06\/03\/llega-el-turno-de-la-seleccion-nacional\/#primaryimage","url":"https:\/\/www.ip.gov.py\/ip\/wp-content\/uploads\/2016\/06\/13321711_10157043097390327_4885758388059902489_n.jpg","contentUrl":"https:\/\/www.ip.gov.py\/ip\/wp-content\/uploads\/2016\/06\/13321711_10157043097390327_4885758388059902489_n.jpg","width":960,"height":641,"caption":"El capit\u00e1n Justo Villar (i) y el t\u00e9cnico de la Albirroja, Ram\u00f3n D\u00edaz, exteriorizan su optimismo para el partido de este s\u00e1bado. Foto Gentileza APF."},{"@type":"BreadcrumbList","@id":"https:\/\/www.ip.gov.py\/ip\/2016\/06\/03\/llega-el-turno-de-la-seleccion-nacional\/#breadcrumb","itemListElement":[{"@type":"ListItem","position":1,"name":"Portada","item":"https:\/\/www.ip.gov.py\/ip\/"},{"@type":"ListItem","position":2,"name":"Llega el turno de la Selecci\u00f3n Nacional"}]},{"@type":"WebSite","@id":"https:\/\/www.ip.gov.py\/ip\/#website","url":"https:\/\/www.ip.gov.py\/ip\/","name":".::Agencia IP::.","description":"","publisher":{"@id":"https:\/\/www.ip.gov.py\/ip\/#organization"},"potentialAction":[{"@type":"SearchAction","target":{"@type":"EntryPoint","urlTemplate":"https:\/\/www.ip.gov.py\/ip\/?s={search_term_string}"},"query-input":{"@type":"PropertyValueSpecification","valueRequired":true,"valueName":"search_term_string"}}],"inLanguage":"es"},{"@type":"Organization","@id":"https:\/\/www.ip.gov.py\/ip\/#organization","name":"Agencia IP","url":"https:\/\/www.ip.gov.py\/ip\/","logo":{"@type":"ImageObject","inLanguage":"es","@id":"https:\/\/www.ip.gov.py\/ip\/#\/schema\/logo\/image\/","url":"https:\/\/www.ip.gov.py\/ip\/wp-content\/uploads\/2018\/01\/Agencia-IP.jpg","contentUrl":"https:\/\/www.ip.gov.py\/ip\/wp-content\/uploads\/2018\/01\/Agencia-IP.jpg","width":150,"height":150,"caption":"Agencia IP"},"image":{"@id":"https:\/\/www.ip.gov.py\/ip\/#\/schema\/logo\/image\/"},"sameAs":["https:\/\/www.facebook.com\/IPParaguay\/","https:\/\/x.com\/IPParaguay","https:\/\/www.instagram.com\/IPParaguay"]},{"@type":"Person","@id":"https:\/\/www.ip.gov.py\/ip\/#\/schema\/person\/ab00554d48b7525bfa3dfbba7d507ef1","name":"Hector Latorre","url":"https:\/\/www.ip.gov.py\/ip\/author\/hlatorre\/"}]}},"_links":{"self":[{"href":"https:\/\/www.ip.gov.py\/ip\/wp-json\/wp\/v2\/posts\/100959","targetHints":{"allow":["GET"]}}],"collection":[{"href":"https:\/\/www.ip.gov.py\/ip\/wp-json\/wp\/v2\/posts"}],"about":[{"href":"https:\/\/www.ip.gov.py\/ip\/wp-json\/wp\/v2\/types\/post"}],"author":[{"embeddable":true,"href":"https:\/\/www.ip.gov.py\/ip\/wp-json\/wp\/v2\/users\/20"}],"replies":[{"embeddable":true,"href":"https:\/\/www.ip.gov.py\/ip\/wp-json\/wp\/v2\/comments?post=100959"}],"version-history":[{"count":0,"href":"https:\/\/www.ip.gov.py\/ip\/wp-json\/wp\/v2\/posts\/100959\/revisions"}],"wp:featuredmedia":[{"embeddable":true,"href":"https:\/\/www.ip.gov.py\/ip\/wp-json\/wp\/v2\/media\/100960"}],"wp:attachment":[{"href":"https:\/\/www.ip.gov.py\/ip\/wp-json\/wp\/v2\/media?parent=100959"}],"wp:term":[{"taxonomy":"category","embeddable":true,"href":"https:\/\/www.ip.gov.py\/ip\/wp-json\/wp\/v2\/categories?post=100959"},{"taxonomy":"post_tag","embeddable":true,"href":"https:\/\/www.ip.gov.py\/ip\/wp-json\/wp\/v2\/tags?post=100959"}],"curies":[{"name":"wp","href":"https:\/\/api.w.org\/{rel}","templated":true}]}}