{"id":101902,"date":"2016-06-09T09:58:58","date_gmt":"2016-06-09T13:58:58","guid":{"rendered":"http:\/\/desarrollo.ip.gov.py\/ip\/?p=101902"},"modified":"2016-06-09T09:58:58","modified_gmt":"2016-06-09T13:58:58","slug":"vero-cepede-representara-a-paraguay-en-los-juegos-olimpicos","status":"publish","type":"post","link":"https:\/\/www.ip.gov.py\/ip\/2016\/06\/09\/vero-cepede-representara-a-paraguay-en-los-juegos-olimpicos\/","title":{"rendered":"Vero Cepede representar\u00e1 a Paraguay en los juegos ol\u00edmpicos"},"content":{"rendered":"<p style=\"text-align: justify;\"><strong>Asunci\u00f3n, IP.-<\/strong> Paraguay sigue sumando representantes para los Juegos Ol\u00edmpicos R\u00edo de Janeiro 2016, que se llevar\u00e1 a cabo desde el 05 al 21 de agosto pr\u00f3ximo en Brasil. La \u00faltima que se integra a la lista de la comitiva es Ver\u00f3nica Cepede, as\u00ed lo anunci\u00f3 el Comit\u00e9 Ol\u00edmpico.<\/p>\n<p style=\"text-align: justify;\">\u201cCumpliendo lo expresado en el manual de clasificaci\u00f3n del deporte, el Comit\u00e9 Ol\u00edmpico Paraguayo realiz\u00f3 las gestiones para la aplicaci\u00f3n a la invitaci\u00f3n para el Tenis ante la Comisi\u00f3n Tripartita cuyo proceso termin\u00f3 favorablemente para nuestro pa\u00eds, sumando de esta manera una atleta m\u00e1s para los Juegos\u201d, menciona el COP en su p\u00e1gina de Facebook.<\/p>\n<p style=\"text-align: justify;\">Vero, cerr\u00f3 semanas atr\u00e1s un buen papel en el torneo de Roland Garros donde lleg\u00f3 hasta la segunda ronda, mejorando su mejor registro obtenido el a\u00f1o anterior. Su actuaci\u00f3n en el polvo de ladrillo franc\u00e9s le vali\u00f3 a Cepede subir 25 puestos en el ranking de la WTA (de 161 a 136).<\/p>\n<p style=\"text-align: justify;\">El desempe\u00f1o deportivo y su crecimiento profesional le valieron a Cepede recibir la wild car (invitaci\u00f3n) para tomar parte de la m\u00e1xima fiesta del deporte mundial que se dar\u00e1 cita en R\u00edo, en agosto pr\u00f3ximo.<\/p>\n<p style=\"text-align: justify;\">La n\u00famero uno del tenis nacional es la und\u00e9cima atleta que representar\u00e1 a nuestro pa\u00eds en el evento multideportivo internacional.<\/p>\n<p style=\"text-align: justify;\">Los dem\u00e1s son Derlis Ayala y Carmen Mart\u00ednez (Atletismo), Julieta Granda y Fabrizio Zanotti (Golf), Arturo Rvarola (Remo), Marcelo Aguirre (Tenis de Mesa) y\u00a0\u00a0Paulo Reichardt (Tiro). Para la disciplina cultural de Piqui Voley est\u00e1n clasificados Fernando Lugo y Esteban D\u00e1valos.<\/p>\n<p style=\"text-align: justify;\">Ram\u00f3n Jim\u00e9nez Gaona, actual ministro de Obras P\u00fablicas, y la ex jabalinista Leryn Franco, transportar\u00e1n en nombre de Paraguay la llama ol\u00edmpica en su paso por Foz de Iguaz\u00fa. El pasado jueves 21 de abril la antorcha fue encendida en la hist\u00f3rica ciudad de Olimpia, Grecia, y llegar\u00e1 a la mencionada cuidad brasile\u00f1a el pr\u00f3ximo 30 de junio.<\/p>\n","protected":false},"excerpt":{"rendered":"<p>Asunci\u00f3n, IP.- Paraguay sigue sumando representantes para los Juegos Ol\u00edmpicos R\u00edo de Janeiro 2016, que se llevar\u00e1 a cabo desde el 05 al 21 de agosto pr\u00f3ximo en Brasil. La \u00faltima que se integra a la lista de la comitiva es Ver\u00f3nica Cepede, as\u00ed lo anunci\u00f3 el Comit\u00e9 Ol\u00edmpico. \u201cCumpliendo lo expresado en el manual [&hellip;]<\/p>\n","protected":false},"author":20,"featured_media":101903,"comment_status":"closed","ping_status":"closed","sticky":false,"template":"","format":"standard","meta":{"_monsterinsights_skip_tracking":false,"_monsterinsights_sitenote_active":false,"_monsterinsights_sitenote_note":"","_monsterinsights_sitenote_category":0,"footnotes":""},"categories":[8],"tags":[],"class_list":{"0":"post-101902","1":"post","2":"type-post","3":"status-publish","4":"format-standard","5":"has-post-thumbnail","7":"category-deportes"},"yoast_head":"<!-- This site is optimized with the Yoast SEO plugin v27.4 - https:\/\/yoast.com\/product\/yoast-seo-wordpress\/ -->\n<title>Vero Cepede representar\u00e1 a Paraguay en los juegos ol\u00edmpicos - .::Agencia IP::.<\/title>\n<meta name=\"robots\" content=\"index, follow, max-snippet:-1, max-image-preview:large, max-video-preview:-1\" \/>\n<link rel=\"canonical\" href=\"https:\/\/www.ip.gov.py\/ip\/2016\/06\/09\/vero-cepede-representara-a-paraguay-en-los-juegos-olimpicos\/\" \/>\n<meta property=\"og:locale\" content=\"es_ES\" \/>\n<meta property=\"og:type\" content=\"article\" \/>\n<meta property=\"og:title\" content=\"Vero Cepede representar\u00e1 a Paraguay en los juegos ol\u00edmpicos - .::Agencia IP::.\" \/>\n<meta property=\"og:description\" content=\"Asunci\u00f3n, IP.- Paraguay sigue sumando representantes para los Juegos Ol\u00edmpicos R\u00edo de Janeiro 2016, que se llevar\u00e1 a cabo desde el 05 al 21 de agosto pr\u00f3ximo en Brasil. La \u00faltima que se integra a la lista de la comitiva es Ver\u00f3nica Cepede, as\u00ed lo anunci\u00f3 el Comit\u00e9 Ol\u00edmpico. \u201cCumpliendo lo expresado en el manual [&hellip;]\" \/>\n<meta property=\"og:url\" content=\"https:\/\/www.ip.gov.py\/ip\/2016\/06\/09\/vero-cepede-representara-a-paraguay-en-los-juegos-olimpicos\/\" \/>\n<meta property=\"og:site_name\" content=\".::Agencia IP::.\" \/>\n<meta property=\"article:publisher\" content=\"https:\/\/www.facebook.com\/IPParaguay\/\" \/>\n<meta property=\"article:published_time\" content=\"2016-06-09T13:58:58+00:00\" \/>\n<meta property=\"og:image\" content=\"https:\/\/www.ip.gov.py\/ip\/wp-content\/uploads\/2016\/06\/1231429_731079483589463_806583264_n.jpg\" \/>\n\t<meta property=\"og:image:width\" content=\"640\" \/>\n\t<meta property=\"og:image:height\" content=\"427\" \/>\n\t<meta property=\"og:image:type\" content=\"image\/jpeg\" \/>\n<meta name=\"author\" content=\"Hector Latorre\" \/>\n<meta name=\"twitter:card\" content=\"summary_large_image\" \/>\n<meta name=\"twitter:creator\" content=\"@IPParaguay\" \/>\n<meta name=\"twitter:site\" content=\"@IPParaguay\" \/>\n<meta name=\"twitter:label1\" content=\"Escrito por\" \/>\n\t<meta name=\"twitter:data1\" content=\"Hector Latorre\" \/>\n\t<meta name=\"twitter:label2\" content=\"Tiempo de lectura\" \/>\n\t<meta name=\"twitter:data2\" content=\"2 minutos\" \/>\n<script type=\"application\/ld+json\" class=\"yoast-schema-graph\">{\"@context\":\"https:\\\/\\\/schema.org\",\"@graph\":[{\"@type\":\"Article\",\"@id\":\"https:\\\/\\\/www.ip.gov.py\\\/ip\\\/2016\\\/06\\\/09\\\/vero-cepede-representara-a-paraguay-en-los-juegos-olimpicos\\\/#article\",\"isPartOf\":{\"@id\":\"https:\\\/\\\/www.ip.gov.py\\\/ip\\\/2016\\\/06\\\/09\\\/vero-cepede-representara-a-paraguay-en-los-juegos-olimpicos\\\/\"},\"author\":{\"name\":\"Hector Latorre\",\"@id\":\"https:\\\/\\\/www.ip.gov.py\\\/ip\\\/#\\\/schema\\\/person\\\/ab00554d48b7525bfa3dfbba7d507ef1\"},\"headline\":\"Vero Cepede representar\u00e1 a Paraguay en los juegos ol\u00edmpicos\",\"datePublished\":\"2016-06-09T13:58:58+00:00\",\"mainEntityOfPage\":{\"@id\":\"https:\\\/\\\/www.ip.gov.py\\\/ip\\\/2016\\\/06\\\/09\\\/vero-cepede-representara-a-paraguay-en-los-juegos-olimpicos\\\/\"},\"wordCount\":351,\"publisher\":{\"@id\":\"https:\\\/\\\/www.ip.gov.py\\\/ip\\\/#organization\"},\"image\":{\"@id\":\"https:\\\/\\\/www.ip.gov.py\\\/ip\\\/2016\\\/06\\\/09\\\/vero-cepede-representara-a-paraguay-en-los-juegos-olimpicos\\\/#primaryimage\"},\"thumbnailUrl\":\"https:\\\/\\\/www.ip.gov.py\\\/ip\\\/wp-content\\\/uploads\\\/2016\\\/06\\\/1231429_731079483589463_806583264_n.jpg\",\"articleSection\":[\"Deportes\"],\"inLanguage\":\"es\"},{\"@type\":\"WebPage\",\"@id\":\"https:\\\/\\\/www.ip.gov.py\\\/ip\\\/2016\\\/06\\\/09\\\/vero-cepede-representara-a-paraguay-en-los-juegos-olimpicos\\\/\",\"url\":\"https:\\\/\\\/www.ip.gov.py\\\/ip\\\/2016\\\/06\\\/09\\\/vero-cepede-representara-a-paraguay-en-los-juegos-olimpicos\\\/\",\"name\":\"Vero Cepede representar\u00e1 a Paraguay en los juegos ol\u00edmpicos - .::Agencia IP::.\",\"isPartOf\":{\"@id\":\"https:\\\/\\\/www.ip.gov.py\\\/ip\\\/#website\"},\"primaryImageOfPage\":{\"@id\":\"https:\\\/\\\/www.ip.gov.py\\\/ip\\\/2016\\\/06\\\/09\\\/vero-cepede-representara-a-paraguay-en-los-juegos-olimpicos\\\/#primaryimage\"},\"image\":{\"@id\":\"https:\\\/\\\/www.ip.gov.py\\\/ip\\\/2016\\\/06\\\/09\\\/vero-cepede-representara-a-paraguay-en-los-juegos-olimpicos\\\/#primaryimage\"},\"thumbnailUrl\":\"https:\\\/\\\/www.ip.gov.py\\\/ip\\\/wp-content\\\/uploads\\\/2016\\\/06\\\/1231429_731079483589463_806583264_n.jpg\",\"datePublished\":\"2016-06-09T13:58:58+00:00\",\"breadcrumb\":{\"@id\":\"https:\\\/\\\/www.ip.gov.py\\\/ip\\\/2016\\\/06\\\/09\\\/vero-cepede-representara-a-paraguay-en-los-juegos-olimpicos\\\/#breadcrumb\"},\"inLanguage\":\"es\",\"potentialAction\":[{\"@type\":\"ReadAction\",\"target\":[\"https:\\\/\\\/www.ip.gov.py\\\/ip\\\/2016\\\/06\\\/09\\\/vero-cepede-representara-a-paraguay-en-los-juegos-olimpicos\\\/\"]}]},{\"@type\":\"ImageObject\",\"inLanguage\":\"es\",\"@id\":\"https:\\\/\\\/www.ip.gov.py\\\/ip\\\/2016\\\/06\\\/09\\\/vero-cepede-representara-a-paraguay-en-los-juegos-olimpicos\\\/#primaryimage\",\"url\":\"https:\\\/\\\/www.ip.gov.py\\\/ip\\\/wp-content\\\/uploads\\\/2016\\\/06\\\/1231429_731079483589463_806583264_n.jpg\",\"contentUrl\":\"https:\\\/\\\/www.ip.gov.py\\\/ip\\\/wp-content\\\/uploads\\\/2016\\\/06\\\/1231429_731079483589463_806583264_n.jpg\",\"width\":640,\"height\":427,\"caption\":\"Ver\u00f3nica Cepede, tenista paraguaya.\"},{\"@type\":\"BreadcrumbList\",\"@id\":\"https:\\\/\\\/www.ip.gov.py\\\/ip\\\/2016\\\/06\\\/09\\\/vero-cepede-representara-a-paraguay-en-los-juegos-olimpicos\\\/#breadcrumb\",\"itemListElement\":[{\"@type\":\"ListItem\",\"position\":1,\"name\":\"Portada\",\"item\":\"https:\\\/\\\/www.ip.gov.py\\\/ip\\\/\"},{\"@type\":\"ListItem\",\"position\":2,\"name\":\"Vero Cepede representar\u00e1 a Paraguay en los juegos ol\u00edmpicos\"}]},{\"@type\":\"WebSite\",\"@id\":\"https:\\\/\\\/www.ip.gov.py\\\/ip\\\/#website\",\"url\":\"https:\\\/\\\/www.ip.gov.py\\\/ip\\\/\",\"name\":\".::Agencia IP::.\",\"description\":\"\",\"publisher\":{\"@id\":\"https:\\\/\\\/www.ip.gov.py\\\/ip\\\/#organization\"},\"potentialAction\":[{\"@type\":\"SearchAction\",\"target\":{\"@type\":\"EntryPoint\",\"urlTemplate\":\"https:\\\/\\\/www.ip.gov.py\\\/ip\\\/?s={search_term_string}\"},\"query-input\":{\"@type\":\"PropertyValueSpecification\",\"valueRequired\":true,\"valueName\":\"search_term_string\"}}],\"inLanguage\":\"es\"},{\"@type\":\"Organization\",\"@id\":\"https:\\\/\\\/www.ip.gov.py\\\/ip\\\/#organization\",\"name\":\"Agencia IP\",\"url\":\"https:\\\/\\\/www.ip.gov.py\\\/ip\\\/\",\"logo\":{\"@type\":\"ImageObject\",\"inLanguage\":\"es\",\"@id\":\"https:\\\/\\\/www.ip.gov.py\\\/ip\\\/#\\\/schema\\\/logo\\\/image\\\/\",\"url\":\"https:\\\/\\\/www.ip.gov.py\\\/ip\\\/wp-content\\\/uploads\\\/2018\\\/01\\\/Agencia-IP.jpg\",\"contentUrl\":\"https:\\\/\\\/www.ip.gov.py\\\/ip\\\/wp-content\\\/uploads\\\/2018\\\/01\\\/Agencia-IP.jpg\",\"width\":150,\"height\":150,\"caption\":\"Agencia IP\"},\"image\":{\"@id\":\"https:\\\/\\\/www.ip.gov.py\\\/ip\\\/#\\\/schema\\\/logo\\\/image\\\/\"},\"sameAs\":[\"https:\\\/\\\/www.facebook.com\\\/IPParaguay\\\/\",\"https:\\\/\\\/x.com\\\/IPParaguay\",\"https:\\\/\\\/www.instagram.com\\\/IPParaguay\"]},{\"@type\":\"Person\",\"@id\":\"https:\\\/\\\/www.ip.gov.py\\\/ip\\\/#\\\/schema\\\/person\\\/ab00554d48b7525bfa3dfbba7d507ef1\",\"name\":\"Hector Latorre\",\"url\":\"https:\\\/\\\/www.ip.gov.py\\\/ip\\\/author\\\/hlatorre\\\/\"}]}<\/script>\n<!-- \/ Yoast SEO plugin. -->","yoast_head_json":{"title":"Vero Cepede representar\u00e1 a Paraguay en los juegos ol\u00edmpicos - .::Agencia IP::.","robots":{"index":"index","follow":"follow","max-snippet":"max-snippet:-1","max-image-preview":"max-image-preview:large","max-video-preview":"max-video-preview:-1"},"canonical":"https:\/\/www.ip.gov.py\/ip\/2016\/06\/09\/vero-cepede-representara-a-paraguay-en-los-juegos-olimpicos\/","og_locale":"es_ES","og_type":"article","og_title":"Vero Cepede representar\u00e1 a Paraguay en los juegos ol\u00edmpicos - .::Agencia IP::.","og_description":"Asunci\u00f3n, IP.- Paraguay sigue sumando representantes para los Juegos Ol\u00edmpicos R\u00edo de Janeiro 2016, que se llevar\u00e1 a cabo desde el 05 al 21 de agosto pr\u00f3ximo en Brasil. La \u00faltima que se integra a la lista de la comitiva es Ver\u00f3nica Cepede, as\u00ed lo anunci\u00f3 el Comit\u00e9 Ol\u00edmpico. \u201cCumpliendo lo expresado en el manual [&hellip;]","og_url":"https:\/\/www.ip.gov.py\/ip\/2016\/06\/09\/vero-cepede-representara-a-paraguay-en-los-juegos-olimpicos\/","og_site_name":".::Agencia IP::.","article_publisher":"https:\/\/www.facebook.com\/IPParaguay\/","article_published_time":"2016-06-09T13:58:58+00:00","og_image":[{"width":640,"height":427,"url":"https:\/\/www.ip.gov.py\/ip\/wp-content\/uploads\/2016\/06\/1231429_731079483589463_806583264_n.jpg","type":"image\/jpeg"}],"author":"Hector Latorre","twitter_card":"summary_large_image","twitter_creator":"@IPParaguay","twitter_site":"@IPParaguay","twitter_misc":{"Escrito por":"Hector Latorre","Tiempo de lectura":"2 minutos"},"schema":{"@context":"https:\/\/schema.org","@graph":[{"@type":"Article","@id":"https:\/\/www.ip.gov.py\/ip\/2016\/06\/09\/vero-cepede-representara-a-paraguay-en-los-juegos-olimpicos\/#article","isPartOf":{"@id":"https:\/\/www.ip.gov.py\/ip\/2016\/06\/09\/vero-cepede-representara-a-paraguay-en-los-juegos-olimpicos\/"},"author":{"name":"Hector Latorre","@id":"https:\/\/www.ip.gov.py\/ip\/#\/schema\/person\/ab00554d48b7525bfa3dfbba7d507ef1"},"headline":"Vero Cepede representar\u00e1 a Paraguay en los juegos ol\u00edmpicos","datePublished":"2016-06-09T13:58:58+00:00","mainEntityOfPage":{"@id":"https:\/\/www.ip.gov.py\/ip\/2016\/06\/09\/vero-cepede-representara-a-paraguay-en-los-juegos-olimpicos\/"},"wordCount":351,"publisher":{"@id":"https:\/\/www.ip.gov.py\/ip\/#organization"},"image":{"@id":"https:\/\/www.ip.gov.py\/ip\/2016\/06\/09\/vero-cepede-representara-a-paraguay-en-los-juegos-olimpicos\/#primaryimage"},"thumbnailUrl":"https:\/\/www.ip.gov.py\/ip\/wp-content\/uploads\/2016\/06\/1231429_731079483589463_806583264_n.jpg","articleSection":["Deportes"],"inLanguage":"es"},{"@type":"WebPage","@id":"https:\/\/www.ip.gov.py\/ip\/2016\/06\/09\/vero-cepede-representara-a-paraguay-en-los-juegos-olimpicos\/","url":"https:\/\/www.ip.gov.py\/ip\/2016\/06\/09\/vero-cepede-representara-a-paraguay-en-los-juegos-olimpicos\/","name":"Vero Cepede representar\u00e1 a Paraguay en los juegos ol\u00edmpicos - .::Agencia IP::.","isPartOf":{"@id":"https:\/\/www.ip.gov.py\/ip\/#website"},"primaryImageOfPage":{"@id":"https:\/\/www.ip.gov.py\/ip\/2016\/06\/09\/vero-cepede-representara-a-paraguay-en-los-juegos-olimpicos\/#primaryimage"},"image":{"@id":"https:\/\/www.ip.gov.py\/ip\/2016\/06\/09\/vero-cepede-representara-a-paraguay-en-los-juegos-olimpicos\/#primaryimage"},"thumbnailUrl":"https:\/\/www.ip.gov.py\/ip\/wp-content\/uploads\/2016\/06\/1231429_731079483589463_806583264_n.jpg","datePublished":"2016-06-09T13:58:58+00:00","breadcrumb":{"@id":"https:\/\/www.ip.gov.py\/ip\/2016\/06\/09\/vero-cepede-representara-a-paraguay-en-los-juegos-olimpicos\/#breadcrumb"},"inLanguage":"es","potentialAction":[{"@type":"ReadAction","target":["https:\/\/www.ip.gov.py\/ip\/2016\/06\/09\/vero-cepede-representara-a-paraguay-en-los-juegos-olimpicos\/"]}]},{"@type":"ImageObject","inLanguage":"es","@id":"https:\/\/www.ip.gov.py\/ip\/2016\/06\/09\/vero-cepede-representara-a-paraguay-en-los-juegos-olimpicos\/#primaryimage","url":"https:\/\/www.ip.gov.py\/ip\/wp-content\/uploads\/2016\/06\/1231429_731079483589463_806583264_n.jpg","contentUrl":"https:\/\/www.ip.gov.py\/ip\/wp-content\/uploads\/2016\/06\/1231429_731079483589463_806583264_n.jpg","width":640,"height":427,"caption":"Ver\u00f3nica Cepede, tenista paraguaya."},{"@type":"BreadcrumbList","@id":"https:\/\/www.ip.gov.py\/ip\/2016\/06\/09\/vero-cepede-representara-a-paraguay-en-los-juegos-olimpicos\/#breadcrumb","itemListElement":[{"@type":"ListItem","position":1,"name":"Portada","item":"https:\/\/www.ip.gov.py\/ip\/"},{"@type":"ListItem","position":2,"name":"Vero Cepede representar\u00e1 a Paraguay en los juegos ol\u00edmpicos"}]},{"@type":"WebSite","@id":"https:\/\/www.ip.gov.py\/ip\/#website","url":"https:\/\/www.ip.gov.py\/ip\/","name":".::Agencia IP::.","description":"","publisher":{"@id":"https:\/\/www.ip.gov.py\/ip\/#organization"},"potentialAction":[{"@type":"SearchAction","target":{"@type":"EntryPoint","urlTemplate":"https:\/\/www.ip.gov.py\/ip\/?s={search_term_string}"},"query-input":{"@type":"PropertyValueSpecification","valueRequired":true,"valueName":"search_term_string"}}],"inLanguage":"es"},{"@type":"Organization","@id":"https:\/\/www.ip.gov.py\/ip\/#organization","name":"Agencia IP","url":"https:\/\/www.ip.gov.py\/ip\/","logo":{"@type":"ImageObject","inLanguage":"es","@id":"https:\/\/www.ip.gov.py\/ip\/#\/schema\/logo\/image\/","url":"https:\/\/www.ip.gov.py\/ip\/wp-content\/uploads\/2018\/01\/Agencia-IP.jpg","contentUrl":"https:\/\/www.ip.gov.py\/ip\/wp-content\/uploads\/2018\/01\/Agencia-IP.jpg","width":150,"height":150,"caption":"Agencia IP"},"image":{"@id":"https:\/\/www.ip.gov.py\/ip\/#\/schema\/logo\/image\/"},"sameAs":["https:\/\/www.facebook.com\/IPParaguay\/","https:\/\/x.com\/IPParaguay","https:\/\/www.instagram.com\/IPParaguay"]},{"@type":"Person","@id":"https:\/\/www.ip.gov.py\/ip\/#\/schema\/person\/ab00554d48b7525bfa3dfbba7d507ef1","name":"Hector Latorre","url":"https:\/\/www.ip.gov.py\/ip\/author\/hlatorre\/"}]}},"_links":{"self":[{"href":"https:\/\/www.ip.gov.py\/ip\/wp-json\/wp\/v2\/posts\/101902","targetHints":{"allow":["GET"]}}],"collection":[{"href":"https:\/\/www.ip.gov.py\/ip\/wp-json\/wp\/v2\/posts"}],"about":[{"href":"https:\/\/www.ip.gov.py\/ip\/wp-json\/wp\/v2\/types\/post"}],"author":[{"embeddable":true,"href":"https:\/\/www.ip.gov.py\/ip\/wp-json\/wp\/v2\/users\/20"}],"replies":[{"embeddable":true,"href":"https:\/\/www.ip.gov.py\/ip\/wp-json\/wp\/v2\/comments?post=101902"}],"version-history":[{"count":0,"href":"https:\/\/www.ip.gov.py\/ip\/wp-json\/wp\/v2\/posts\/101902\/revisions"}],"wp:featuredmedia":[{"embeddable":true,"href":"https:\/\/www.ip.gov.py\/ip\/wp-json\/wp\/v2\/media\/101903"}],"wp:attachment":[{"href":"https:\/\/www.ip.gov.py\/ip\/wp-json\/wp\/v2\/media?parent=101902"}],"wp:term":[{"taxonomy":"category","embeddable":true,"href":"https:\/\/www.ip.gov.py\/ip\/wp-json\/wp\/v2\/categories?post=101902"},{"taxonomy":"post_tag","embeddable":true,"href":"https:\/\/www.ip.gov.py\/ip\/wp-json\/wp\/v2\/tags?post=101902"}],"curies":[{"name":"wp","href":"https:\/\/api.w.org\/{rel}","templated":true}]}}