{"id":106458,"date":"2016-07-05T08:11:12","date_gmt":"2016-07-05T12:11:12","guid":{"rendered":"http:\/\/desarrollo.ip.gov.py\/ip\/?p=106458"},"modified":"2016-07-05T08:11:12","modified_gmt":"2016-07-05T12:11:12","slug":"cibulkova-podria-posponer-su-boda-por-wimbledon","status":"publish","type":"post","link":"https:\/\/www.ip.gov.py\/ip\/2016\/07\/05\/cibulkova-podria-posponer-su-boda-por-wimbledon\/","title":{"rendered":"Cibulkova podr\u00eda posponer su boda por Wimbledon"},"content":{"rendered":"<p style=\"text-align: justify;\"><strong><em>Asunci\u00f3n, IP.-<\/em><\/strong> Hace ya meses, Dominika Cibulkova se ten\u00eda tan poca fe en hierba que puso su enlace matrimonial con Miso Navara, su novio, el s\u00e1bado 9 de julio.<!--more--><\/p>\n<p style=\"text-align: justify;\">La eslovaca, que viene de ganar en Eastbourne, est\u00e1 a s\u00f3lo dos victorias de plantarse en la final de Wimbledon, que es precisamente este s\u00e1bado.\u00bbOjal\u00e1 tenga que mover la boda, ser\u00eda una noticia fant\u00e1stica. Eleg\u00ed ese d\u00eda porque nunca me he considerado una buena jugadora de hierba. Es lo que explica el diario Marca en su portal digital.<\/p>\n<p style=\"text-align: justify;\">Si gano mi partido de cuartos tendr\u00e9 que pensar el tema seriamente\u00bb, dec\u00eda Cibulkova, de 27 a\u00f1os, despu\u00e9s de cargarse hoy a Agnieszka Radwanska, tercera del ranking WTA por 6-3, 5-7 y 9-7.<\/p>\n<p style=\"text-align: justify;\">En la antepen\u00faltima ronda le espera Elena Vesnina, que nunca antes hab\u00eda llegado tan lejos en un Grand Slam mientras que la eslovaca encadena nueve victorias sobre el c\u00e9sped.<\/p>\n<p style=\"text-align: justify;\">Una de las ex tenistas que estaba invitada a la boda de Cibulkova es Marion Bartoli, que no podr\u00e1 asistir porque es comentarista de la televisi\u00f3n francesa y tiene que ver en directo la final de Wimbledon.<\/p>\n","protected":false},"excerpt":{"rendered":"<p>Asunci\u00f3n, IP.- Hace ya meses, Dominika Cibulkova se ten\u00eda tan poca fe en hierba que puso su enlace matrimonial con Miso Navara, su novio, el s\u00e1bado 9 de julio.<\/p>\n","protected":false},"author":20,"featured_media":106459,"comment_status":"closed","ping_status":"closed","sticky":false,"template":"","format":"standard","meta":{"_monsterinsights_skip_tracking":false,"_monsterinsights_sitenote_active":false,"_monsterinsights_sitenote_note":"","_monsterinsights_sitenote_category":0,"footnotes":""},"categories":[8],"tags":[],"class_list":{"0":"post-106458","1":"post","2":"type-post","3":"status-publish","4":"format-standard","5":"has-post-thumbnail","7":"category-deportes"},"yoast_head":"<!-- This site is optimized with the Yoast SEO plugin v27.4 - https:\/\/yoast.com\/product\/yoast-seo-wordpress\/ -->\n<title>Cibulkova podr\u00eda posponer su boda por Wimbledon - .::Agencia IP::.<\/title>\n<meta name=\"robots\" content=\"index, follow, max-snippet:-1, max-image-preview:large, max-video-preview:-1\" \/>\n<link rel=\"canonical\" href=\"https:\/\/www.ip.gov.py\/ip\/2016\/07\/05\/cibulkova-podria-posponer-su-boda-por-wimbledon\/\" \/>\n<meta property=\"og:locale\" content=\"es_ES\" \/>\n<meta property=\"og:type\" content=\"article\" \/>\n<meta property=\"og:title\" content=\"Cibulkova podr\u00eda posponer su boda por Wimbledon - .::Agencia IP::.\" \/>\n<meta property=\"og:description\" content=\"Asunci\u00f3n, IP.- Hace ya meses, Dominika Cibulkova se ten\u00eda tan poca fe en hierba que puso su enlace matrimonial con Miso Navara, su novio, el s\u00e1bado 9 de julio.\" \/>\n<meta property=\"og:url\" content=\"https:\/\/www.ip.gov.py\/ip\/2016\/07\/05\/cibulkova-podria-posponer-su-boda-por-wimbledon\/\" \/>\n<meta property=\"og:site_name\" content=\".::Agencia IP::.\" \/>\n<meta property=\"article:publisher\" content=\"https:\/\/www.facebook.com\/IPParaguay\/\" \/>\n<meta property=\"article:published_time\" content=\"2016-07-05T12:11:12+00:00\" \/>\n<meta property=\"og:image\" content=\"https:\/\/www.ip.gov.py\/ip\/wp-content\/uploads\/2016\/07\/14676594595305.jpg\" \/>\n\t<meta property=\"og:image:width\" content=\"990\" \/>\n\t<meta property=\"og:image:height\" content=\"627\" \/>\n\t<meta property=\"og:image:type\" content=\"image\/jpeg\" \/>\n<meta name=\"author\" content=\"Hector Latorre\" \/>\n<meta name=\"twitter:card\" content=\"summary_large_image\" \/>\n<meta name=\"twitter:creator\" content=\"@IPParaguay\" \/>\n<meta name=\"twitter:site\" content=\"@IPParaguay\" \/>\n<meta name=\"twitter:label1\" content=\"Escrito por\" \/>\n\t<meta name=\"twitter:data1\" content=\"Hector Latorre\" \/>\n\t<meta name=\"twitter:label2\" content=\"Tiempo de lectura\" \/>\n\t<meta name=\"twitter:data2\" content=\"1 minuto\" \/>\n<script type=\"application\/ld+json\" class=\"yoast-schema-graph\">{\"@context\":\"https:\\\/\\\/schema.org\",\"@graph\":[{\"@type\":\"Article\",\"@id\":\"https:\\\/\\\/www.ip.gov.py\\\/ip\\\/2016\\\/07\\\/05\\\/cibulkova-podria-posponer-su-boda-por-wimbledon\\\/#article\",\"isPartOf\":{\"@id\":\"https:\\\/\\\/www.ip.gov.py\\\/ip\\\/2016\\\/07\\\/05\\\/cibulkova-podria-posponer-su-boda-por-wimbledon\\\/\"},\"author\":{\"name\":\"Hector Latorre\",\"@id\":\"https:\\\/\\\/www.ip.gov.py\\\/ip\\\/#\\\/schema\\\/person\\\/ab00554d48b7525bfa3dfbba7d507ef1\"},\"headline\":\"Cibulkova podr\u00eda posponer su boda por Wimbledon\",\"datePublished\":\"2016-07-05T12:11:12+00:00\",\"mainEntityOfPage\":{\"@id\":\"https:\\\/\\\/www.ip.gov.py\\\/ip\\\/2016\\\/07\\\/05\\\/cibulkova-podria-posponer-su-boda-por-wimbledon\\\/\"},\"wordCount\":209,\"publisher\":{\"@id\":\"https:\\\/\\\/www.ip.gov.py\\\/ip\\\/#organization\"},\"image\":{\"@id\":\"https:\\\/\\\/www.ip.gov.py\\\/ip\\\/2016\\\/07\\\/05\\\/cibulkova-podria-posponer-su-boda-por-wimbledon\\\/#primaryimage\"},\"thumbnailUrl\":\"https:\\\/\\\/www.ip.gov.py\\\/ip\\\/wp-content\\\/uploads\\\/2016\\\/07\\\/14676594595305.jpg\",\"articleSection\":[\"Deportes\"],\"inLanguage\":\"es\"},{\"@type\":\"WebPage\",\"@id\":\"https:\\\/\\\/www.ip.gov.py\\\/ip\\\/2016\\\/07\\\/05\\\/cibulkova-podria-posponer-su-boda-por-wimbledon\\\/\",\"url\":\"https:\\\/\\\/www.ip.gov.py\\\/ip\\\/2016\\\/07\\\/05\\\/cibulkova-podria-posponer-su-boda-por-wimbledon\\\/\",\"name\":\"Cibulkova podr\u00eda posponer su boda por Wimbledon - .::Agencia IP::.\",\"isPartOf\":{\"@id\":\"https:\\\/\\\/www.ip.gov.py\\\/ip\\\/#website\"},\"primaryImageOfPage\":{\"@id\":\"https:\\\/\\\/www.ip.gov.py\\\/ip\\\/2016\\\/07\\\/05\\\/cibulkova-podria-posponer-su-boda-por-wimbledon\\\/#primaryimage\"},\"image\":{\"@id\":\"https:\\\/\\\/www.ip.gov.py\\\/ip\\\/2016\\\/07\\\/05\\\/cibulkova-podria-posponer-su-boda-por-wimbledon\\\/#primaryimage\"},\"thumbnailUrl\":\"https:\\\/\\\/www.ip.gov.py\\\/ip\\\/wp-content\\\/uploads\\\/2016\\\/07\\\/14676594595305.jpg\",\"datePublished\":\"2016-07-05T12:11:12+00:00\",\"breadcrumb\":{\"@id\":\"https:\\\/\\\/www.ip.gov.py\\\/ip\\\/2016\\\/07\\\/05\\\/cibulkova-podria-posponer-su-boda-por-wimbledon\\\/#breadcrumb\"},\"inLanguage\":\"es\",\"potentialAction\":[{\"@type\":\"ReadAction\",\"target\":[\"https:\\\/\\\/www.ip.gov.py\\\/ip\\\/2016\\\/07\\\/05\\\/cibulkova-podria-posponer-su-boda-por-wimbledon\\\/\"]}]},{\"@type\":\"ImageObject\",\"inLanguage\":\"es\",\"@id\":\"https:\\\/\\\/www.ip.gov.py\\\/ip\\\/2016\\\/07\\\/05\\\/cibulkova-podria-posponer-su-boda-por-wimbledon\\\/#primaryimage\",\"url\":\"https:\\\/\\\/www.ip.gov.py\\\/ip\\\/wp-content\\\/uploads\\\/2016\\\/07\\\/14676594595305.jpg\",\"contentUrl\":\"https:\\\/\\\/www.ip.gov.py\\\/ip\\\/wp-content\\\/uploads\\\/2016\\\/07\\\/14676594595305.jpg\",\"width\":990,\"height\":627,\"caption\":\"La eslovaca Dominika Cibulkova fij\u00f3 su boda para el 9 de julio, pero lo podr\u00eda posponer. Foto Gentileza Diario Marca.\"},{\"@type\":\"BreadcrumbList\",\"@id\":\"https:\\\/\\\/www.ip.gov.py\\\/ip\\\/2016\\\/07\\\/05\\\/cibulkova-podria-posponer-su-boda-por-wimbledon\\\/#breadcrumb\",\"itemListElement\":[{\"@type\":\"ListItem\",\"position\":1,\"name\":\"Portada\",\"item\":\"https:\\\/\\\/www.ip.gov.py\\\/ip\\\/\"},{\"@type\":\"ListItem\",\"position\":2,\"name\":\"Cibulkova podr\u00eda posponer su boda por Wimbledon\"}]},{\"@type\":\"WebSite\",\"@id\":\"https:\\\/\\\/www.ip.gov.py\\\/ip\\\/#website\",\"url\":\"https:\\\/\\\/www.ip.gov.py\\\/ip\\\/\",\"name\":\".::Agencia IP::.\",\"description\":\"\",\"publisher\":{\"@id\":\"https:\\\/\\\/www.ip.gov.py\\\/ip\\\/#organization\"},\"potentialAction\":[{\"@type\":\"SearchAction\",\"target\":{\"@type\":\"EntryPoint\",\"urlTemplate\":\"https:\\\/\\\/www.ip.gov.py\\\/ip\\\/?s={search_term_string}\"},\"query-input\":{\"@type\":\"PropertyValueSpecification\",\"valueRequired\":true,\"valueName\":\"search_term_string\"}}],\"inLanguage\":\"es\"},{\"@type\":\"Organization\",\"@id\":\"https:\\\/\\\/www.ip.gov.py\\\/ip\\\/#organization\",\"name\":\"Agencia IP\",\"url\":\"https:\\\/\\\/www.ip.gov.py\\\/ip\\\/\",\"logo\":{\"@type\":\"ImageObject\",\"inLanguage\":\"es\",\"@id\":\"https:\\\/\\\/www.ip.gov.py\\\/ip\\\/#\\\/schema\\\/logo\\\/image\\\/\",\"url\":\"https:\\\/\\\/www.ip.gov.py\\\/ip\\\/wp-content\\\/uploads\\\/2018\\\/01\\\/Agencia-IP.jpg\",\"contentUrl\":\"https:\\\/\\\/www.ip.gov.py\\\/ip\\\/wp-content\\\/uploads\\\/2018\\\/01\\\/Agencia-IP.jpg\",\"width\":150,\"height\":150,\"caption\":\"Agencia IP\"},\"image\":{\"@id\":\"https:\\\/\\\/www.ip.gov.py\\\/ip\\\/#\\\/schema\\\/logo\\\/image\\\/\"},\"sameAs\":[\"https:\\\/\\\/www.facebook.com\\\/IPParaguay\\\/\",\"https:\\\/\\\/x.com\\\/IPParaguay\",\"https:\\\/\\\/www.instagram.com\\\/IPParaguay\"]},{\"@type\":\"Person\",\"@id\":\"https:\\\/\\\/www.ip.gov.py\\\/ip\\\/#\\\/schema\\\/person\\\/ab00554d48b7525bfa3dfbba7d507ef1\",\"name\":\"Hector Latorre\",\"url\":\"https:\\\/\\\/www.ip.gov.py\\\/ip\\\/author\\\/hlatorre\\\/\"}]}<\/script>\n<!-- \/ Yoast SEO plugin. -->","yoast_head_json":{"title":"Cibulkova podr\u00eda posponer su boda por Wimbledon - .::Agencia IP::.","robots":{"index":"index","follow":"follow","max-snippet":"max-snippet:-1","max-image-preview":"max-image-preview:large","max-video-preview":"max-video-preview:-1"},"canonical":"https:\/\/www.ip.gov.py\/ip\/2016\/07\/05\/cibulkova-podria-posponer-su-boda-por-wimbledon\/","og_locale":"es_ES","og_type":"article","og_title":"Cibulkova podr\u00eda posponer su boda por Wimbledon - .::Agencia IP::.","og_description":"Asunci\u00f3n, IP.- Hace ya meses, Dominika Cibulkova se ten\u00eda tan poca fe en hierba que puso su enlace matrimonial con Miso Navara, su novio, el s\u00e1bado 9 de julio.","og_url":"https:\/\/www.ip.gov.py\/ip\/2016\/07\/05\/cibulkova-podria-posponer-su-boda-por-wimbledon\/","og_site_name":".::Agencia IP::.","article_publisher":"https:\/\/www.facebook.com\/IPParaguay\/","article_published_time":"2016-07-05T12:11:12+00:00","og_image":[{"width":990,"height":627,"url":"https:\/\/www.ip.gov.py\/ip\/wp-content\/uploads\/2016\/07\/14676594595305.jpg","type":"image\/jpeg"}],"author":"Hector Latorre","twitter_card":"summary_large_image","twitter_creator":"@IPParaguay","twitter_site":"@IPParaguay","twitter_misc":{"Escrito por":"Hector Latorre","Tiempo de lectura":"1 minuto"},"schema":{"@context":"https:\/\/schema.org","@graph":[{"@type":"Article","@id":"https:\/\/www.ip.gov.py\/ip\/2016\/07\/05\/cibulkova-podria-posponer-su-boda-por-wimbledon\/#article","isPartOf":{"@id":"https:\/\/www.ip.gov.py\/ip\/2016\/07\/05\/cibulkova-podria-posponer-su-boda-por-wimbledon\/"},"author":{"name":"Hector Latorre","@id":"https:\/\/www.ip.gov.py\/ip\/#\/schema\/person\/ab00554d48b7525bfa3dfbba7d507ef1"},"headline":"Cibulkova podr\u00eda posponer su boda por Wimbledon","datePublished":"2016-07-05T12:11:12+00:00","mainEntityOfPage":{"@id":"https:\/\/www.ip.gov.py\/ip\/2016\/07\/05\/cibulkova-podria-posponer-su-boda-por-wimbledon\/"},"wordCount":209,"publisher":{"@id":"https:\/\/www.ip.gov.py\/ip\/#organization"},"image":{"@id":"https:\/\/www.ip.gov.py\/ip\/2016\/07\/05\/cibulkova-podria-posponer-su-boda-por-wimbledon\/#primaryimage"},"thumbnailUrl":"https:\/\/www.ip.gov.py\/ip\/wp-content\/uploads\/2016\/07\/14676594595305.jpg","articleSection":["Deportes"],"inLanguage":"es"},{"@type":"WebPage","@id":"https:\/\/www.ip.gov.py\/ip\/2016\/07\/05\/cibulkova-podria-posponer-su-boda-por-wimbledon\/","url":"https:\/\/www.ip.gov.py\/ip\/2016\/07\/05\/cibulkova-podria-posponer-su-boda-por-wimbledon\/","name":"Cibulkova podr\u00eda posponer su boda por Wimbledon - .::Agencia IP::.","isPartOf":{"@id":"https:\/\/www.ip.gov.py\/ip\/#website"},"primaryImageOfPage":{"@id":"https:\/\/www.ip.gov.py\/ip\/2016\/07\/05\/cibulkova-podria-posponer-su-boda-por-wimbledon\/#primaryimage"},"image":{"@id":"https:\/\/www.ip.gov.py\/ip\/2016\/07\/05\/cibulkova-podria-posponer-su-boda-por-wimbledon\/#primaryimage"},"thumbnailUrl":"https:\/\/www.ip.gov.py\/ip\/wp-content\/uploads\/2016\/07\/14676594595305.jpg","datePublished":"2016-07-05T12:11:12+00:00","breadcrumb":{"@id":"https:\/\/www.ip.gov.py\/ip\/2016\/07\/05\/cibulkova-podria-posponer-su-boda-por-wimbledon\/#breadcrumb"},"inLanguage":"es","potentialAction":[{"@type":"ReadAction","target":["https:\/\/www.ip.gov.py\/ip\/2016\/07\/05\/cibulkova-podria-posponer-su-boda-por-wimbledon\/"]}]},{"@type":"ImageObject","inLanguage":"es","@id":"https:\/\/www.ip.gov.py\/ip\/2016\/07\/05\/cibulkova-podria-posponer-su-boda-por-wimbledon\/#primaryimage","url":"https:\/\/www.ip.gov.py\/ip\/wp-content\/uploads\/2016\/07\/14676594595305.jpg","contentUrl":"https:\/\/www.ip.gov.py\/ip\/wp-content\/uploads\/2016\/07\/14676594595305.jpg","width":990,"height":627,"caption":"La eslovaca Dominika Cibulkova fij\u00f3 su boda para el 9 de julio, pero lo podr\u00eda posponer. Foto Gentileza Diario Marca."},{"@type":"BreadcrumbList","@id":"https:\/\/www.ip.gov.py\/ip\/2016\/07\/05\/cibulkova-podria-posponer-su-boda-por-wimbledon\/#breadcrumb","itemListElement":[{"@type":"ListItem","position":1,"name":"Portada","item":"https:\/\/www.ip.gov.py\/ip\/"},{"@type":"ListItem","position":2,"name":"Cibulkova podr\u00eda posponer su boda por Wimbledon"}]},{"@type":"WebSite","@id":"https:\/\/www.ip.gov.py\/ip\/#website","url":"https:\/\/www.ip.gov.py\/ip\/","name":".::Agencia IP::.","description":"","publisher":{"@id":"https:\/\/www.ip.gov.py\/ip\/#organization"},"potentialAction":[{"@type":"SearchAction","target":{"@type":"EntryPoint","urlTemplate":"https:\/\/www.ip.gov.py\/ip\/?s={search_term_string}"},"query-input":{"@type":"PropertyValueSpecification","valueRequired":true,"valueName":"search_term_string"}}],"inLanguage":"es"},{"@type":"Organization","@id":"https:\/\/www.ip.gov.py\/ip\/#organization","name":"Agencia IP","url":"https:\/\/www.ip.gov.py\/ip\/","logo":{"@type":"ImageObject","inLanguage":"es","@id":"https:\/\/www.ip.gov.py\/ip\/#\/schema\/logo\/image\/","url":"https:\/\/www.ip.gov.py\/ip\/wp-content\/uploads\/2018\/01\/Agencia-IP.jpg","contentUrl":"https:\/\/www.ip.gov.py\/ip\/wp-content\/uploads\/2018\/01\/Agencia-IP.jpg","width":150,"height":150,"caption":"Agencia IP"},"image":{"@id":"https:\/\/www.ip.gov.py\/ip\/#\/schema\/logo\/image\/"},"sameAs":["https:\/\/www.facebook.com\/IPParaguay\/","https:\/\/x.com\/IPParaguay","https:\/\/www.instagram.com\/IPParaguay"]},{"@type":"Person","@id":"https:\/\/www.ip.gov.py\/ip\/#\/schema\/person\/ab00554d48b7525bfa3dfbba7d507ef1","name":"Hector Latorre","url":"https:\/\/www.ip.gov.py\/ip\/author\/hlatorre\/"}]}},"_links":{"self":[{"href":"https:\/\/www.ip.gov.py\/ip\/wp-json\/wp\/v2\/posts\/106458","targetHints":{"allow":["GET"]}}],"collection":[{"href":"https:\/\/www.ip.gov.py\/ip\/wp-json\/wp\/v2\/posts"}],"about":[{"href":"https:\/\/www.ip.gov.py\/ip\/wp-json\/wp\/v2\/types\/post"}],"author":[{"embeddable":true,"href":"https:\/\/www.ip.gov.py\/ip\/wp-json\/wp\/v2\/users\/20"}],"replies":[{"embeddable":true,"href":"https:\/\/www.ip.gov.py\/ip\/wp-json\/wp\/v2\/comments?post=106458"}],"version-history":[{"count":0,"href":"https:\/\/www.ip.gov.py\/ip\/wp-json\/wp\/v2\/posts\/106458\/revisions"}],"wp:featuredmedia":[{"embeddable":true,"href":"https:\/\/www.ip.gov.py\/ip\/wp-json\/wp\/v2\/media\/106459"}],"wp:attachment":[{"href":"https:\/\/www.ip.gov.py\/ip\/wp-json\/wp\/v2\/media?parent=106458"}],"wp:term":[{"taxonomy":"category","embeddable":true,"href":"https:\/\/www.ip.gov.py\/ip\/wp-json\/wp\/v2\/categories?post=106458"},{"taxonomy":"post_tag","embeddable":true,"href":"https:\/\/www.ip.gov.py\/ip\/wp-json\/wp\/v2\/tags?post=106458"}],"curies":[{"name":"wp","href":"https:\/\/api.w.org\/{rel}","templated":true}]}}