{"id":107515,"date":"2016-07-11T14:07:55","date_gmt":"2016-07-11T18:07:55","guid":{"rendered":"http:\/\/desarrollo.ip.gov.py\/ip\/?p=107515"},"modified":"2016-07-11T15:51:29","modified_gmt":"2016-07-11T19:51:29","slug":"tribunal-condena-a-los-11-campesinos-por-masacre-de-curuguaty","status":"publish","type":"post","link":"https:\/\/www.ip.gov.py\/ip\/2016\/07\/11\/tribunal-condena-a-los-11-campesinos-por-masacre-de-curuguaty\/","title":{"rendered":"Tribunal condena a los 11 campesinos por masacre de Curuguaty"},"content":{"rendered":"<p style=\"text-align: justify;\"><strong><em>Asunci\u00f3n, IP.-<\/em><\/strong> El Tribunal de Sentencia\u00a0conden\u00f3 este lunes a los 11 campesinos imputados por la Masacre de Curuguaty a penas privativas de libertad de entre 4 a 35 a\u00f1os, por los hechos punibles de homicidio doloso, asociaci\u00f3n criminal e invasi\u00f3n de inmueble ajeno. Rub\u00e9n Villalba recibi\u00f3 la condena m\u00e1s elevada.<!--more--><\/p>\n<p style=\"text-align: justify;\">El tribunal declar\u00f3 probado en juicio los presupuestos de la punibilidad de la conducta de los 11 acusados, en la comisi\u00f3n de los hechos punibles de homicidio doloso agravado consumado y homicidio doloso en grado de tentativa acabada, adem\u00e1s de asociaci\u00f3n criminal e invasi\u00f3n de inmueble ajeno.<\/p>\n<p style=\"text-align: justify;\">Ruben Villalba fue condenado por el tribunal a 30 a\u00f1os de prisi\u00f3n m\u00e1s 5 a\u00f1os por medida seguridad, Luis Olmedo Paredes a 20 a\u00f1os de prisi\u00f3n, Arnaldo Quintana y N\u00e9stor Castro a 18 a\u00f1os de prisi\u00f3n, Luc\u00eda Ag\u00fcero, Mar\u00eda Fanny Olmedo Paredes y Dolores L\u00f3pez a 6 a\u00f1os de prisi\u00f3n y Felipe Ben\u00edtez Balmori, Adalberto Castro, Juan Carlos Tiller\u00eda y Alcides Rom\u00e1n a 4 a\u00f1os de prisi\u00f3n.<\/p>\n<p style=\"text-align: justify;\">La sentencia judicial guarda relaci\u00f3n con el hecho ocurrido el 15 de junio de 2012 en el distrito de Curuguaty, departamento de Canindey\u00fa, donde se produjo la muerte de 17 personas, 11 de ellos campesinos y 6 polic\u00edas.<\/p>\n<p style=\"text-align: justify;\">El tribunal, conformado por los jueces Ram\u00f3n Trinidad Zelaya, Benito Ram\u00f3n Gonz\u00e1lez y Samuel Silvero, dieron a conocer este lunes solamente a la parte resolutiva, ya que las argumentaciones que sustentan la condena ser\u00e1n brindadas detalladamente el pr\u00f3ximo lunes 18 de julio, a las 11:00.<\/p>\n<p style=\"text-align: justify;\">El presidente del Tribunal, juez Ram\u00f3n Trinidad, afirm\u00f3 que \u201cen todo este casi un a\u00f1o de este juicio oral jam\u00e1s hemos recibido orientaciones ni opiniones de ninguna autoridad pol\u00edtica\u201d. Afirm\u00f3 que la sentencia dictada fue \u201cconforme a los hechos expuestos a nuestra consideramos y hemos valorado conforme a la sana cr\u00edtica las diversas pruebas\u201d.<\/p>\n","protected":false},"excerpt":{"rendered":"<p>Asunci\u00f3n, IP.- El Tribunal de Sentencia\u00a0conden\u00f3 este lunes a los 11 campesinos imputados por la Masacre de Curuguaty a penas privativas de libertad de entre 4 a 35 a\u00f1os, por los hechos punibles de homicidio doloso, asociaci\u00f3n criminal e invasi\u00f3n de inmueble ajeno. Rub\u00e9n Villalba recibi\u00f3 la condena m\u00e1s elevada.<\/p>\n","protected":false},"author":2,"featured_media":107520,"comment_status":"closed","ping_status":"closed","sticky":false,"template":"","format":"standard","meta":{"_monsterinsights_skip_tracking":false,"_monsterinsights_sitenote_active":false,"_monsterinsights_sitenote_note":"","_monsterinsights_sitenote_category":0,"footnotes":""},"categories":[6],"tags":[],"class_list":{"0":"post-107515","1":"post","2":"type-post","3":"status-publish","4":"format-standard","5":"has-post-thumbnail","7":"category-politica"},"yoast_head":"<!-- This site is optimized with the Yoast SEO plugin v27.4 - https:\/\/yoast.com\/product\/yoast-seo-wordpress\/ -->\n<title>Tribunal condena a los 11 campesinos por masacre de Curuguaty - .::Agencia IP::.<\/title>\n<meta name=\"robots\" content=\"index, follow, max-snippet:-1, max-image-preview:large, max-video-preview:-1\" \/>\n<link rel=\"canonical\" href=\"https:\/\/www.ip.gov.py\/ip\/2016\/07\/11\/tribunal-condena-a-los-11-campesinos-por-masacre-de-curuguaty\/\" \/>\n<meta property=\"og:locale\" content=\"es_ES\" \/>\n<meta property=\"og:type\" content=\"article\" \/>\n<meta property=\"og:title\" content=\"Tribunal condena a los 11 campesinos por masacre de Curuguaty - .::Agencia IP::.\" \/>\n<meta property=\"og:description\" content=\"Asunci\u00f3n, IP.- El Tribunal de Sentencia\u00a0conden\u00f3 este lunes a los 11 campesinos imputados por la Masacre de Curuguaty a penas privativas de libertad de entre 4 a 35 a\u00f1os, por los hechos punibles de homicidio doloso, asociaci\u00f3n criminal e invasi\u00f3n de inmueble ajeno. Rub\u00e9n Villalba recibi\u00f3 la condena m\u00e1s elevada.\" \/>\n<meta property=\"og:url\" content=\"https:\/\/www.ip.gov.py\/ip\/2016\/07\/11\/tribunal-condena-a-los-11-campesinos-por-masacre-de-curuguaty\/\" \/>\n<meta property=\"og:site_name\" content=\".::Agencia IP::.\" \/>\n<meta property=\"article:publisher\" content=\"https:\/\/www.facebook.com\/IPParaguay\/\" \/>\n<meta property=\"article:published_time\" content=\"2016-07-11T18:07:55+00:00\" \/>\n<meta property=\"article:modified_time\" content=\"2016-07-11T19:51:29+00:00\" \/>\n<meta property=\"og:image\" content=\"https:\/\/www.ip.gov.py\/ip\/wp-content\/uploads\/2016\/07\/juicio-oral-curuguaty.jpg\" \/>\n\t<meta property=\"og:image:width\" content=\"806\" \/>\n\t<meta property=\"og:image:height\" content=\"537\" \/>\n\t<meta property=\"og:image:type\" content=\"image\/jpeg\" \/>\n<meta name=\"author\" content=\"Roque Mereles\" \/>\n<meta name=\"twitter:card\" content=\"summary_large_image\" \/>\n<meta name=\"twitter:creator\" content=\"@IPParaguay\" \/>\n<meta name=\"twitter:site\" content=\"@IPParaguay\" \/>\n<meta name=\"twitter:label1\" content=\"Escrito por\" \/>\n\t<meta name=\"twitter:data1\" content=\"Roque Mereles\" \/>\n\t<meta name=\"twitter:label2\" content=\"Tiempo de lectura\" \/>\n\t<meta name=\"twitter:data2\" content=\"2 minutos\" \/>\n<script type=\"application\/ld+json\" class=\"yoast-schema-graph\">{\"@context\":\"https:\\\/\\\/schema.org\",\"@graph\":[{\"@type\":\"Article\",\"@id\":\"https:\\\/\\\/www.ip.gov.py\\\/ip\\\/2016\\\/07\\\/11\\\/tribunal-condena-a-los-11-campesinos-por-masacre-de-curuguaty\\\/#article\",\"isPartOf\":{\"@id\":\"https:\\\/\\\/www.ip.gov.py\\\/ip\\\/2016\\\/07\\\/11\\\/tribunal-condena-a-los-11-campesinos-por-masacre-de-curuguaty\\\/\"},\"author\":{\"name\":\"Roque Mereles\",\"@id\":\"https:\\\/\\\/www.ip.gov.py\\\/ip\\\/#\\\/schema\\\/person\\\/7ec1ca00d0a9301ecc37fff902ff6741\"},\"headline\":\"Tribunal condena a los 11 campesinos por masacre de Curuguaty\",\"datePublished\":\"2016-07-11T18:07:55+00:00\",\"dateModified\":\"2016-07-11T19:51:29+00:00\",\"mainEntityOfPage\":{\"@id\":\"https:\\\/\\\/www.ip.gov.py\\\/ip\\\/2016\\\/07\\\/11\\\/tribunal-condena-a-los-11-campesinos-por-masacre-de-curuguaty\\\/\"},\"wordCount\":337,\"publisher\":{\"@id\":\"https:\\\/\\\/www.ip.gov.py\\\/ip\\\/#organization\"},\"image\":{\"@id\":\"https:\\\/\\\/www.ip.gov.py\\\/ip\\\/2016\\\/07\\\/11\\\/tribunal-condena-a-los-11-campesinos-por-masacre-de-curuguaty\\\/#primaryimage\"},\"thumbnailUrl\":\"https:\\\/\\\/www.ip.gov.py\\\/ip\\\/wp-content\\\/uploads\\\/2016\\\/07\\\/juicio-oral-curuguaty.jpg\",\"articleSection\":[\"Pol\u00edtica\"],\"inLanguage\":\"es\"},{\"@type\":\"WebPage\",\"@id\":\"https:\\\/\\\/www.ip.gov.py\\\/ip\\\/2016\\\/07\\\/11\\\/tribunal-condena-a-los-11-campesinos-por-masacre-de-curuguaty\\\/\",\"url\":\"https:\\\/\\\/www.ip.gov.py\\\/ip\\\/2016\\\/07\\\/11\\\/tribunal-condena-a-los-11-campesinos-por-masacre-de-curuguaty\\\/\",\"name\":\"Tribunal condena a los 11 campesinos por masacre de Curuguaty - .::Agencia IP::.\",\"isPartOf\":{\"@id\":\"https:\\\/\\\/www.ip.gov.py\\\/ip\\\/#website\"},\"primaryImageOfPage\":{\"@id\":\"https:\\\/\\\/www.ip.gov.py\\\/ip\\\/2016\\\/07\\\/11\\\/tribunal-condena-a-los-11-campesinos-por-masacre-de-curuguaty\\\/#primaryimage\"},\"image\":{\"@id\":\"https:\\\/\\\/www.ip.gov.py\\\/ip\\\/2016\\\/07\\\/11\\\/tribunal-condena-a-los-11-campesinos-por-masacre-de-curuguaty\\\/#primaryimage\"},\"thumbnailUrl\":\"https:\\\/\\\/www.ip.gov.py\\\/ip\\\/wp-content\\\/uploads\\\/2016\\\/07\\\/juicio-oral-curuguaty.jpg\",\"datePublished\":\"2016-07-11T18:07:55+00:00\",\"dateModified\":\"2016-07-11T19:51:29+00:00\",\"breadcrumb\":{\"@id\":\"https:\\\/\\\/www.ip.gov.py\\\/ip\\\/2016\\\/07\\\/11\\\/tribunal-condena-a-los-11-campesinos-por-masacre-de-curuguaty\\\/#breadcrumb\"},\"inLanguage\":\"es\",\"potentialAction\":[{\"@type\":\"ReadAction\",\"target\":[\"https:\\\/\\\/www.ip.gov.py\\\/ip\\\/2016\\\/07\\\/11\\\/tribunal-condena-a-los-11-campesinos-por-masacre-de-curuguaty\\\/\"]}]},{\"@type\":\"ImageObject\",\"inLanguage\":\"es\",\"@id\":\"https:\\\/\\\/www.ip.gov.py\\\/ip\\\/2016\\\/07\\\/11\\\/tribunal-condena-a-los-11-campesinos-por-masacre-de-curuguaty\\\/#primaryimage\",\"url\":\"https:\\\/\\\/www.ip.gov.py\\\/ip\\\/wp-content\\\/uploads\\\/2016\\\/07\\\/juicio-oral-curuguaty.jpg\",\"contentUrl\":\"https:\\\/\\\/www.ip.gov.py\\\/ip\\\/wp-content\\\/uploads\\\/2016\\\/07\\\/juicio-oral-curuguaty.jpg\",\"width\":806,\"height\":537},{\"@type\":\"BreadcrumbList\",\"@id\":\"https:\\\/\\\/www.ip.gov.py\\\/ip\\\/2016\\\/07\\\/11\\\/tribunal-condena-a-los-11-campesinos-por-masacre-de-curuguaty\\\/#breadcrumb\",\"itemListElement\":[{\"@type\":\"ListItem\",\"position\":1,\"name\":\"Portada\",\"item\":\"https:\\\/\\\/www.ip.gov.py\\\/ip\\\/\"},{\"@type\":\"ListItem\",\"position\":2,\"name\":\"Tribunal condena a los 11 campesinos por masacre de Curuguaty\"}]},{\"@type\":\"WebSite\",\"@id\":\"https:\\\/\\\/www.ip.gov.py\\\/ip\\\/#website\",\"url\":\"https:\\\/\\\/www.ip.gov.py\\\/ip\\\/\",\"name\":\".::Agencia IP::.\",\"description\":\"\",\"publisher\":{\"@id\":\"https:\\\/\\\/www.ip.gov.py\\\/ip\\\/#organization\"},\"potentialAction\":[{\"@type\":\"SearchAction\",\"target\":{\"@type\":\"EntryPoint\",\"urlTemplate\":\"https:\\\/\\\/www.ip.gov.py\\\/ip\\\/?s={search_term_string}\"},\"query-input\":{\"@type\":\"PropertyValueSpecification\",\"valueRequired\":true,\"valueName\":\"search_term_string\"}}],\"inLanguage\":\"es\"},{\"@type\":\"Organization\",\"@id\":\"https:\\\/\\\/www.ip.gov.py\\\/ip\\\/#organization\",\"name\":\"Agencia IP\",\"url\":\"https:\\\/\\\/www.ip.gov.py\\\/ip\\\/\",\"logo\":{\"@type\":\"ImageObject\",\"inLanguage\":\"es\",\"@id\":\"https:\\\/\\\/www.ip.gov.py\\\/ip\\\/#\\\/schema\\\/logo\\\/image\\\/\",\"url\":\"https:\\\/\\\/www.ip.gov.py\\\/ip\\\/wp-content\\\/uploads\\\/2018\\\/01\\\/Agencia-IP.jpg\",\"contentUrl\":\"https:\\\/\\\/www.ip.gov.py\\\/ip\\\/wp-content\\\/uploads\\\/2018\\\/01\\\/Agencia-IP.jpg\",\"width\":150,\"height\":150,\"caption\":\"Agencia IP\"},\"image\":{\"@id\":\"https:\\\/\\\/www.ip.gov.py\\\/ip\\\/#\\\/schema\\\/logo\\\/image\\\/\"},\"sameAs\":[\"https:\\\/\\\/www.facebook.com\\\/IPParaguay\\\/\",\"https:\\\/\\\/x.com\\\/IPParaguay\",\"https:\\\/\\\/www.instagram.com\\\/IPParaguay\"]},{\"@type\":\"Person\",\"@id\":\"https:\\\/\\\/www.ip.gov.py\\\/ip\\\/#\\\/schema\\\/person\\\/7ec1ca00d0a9301ecc37fff902ff6741\",\"name\":\"Roque Mereles\",\"url\":\"https:\\\/\\\/www.ip.gov.py\\\/ip\\\/author\\\/rmereles\\\/\"}]}<\/script>\n<!-- \/ Yoast SEO plugin. -->","yoast_head_json":{"title":"Tribunal condena a los 11 campesinos por masacre de Curuguaty - .::Agencia IP::.","robots":{"index":"index","follow":"follow","max-snippet":"max-snippet:-1","max-image-preview":"max-image-preview:large","max-video-preview":"max-video-preview:-1"},"canonical":"https:\/\/www.ip.gov.py\/ip\/2016\/07\/11\/tribunal-condena-a-los-11-campesinos-por-masacre-de-curuguaty\/","og_locale":"es_ES","og_type":"article","og_title":"Tribunal condena a los 11 campesinos por masacre de Curuguaty - .::Agencia IP::.","og_description":"Asunci\u00f3n, IP.- El Tribunal de Sentencia\u00a0conden\u00f3 este lunes a los 11 campesinos imputados por la Masacre de Curuguaty a penas privativas de libertad de entre 4 a 35 a\u00f1os, por los hechos punibles de homicidio doloso, asociaci\u00f3n criminal e invasi\u00f3n de inmueble ajeno. Rub\u00e9n Villalba recibi\u00f3 la condena m\u00e1s elevada.","og_url":"https:\/\/www.ip.gov.py\/ip\/2016\/07\/11\/tribunal-condena-a-los-11-campesinos-por-masacre-de-curuguaty\/","og_site_name":".::Agencia IP::.","article_publisher":"https:\/\/www.facebook.com\/IPParaguay\/","article_published_time":"2016-07-11T18:07:55+00:00","article_modified_time":"2016-07-11T19:51:29+00:00","og_image":[{"width":806,"height":537,"url":"https:\/\/www.ip.gov.py\/ip\/wp-content\/uploads\/2016\/07\/juicio-oral-curuguaty.jpg","type":"image\/jpeg"}],"author":"Roque Mereles","twitter_card":"summary_large_image","twitter_creator":"@IPParaguay","twitter_site":"@IPParaguay","twitter_misc":{"Escrito por":"Roque Mereles","Tiempo de lectura":"2 minutos"},"schema":{"@context":"https:\/\/schema.org","@graph":[{"@type":"Article","@id":"https:\/\/www.ip.gov.py\/ip\/2016\/07\/11\/tribunal-condena-a-los-11-campesinos-por-masacre-de-curuguaty\/#article","isPartOf":{"@id":"https:\/\/www.ip.gov.py\/ip\/2016\/07\/11\/tribunal-condena-a-los-11-campesinos-por-masacre-de-curuguaty\/"},"author":{"name":"Roque Mereles","@id":"https:\/\/www.ip.gov.py\/ip\/#\/schema\/person\/7ec1ca00d0a9301ecc37fff902ff6741"},"headline":"Tribunal condena a los 11 campesinos por masacre de Curuguaty","datePublished":"2016-07-11T18:07:55+00:00","dateModified":"2016-07-11T19:51:29+00:00","mainEntityOfPage":{"@id":"https:\/\/www.ip.gov.py\/ip\/2016\/07\/11\/tribunal-condena-a-los-11-campesinos-por-masacre-de-curuguaty\/"},"wordCount":337,"publisher":{"@id":"https:\/\/www.ip.gov.py\/ip\/#organization"},"image":{"@id":"https:\/\/www.ip.gov.py\/ip\/2016\/07\/11\/tribunal-condena-a-los-11-campesinos-por-masacre-de-curuguaty\/#primaryimage"},"thumbnailUrl":"https:\/\/www.ip.gov.py\/ip\/wp-content\/uploads\/2016\/07\/juicio-oral-curuguaty.jpg","articleSection":["Pol\u00edtica"],"inLanguage":"es"},{"@type":"WebPage","@id":"https:\/\/www.ip.gov.py\/ip\/2016\/07\/11\/tribunal-condena-a-los-11-campesinos-por-masacre-de-curuguaty\/","url":"https:\/\/www.ip.gov.py\/ip\/2016\/07\/11\/tribunal-condena-a-los-11-campesinos-por-masacre-de-curuguaty\/","name":"Tribunal condena a los 11 campesinos por masacre de Curuguaty - .::Agencia IP::.","isPartOf":{"@id":"https:\/\/www.ip.gov.py\/ip\/#website"},"primaryImageOfPage":{"@id":"https:\/\/www.ip.gov.py\/ip\/2016\/07\/11\/tribunal-condena-a-los-11-campesinos-por-masacre-de-curuguaty\/#primaryimage"},"image":{"@id":"https:\/\/www.ip.gov.py\/ip\/2016\/07\/11\/tribunal-condena-a-los-11-campesinos-por-masacre-de-curuguaty\/#primaryimage"},"thumbnailUrl":"https:\/\/www.ip.gov.py\/ip\/wp-content\/uploads\/2016\/07\/juicio-oral-curuguaty.jpg","datePublished":"2016-07-11T18:07:55+00:00","dateModified":"2016-07-11T19:51:29+00:00","breadcrumb":{"@id":"https:\/\/www.ip.gov.py\/ip\/2016\/07\/11\/tribunal-condena-a-los-11-campesinos-por-masacre-de-curuguaty\/#breadcrumb"},"inLanguage":"es","potentialAction":[{"@type":"ReadAction","target":["https:\/\/www.ip.gov.py\/ip\/2016\/07\/11\/tribunal-condena-a-los-11-campesinos-por-masacre-de-curuguaty\/"]}]},{"@type":"ImageObject","inLanguage":"es","@id":"https:\/\/www.ip.gov.py\/ip\/2016\/07\/11\/tribunal-condena-a-los-11-campesinos-por-masacre-de-curuguaty\/#primaryimage","url":"https:\/\/www.ip.gov.py\/ip\/wp-content\/uploads\/2016\/07\/juicio-oral-curuguaty.jpg","contentUrl":"https:\/\/www.ip.gov.py\/ip\/wp-content\/uploads\/2016\/07\/juicio-oral-curuguaty.jpg","width":806,"height":537},{"@type":"BreadcrumbList","@id":"https:\/\/www.ip.gov.py\/ip\/2016\/07\/11\/tribunal-condena-a-los-11-campesinos-por-masacre-de-curuguaty\/#breadcrumb","itemListElement":[{"@type":"ListItem","position":1,"name":"Portada","item":"https:\/\/www.ip.gov.py\/ip\/"},{"@type":"ListItem","position":2,"name":"Tribunal condena a los 11 campesinos por masacre de Curuguaty"}]},{"@type":"WebSite","@id":"https:\/\/www.ip.gov.py\/ip\/#website","url":"https:\/\/www.ip.gov.py\/ip\/","name":".::Agencia IP::.","description":"","publisher":{"@id":"https:\/\/www.ip.gov.py\/ip\/#organization"},"potentialAction":[{"@type":"SearchAction","target":{"@type":"EntryPoint","urlTemplate":"https:\/\/www.ip.gov.py\/ip\/?s={search_term_string}"},"query-input":{"@type":"PropertyValueSpecification","valueRequired":true,"valueName":"search_term_string"}}],"inLanguage":"es"},{"@type":"Organization","@id":"https:\/\/www.ip.gov.py\/ip\/#organization","name":"Agencia IP","url":"https:\/\/www.ip.gov.py\/ip\/","logo":{"@type":"ImageObject","inLanguage":"es","@id":"https:\/\/www.ip.gov.py\/ip\/#\/schema\/logo\/image\/","url":"https:\/\/www.ip.gov.py\/ip\/wp-content\/uploads\/2018\/01\/Agencia-IP.jpg","contentUrl":"https:\/\/www.ip.gov.py\/ip\/wp-content\/uploads\/2018\/01\/Agencia-IP.jpg","width":150,"height":150,"caption":"Agencia IP"},"image":{"@id":"https:\/\/www.ip.gov.py\/ip\/#\/schema\/logo\/image\/"},"sameAs":["https:\/\/www.facebook.com\/IPParaguay\/","https:\/\/x.com\/IPParaguay","https:\/\/www.instagram.com\/IPParaguay"]},{"@type":"Person","@id":"https:\/\/www.ip.gov.py\/ip\/#\/schema\/person\/7ec1ca00d0a9301ecc37fff902ff6741","name":"Roque Mereles","url":"https:\/\/www.ip.gov.py\/ip\/author\/rmereles\/"}]}},"_links":{"self":[{"href":"https:\/\/www.ip.gov.py\/ip\/wp-json\/wp\/v2\/posts\/107515","targetHints":{"allow":["GET"]}}],"collection":[{"href":"https:\/\/www.ip.gov.py\/ip\/wp-json\/wp\/v2\/posts"}],"about":[{"href":"https:\/\/www.ip.gov.py\/ip\/wp-json\/wp\/v2\/types\/post"}],"author":[{"embeddable":true,"href":"https:\/\/www.ip.gov.py\/ip\/wp-json\/wp\/v2\/users\/2"}],"replies":[{"embeddable":true,"href":"https:\/\/www.ip.gov.py\/ip\/wp-json\/wp\/v2\/comments?post=107515"}],"version-history":[{"count":0,"href":"https:\/\/www.ip.gov.py\/ip\/wp-json\/wp\/v2\/posts\/107515\/revisions"}],"wp:featuredmedia":[{"embeddable":true,"href":"https:\/\/www.ip.gov.py\/ip\/wp-json\/wp\/v2\/media\/107520"}],"wp:attachment":[{"href":"https:\/\/www.ip.gov.py\/ip\/wp-json\/wp\/v2\/media?parent=107515"}],"wp:term":[{"taxonomy":"category","embeddable":true,"href":"https:\/\/www.ip.gov.py\/ip\/wp-json\/wp\/v2\/categories?post=107515"},{"taxonomy":"post_tag","embeddable":true,"href":"https:\/\/www.ip.gov.py\/ip\/wp-json\/wp\/v2\/tags?post=107515"}],"curies":[{"name":"wp","href":"https:\/\/api.w.org\/{rel}","templated":true}]}}