{"id":110130,"date":"2016-07-27T09:51:24","date_gmt":"2016-07-27T13:51:24","guid":{"rendered":"http:\/\/desarrollo.ip.gov.py\/ip\/?p=110130"},"modified":"2016-07-27T09:51:24","modified_gmt":"2016-07-27T13:51:24","slug":"rousseff-y-lula-desisten-de-apertura-olimpica-y-dejan-huerfanos-los-juegos","status":"publish","type":"post","link":"https:\/\/www.ip.gov.py\/ip\/2016\/07\/27\/rousseff-y-lula-desisten-de-apertura-olimpica-y-dejan-huerfanos-los-juegos\/","title":{"rendered":"Rousseff y Lula desisten de apertura ol\u00edmpica y dejan \u00abhu\u00e9rfanos\u00bb los Juegos"},"content":{"rendered":"<p><em><strong>Brasilia.-<\/strong><\/em> La presidenta de Brasil, Dilma Rousseff, suspendida de sus funciones por un juicio de destituci\u00f3n, as\u00ed como su antecesor, Luiz In\u00e1cio Lula da Silva, han declinado la invitaci\u00f3n a participar en la apertura de los Juegos Ol\u00edmpicos de R\u00edo 2016.<!--more--><\/p>\n<p>El anuncio lo han hecho las oficinas de prensa de ambos, que dejan \u00abhu\u00e9rfana\u00bb la inauguraci\u00f3n de la Olimpiada, al menos seg\u00fan una interpretaci\u00f3n de Rousseff en torno a la \u00abmaternidad\u00bb y \u00abpaternidad\u00bb de la gran cita deportiva del planeta en R\u00edo de Janeiro.<\/p>\n<p>\u00abMe siento madre de estas Olimp\u00edadas\u00bb, declar\u00f3 Rousseff en una reciente entrevista, en la que apunt\u00f3 que Lula, su padrino pol\u00edtico y promotor de la candidatura de R\u00edo, \u00abes el padre\u00bb de los Juegos.<\/p>\n<p>Ambos fueron invitados por el Comit\u00e9 Ol\u00edmpico Internacional (COI) a participar en la apertura del evento el 5 de agosto en el estadio Maracan\u00e1, a la que el presidente interino, Michel Temer, acudir\u00e1 en representaci\u00f3n del Gobierno brasile\u00f1o.<\/p>\n<p>Temer sustituye a Rousseff desde el pasado 12 de mayo, cuando se instaur\u00f3 el juicio pol\u00edtico que la suspendi\u00f3 de sus funciones, y est\u00e1 enemistado con la gobernante procesada y con Lula, que le acusan de haber orquestado \u00abun golpe\u00bb y una \u00abruptura democr\u00e1tica\u00bb.<\/p>\n<p>Fuentes del Partido de los Trabajadores (PT), al que pertenecen Rousseff y Lula, explicaron hoy a Efe que la decisi\u00f3n de ambos de no estar presentes en la inauguraci\u00f3n de la cita ol\u00edmpica responde, entre otras razones, a que \u00abno hay clima pol\u00edtico\u00bb para ello.<\/p>\n<p>Previamente lo hab\u00eda adelantado de alguna manera la propia Rousseff en una entrevista que concedi\u00f3 este fin de semana, en la que dijo que no participar\u00eda en ese evento \u00aben una posici\u00f3n secundaria\u00bb, en franca alusi\u00f3n a que el Gobierno ser\u00e1 representado por Temer.<\/p>\n<p>En esas declaraciones, difundidas por Radio France Internacionale, Rousseff insisti\u00f3 en que la celebraci\u00f3n de los Juegos Ol\u00edmpicos de R\u00edo \u00abfue fruto del gran trabajo\u00bb de Lula y en que \u00abtodos los preparativos\u00bb estuvieron a cargo de su Gobierno. EFE<\/p>\n","protected":false},"excerpt":{"rendered":"<p>Brasilia.- La presidenta de Brasil, Dilma Rousseff, suspendida de sus funciones por un juicio de destituci\u00f3n, as\u00ed como su antecesor, Luiz In\u00e1cio Lula da Silva, han declinado la invitaci\u00f3n a participar en la apertura de los Juegos Ol\u00edmpicos de R\u00edo 2016.<\/p>\n","protected":false},"author":11,"featured_media":110132,"comment_status":"closed","ping_status":"closed","sticky":false,"template":"","format":"standard","meta":{"_monsterinsights_skip_tracking":false,"_monsterinsights_sitenote_active":false,"_monsterinsights_sitenote_note":"","_monsterinsights_sitenote_category":0,"footnotes":""},"categories":[5],"tags":[],"class_list":{"0":"post-110130","1":"post","2":"type-post","3":"status-publish","4":"format-standard","5":"has-post-thumbnail","7":"category-internacionales"},"yoast_head":"<!-- This site is optimized with the Yoast SEO plugin v27.5 - https:\/\/yoast.com\/product\/yoast-seo-wordpress\/ -->\n<title>Rousseff y Lula desisten de apertura ol\u00edmpica y dejan &quot;hu\u00e9rfanos&quot; los Juegos - .::Agencia IP::.<\/title>\n<meta name=\"robots\" content=\"index, follow, max-snippet:-1, max-image-preview:large, max-video-preview:-1\" \/>\n<link rel=\"canonical\" href=\"https:\/\/www.ip.gov.py\/ip\/2016\/07\/27\/rousseff-y-lula-desisten-de-apertura-olimpica-y-dejan-huerfanos-los-juegos\/\" \/>\n<meta property=\"og:locale\" content=\"es_ES\" \/>\n<meta property=\"og:type\" content=\"article\" \/>\n<meta property=\"og:title\" content=\"Rousseff y Lula desisten de apertura ol\u00edmpica y dejan &quot;hu\u00e9rfanos&quot; los Juegos - .::Agencia IP::.\" \/>\n<meta property=\"og:description\" content=\"Brasilia.- La presidenta de Brasil, Dilma Rousseff, suspendida de sus funciones por un juicio de destituci\u00f3n, as\u00ed como su antecesor, Luiz In\u00e1cio Lula da Silva, han declinado la invitaci\u00f3n a participar en la apertura de los Juegos Ol\u00edmpicos de R\u00edo 2016.\" \/>\n<meta property=\"og:url\" content=\"https:\/\/www.ip.gov.py\/ip\/2016\/07\/27\/rousseff-y-lula-desisten-de-apertura-olimpica-y-dejan-huerfanos-los-juegos\/\" \/>\n<meta property=\"og:site_name\" content=\".::Agencia IP::.\" \/>\n<meta property=\"article:publisher\" content=\"https:\/\/www.facebook.com\/IPParaguay\/\" \/>\n<meta property=\"article:published_time\" content=\"2016-07-27T13:51:24+00:00\" \/>\n<meta property=\"og:image\" content=\"https:\/\/www.ip.gov.py\/ip\/wp-content\/uploads\/2016\/07\/Brasil-10.jpg\" \/>\n\t<meta property=\"og:image:width\" content=\"610\" \/>\n\t<meta property=\"og:image:height\" content=\"372\" \/>\n\t<meta property=\"og:image:type\" content=\"image\/jpeg\" \/>\n<meta name=\"author\" content=\"vrios\" \/>\n<meta name=\"twitter:card\" content=\"summary_large_image\" \/>\n<meta name=\"twitter:creator\" content=\"@IPParaguay\" \/>\n<meta name=\"twitter:site\" content=\"@IPParaguay\" \/>\n<meta name=\"twitter:label1\" content=\"Escrito por\" \/>\n\t<meta name=\"twitter:data1\" content=\"vrios\" \/>\n\t<meta name=\"twitter:label2\" content=\"Tiempo de lectura\" \/>\n\t<meta name=\"twitter:data2\" content=\"2 minutos\" \/>\n<script type=\"application\/ld+json\" class=\"yoast-schema-graph\">{\"@context\":\"https:\\\/\\\/schema.org\",\"@graph\":[{\"@type\":\"Article\",\"@id\":\"https:\\\/\\\/www.ip.gov.py\\\/ip\\\/2016\\\/07\\\/27\\\/rousseff-y-lula-desisten-de-apertura-olimpica-y-dejan-huerfanos-los-juegos\\\/#article\",\"isPartOf\":{\"@id\":\"https:\\\/\\\/www.ip.gov.py\\\/ip\\\/2016\\\/07\\\/27\\\/rousseff-y-lula-desisten-de-apertura-olimpica-y-dejan-huerfanos-los-juegos\\\/\"},\"author\":{\"name\":\"vrios\",\"@id\":\"https:\\\/\\\/www.ip.gov.py\\\/ip\\\/#\\\/schema\\\/person\\\/fa3668852e893cb0423795330f919039\"},\"headline\":\"Rousseff y Lula desisten de apertura ol\u00edmpica y dejan \u00abhu\u00e9rfanos\u00bb los Juegos\",\"datePublished\":\"2016-07-27T13:51:24+00:00\",\"mainEntityOfPage\":{\"@id\":\"https:\\\/\\\/www.ip.gov.py\\\/ip\\\/2016\\\/07\\\/27\\\/rousseff-y-lula-desisten-de-apertura-olimpica-y-dejan-huerfanos-los-juegos\\\/\"},\"wordCount\":371,\"publisher\":{\"@id\":\"https:\\\/\\\/www.ip.gov.py\\\/ip\\\/#organization\"},\"image\":{\"@id\":\"https:\\\/\\\/www.ip.gov.py\\\/ip\\\/2016\\\/07\\\/27\\\/rousseff-y-lula-desisten-de-apertura-olimpica-y-dejan-huerfanos-los-juegos\\\/#primaryimage\"},\"thumbnailUrl\":\"https:\\\/\\\/www.ip.gov.py\\\/ip\\\/wp-content\\\/uploads\\\/2016\\\/07\\\/Brasil-10.jpg\",\"articleSection\":[\"Internacionales\"],\"inLanguage\":\"es\"},{\"@type\":\"WebPage\",\"@id\":\"https:\\\/\\\/www.ip.gov.py\\\/ip\\\/2016\\\/07\\\/27\\\/rousseff-y-lula-desisten-de-apertura-olimpica-y-dejan-huerfanos-los-juegos\\\/\",\"url\":\"https:\\\/\\\/www.ip.gov.py\\\/ip\\\/2016\\\/07\\\/27\\\/rousseff-y-lula-desisten-de-apertura-olimpica-y-dejan-huerfanos-los-juegos\\\/\",\"name\":\"Rousseff y Lula desisten de apertura ol\u00edmpica y dejan \\\"hu\u00e9rfanos\\\" los Juegos - .::Agencia IP::.\",\"isPartOf\":{\"@id\":\"https:\\\/\\\/www.ip.gov.py\\\/ip\\\/#website\"},\"primaryImageOfPage\":{\"@id\":\"https:\\\/\\\/www.ip.gov.py\\\/ip\\\/2016\\\/07\\\/27\\\/rousseff-y-lula-desisten-de-apertura-olimpica-y-dejan-huerfanos-los-juegos\\\/#primaryimage\"},\"image\":{\"@id\":\"https:\\\/\\\/www.ip.gov.py\\\/ip\\\/2016\\\/07\\\/27\\\/rousseff-y-lula-desisten-de-apertura-olimpica-y-dejan-huerfanos-los-juegos\\\/#primaryimage\"},\"thumbnailUrl\":\"https:\\\/\\\/www.ip.gov.py\\\/ip\\\/wp-content\\\/uploads\\\/2016\\\/07\\\/Brasil-10.jpg\",\"datePublished\":\"2016-07-27T13:51:24+00:00\",\"breadcrumb\":{\"@id\":\"https:\\\/\\\/www.ip.gov.py\\\/ip\\\/2016\\\/07\\\/27\\\/rousseff-y-lula-desisten-de-apertura-olimpica-y-dejan-huerfanos-los-juegos\\\/#breadcrumb\"},\"inLanguage\":\"es\",\"potentialAction\":[{\"@type\":\"ReadAction\",\"target\":[\"https:\\\/\\\/www.ip.gov.py\\\/ip\\\/2016\\\/07\\\/27\\\/rousseff-y-lula-desisten-de-apertura-olimpica-y-dejan-huerfanos-los-juegos\\\/\"]}]},{\"@type\":\"ImageObject\",\"inLanguage\":\"es\",\"@id\":\"https:\\\/\\\/www.ip.gov.py\\\/ip\\\/2016\\\/07\\\/27\\\/rousseff-y-lula-desisten-de-apertura-olimpica-y-dejan-huerfanos-los-juegos\\\/#primaryimage\",\"url\":\"https:\\\/\\\/www.ip.gov.py\\\/ip\\\/wp-content\\\/uploads\\\/2016\\\/07\\\/Brasil-10.jpg\",\"contentUrl\":\"https:\\\/\\\/www.ip.gov.py\\\/ip\\\/wp-content\\\/uploads\\\/2016\\\/07\\\/Brasil-10.jpg\",\"width\":610,\"height\":372,\"caption\":\"diariocorreo.pe\"},{\"@type\":\"BreadcrumbList\",\"@id\":\"https:\\\/\\\/www.ip.gov.py\\\/ip\\\/2016\\\/07\\\/27\\\/rousseff-y-lula-desisten-de-apertura-olimpica-y-dejan-huerfanos-los-juegos\\\/#breadcrumb\",\"itemListElement\":[{\"@type\":\"ListItem\",\"position\":1,\"name\":\"Portada\",\"item\":\"https:\\\/\\\/www.ip.gov.py\\\/ip\\\/\"},{\"@type\":\"ListItem\",\"position\":2,\"name\":\"Rousseff y Lula desisten de apertura ol\u00edmpica y dejan \u00abhu\u00e9rfanos\u00bb los Juegos\"}]},{\"@type\":\"WebSite\",\"@id\":\"https:\\\/\\\/www.ip.gov.py\\\/ip\\\/#website\",\"url\":\"https:\\\/\\\/www.ip.gov.py\\\/ip\\\/\",\"name\":\".::Agencia IP::.\",\"description\":\"\",\"publisher\":{\"@id\":\"https:\\\/\\\/www.ip.gov.py\\\/ip\\\/#organization\"},\"potentialAction\":[{\"@type\":\"SearchAction\",\"target\":{\"@type\":\"EntryPoint\",\"urlTemplate\":\"https:\\\/\\\/www.ip.gov.py\\\/ip\\\/?s={search_term_string}\"},\"query-input\":{\"@type\":\"PropertyValueSpecification\",\"valueRequired\":true,\"valueName\":\"search_term_string\"}}],\"inLanguage\":\"es\"},{\"@type\":\"Organization\",\"@id\":\"https:\\\/\\\/www.ip.gov.py\\\/ip\\\/#organization\",\"name\":\"Agencia IP\",\"url\":\"https:\\\/\\\/www.ip.gov.py\\\/ip\\\/\",\"logo\":{\"@type\":\"ImageObject\",\"inLanguage\":\"es\",\"@id\":\"https:\\\/\\\/www.ip.gov.py\\\/ip\\\/#\\\/schema\\\/logo\\\/image\\\/\",\"url\":\"https:\\\/\\\/www.ip.gov.py\\\/ip\\\/wp-content\\\/uploads\\\/2018\\\/01\\\/Agencia-IP.jpg\",\"contentUrl\":\"https:\\\/\\\/www.ip.gov.py\\\/ip\\\/wp-content\\\/uploads\\\/2018\\\/01\\\/Agencia-IP.jpg\",\"width\":150,\"height\":150,\"caption\":\"Agencia IP\"},\"image\":{\"@id\":\"https:\\\/\\\/www.ip.gov.py\\\/ip\\\/#\\\/schema\\\/logo\\\/image\\\/\"},\"sameAs\":[\"https:\\\/\\\/www.facebook.com\\\/IPParaguay\\\/\",\"https:\\\/\\\/x.com\\\/IPParaguay\",\"https:\\\/\\\/www.instagram.com\\\/IPParaguay\"]},{\"@type\":\"Person\",\"@id\":\"https:\\\/\\\/www.ip.gov.py\\\/ip\\\/#\\\/schema\\\/person\\\/fa3668852e893cb0423795330f919039\",\"name\":\"vrios\",\"url\":\"https:\\\/\\\/www.ip.gov.py\\\/ip\\\/author\\\/vrios\\\/\"}]}<\/script>\n<!-- \/ Yoast SEO plugin. -->","yoast_head_json":{"title":"Rousseff y Lula desisten de apertura ol\u00edmpica y dejan \"hu\u00e9rfanos\" los Juegos - .::Agencia IP::.","robots":{"index":"index","follow":"follow","max-snippet":"max-snippet:-1","max-image-preview":"max-image-preview:large","max-video-preview":"max-video-preview:-1"},"canonical":"https:\/\/www.ip.gov.py\/ip\/2016\/07\/27\/rousseff-y-lula-desisten-de-apertura-olimpica-y-dejan-huerfanos-los-juegos\/","og_locale":"es_ES","og_type":"article","og_title":"Rousseff y Lula desisten de apertura ol\u00edmpica y dejan \"hu\u00e9rfanos\" los Juegos - .::Agencia IP::.","og_description":"Brasilia.- La presidenta de Brasil, Dilma Rousseff, suspendida de sus funciones por un juicio de destituci\u00f3n, as\u00ed como su antecesor, Luiz In\u00e1cio Lula da Silva, han declinado la invitaci\u00f3n a participar en la apertura de los Juegos Ol\u00edmpicos de R\u00edo 2016.","og_url":"https:\/\/www.ip.gov.py\/ip\/2016\/07\/27\/rousseff-y-lula-desisten-de-apertura-olimpica-y-dejan-huerfanos-los-juegos\/","og_site_name":".::Agencia IP::.","article_publisher":"https:\/\/www.facebook.com\/IPParaguay\/","article_published_time":"2016-07-27T13:51:24+00:00","og_image":[{"width":610,"height":372,"url":"https:\/\/www.ip.gov.py\/ip\/wp-content\/uploads\/2016\/07\/Brasil-10.jpg","type":"image\/jpeg"}],"author":"vrios","twitter_card":"summary_large_image","twitter_creator":"@IPParaguay","twitter_site":"@IPParaguay","twitter_misc":{"Escrito por":"vrios","Tiempo de lectura":"2 minutos"},"schema":{"@context":"https:\/\/schema.org","@graph":[{"@type":"Article","@id":"https:\/\/www.ip.gov.py\/ip\/2016\/07\/27\/rousseff-y-lula-desisten-de-apertura-olimpica-y-dejan-huerfanos-los-juegos\/#article","isPartOf":{"@id":"https:\/\/www.ip.gov.py\/ip\/2016\/07\/27\/rousseff-y-lula-desisten-de-apertura-olimpica-y-dejan-huerfanos-los-juegos\/"},"author":{"name":"vrios","@id":"https:\/\/www.ip.gov.py\/ip\/#\/schema\/person\/fa3668852e893cb0423795330f919039"},"headline":"Rousseff y Lula desisten de apertura ol\u00edmpica y dejan \u00abhu\u00e9rfanos\u00bb los Juegos","datePublished":"2016-07-27T13:51:24+00:00","mainEntityOfPage":{"@id":"https:\/\/www.ip.gov.py\/ip\/2016\/07\/27\/rousseff-y-lula-desisten-de-apertura-olimpica-y-dejan-huerfanos-los-juegos\/"},"wordCount":371,"publisher":{"@id":"https:\/\/www.ip.gov.py\/ip\/#organization"},"image":{"@id":"https:\/\/www.ip.gov.py\/ip\/2016\/07\/27\/rousseff-y-lula-desisten-de-apertura-olimpica-y-dejan-huerfanos-los-juegos\/#primaryimage"},"thumbnailUrl":"https:\/\/www.ip.gov.py\/ip\/wp-content\/uploads\/2016\/07\/Brasil-10.jpg","articleSection":["Internacionales"],"inLanguage":"es"},{"@type":"WebPage","@id":"https:\/\/www.ip.gov.py\/ip\/2016\/07\/27\/rousseff-y-lula-desisten-de-apertura-olimpica-y-dejan-huerfanos-los-juegos\/","url":"https:\/\/www.ip.gov.py\/ip\/2016\/07\/27\/rousseff-y-lula-desisten-de-apertura-olimpica-y-dejan-huerfanos-los-juegos\/","name":"Rousseff y Lula desisten de apertura ol\u00edmpica y dejan \"hu\u00e9rfanos\" los Juegos - .::Agencia IP::.","isPartOf":{"@id":"https:\/\/www.ip.gov.py\/ip\/#website"},"primaryImageOfPage":{"@id":"https:\/\/www.ip.gov.py\/ip\/2016\/07\/27\/rousseff-y-lula-desisten-de-apertura-olimpica-y-dejan-huerfanos-los-juegos\/#primaryimage"},"image":{"@id":"https:\/\/www.ip.gov.py\/ip\/2016\/07\/27\/rousseff-y-lula-desisten-de-apertura-olimpica-y-dejan-huerfanos-los-juegos\/#primaryimage"},"thumbnailUrl":"https:\/\/www.ip.gov.py\/ip\/wp-content\/uploads\/2016\/07\/Brasil-10.jpg","datePublished":"2016-07-27T13:51:24+00:00","breadcrumb":{"@id":"https:\/\/www.ip.gov.py\/ip\/2016\/07\/27\/rousseff-y-lula-desisten-de-apertura-olimpica-y-dejan-huerfanos-los-juegos\/#breadcrumb"},"inLanguage":"es","potentialAction":[{"@type":"ReadAction","target":["https:\/\/www.ip.gov.py\/ip\/2016\/07\/27\/rousseff-y-lula-desisten-de-apertura-olimpica-y-dejan-huerfanos-los-juegos\/"]}]},{"@type":"ImageObject","inLanguage":"es","@id":"https:\/\/www.ip.gov.py\/ip\/2016\/07\/27\/rousseff-y-lula-desisten-de-apertura-olimpica-y-dejan-huerfanos-los-juegos\/#primaryimage","url":"https:\/\/www.ip.gov.py\/ip\/wp-content\/uploads\/2016\/07\/Brasil-10.jpg","contentUrl":"https:\/\/www.ip.gov.py\/ip\/wp-content\/uploads\/2016\/07\/Brasil-10.jpg","width":610,"height":372,"caption":"diariocorreo.pe"},{"@type":"BreadcrumbList","@id":"https:\/\/www.ip.gov.py\/ip\/2016\/07\/27\/rousseff-y-lula-desisten-de-apertura-olimpica-y-dejan-huerfanos-los-juegos\/#breadcrumb","itemListElement":[{"@type":"ListItem","position":1,"name":"Portada","item":"https:\/\/www.ip.gov.py\/ip\/"},{"@type":"ListItem","position":2,"name":"Rousseff y Lula desisten de apertura ol\u00edmpica y dejan \u00abhu\u00e9rfanos\u00bb los Juegos"}]},{"@type":"WebSite","@id":"https:\/\/www.ip.gov.py\/ip\/#website","url":"https:\/\/www.ip.gov.py\/ip\/","name":".::Agencia IP::.","description":"","publisher":{"@id":"https:\/\/www.ip.gov.py\/ip\/#organization"},"potentialAction":[{"@type":"SearchAction","target":{"@type":"EntryPoint","urlTemplate":"https:\/\/www.ip.gov.py\/ip\/?s={search_term_string}"},"query-input":{"@type":"PropertyValueSpecification","valueRequired":true,"valueName":"search_term_string"}}],"inLanguage":"es"},{"@type":"Organization","@id":"https:\/\/www.ip.gov.py\/ip\/#organization","name":"Agencia IP","url":"https:\/\/www.ip.gov.py\/ip\/","logo":{"@type":"ImageObject","inLanguage":"es","@id":"https:\/\/www.ip.gov.py\/ip\/#\/schema\/logo\/image\/","url":"https:\/\/www.ip.gov.py\/ip\/wp-content\/uploads\/2018\/01\/Agencia-IP.jpg","contentUrl":"https:\/\/www.ip.gov.py\/ip\/wp-content\/uploads\/2018\/01\/Agencia-IP.jpg","width":150,"height":150,"caption":"Agencia IP"},"image":{"@id":"https:\/\/www.ip.gov.py\/ip\/#\/schema\/logo\/image\/"},"sameAs":["https:\/\/www.facebook.com\/IPParaguay\/","https:\/\/x.com\/IPParaguay","https:\/\/www.instagram.com\/IPParaguay"]},{"@type":"Person","@id":"https:\/\/www.ip.gov.py\/ip\/#\/schema\/person\/fa3668852e893cb0423795330f919039","name":"vrios","url":"https:\/\/www.ip.gov.py\/ip\/author\/vrios\/"}]}},"_links":{"self":[{"href":"https:\/\/www.ip.gov.py\/ip\/wp-json\/wp\/v2\/posts\/110130","targetHints":{"allow":["GET"]}}],"collection":[{"href":"https:\/\/www.ip.gov.py\/ip\/wp-json\/wp\/v2\/posts"}],"about":[{"href":"https:\/\/www.ip.gov.py\/ip\/wp-json\/wp\/v2\/types\/post"}],"author":[{"embeddable":true,"href":"https:\/\/www.ip.gov.py\/ip\/wp-json\/wp\/v2\/users\/11"}],"replies":[{"embeddable":true,"href":"https:\/\/www.ip.gov.py\/ip\/wp-json\/wp\/v2\/comments?post=110130"}],"version-history":[{"count":0,"href":"https:\/\/www.ip.gov.py\/ip\/wp-json\/wp\/v2\/posts\/110130\/revisions"}],"wp:featuredmedia":[{"embeddable":true,"href":"https:\/\/www.ip.gov.py\/ip\/wp-json\/wp\/v2\/media\/110132"}],"wp:attachment":[{"href":"https:\/\/www.ip.gov.py\/ip\/wp-json\/wp\/v2\/media?parent=110130"}],"wp:term":[{"taxonomy":"category","embeddable":true,"href":"https:\/\/www.ip.gov.py\/ip\/wp-json\/wp\/v2\/categories?post=110130"},{"taxonomy":"post_tag","embeddable":true,"href":"https:\/\/www.ip.gov.py\/ip\/wp-json\/wp\/v2\/tags?post=110130"}],"curies":[{"name":"wp","href":"https:\/\/api.w.org\/{rel}","templated":true}]}}