{"id":113219,"date":"2016-08-16T07:50:02","date_gmt":"2016-08-16T11:50:02","guid":{"rendered":"http:\/\/desarrollo.ip.gov.py\/ip\/?p=113219"},"modified":"2016-08-16T07:54:38","modified_gmt":"2016-08-16T11:54:38","slug":"asamblea-iberoamericana-de-catastro-del-2017-se-realizara-en-paraguay","status":"publish","type":"post","link":"https:\/\/www.ip.gov.py\/ip\/2016\/08\/16\/asamblea-iberoamericana-de-catastro-del-2017-se-realizara-en-paraguay\/","title":{"rendered":"Asamblea Iberoamericana de Catastro del 2017 se realizara en Paraguay"},"content":{"rendered":"<p style=\"text-align: justify;\"><strong>Asunci\u00f3n, IP.-<\/strong>El Paraguay \u00a0ser\u00e1 sede de la Asamblea del Comit\u00e9 Permanente sobre Catastro en Iberoam\u00e9rica (CPCI) en el 2017. A pedido de la delegaci\u00f3n nacional, \u00a0el comit\u00e9 catastral internacional \u00a0 ha dado su voto de confianza para la realizaci\u00f3n de la mencionada asamblea el pr\u00f3ximo a\u00f1o en tierras paraguayas. En forma un\u00e1nime la Asamblea del Comit\u00e9 celebrada este a\u00f1o en la Ciudad de Medell\u00edn, \u00a0Colombia, dio su visto bueno. \u00a0Este logro permitir\u00e1 colocar al Catastro nacional en la vitrina del mundo y significar\u00e1 una revoluci\u00f3n en materia de transformaci\u00f3n y modernizaci\u00f3n.<\/p>\n<p style=\"text-align: justify;\"><!--more--><\/p>\n<p style=\"text-align: justify;\">Como principal argumento de esta decisi\u00f3n, los delegados iberoamericanos se\u00f1alaron su inter\u00e9s por conocer la realidad paraguaya, atendiendo las noticias internacionales que hablan sobre la estabilidad y el crecimiento que caracteriza a la naci\u00f3n.<\/p>\n<p style=\"text-align: justify;\">El evento implicar\u00e1 la participaci\u00f3n de aproximadamente 65 acad\u00e9micos e investigadores de organismos internacionales y de 300 personas a nivel nacional. En los tres primeros d\u00edas de la Asamblea se llevar\u00e1 adelante un Simposio Internacional, donde se expondr\u00e1n la realidad de los Catastros de Iberoam\u00e9rica y los \u00faltimos avances en el \u00e1mbito catastral y otras disciplinadas vinculadas con esta importante herramienta orientada a brindad seguridad jur\u00eddica de los bines inmuebles.<\/p>\n<p style=\"text-align: justify;\">La administraci\u00f3n actual del Ministerio de Hacienda viene realizando un gran trabajo de tal manera que el Catastro ponga al ciudadano en el centro de la Misi\u00f3n institucional. En funci\u00f3n a lograr este objetivo, se viene trabajando en el fortalecimiento de la Pol\u00edtica Catastral que incluye la modernizaci\u00f3n, la transparencia, la profesionalizaci\u00f3n del capital humano catastral y la cooperaci\u00f3n con los municipios del pa\u00eds.<\/p>\n<p style=\"text-align: justify;\">El Comit\u00e9 Permanente sobre el Catastro de Iberoam\u00e9rica es un foro que agrupa a las instituciones p\u00fablicas de 20 pa\u00edses del Sistema Iberoamericano (Latinoam\u00e9rica, Espa\u00f1a y Portugal), que tienen a su cargo las funciones catastrales en Iberoam\u00e9rica y representa un v\u00ednculo privilegiado entre las organizaciones p\u00fablicas catastrales, las universidades, los centros de investigaci\u00f3n y los organismos internacionales. Tambi\u00e9n participan de las reuniones representantes de Corea del Sur y del Catastro de Holanda.<\/p>\n","protected":false},"excerpt":{"rendered":"<p>Asunci\u00f3n, IP.-El Paraguay \u00a0ser\u00e1 sede de la Asamblea del Comit\u00e9 Permanente sobre Catastro en Iberoam\u00e9rica (CPCI) en el 2017. A pedido de la delegaci\u00f3n nacional, \u00a0el comit\u00e9 catastral internacional \u00a0 ha dado su voto de confianza para la realizaci\u00f3n de la mencionada asamblea el pr\u00f3ximo a\u00f1o en tierras paraguayas. En forma un\u00e1nime la Asamblea del [&hellip;]<\/p>\n","protected":false},"author":21,"featured_media":113221,"comment_status":"closed","ping_status":"closed","sticky":false,"template":"","format":"standard","meta":{"_monsterinsights_skip_tracking":false,"_monsterinsights_sitenote_active":false,"_monsterinsights_sitenote_note":"","_monsterinsights_sitenote_category":0,"footnotes":""},"categories":[2],"tags":[],"class_list":{"0":"post-113219","1":"post","2":"type-post","3":"status-publish","4":"format-standard","5":"has-post-thumbnail","7":"category-destacado"},"yoast_head":"<!-- This site is optimized with the Yoast SEO plugin v27.5 - https:\/\/yoast.com\/product\/yoast-seo-wordpress\/ -->\n<title>Asamblea Iberoamericana de Catastro del 2017 se realizara en Paraguay - .::Agencia IP::.<\/title>\n<meta name=\"robots\" content=\"index, follow, max-snippet:-1, max-image-preview:large, max-video-preview:-1\" \/>\n<link rel=\"canonical\" href=\"https:\/\/www.ip.gov.py\/ip\/2016\/08\/16\/asamblea-iberoamericana-de-catastro-del-2017-se-realizara-en-paraguay\/\" \/>\n<meta property=\"og:locale\" content=\"es_ES\" \/>\n<meta property=\"og:type\" content=\"article\" \/>\n<meta property=\"og:title\" content=\"Asamblea Iberoamericana de Catastro del 2017 se realizara en Paraguay - .::Agencia IP::.\" \/>\n<meta property=\"og:description\" content=\"Asunci\u00f3n, IP.-El Paraguay \u00a0ser\u00e1 sede de la Asamblea del Comit\u00e9 Permanente sobre Catastro en Iberoam\u00e9rica (CPCI) en el 2017. A pedido de la delegaci\u00f3n nacional, \u00a0el comit\u00e9 catastral internacional \u00a0 ha dado su voto de confianza para la realizaci\u00f3n de la mencionada asamblea el pr\u00f3ximo a\u00f1o en tierras paraguayas. En forma un\u00e1nime la Asamblea del [&hellip;]\" \/>\n<meta property=\"og:url\" content=\"https:\/\/www.ip.gov.py\/ip\/2016\/08\/16\/asamblea-iberoamericana-de-catastro-del-2017-se-realizara-en-paraguay\/\" \/>\n<meta property=\"og:site_name\" content=\".::Agencia IP::.\" \/>\n<meta property=\"article:publisher\" content=\"https:\/\/www.facebook.com\/IPParaguay\/\" \/>\n<meta property=\"article:published_time\" content=\"2016-08-16T11:50:02+00:00\" \/>\n<meta property=\"article:modified_time\" content=\"2016-08-16T11:54:38+00:00\" \/>\n<meta property=\"og:image\" content=\"https:\/\/www.ip.gov.py\/ip\/wp-content\/uploads\/2016\/08\/descarga-1.png\" \/>\n\t<meta property=\"og:image:width\" content=\"247\" \/>\n\t<meta property=\"og:image:height\" content=\"204\" \/>\n\t<meta property=\"og:image:type\" content=\"image\/png\" \/>\n<meta name=\"author\" content=\"Roberto P\u00e9rez\" \/>\n<meta name=\"twitter:card\" content=\"summary_large_image\" \/>\n<meta name=\"twitter:creator\" content=\"@IPParaguay\" \/>\n<meta name=\"twitter:site\" content=\"@IPParaguay\" \/>\n<meta name=\"twitter:label1\" content=\"Escrito por\" \/>\n\t<meta name=\"twitter:data1\" content=\"Roberto P\u00e9rez\" \/>\n\t<meta name=\"twitter:label2\" content=\"Tiempo de lectura\" \/>\n\t<meta name=\"twitter:data2\" content=\"2 minutos\" \/>\n<script type=\"application\/ld+json\" class=\"yoast-schema-graph\">{\"@context\":\"https:\\\/\\\/schema.org\",\"@graph\":[{\"@type\":\"Article\",\"@id\":\"https:\\\/\\\/www.ip.gov.py\\\/ip\\\/2016\\\/08\\\/16\\\/asamblea-iberoamericana-de-catastro-del-2017-se-realizara-en-paraguay\\\/#article\",\"isPartOf\":{\"@id\":\"https:\\\/\\\/www.ip.gov.py\\\/ip\\\/2016\\\/08\\\/16\\\/asamblea-iberoamericana-de-catastro-del-2017-se-realizara-en-paraguay\\\/\"},\"author\":{\"name\":\"Roberto P\u00e9rez\",\"@id\":\"https:\\\/\\\/www.ip.gov.py\\\/ip\\\/#\\\/schema\\\/person\\\/a5980c1e798e865be96d95a7fd7e4893\"},\"headline\":\"Asamblea Iberoamericana de Catastro del 2017 se realizara en Paraguay\",\"datePublished\":\"2016-08-16T11:50:02+00:00\",\"dateModified\":\"2016-08-16T11:54:38+00:00\",\"mainEntityOfPage\":{\"@id\":\"https:\\\/\\\/www.ip.gov.py\\\/ip\\\/2016\\\/08\\\/16\\\/asamblea-iberoamericana-de-catastro-del-2017-se-realizara-en-paraguay\\\/\"},\"wordCount\":376,\"publisher\":{\"@id\":\"https:\\\/\\\/www.ip.gov.py\\\/ip\\\/#organization\"},\"image\":{\"@id\":\"https:\\\/\\\/www.ip.gov.py\\\/ip\\\/2016\\\/08\\\/16\\\/asamblea-iberoamericana-de-catastro-del-2017-se-realizara-en-paraguay\\\/#primaryimage\"},\"thumbnailUrl\":\"https:\\\/\\\/www.ip.gov.py\\\/ip\\\/wp-content\\\/uploads\\\/2016\\\/08\\\/descarga-1.png\",\"articleSection\":[\"Destacado\"],\"inLanguage\":\"es\"},{\"@type\":\"WebPage\",\"@id\":\"https:\\\/\\\/www.ip.gov.py\\\/ip\\\/2016\\\/08\\\/16\\\/asamblea-iberoamericana-de-catastro-del-2017-se-realizara-en-paraguay\\\/\",\"url\":\"https:\\\/\\\/www.ip.gov.py\\\/ip\\\/2016\\\/08\\\/16\\\/asamblea-iberoamericana-de-catastro-del-2017-se-realizara-en-paraguay\\\/\",\"name\":\"Asamblea Iberoamericana de Catastro del 2017 se realizara en Paraguay - .::Agencia IP::.\",\"isPartOf\":{\"@id\":\"https:\\\/\\\/www.ip.gov.py\\\/ip\\\/#website\"},\"primaryImageOfPage\":{\"@id\":\"https:\\\/\\\/www.ip.gov.py\\\/ip\\\/2016\\\/08\\\/16\\\/asamblea-iberoamericana-de-catastro-del-2017-se-realizara-en-paraguay\\\/#primaryimage\"},\"image\":{\"@id\":\"https:\\\/\\\/www.ip.gov.py\\\/ip\\\/2016\\\/08\\\/16\\\/asamblea-iberoamericana-de-catastro-del-2017-se-realizara-en-paraguay\\\/#primaryimage\"},\"thumbnailUrl\":\"https:\\\/\\\/www.ip.gov.py\\\/ip\\\/wp-content\\\/uploads\\\/2016\\\/08\\\/descarga-1.png\",\"datePublished\":\"2016-08-16T11:50:02+00:00\",\"dateModified\":\"2016-08-16T11:54:38+00:00\",\"breadcrumb\":{\"@id\":\"https:\\\/\\\/www.ip.gov.py\\\/ip\\\/2016\\\/08\\\/16\\\/asamblea-iberoamericana-de-catastro-del-2017-se-realizara-en-paraguay\\\/#breadcrumb\"},\"inLanguage\":\"es\",\"potentialAction\":[{\"@type\":\"ReadAction\",\"target\":[\"https:\\\/\\\/www.ip.gov.py\\\/ip\\\/2016\\\/08\\\/16\\\/asamblea-iberoamericana-de-catastro-del-2017-se-realizara-en-paraguay\\\/\"]}]},{\"@type\":\"ImageObject\",\"inLanguage\":\"es\",\"@id\":\"https:\\\/\\\/www.ip.gov.py\\\/ip\\\/2016\\\/08\\\/16\\\/asamblea-iberoamericana-de-catastro-del-2017-se-realizara-en-paraguay\\\/#primaryimage\",\"url\":\"https:\\\/\\\/www.ip.gov.py\\\/ip\\\/wp-content\\\/uploads\\\/2016\\\/08\\\/descarga-1.png\",\"contentUrl\":\"https:\\\/\\\/www.ip.gov.py\\\/ip\\\/wp-content\\\/uploads\\\/2016\\\/08\\\/descarga-1.png\",\"width\":247,\"height\":204},{\"@type\":\"BreadcrumbList\",\"@id\":\"https:\\\/\\\/www.ip.gov.py\\\/ip\\\/2016\\\/08\\\/16\\\/asamblea-iberoamericana-de-catastro-del-2017-se-realizara-en-paraguay\\\/#breadcrumb\",\"itemListElement\":[{\"@type\":\"ListItem\",\"position\":1,\"name\":\"Portada\",\"item\":\"https:\\\/\\\/www.ip.gov.py\\\/ip\\\/\"},{\"@type\":\"ListItem\",\"position\":2,\"name\":\"Asamblea Iberoamericana de Catastro del 2017 se realizara en Paraguay\"}]},{\"@type\":\"WebSite\",\"@id\":\"https:\\\/\\\/www.ip.gov.py\\\/ip\\\/#website\",\"url\":\"https:\\\/\\\/www.ip.gov.py\\\/ip\\\/\",\"name\":\".::Agencia IP::.\",\"description\":\"\",\"publisher\":{\"@id\":\"https:\\\/\\\/www.ip.gov.py\\\/ip\\\/#organization\"},\"potentialAction\":[{\"@type\":\"SearchAction\",\"target\":{\"@type\":\"EntryPoint\",\"urlTemplate\":\"https:\\\/\\\/www.ip.gov.py\\\/ip\\\/?s={search_term_string}\"},\"query-input\":{\"@type\":\"PropertyValueSpecification\",\"valueRequired\":true,\"valueName\":\"search_term_string\"}}],\"inLanguage\":\"es\"},{\"@type\":\"Organization\",\"@id\":\"https:\\\/\\\/www.ip.gov.py\\\/ip\\\/#organization\",\"name\":\"Agencia IP\",\"url\":\"https:\\\/\\\/www.ip.gov.py\\\/ip\\\/\",\"logo\":{\"@type\":\"ImageObject\",\"inLanguage\":\"es\",\"@id\":\"https:\\\/\\\/www.ip.gov.py\\\/ip\\\/#\\\/schema\\\/logo\\\/image\\\/\",\"url\":\"https:\\\/\\\/www.ip.gov.py\\\/ip\\\/wp-content\\\/uploads\\\/2018\\\/01\\\/Agencia-IP.jpg\",\"contentUrl\":\"https:\\\/\\\/www.ip.gov.py\\\/ip\\\/wp-content\\\/uploads\\\/2018\\\/01\\\/Agencia-IP.jpg\",\"width\":150,\"height\":150,\"caption\":\"Agencia IP\"},\"image\":{\"@id\":\"https:\\\/\\\/www.ip.gov.py\\\/ip\\\/#\\\/schema\\\/logo\\\/image\\\/\"},\"sameAs\":[\"https:\\\/\\\/www.facebook.com\\\/IPParaguay\\\/\",\"https:\\\/\\\/x.com\\\/IPParaguay\",\"https:\\\/\\\/www.instagram.com\\\/IPParaguay\"]},{\"@type\":\"Person\",\"@id\":\"https:\\\/\\\/www.ip.gov.py\\\/ip\\\/#\\\/schema\\\/person\\\/a5980c1e798e865be96d95a7fd7e4893\",\"name\":\"Roberto P\u00e9rez\",\"url\":\"https:\\\/\\\/www.ip.gov.py\\\/ip\\\/author\\\/rperez\\\/\"}]}<\/script>\n<!-- \/ Yoast SEO plugin. -->","yoast_head_json":{"title":"Asamblea Iberoamericana de Catastro del 2017 se realizara en Paraguay - .::Agencia IP::.","robots":{"index":"index","follow":"follow","max-snippet":"max-snippet:-1","max-image-preview":"max-image-preview:large","max-video-preview":"max-video-preview:-1"},"canonical":"https:\/\/www.ip.gov.py\/ip\/2016\/08\/16\/asamblea-iberoamericana-de-catastro-del-2017-se-realizara-en-paraguay\/","og_locale":"es_ES","og_type":"article","og_title":"Asamblea Iberoamericana de Catastro del 2017 se realizara en Paraguay - .::Agencia IP::.","og_description":"Asunci\u00f3n, IP.-El Paraguay \u00a0ser\u00e1 sede de la Asamblea del Comit\u00e9 Permanente sobre Catastro en Iberoam\u00e9rica (CPCI) en el 2017. A pedido de la delegaci\u00f3n nacional, \u00a0el comit\u00e9 catastral internacional \u00a0 ha dado su voto de confianza para la realizaci\u00f3n de la mencionada asamblea el pr\u00f3ximo a\u00f1o en tierras paraguayas. En forma un\u00e1nime la Asamblea del [&hellip;]","og_url":"https:\/\/www.ip.gov.py\/ip\/2016\/08\/16\/asamblea-iberoamericana-de-catastro-del-2017-se-realizara-en-paraguay\/","og_site_name":".::Agencia IP::.","article_publisher":"https:\/\/www.facebook.com\/IPParaguay\/","article_published_time":"2016-08-16T11:50:02+00:00","article_modified_time":"2016-08-16T11:54:38+00:00","og_image":[{"width":247,"height":204,"url":"https:\/\/www.ip.gov.py\/ip\/wp-content\/uploads\/2016\/08\/descarga-1.png","type":"image\/png"}],"author":"Roberto P\u00e9rez","twitter_card":"summary_large_image","twitter_creator":"@IPParaguay","twitter_site":"@IPParaguay","twitter_misc":{"Escrito por":"Roberto P\u00e9rez","Tiempo de lectura":"2 minutos"},"schema":{"@context":"https:\/\/schema.org","@graph":[{"@type":"Article","@id":"https:\/\/www.ip.gov.py\/ip\/2016\/08\/16\/asamblea-iberoamericana-de-catastro-del-2017-se-realizara-en-paraguay\/#article","isPartOf":{"@id":"https:\/\/www.ip.gov.py\/ip\/2016\/08\/16\/asamblea-iberoamericana-de-catastro-del-2017-se-realizara-en-paraguay\/"},"author":{"name":"Roberto P\u00e9rez","@id":"https:\/\/www.ip.gov.py\/ip\/#\/schema\/person\/a5980c1e798e865be96d95a7fd7e4893"},"headline":"Asamblea Iberoamericana de Catastro del 2017 se realizara en Paraguay","datePublished":"2016-08-16T11:50:02+00:00","dateModified":"2016-08-16T11:54:38+00:00","mainEntityOfPage":{"@id":"https:\/\/www.ip.gov.py\/ip\/2016\/08\/16\/asamblea-iberoamericana-de-catastro-del-2017-se-realizara-en-paraguay\/"},"wordCount":376,"publisher":{"@id":"https:\/\/www.ip.gov.py\/ip\/#organization"},"image":{"@id":"https:\/\/www.ip.gov.py\/ip\/2016\/08\/16\/asamblea-iberoamericana-de-catastro-del-2017-se-realizara-en-paraguay\/#primaryimage"},"thumbnailUrl":"https:\/\/www.ip.gov.py\/ip\/wp-content\/uploads\/2016\/08\/descarga-1.png","articleSection":["Destacado"],"inLanguage":"es"},{"@type":"WebPage","@id":"https:\/\/www.ip.gov.py\/ip\/2016\/08\/16\/asamblea-iberoamericana-de-catastro-del-2017-se-realizara-en-paraguay\/","url":"https:\/\/www.ip.gov.py\/ip\/2016\/08\/16\/asamblea-iberoamericana-de-catastro-del-2017-se-realizara-en-paraguay\/","name":"Asamblea Iberoamericana de Catastro del 2017 se realizara en Paraguay - .::Agencia IP::.","isPartOf":{"@id":"https:\/\/www.ip.gov.py\/ip\/#website"},"primaryImageOfPage":{"@id":"https:\/\/www.ip.gov.py\/ip\/2016\/08\/16\/asamblea-iberoamericana-de-catastro-del-2017-se-realizara-en-paraguay\/#primaryimage"},"image":{"@id":"https:\/\/www.ip.gov.py\/ip\/2016\/08\/16\/asamblea-iberoamericana-de-catastro-del-2017-se-realizara-en-paraguay\/#primaryimage"},"thumbnailUrl":"https:\/\/www.ip.gov.py\/ip\/wp-content\/uploads\/2016\/08\/descarga-1.png","datePublished":"2016-08-16T11:50:02+00:00","dateModified":"2016-08-16T11:54:38+00:00","breadcrumb":{"@id":"https:\/\/www.ip.gov.py\/ip\/2016\/08\/16\/asamblea-iberoamericana-de-catastro-del-2017-se-realizara-en-paraguay\/#breadcrumb"},"inLanguage":"es","potentialAction":[{"@type":"ReadAction","target":["https:\/\/www.ip.gov.py\/ip\/2016\/08\/16\/asamblea-iberoamericana-de-catastro-del-2017-se-realizara-en-paraguay\/"]}]},{"@type":"ImageObject","inLanguage":"es","@id":"https:\/\/www.ip.gov.py\/ip\/2016\/08\/16\/asamblea-iberoamericana-de-catastro-del-2017-se-realizara-en-paraguay\/#primaryimage","url":"https:\/\/www.ip.gov.py\/ip\/wp-content\/uploads\/2016\/08\/descarga-1.png","contentUrl":"https:\/\/www.ip.gov.py\/ip\/wp-content\/uploads\/2016\/08\/descarga-1.png","width":247,"height":204},{"@type":"BreadcrumbList","@id":"https:\/\/www.ip.gov.py\/ip\/2016\/08\/16\/asamblea-iberoamericana-de-catastro-del-2017-se-realizara-en-paraguay\/#breadcrumb","itemListElement":[{"@type":"ListItem","position":1,"name":"Portada","item":"https:\/\/www.ip.gov.py\/ip\/"},{"@type":"ListItem","position":2,"name":"Asamblea Iberoamericana de Catastro del 2017 se realizara en Paraguay"}]},{"@type":"WebSite","@id":"https:\/\/www.ip.gov.py\/ip\/#website","url":"https:\/\/www.ip.gov.py\/ip\/","name":".::Agencia IP::.","description":"","publisher":{"@id":"https:\/\/www.ip.gov.py\/ip\/#organization"},"potentialAction":[{"@type":"SearchAction","target":{"@type":"EntryPoint","urlTemplate":"https:\/\/www.ip.gov.py\/ip\/?s={search_term_string}"},"query-input":{"@type":"PropertyValueSpecification","valueRequired":true,"valueName":"search_term_string"}}],"inLanguage":"es"},{"@type":"Organization","@id":"https:\/\/www.ip.gov.py\/ip\/#organization","name":"Agencia IP","url":"https:\/\/www.ip.gov.py\/ip\/","logo":{"@type":"ImageObject","inLanguage":"es","@id":"https:\/\/www.ip.gov.py\/ip\/#\/schema\/logo\/image\/","url":"https:\/\/www.ip.gov.py\/ip\/wp-content\/uploads\/2018\/01\/Agencia-IP.jpg","contentUrl":"https:\/\/www.ip.gov.py\/ip\/wp-content\/uploads\/2018\/01\/Agencia-IP.jpg","width":150,"height":150,"caption":"Agencia IP"},"image":{"@id":"https:\/\/www.ip.gov.py\/ip\/#\/schema\/logo\/image\/"},"sameAs":["https:\/\/www.facebook.com\/IPParaguay\/","https:\/\/x.com\/IPParaguay","https:\/\/www.instagram.com\/IPParaguay"]},{"@type":"Person","@id":"https:\/\/www.ip.gov.py\/ip\/#\/schema\/person\/a5980c1e798e865be96d95a7fd7e4893","name":"Roberto P\u00e9rez","url":"https:\/\/www.ip.gov.py\/ip\/author\/rperez\/"}]}},"_links":{"self":[{"href":"https:\/\/www.ip.gov.py\/ip\/wp-json\/wp\/v2\/posts\/113219","targetHints":{"allow":["GET"]}}],"collection":[{"href":"https:\/\/www.ip.gov.py\/ip\/wp-json\/wp\/v2\/posts"}],"about":[{"href":"https:\/\/www.ip.gov.py\/ip\/wp-json\/wp\/v2\/types\/post"}],"author":[{"embeddable":true,"href":"https:\/\/www.ip.gov.py\/ip\/wp-json\/wp\/v2\/users\/21"}],"replies":[{"embeddable":true,"href":"https:\/\/www.ip.gov.py\/ip\/wp-json\/wp\/v2\/comments?post=113219"}],"version-history":[{"count":0,"href":"https:\/\/www.ip.gov.py\/ip\/wp-json\/wp\/v2\/posts\/113219\/revisions"}],"wp:featuredmedia":[{"embeddable":true,"href":"https:\/\/www.ip.gov.py\/ip\/wp-json\/wp\/v2\/media\/113221"}],"wp:attachment":[{"href":"https:\/\/www.ip.gov.py\/ip\/wp-json\/wp\/v2\/media?parent=113219"}],"wp:term":[{"taxonomy":"category","embeddable":true,"href":"https:\/\/www.ip.gov.py\/ip\/wp-json\/wp\/v2\/categories?post=113219"},{"taxonomy":"post_tag","embeddable":true,"href":"https:\/\/www.ip.gov.py\/ip\/wp-json\/wp\/v2\/tags?post=113219"}],"curies":[{"name":"wp","href":"https:\/\/api.w.org\/{rel}","templated":true}]}}