{"id":116532,"date":"2016-09-06T13:58:07","date_gmt":"2016-09-06T17:58:07","guid":{"rendered":"http:\/\/desarrollo.ip.gov.py\/ip\/?p=116532"},"modified":"2016-09-06T15:26:07","modified_gmt":"2016-09-06T19:26:07","slug":"por-4-dias-avenida-santa-teresa-estara-cerrada-al-transito-vehicular","status":"publish","type":"post","link":"https:\/\/www.ip.gov.py\/ip\/2016\/09\/06\/por-4-dias-avenida-santa-teresa-estara-cerrada-al-transito-vehicular\/","title":{"rendered":"Por 4 dias avenida Santa Teresa estar\u00e1 cerrada al transito vehicular"},"content":{"rendered":"<p style=\"text-align: justify;\"><strong>Asunci\u00f3n, IP<\/strong>.\u00a0Por obras de colocaci\u00f3n de tuber\u00edas de 400 mm y accesorios para ampliar y mejorar el sistema de alcantarillado sanitario en la zona norte de Fernando de la Mora, se cerrar\u00e1 desde el jueves 8 de septiembre la Avda. Santa Teresa, entre las calle Chaco Boreal y Joel Estigarribia, en las cercan\u00edas del Frigor\u00edfico Guaran\u00ed, por espacio de \u00a04 d\u00edas, cronograma que estar\u00e1\u00a0 sujeto a las condiciones clim\u00e1ticas y del terreno.<\/p>\n<p style=\"text-align: justify;\"><!--more--><\/p>\n<p style=\"text-align: justify;\">El reinicio de las obras que posibilitar\u00e1 la colecta de los efluentes cloacales de sectores de Fernando de la Mora, est\u00e1 a cargo del Consorcio Baumann y Asociados, con fiscalizaci\u00f3n de TYPSA-CIA y supervisi\u00f3n de la ESSAP, con el apoyo de la Polic\u00eda Municipal de Tr\u00e1nsito.<\/p>\n<p style=\"text-align: justify;\"><strong>Plan de Desv\u00edos<\/strong><\/p>\n<p style=\"text-align: justify;\">En la primera etapa de trabajo prevista para el 8 y 9 de septiembre, el desv\u00edo \u00a0para los que circulen con direcci\u00f3n a Asunci\u00f3n, al llegar a la zona de obra deber\u00e1n mudarse a la calzada contraria de la avenida, hasta retomar nuevamente la calzada correspondiente. Opcionalmente se podr\u00e1 realizar desv\u00edos por las calles alternativas como Eugenio A. Garay, Cerro Cor\u00e1 y Joel Estigarribia.<\/p>\n<p style=\"text-align: justify;\"><img loading=\"lazy\" decoding=\"async\" class=\"size-medium wp-image-116533 alignleft\" src=\"https:\/\/www.ip.gov.py\/ip\/wp-content\/uploads\/2016\/09\/Santa-teresa-04-600x285.jpg\" alt=\"Santa Teresa\" width=\"600\" height=\"285\" \/><\/p>\n<p style=\"text-align: justify;\">Quienes circulen con direcci\u00f3n a la ciudad de San Lorenzo, deber\u00e1n desviar el curso en la calles Joel Estigarribia, para luego tomar Virgen de Caacup\u00e9, Cnel. Francisco Mart\u00ednez, hasta la calle Riachuelo y Chaco Boreal para\u00a0 salir nuevamente la Avda. Santa Teresa.<\/p>\n<p style=\"text-align: justify;\">Otra opci\u00f3n de desv\u00edos ser\u00e1 utilizando las calles Joel Estigarribia, San Pablo, Ram\u00f3n Cardozo, Virgen de Caacup\u00e9, Riachuelo y Chaco Boreal para retomar la Avda. Santa Teresa.<\/p>\n<p style=\"text-align: justify;\">En la segunda etapa de trabajo prevista para el 10 y 11 de septiembre, \u00a0circular\u00e1n normalmente los veh\u00edculos que se dirijan a la ciudad de Asunci\u00f3n sobre la Avda. Santa Teresa. Opcionalmente se podr\u00e1 realizar desv\u00edos por las calles alternativas; Eugenio A. Garay, Cerro Cor\u00e1 y Joel Estigarribia.<\/p>\n<p style=\"text-align: justify;\"><img loading=\"lazy\" decoding=\"async\" class=\"size-medium wp-image-116534 alignleft\" src=\"https:\/\/www.ip.gov.py\/ip\/wp-content\/uploads\/2016\/09\/Santa-teresa-05-600x285.jpg\" alt=\"Santa Teresa\" width=\"600\" height=\"285\" \/><\/p>\n<p style=\"text-align: justify;\">Quienes circulen con destino a la ciudad de San Lorenzo, deber\u00e1n desviar el curso por las calles alternativas citadas en la primera etapa.<\/p>\n<p style=\"text-align: justify;\">Ante estas obras de mejoramiento sanitario, la ESSAP informa que conjuntamente con la empresa contratista, se dispuso a la colocaci\u00f3n de carteler\u00eda y se\u00f1al\u00e9tica para indicar todos los desv\u00edos y las medidas de seguridad adecuadas para transe\u00fantes y automovilistas.<\/p>\n<p style=\"text-align: justify;\">Estas obras forman parte del \u201cSubproyecto de Construcci\u00f3n de Colectores Principales de Alcantarillado Sanitario de la Cuenca del Itay\u201d , financiado con el pr\u00e9stamo BIRF 7710-PY del Banco Mundial.<\/p>\n<p style=\"text-align: justify;\"><strong>Licitaci\u00f3n<\/strong><\/p>\n<p>La empresa de servicios sanitarios del Paraguay s.a.\u00a0 realizar\u00e1 la apertura de sobres del llamado a licitaci\u00f3n publica internacional n\u00ba 02\/2016 \u201cconstrucci\u00f3n de emisario sub \u2013 fluvial \u2013 fase I- PTAR Bella Vista\u201d \u00a0este mi\u00e9rcoles a partir de las 8:00 en la presidencia de la ESSAP.<\/p>\n","protected":false},"excerpt":{"rendered":"<p>Asunci\u00f3n, IP.\u00a0Por obras de colocaci\u00f3n de tuber\u00edas de 400 mm y accesorios para ampliar y mejorar el sistema de alcantarillado sanitario en la zona norte de Fernando de la Mora, se cerrar\u00e1 desde el jueves 8 de septiembre la Avda. Santa Teresa, entre las calle Chaco Boreal y Joel Estigarribia, en las cercan\u00edas del Frigor\u00edfico [&hellip;]<\/p>\n","protected":false},"author":21,"featured_media":82814,"comment_status":"closed","ping_status":"closed","sticky":false,"template":"","format":"standard","meta":{"_monsterinsights_skip_tracking":false,"_monsterinsights_sitenote_active":false,"_monsterinsights_sitenote_note":"","_monsterinsights_sitenote_category":0,"footnotes":""},"categories":[4],"tags":[],"class_list":{"0":"post-116532","1":"post","2":"type-post","3":"status-publish","4":"format-standard","5":"has-post-thumbnail","7":"category-nacionales"},"yoast_head":"<!-- This site is optimized with the Yoast SEO plugin v27.5 - https:\/\/yoast.com\/product\/yoast-seo-wordpress\/ -->\n<title>Por 4 dias avenida Santa Teresa estar\u00e1 cerrada al transito vehicular - .::Agencia IP::.<\/title>\n<meta name=\"robots\" content=\"index, follow, max-snippet:-1, max-image-preview:large, max-video-preview:-1\" \/>\n<link rel=\"canonical\" href=\"https:\/\/www.ip.gov.py\/ip\/2016\/09\/06\/por-4-dias-avenida-santa-teresa-estara-cerrada-al-transito-vehicular\/\" \/>\n<meta property=\"og:locale\" content=\"es_ES\" \/>\n<meta property=\"og:type\" content=\"article\" \/>\n<meta property=\"og:title\" content=\"Por 4 dias avenida Santa Teresa estar\u00e1 cerrada al transito vehicular - .::Agencia IP::.\" \/>\n<meta property=\"og:description\" content=\"Asunci\u00f3n, IP.\u00a0Por obras de colocaci\u00f3n de tuber\u00edas de 400 mm y accesorios para ampliar y mejorar el sistema de alcantarillado sanitario en la zona norte de Fernando de la Mora, se cerrar\u00e1 desde el jueves 8 de septiembre la Avda. Santa Teresa, entre las calle Chaco Boreal y Joel Estigarribia, en las cercan\u00edas del Frigor\u00edfico [&hellip;]\" \/>\n<meta property=\"og:url\" content=\"https:\/\/www.ip.gov.py\/ip\/2016\/09\/06\/por-4-dias-avenida-santa-teresa-estara-cerrada-al-transito-vehicular\/\" \/>\n<meta property=\"og:site_name\" content=\".::Agencia IP::.\" \/>\n<meta property=\"article:publisher\" content=\"https:\/\/www.facebook.com\/IPParaguay\/\" \/>\n<meta property=\"article:published_time\" content=\"2016-09-06T17:58:07+00:00\" \/>\n<meta property=\"article:modified_time\" content=\"2016-09-06T19:26:07+00:00\" \/>\n<meta property=\"og:image\" content=\"https:\/\/www.ip.gov.py\/ip\/wp-content\/uploads\/2016\/02\/reposicion-de-pavimento_Essap.jpg\" \/>\n\t<meta property=\"og:image:width\" content=\"907\" \/>\n\t<meta property=\"og:image:height\" content=\"680\" \/>\n\t<meta property=\"og:image:type\" content=\"image\/jpeg\" \/>\n<meta name=\"author\" content=\"Roberto P\u00e9rez\" \/>\n<meta name=\"twitter:card\" content=\"summary_large_image\" \/>\n<meta name=\"twitter:creator\" content=\"@IPParaguay\" \/>\n<meta name=\"twitter:site\" content=\"@IPParaguay\" \/>\n<meta name=\"twitter:label1\" content=\"Escrito por\" \/>\n\t<meta name=\"twitter:data1\" content=\"Roberto P\u00e9rez\" \/>\n\t<meta name=\"twitter:label2\" content=\"Tiempo de lectura\" \/>\n\t<meta name=\"twitter:data2\" content=\"2 minutos\" \/>\n<script type=\"application\/ld+json\" class=\"yoast-schema-graph\">{\"@context\":\"https:\\\/\\\/schema.org\",\"@graph\":[{\"@type\":\"Article\",\"@id\":\"https:\\\/\\\/www.ip.gov.py\\\/ip\\\/2016\\\/09\\\/06\\\/por-4-dias-avenida-santa-teresa-estara-cerrada-al-transito-vehicular\\\/#article\",\"isPartOf\":{\"@id\":\"https:\\\/\\\/www.ip.gov.py\\\/ip\\\/2016\\\/09\\\/06\\\/por-4-dias-avenida-santa-teresa-estara-cerrada-al-transito-vehicular\\\/\"},\"author\":{\"name\":\"Roberto P\u00e9rez\",\"@id\":\"https:\\\/\\\/www.ip.gov.py\\\/ip\\\/#\\\/schema\\\/person\\\/a5980c1e798e865be96d95a7fd7e4893\"},\"headline\":\"Por 4 dias avenida Santa Teresa estar\u00e1 cerrada al transito vehicular\",\"datePublished\":\"2016-09-06T17:58:07+00:00\",\"dateModified\":\"2016-09-06T19:26:07+00:00\",\"mainEntityOfPage\":{\"@id\":\"https:\\\/\\\/www.ip.gov.py\\\/ip\\\/2016\\\/09\\\/06\\\/por-4-dias-avenida-santa-teresa-estara-cerrada-al-transito-vehicular\\\/\"},\"wordCount\":480,\"publisher\":{\"@id\":\"https:\\\/\\\/www.ip.gov.py\\\/ip\\\/#organization\"},\"image\":{\"@id\":\"https:\\\/\\\/www.ip.gov.py\\\/ip\\\/2016\\\/09\\\/06\\\/por-4-dias-avenida-santa-teresa-estara-cerrada-al-transito-vehicular\\\/#primaryimage\"},\"thumbnailUrl\":\"https:\\\/\\\/www.ip.gov.py\\\/ip\\\/wp-content\\\/uploads\\\/2016\\\/02\\\/reposicion-de-pavimento_Essap.jpg\",\"articleSection\":[\"Nacionales\"],\"inLanguage\":\"es\"},{\"@type\":\"WebPage\",\"@id\":\"https:\\\/\\\/www.ip.gov.py\\\/ip\\\/2016\\\/09\\\/06\\\/por-4-dias-avenida-santa-teresa-estara-cerrada-al-transito-vehicular\\\/\",\"url\":\"https:\\\/\\\/www.ip.gov.py\\\/ip\\\/2016\\\/09\\\/06\\\/por-4-dias-avenida-santa-teresa-estara-cerrada-al-transito-vehicular\\\/\",\"name\":\"Por 4 dias avenida Santa Teresa estar\u00e1 cerrada al transito vehicular - .::Agencia IP::.\",\"isPartOf\":{\"@id\":\"https:\\\/\\\/www.ip.gov.py\\\/ip\\\/#website\"},\"primaryImageOfPage\":{\"@id\":\"https:\\\/\\\/www.ip.gov.py\\\/ip\\\/2016\\\/09\\\/06\\\/por-4-dias-avenida-santa-teresa-estara-cerrada-al-transito-vehicular\\\/#primaryimage\"},\"image\":{\"@id\":\"https:\\\/\\\/www.ip.gov.py\\\/ip\\\/2016\\\/09\\\/06\\\/por-4-dias-avenida-santa-teresa-estara-cerrada-al-transito-vehicular\\\/#primaryimage\"},\"thumbnailUrl\":\"https:\\\/\\\/www.ip.gov.py\\\/ip\\\/wp-content\\\/uploads\\\/2016\\\/02\\\/reposicion-de-pavimento_Essap.jpg\",\"datePublished\":\"2016-09-06T17:58:07+00:00\",\"dateModified\":\"2016-09-06T19:26:07+00:00\",\"breadcrumb\":{\"@id\":\"https:\\\/\\\/www.ip.gov.py\\\/ip\\\/2016\\\/09\\\/06\\\/por-4-dias-avenida-santa-teresa-estara-cerrada-al-transito-vehicular\\\/#breadcrumb\"},\"inLanguage\":\"es\",\"potentialAction\":[{\"@type\":\"ReadAction\",\"target\":[\"https:\\\/\\\/www.ip.gov.py\\\/ip\\\/2016\\\/09\\\/06\\\/por-4-dias-avenida-santa-teresa-estara-cerrada-al-transito-vehicular\\\/\"]}]},{\"@type\":\"ImageObject\",\"inLanguage\":\"es\",\"@id\":\"https:\\\/\\\/www.ip.gov.py\\\/ip\\\/2016\\\/09\\\/06\\\/por-4-dias-avenida-santa-teresa-estara-cerrada-al-transito-vehicular\\\/#primaryimage\",\"url\":\"https:\\\/\\\/www.ip.gov.py\\\/ip\\\/wp-content\\\/uploads\\\/2016\\\/02\\\/reposicion-de-pavimento_Essap.jpg\",\"contentUrl\":\"https:\\\/\\\/www.ip.gov.py\\\/ip\\\/wp-content\\\/uploads\\\/2016\\\/02\\\/reposicion-de-pavimento_Essap.jpg\",\"width\":907,\"height\":680},{\"@type\":\"BreadcrumbList\",\"@id\":\"https:\\\/\\\/www.ip.gov.py\\\/ip\\\/2016\\\/09\\\/06\\\/por-4-dias-avenida-santa-teresa-estara-cerrada-al-transito-vehicular\\\/#breadcrumb\",\"itemListElement\":[{\"@type\":\"ListItem\",\"position\":1,\"name\":\"Portada\",\"item\":\"https:\\\/\\\/www.ip.gov.py\\\/ip\\\/\"},{\"@type\":\"ListItem\",\"position\":2,\"name\":\"Por 4 dias avenida Santa Teresa estar\u00e1 cerrada al transito vehicular\"}]},{\"@type\":\"WebSite\",\"@id\":\"https:\\\/\\\/www.ip.gov.py\\\/ip\\\/#website\",\"url\":\"https:\\\/\\\/www.ip.gov.py\\\/ip\\\/\",\"name\":\".::Agencia IP::.\",\"description\":\"\",\"publisher\":{\"@id\":\"https:\\\/\\\/www.ip.gov.py\\\/ip\\\/#organization\"},\"potentialAction\":[{\"@type\":\"SearchAction\",\"target\":{\"@type\":\"EntryPoint\",\"urlTemplate\":\"https:\\\/\\\/www.ip.gov.py\\\/ip\\\/?s={search_term_string}\"},\"query-input\":{\"@type\":\"PropertyValueSpecification\",\"valueRequired\":true,\"valueName\":\"search_term_string\"}}],\"inLanguage\":\"es\"},{\"@type\":\"Organization\",\"@id\":\"https:\\\/\\\/www.ip.gov.py\\\/ip\\\/#organization\",\"name\":\"Agencia IP\",\"url\":\"https:\\\/\\\/www.ip.gov.py\\\/ip\\\/\",\"logo\":{\"@type\":\"ImageObject\",\"inLanguage\":\"es\",\"@id\":\"https:\\\/\\\/www.ip.gov.py\\\/ip\\\/#\\\/schema\\\/logo\\\/image\\\/\",\"url\":\"https:\\\/\\\/www.ip.gov.py\\\/ip\\\/wp-content\\\/uploads\\\/2018\\\/01\\\/Agencia-IP.jpg\",\"contentUrl\":\"https:\\\/\\\/www.ip.gov.py\\\/ip\\\/wp-content\\\/uploads\\\/2018\\\/01\\\/Agencia-IP.jpg\",\"width\":150,\"height\":150,\"caption\":\"Agencia IP\"},\"image\":{\"@id\":\"https:\\\/\\\/www.ip.gov.py\\\/ip\\\/#\\\/schema\\\/logo\\\/image\\\/\"},\"sameAs\":[\"https:\\\/\\\/www.facebook.com\\\/IPParaguay\\\/\",\"https:\\\/\\\/x.com\\\/IPParaguay\",\"https:\\\/\\\/www.instagram.com\\\/IPParaguay\"]},{\"@type\":\"Person\",\"@id\":\"https:\\\/\\\/www.ip.gov.py\\\/ip\\\/#\\\/schema\\\/person\\\/a5980c1e798e865be96d95a7fd7e4893\",\"name\":\"Roberto P\u00e9rez\",\"url\":\"https:\\\/\\\/www.ip.gov.py\\\/ip\\\/author\\\/rperez\\\/\"}]}<\/script>\n<!-- \/ Yoast SEO plugin. -->","yoast_head_json":{"title":"Por 4 dias avenida Santa Teresa estar\u00e1 cerrada al transito vehicular - .::Agencia IP::.","robots":{"index":"index","follow":"follow","max-snippet":"max-snippet:-1","max-image-preview":"max-image-preview:large","max-video-preview":"max-video-preview:-1"},"canonical":"https:\/\/www.ip.gov.py\/ip\/2016\/09\/06\/por-4-dias-avenida-santa-teresa-estara-cerrada-al-transito-vehicular\/","og_locale":"es_ES","og_type":"article","og_title":"Por 4 dias avenida Santa Teresa estar\u00e1 cerrada al transito vehicular - .::Agencia IP::.","og_description":"Asunci\u00f3n, IP.\u00a0Por obras de colocaci\u00f3n de tuber\u00edas de 400 mm y accesorios para ampliar y mejorar el sistema de alcantarillado sanitario en la zona norte de Fernando de la Mora, se cerrar\u00e1 desde el jueves 8 de septiembre la Avda. Santa Teresa, entre las calle Chaco Boreal y Joel Estigarribia, en las cercan\u00edas del Frigor\u00edfico [&hellip;]","og_url":"https:\/\/www.ip.gov.py\/ip\/2016\/09\/06\/por-4-dias-avenida-santa-teresa-estara-cerrada-al-transito-vehicular\/","og_site_name":".::Agencia IP::.","article_publisher":"https:\/\/www.facebook.com\/IPParaguay\/","article_published_time":"2016-09-06T17:58:07+00:00","article_modified_time":"2016-09-06T19:26:07+00:00","og_image":[{"width":907,"height":680,"url":"https:\/\/www.ip.gov.py\/ip\/wp-content\/uploads\/2016\/02\/reposicion-de-pavimento_Essap.jpg","type":"image\/jpeg"}],"author":"Roberto P\u00e9rez","twitter_card":"summary_large_image","twitter_creator":"@IPParaguay","twitter_site":"@IPParaguay","twitter_misc":{"Escrito por":"Roberto P\u00e9rez","Tiempo de lectura":"2 minutos"},"schema":{"@context":"https:\/\/schema.org","@graph":[{"@type":"Article","@id":"https:\/\/www.ip.gov.py\/ip\/2016\/09\/06\/por-4-dias-avenida-santa-teresa-estara-cerrada-al-transito-vehicular\/#article","isPartOf":{"@id":"https:\/\/www.ip.gov.py\/ip\/2016\/09\/06\/por-4-dias-avenida-santa-teresa-estara-cerrada-al-transito-vehicular\/"},"author":{"name":"Roberto P\u00e9rez","@id":"https:\/\/www.ip.gov.py\/ip\/#\/schema\/person\/a5980c1e798e865be96d95a7fd7e4893"},"headline":"Por 4 dias avenida Santa Teresa estar\u00e1 cerrada al transito vehicular","datePublished":"2016-09-06T17:58:07+00:00","dateModified":"2016-09-06T19:26:07+00:00","mainEntityOfPage":{"@id":"https:\/\/www.ip.gov.py\/ip\/2016\/09\/06\/por-4-dias-avenida-santa-teresa-estara-cerrada-al-transito-vehicular\/"},"wordCount":480,"publisher":{"@id":"https:\/\/www.ip.gov.py\/ip\/#organization"},"image":{"@id":"https:\/\/www.ip.gov.py\/ip\/2016\/09\/06\/por-4-dias-avenida-santa-teresa-estara-cerrada-al-transito-vehicular\/#primaryimage"},"thumbnailUrl":"https:\/\/www.ip.gov.py\/ip\/wp-content\/uploads\/2016\/02\/reposicion-de-pavimento_Essap.jpg","articleSection":["Nacionales"],"inLanguage":"es"},{"@type":"WebPage","@id":"https:\/\/www.ip.gov.py\/ip\/2016\/09\/06\/por-4-dias-avenida-santa-teresa-estara-cerrada-al-transito-vehicular\/","url":"https:\/\/www.ip.gov.py\/ip\/2016\/09\/06\/por-4-dias-avenida-santa-teresa-estara-cerrada-al-transito-vehicular\/","name":"Por 4 dias avenida Santa Teresa estar\u00e1 cerrada al transito vehicular - .::Agencia IP::.","isPartOf":{"@id":"https:\/\/www.ip.gov.py\/ip\/#website"},"primaryImageOfPage":{"@id":"https:\/\/www.ip.gov.py\/ip\/2016\/09\/06\/por-4-dias-avenida-santa-teresa-estara-cerrada-al-transito-vehicular\/#primaryimage"},"image":{"@id":"https:\/\/www.ip.gov.py\/ip\/2016\/09\/06\/por-4-dias-avenida-santa-teresa-estara-cerrada-al-transito-vehicular\/#primaryimage"},"thumbnailUrl":"https:\/\/www.ip.gov.py\/ip\/wp-content\/uploads\/2016\/02\/reposicion-de-pavimento_Essap.jpg","datePublished":"2016-09-06T17:58:07+00:00","dateModified":"2016-09-06T19:26:07+00:00","breadcrumb":{"@id":"https:\/\/www.ip.gov.py\/ip\/2016\/09\/06\/por-4-dias-avenida-santa-teresa-estara-cerrada-al-transito-vehicular\/#breadcrumb"},"inLanguage":"es","potentialAction":[{"@type":"ReadAction","target":["https:\/\/www.ip.gov.py\/ip\/2016\/09\/06\/por-4-dias-avenida-santa-teresa-estara-cerrada-al-transito-vehicular\/"]}]},{"@type":"ImageObject","inLanguage":"es","@id":"https:\/\/www.ip.gov.py\/ip\/2016\/09\/06\/por-4-dias-avenida-santa-teresa-estara-cerrada-al-transito-vehicular\/#primaryimage","url":"https:\/\/www.ip.gov.py\/ip\/wp-content\/uploads\/2016\/02\/reposicion-de-pavimento_Essap.jpg","contentUrl":"https:\/\/www.ip.gov.py\/ip\/wp-content\/uploads\/2016\/02\/reposicion-de-pavimento_Essap.jpg","width":907,"height":680},{"@type":"BreadcrumbList","@id":"https:\/\/www.ip.gov.py\/ip\/2016\/09\/06\/por-4-dias-avenida-santa-teresa-estara-cerrada-al-transito-vehicular\/#breadcrumb","itemListElement":[{"@type":"ListItem","position":1,"name":"Portada","item":"https:\/\/www.ip.gov.py\/ip\/"},{"@type":"ListItem","position":2,"name":"Por 4 dias avenida Santa Teresa estar\u00e1 cerrada al transito vehicular"}]},{"@type":"WebSite","@id":"https:\/\/www.ip.gov.py\/ip\/#website","url":"https:\/\/www.ip.gov.py\/ip\/","name":".::Agencia IP::.","description":"","publisher":{"@id":"https:\/\/www.ip.gov.py\/ip\/#organization"},"potentialAction":[{"@type":"SearchAction","target":{"@type":"EntryPoint","urlTemplate":"https:\/\/www.ip.gov.py\/ip\/?s={search_term_string}"},"query-input":{"@type":"PropertyValueSpecification","valueRequired":true,"valueName":"search_term_string"}}],"inLanguage":"es"},{"@type":"Organization","@id":"https:\/\/www.ip.gov.py\/ip\/#organization","name":"Agencia IP","url":"https:\/\/www.ip.gov.py\/ip\/","logo":{"@type":"ImageObject","inLanguage":"es","@id":"https:\/\/www.ip.gov.py\/ip\/#\/schema\/logo\/image\/","url":"https:\/\/www.ip.gov.py\/ip\/wp-content\/uploads\/2018\/01\/Agencia-IP.jpg","contentUrl":"https:\/\/www.ip.gov.py\/ip\/wp-content\/uploads\/2018\/01\/Agencia-IP.jpg","width":150,"height":150,"caption":"Agencia IP"},"image":{"@id":"https:\/\/www.ip.gov.py\/ip\/#\/schema\/logo\/image\/"},"sameAs":["https:\/\/www.facebook.com\/IPParaguay\/","https:\/\/x.com\/IPParaguay","https:\/\/www.instagram.com\/IPParaguay"]},{"@type":"Person","@id":"https:\/\/www.ip.gov.py\/ip\/#\/schema\/person\/a5980c1e798e865be96d95a7fd7e4893","name":"Roberto P\u00e9rez","url":"https:\/\/www.ip.gov.py\/ip\/author\/rperez\/"}]}},"_links":{"self":[{"href":"https:\/\/www.ip.gov.py\/ip\/wp-json\/wp\/v2\/posts\/116532","targetHints":{"allow":["GET"]}}],"collection":[{"href":"https:\/\/www.ip.gov.py\/ip\/wp-json\/wp\/v2\/posts"}],"about":[{"href":"https:\/\/www.ip.gov.py\/ip\/wp-json\/wp\/v2\/types\/post"}],"author":[{"embeddable":true,"href":"https:\/\/www.ip.gov.py\/ip\/wp-json\/wp\/v2\/users\/21"}],"replies":[{"embeddable":true,"href":"https:\/\/www.ip.gov.py\/ip\/wp-json\/wp\/v2\/comments?post=116532"}],"version-history":[{"count":0,"href":"https:\/\/www.ip.gov.py\/ip\/wp-json\/wp\/v2\/posts\/116532\/revisions"}],"wp:featuredmedia":[{"embeddable":true,"href":"https:\/\/www.ip.gov.py\/ip\/wp-json\/wp\/v2\/media\/82814"}],"wp:attachment":[{"href":"https:\/\/www.ip.gov.py\/ip\/wp-json\/wp\/v2\/media?parent=116532"}],"wp:term":[{"taxonomy":"category","embeddable":true,"href":"https:\/\/www.ip.gov.py\/ip\/wp-json\/wp\/v2\/categories?post=116532"},{"taxonomy":"post_tag","embeddable":true,"href":"https:\/\/www.ip.gov.py\/ip\/wp-json\/wp\/v2\/tags?post=116532"}],"curies":[{"name":"wp","href":"https:\/\/api.w.org\/{rel}","templated":true}]}}