{"id":116712,"date":"2016-09-07T14:02:04","date_gmt":"2016-09-07T18:02:04","guid":{"rendered":"http:\/\/desarrollo.ip.gov.py\/ip\/?p=116712"},"modified":"2016-09-07T14:02:04","modified_gmt":"2016-09-07T18:02:04","slug":"papa-emerito-benedicto-xvi-tuvo-un-amor-de-juventud-muy-serio","status":"publish","type":"post","link":"https:\/\/www.ip.gov.py\/ip\/2016\/09\/07\/papa-emerito-benedicto-xvi-tuvo-un-amor-de-juventud-muy-serio\/","title":{"rendered":"Papa em\u00e9rito Benedicto XVI tuvo un amor de juventud \u201cmuy serio\u201d"},"content":{"rendered":"<p style=\"text-align: justify;\"><em><strong>Berl\u00edn.-<\/strong><\/em> El papa em\u00e9rito Benedicto XVI vivi\u00f3 en su juventud un amor \u201cmuy serio\u201d que hizo dif\u00edcil su \u201copci\u00f3n por el celibato\u201d y el sacerdocio, cont\u00f3 el autor de un libro de entrevistas con Joseph Ratzinger que se publicar\u00e1 el viernes.<!--more--><\/p>\n<p style=\"text-align: justify;\">\u201cS\u00ed, tuvo un amor durante sus estudios que fue muy serio\u201d, explica Peter Seewald en una entrevista concedida al semanario alem\u00e1n Die Zeit, en su edici\u00f3n del jueves a la que la AFP tuvo acceso este mi\u00e9rcoles. Sin embargo, este episodio amoroso no figura en el libro de entrevistas con Benedicto XVI, titulado \u201cConversaciones finales\u201d, que se conocer\u00e1 el viernes en el mundo entero y en varias lenguas, precisa Die Zeit.<\/p>\n<p style=\"text-align: justify;\">Este amor \u201cle caus\u00f3 mucho tormento. Tras la (Segunda) Guerra (Mundial), por primera vez hubo chicas estudiantes. \u00c9l era realmente alguien muy elegante, un joven apuesto, un esteta que escrib\u00eda poemas y le\u00eda a (el premio Nobel de literatura alem\u00e1n) Hermann Hesse\u201d, contin\u00faa Seewald, sin aclarar si la relaci\u00f3n fue plat\u00f3nica o no. \u201cUno de sus compa\u00f1eros de estudios me cont\u00f3 que (Joseph Ratzinger) impresionaba a las mujeres -y viceversa-. Decidirse por el celibato no fue algo f\u00e1cil para \u00e9l\u201d, afirma el periodista, quien no da ninguna otra indicaci\u00f3n sobre qui\u00e9n fue este amor de juventud.<\/p>\n<p style=\"text-align: justify;\">A comienzos de este a\u00f1o, la BBC ya hab\u00eda difundido un reportaje, basado en m\u00e1s de 350 cartas, en el que se sosten\u00eda que Juan Pablo II, a quien Benedicto XVI sucedi\u00f3 en 2005, hab\u00eda vivido una amistad \u201cintensa\u201d durante treinta a\u00f1os con una fil\u00f3sofa casada, Anna-Teresa Tymieniecka.<\/p>\n<p style=\"text-align: justify;\">Seewald, autor de varios libro sobre el primer papa que renunci\u00f3 a sus pontificado en siete siglos, destila en esta entrevista con el semanario alem\u00e1n algunos detalles sobre su persona, como que es \u201cadicto a la informaci\u00f3n\u201d, que le gusta ver los telenoticieros italianos todas las noches, y que es aficionado en particular a los filmes de la serie \u201cDon Camilo y Pep\u00f3n\u201d.<\/p>\n<p style=\"text-align: justify;\">Seg\u00fan el diario Corriere della Sera, la obra tambi\u00e9n confirma la impresi\u00f3n de que Ratzinger, de temperamento tan reservado, no se sent\u00eda capaz de dirigir a los 1.200 millones de cat\u00f3licos (que hay en el mundo) y a una Iglesia sacudida por las luchas intestinas y los esc\u00e1ndalos, como el de los sacerdotes ped\u00f3filos.<\/p>\n<p style=\"text-align: justify;\">De 89 a\u00f1os de edad, Benedicto XVI se recluy\u00f3 tras su renuncia en 2013 en un monasterio en el Vaticano, y s\u00f3lo hace muy espor\u00e1dicas apariciones p\u00fablicas.AFP.<\/p>\n","protected":false},"excerpt":{"rendered":"<p>Berl\u00edn.- El papa em\u00e9rito Benedicto XVI vivi\u00f3 en su juventud un amor \u201cmuy serio\u201d que hizo dif\u00edcil su \u201copci\u00f3n por el celibato\u201d y el sacerdocio, cont\u00f3 el autor de un libro de entrevistas con Joseph Ratzinger que se publicar\u00e1 el viernes.<\/p>\n","protected":false},"author":11,"featured_media":116715,"comment_status":"closed","ping_status":"closed","sticky":false,"template":"","format":"standard","meta":{"_monsterinsights_skip_tracking":false,"_monsterinsights_sitenote_active":false,"_monsterinsights_sitenote_note":"","_monsterinsights_sitenote_category":0,"footnotes":""},"categories":[5],"tags":[],"class_list":{"0":"post-116712","1":"post","2":"type-post","3":"status-publish","4":"format-standard","5":"has-post-thumbnail","7":"category-internacionales"},"yoast_head":"<!-- This site is optimized with the Yoast SEO plugin v27.4 - https:\/\/yoast.com\/product\/yoast-seo-wordpress\/ -->\n<title>Papa em\u00e9rito Benedicto XVI tuvo un amor de juventud \u201cmuy serio\u201d - .::Agencia IP::.<\/title>\n<meta name=\"robots\" content=\"index, follow, max-snippet:-1, max-image-preview:large, max-video-preview:-1\" \/>\n<link rel=\"canonical\" href=\"https:\/\/www.ip.gov.py\/ip\/2016\/09\/07\/papa-emerito-benedicto-xvi-tuvo-un-amor-de-juventud-muy-serio\/\" \/>\n<meta property=\"og:locale\" content=\"es_ES\" \/>\n<meta property=\"og:type\" content=\"article\" \/>\n<meta property=\"og:title\" content=\"Papa em\u00e9rito Benedicto XVI tuvo un amor de juventud \u201cmuy serio\u201d - .::Agencia IP::.\" \/>\n<meta property=\"og:description\" content=\"Berl\u00edn.- El papa em\u00e9rito Benedicto XVI vivi\u00f3 en su juventud un amor \u201cmuy serio\u201d que hizo dif\u00edcil su \u201copci\u00f3n por el celibato\u201d y el sacerdocio, cont\u00f3 el autor de un libro de entrevistas con Joseph Ratzinger que se publicar\u00e1 el viernes.\" \/>\n<meta property=\"og:url\" content=\"https:\/\/www.ip.gov.py\/ip\/2016\/09\/07\/papa-emerito-benedicto-xvi-tuvo-un-amor-de-juventud-muy-serio\/\" \/>\n<meta property=\"og:site_name\" content=\".::Agencia IP::.\" \/>\n<meta property=\"article:publisher\" content=\"https:\/\/www.facebook.com\/IPParaguay\/\" \/>\n<meta property=\"article:published_time\" content=\"2016-09-07T18:02:04+00:00\" \/>\n<meta property=\"og:image\" content=\"https:\/\/www.ip.gov.py\/ip\/wp-content\/uploads\/2016\/09\/Papa.jpg\" \/>\n\t<meta property=\"og:image:width\" content=\"613\" \/>\n\t<meta property=\"og:image:height\" content=\"460\" \/>\n\t<meta property=\"og:image:type\" content=\"image\/jpeg\" \/>\n<meta name=\"author\" content=\"vrios\" \/>\n<meta name=\"twitter:card\" content=\"summary_large_image\" \/>\n<meta name=\"twitter:creator\" content=\"@IPParaguay\" \/>\n<meta name=\"twitter:site\" content=\"@IPParaguay\" \/>\n<meta name=\"twitter:label1\" content=\"Escrito por\" \/>\n\t<meta name=\"twitter:data1\" content=\"vrios\" \/>\n\t<meta name=\"twitter:label2\" content=\"Tiempo de lectura\" \/>\n\t<meta name=\"twitter:data2\" content=\"2 minutos\" \/>\n<script type=\"application\/ld+json\" class=\"yoast-schema-graph\">{\"@context\":\"https:\\\/\\\/schema.org\",\"@graph\":[{\"@type\":\"Article\",\"@id\":\"https:\\\/\\\/www.ip.gov.py\\\/ip\\\/2016\\\/09\\\/07\\\/papa-emerito-benedicto-xvi-tuvo-un-amor-de-juventud-muy-serio\\\/#article\",\"isPartOf\":{\"@id\":\"https:\\\/\\\/www.ip.gov.py\\\/ip\\\/2016\\\/09\\\/07\\\/papa-emerito-benedicto-xvi-tuvo-un-amor-de-juventud-muy-serio\\\/\"},\"author\":{\"name\":\"vrios\",\"@id\":\"https:\\\/\\\/www.ip.gov.py\\\/ip\\\/#\\\/schema\\\/person\\\/fa3668852e893cb0423795330f919039\"},\"headline\":\"Papa em\u00e9rito Benedicto XVI tuvo un amor de juventud \u201cmuy serio\u201d\",\"datePublished\":\"2016-09-07T18:02:04+00:00\",\"mainEntityOfPage\":{\"@id\":\"https:\\\/\\\/www.ip.gov.py\\\/ip\\\/2016\\\/09\\\/07\\\/papa-emerito-benedicto-xvi-tuvo-un-amor-de-juventud-muy-serio\\\/\"},\"wordCount\":447,\"publisher\":{\"@id\":\"https:\\\/\\\/www.ip.gov.py\\\/ip\\\/#organization\"},\"image\":{\"@id\":\"https:\\\/\\\/www.ip.gov.py\\\/ip\\\/2016\\\/09\\\/07\\\/papa-emerito-benedicto-xvi-tuvo-un-amor-de-juventud-muy-serio\\\/#primaryimage\"},\"thumbnailUrl\":\"https:\\\/\\\/www.ip.gov.py\\\/ip\\\/wp-content\\\/uploads\\\/2016\\\/09\\\/Papa.jpg\",\"articleSection\":[\"Internacionales\"],\"inLanguage\":\"es\"},{\"@type\":\"WebPage\",\"@id\":\"https:\\\/\\\/www.ip.gov.py\\\/ip\\\/2016\\\/09\\\/07\\\/papa-emerito-benedicto-xvi-tuvo-un-amor-de-juventud-muy-serio\\\/\",\"url\":\"https:\\\/\\\/www.ip.gov.py\\\/ip\\\/2016\\\/09\\\/07\\\/papa-emerito-benedicto-xvi-tuvo-un-amor-de-juventud-muy-serio\\\/\",\"name\":\"Papa em\u00e9rito Benedicto XVI tuvo un amor de juventud \u201cmuy serio\u201d - .::Agencia IP::.\",\"isPartOf\":{\"@id\":\"https:\\\/\\\/www.ip.gov.py\\\/ip\\\/#website\"},\"primaryImageOfPage\":{\"@id\":\"https:\\\/\\\/www.ip.gov.py\\\/ip\\\/2016\\\/09\\\/07\\\/papa-emerito-benedicto-xvi-tuvo-un-amor-de-juventud-muy-serio\\\/#primaryimage\"},\"image\":{\"@id\":\"https:\\\/\\\/www.ip.gov.py\\\/ip\\\/2016\\\/09\\\/07\\\/papa-emerito-benedicto-xvi-tuvo-un-amor-de-juventud-muy-serio\\\/#primaryimage\"},\"thumbnailUrl\":\"https:\\\/\\\/www.ip.gov.py\\\/ip\\\/wp-content\\\/uploads\\\/2016\\\/09\\\/Papa.jpg\",\"datePublished\":\"2016-09-07T18:02:04+00:00\",\"breadcrumb\":{\"@id\":\"https:\\\/\\\/www.ip.gov.py\\\/ip\\\/2016\\\/09\\\/07\\\/papa-emerito-benedicto-xvi-tuvo-un-amor-de-juventud-muy-serio\\\/#breadcrumb\"},\"inLanguage\":\"es\",\"potentialAction\":[{\"@type\":\"ReadAction\",\"target\":[\"https:\\\/\\\/www.ip.gov.py\\\/ip\\\/2016\\\/09\\\/07\\\/papa-emerito-benedicto-xvi-tuvo-un-amor-de-juventud-muy-serio\\\/\"]}]},{\"@type\":\"ImageObject\",\"inLanguage\":\"es\",\"@id\":\"https:\\\/\\\/www.ip.gov.py\\\/ip\\\/2016\\\/09\\\/07\\\/papa-emerito-benedicto-xvi-tuvo-un-amor-de-juventud-muy-serio\\\/#primaryimage\",\"url\":\"https:\\\/\\\/www.ip.gov.py\\\/ip\\\/wp-content\\\/uploads\\\/2016\\\/09\\\/Papa.jpg\",\"contentUrl\":\"https:\\\/\\\/www.ip.gov.py\\\/ip\\\/wp-content\\\/uploads\\\/2016\\\/09\\\/Papa.jpg\",\"width\":613,\"height\":460,\"caption\":\"revistatomaylee.wordpress.com\"},{\"@type\":\"BreadcrumbList\",\"@id\":\"https:\\\/\\\/www.ip.gov.py\\\/ip\\\/2016\\\/09\\\/07\\\/papa-emerito-benedicto-xvi-tuvo-un-amor-de-juventud-muy-serio\\\/#breadcrumb\",\"itemListElement\":[{\"@type\":\"ListItem\",\"position\":1,\"name\":\"Portada\",\"item\":\"https:\\\/\\\/www.ip.gov.py\\\/ip\\\/\"},{\"@type\":\"ListItem\",\"position\":2,\"name\":\"Papa em\u00e9rito Benedicto XVI tuvo un amor de juventud \u201cmuy serio\u201d\"}]},{\"@type\":\"WebSite\",\"@id\":\"https:\\\/\\\/www.ip.gov.py\\\/ip\\\/#website\",\"url\":\"https:\\\/\\\/www.ip.gov.py\\\/ip\\\/\",\"name\":\".::Agencia IP::.\",\"description\":\"\",\"publisher\":{\"@id\":\"https:\\\/\\\/www.ip.gov.py\\\/ip\\\/#organization\"},\"potentialAction\":[{\"@type\":\"SearchAction\",\"target\":{\"@type\":\"EntryPoint\",\"urlTemplate\":\"https:\\\/\\\/www.ip.gov.py\\\/ip\\\/?s={search_term_string}\"},\"query-input\":{\"@type\":\"PropertyValueSpecification\",\"valueRequired\":true,\"valueName\":\"search_term_string\"}}],\"inLanguage\":\"es\"},{\"@type\":\"Organization\",\"@id\":\"https:\\\/\\\/www.ip.gov.py\\\/ip\\\/#organization\",\"name\":\"Agencia IP\",\"url\":\"https:\\\/\\\/www.ip.gov.py\\\/ip\\\/\",\"logo\":{\"@type\":\"ImageObject\",\"inLanguage\":\"es\",\"@id\":\"https:\\\/\\\/www.ip.gov.py\\\/ip\\\/#\\\/schema\\\/logo\\\/image\\\/\",\"url\":\"https:\\\/\\\/www.ip.gov.py\\\/ip\\\/wp-content\\\/uploads\\\/2018\\\/01\\\/Agencia-IP.jpg\",\"contentUrl\":\"https:\\\/\\\/www.ip.gov.py\\\/ip\\\/wp-content\\\/uploads\\\/2018\\\/01\\\/Agencia-IP.jpg\",\"width\":150,\"height\":150,\"caption\":\"Agencia IP\"},\"image\":{\"@id\":\"https:\\\/\\\/www.ip.gov.py\\\/ip\\\/#\\\/schema\\\/logo\\\/image\\\/\"},\"sameAs\":[\"https:\\\/\\\/www.facebook.com\\\/IPParaguay\\\/\",\"https:\\\/\\\/x.com\\\/IPParaguay\",\"https:\\\/\\\/www.instagram.com\\\/IPParaguay\"]},{\"@type\":\"Person\",\"@id\":\"https:\\\/\\\/www.ip.gov.py\\\/ip\\\/#\\\/schema\\\/person\\\/fa3668852e893cb0423795330f919039\",\"name\":\"vrios\",\"url\":\"https:\\\/\\\/www.ip.gov.py\\\/ip\\\/author\\\/vrios\\\/\"}]}<\/script>\n<!-- \/ Yoast SEO plugin. -->","yoast_head_json":{"title":"Papa em\u00e9rito Benedicto XVI tuvo un amor de juventud \u201cmuy serio\u201d - .::Agencia IP::.","robots":{"index":"index","follow":"follow","max-snippet":"max-snippet:-1","max-image-preview":"max-image-preview:large","max-video-preview":"max-video-preview:-1"},"canonical":"https:\/\/www.ip.gov.py\/ip\/2016\/09\/07\/papa-emerito-benedicto-xvi-tuvo-un-amor-de-juventud-muy-serio\/","og_locale":"es_ES","og_type":"article","og_title":"Papa em\u00e9rito Benedicto XVI tuvo un amor de juventud \u201cmuy serio\u201d - .::Agencia IP::.","og_description":"Berl\u00edn.- El papa em\u00e9rito Benedicto XVI vivi\u00f3 en su juventud un amor \u201cmuy serio\u201d que hizo dif\u00edcil su \u201copci\u00f3n por el celibato\u201d y el sacerdocio, cont\u00f3 el autor de un libro de entrevistas con Joseph Ratzinger que se publicar\u00e1 el viernes.","og_url":"https:\/\/www.ip.gov.py\/ip\/2016\/09\/07\/papa-emerito-benedicto-xvi-tuvo-un-amor-de-juventud-muy-serio\/","og_site_name":".::Agencia IP::.","article_publisher":"https:\/\/www.facebook.com\/IPParaguay\/","article_published_time":"2016-09-07T18:02:04+00:00","og_image":[{"width":613,"height":460,"url":"https:\/\/www.ip.gov.py\/ip\/wp-content\/uploads\/2016\/09\/Papa.jpg","type":"image\/jpeg"}],"author":"vrios","twitter_card":"summary_large_image","twitter_creator":"@IPParaguay","twitter_site":"@IPParaguay","twitter_misc":{"Escrito por":"vrios","Tiempo de lectura":"2 minutos"},"schema":{"@context":"https:\/\/schema.org","@graph":[{"@type":"Article","@id":"https:\/\/www.ip.gov.py\/ip\/2016\/09\/07\/papa-emerito-benedicto-xvi-tuvo-un-amor-de-juventud-muy-serio\/#article","isPartOf":{"@id":"https:\/\/www.ip.gov.py\/ip\/2016\/09\/07\/papa-emerito-benedicto-xvi-tuvo-un-amor-de-juventud-muy-serio\/"},"author":{"name":"vrios","@id":"https:\/\/www.ip.gov.py\/ip\/#\/schema\/person\/fa3668852e893cb0423795330f919039"},"headline":"Papa em\u00e9rito Benedicto XVI tuvo un amor de juventud \u201cmuy serio\u201d","datePublished":"2016-09-07T18:02:04+00:00","mainEntityOfPage":{"@id":"https:\/\/www.ip.gov.py\/ip\/2016\/09\/07\/papa-emerito-benedicto-xvi-tuvo-un-amor-de-juventud-muy-serio\/"},"wordCount":447,"publisher":{"@id":"https:\/\/www.ip.gov.py\/ip\/#organization"},"image":{"@id":"https:\/\/www.ip.gov.py\/ip\/2016\/09\/07\/papa-emerito-benedicto-xvi-tuvo-un-amor-de-juventud-muy-serio\/#primaryimage"},"thumbnailUrl":"https:\/\/www.ip.gov.py\/ip\/wp-content\/uploads\/2016\/09\/Papa.jpg","articleSection":["Internacionales"],"inLanguage":"es"},{"@type":"WebPage","@id":"https:\/\/www.ip.gov.py\/ip\/2016\/09\/07\/papa-emerito-benedicto-xvi-tuvo-un-amor-de-juventud-muy-serio\/","url":"https:\/\/www.ip.gov.py\/ip\/2016\/09\/07\/papa-emerito-benedicto-xvi-tuvo-un-amor-de-juventud-muy-serio\/","name":"Papa em\u00e9rito Benedicto XVI tuvo un amor de juventud \u201cmuy serio\u201d - .::Agencia IP::.","isPartOf":{"@id":"https:\/\/www.ip.gov.py\/ip\/#website"},"primaryImageOfPage":{"@id":"https:\/\/www.ip.gov.py\/ip\/2016\/09\/07\/papa-emerito-benedicto-xvi-tuvo-un-amor-de-juventud-muy-serio\/#primaryimage"},"image":{"@id":"https:\/\/www.ip.gov.py\/ip\/2016\/09\/07\/papa-emerito-benedicto-xvi-tuvo-un-amor-de-juventud-muy-serio\/#primaryimage"},"thumbnailUrl":"https:\/\/www.ip.gov.py\/ip\/wp-content\/uploads\/2016\/09\/Papa.jpg","datePublished":"2016-09-07T18:02:04+00:00","breadcrumb":{"@id":"https:\/\/www.ip.gov.py\/ip\/2016\/09\/07\/papa-emerito-benedicto-xvi-tuvo-un-amor-de-juventud-muy-serio\/#breadcrumb"},"inLanguage":"es","potentialAction":[{"@type":"ReadAction","target":["https:\/\/www.ip.gov.py\/ip\/2016\/09\/07\/papa-emerito-benedicto-xvi-tuvo-un-amor-de-juventud-muy-serio\/"]}]},{"@type":"ImageObject","inLanguage":"es","@id":"https:\/\/www.ip.gov.py\/ip\/2016\/09\/07\/papa-emerito-benedicto-xvi-tuvo-un-amor-de-juventud-muy-serio\/#primaryimage","url":"https:\/\/www.ip.gov.py\/ip\/wp-content\/uploads\/2016\/09\/Papa.jpg","contentUrl":"https:\/\/www.ip.gov.py\/ip\/wp-content\/uploads\/2016\/09\/Papa.jpg","width":613,"height":460,"caption":"revistatomaylee.wordpress.com"},{"@type":"BreadcrumbList","@id":"https:\/\/www.ip.gov.py\/ip\/2016\/09\/07\/papa-emerito-benedicto-xvi-tuvo-un-amor-de-juventud-muy-serio\/#breadcrumb","itemListElement":[{"@type":"ListItem","position":1,"name":"Portada","item":"https:\/\/www.ip.gov.py\/ip\/"},{"@type":"ListItem","position":2,"name":"Papa em\u00e9rito Benedicto XVI tuvo un amor de juventud \u201cmuy serio\u201d"}]},{"@type":"WebSite","@id":"https:\/\/www.ip.gov.py\/ip\/#website","url":"https:\/\/www.ip.gov.py\/ip\/","name":".::Agencia IP::.","description":"","publisher":{"@id":"https:\/\/www.ip.gov.py\/ip\/#organization"},"potentialAction":[{"@type":"SearchAction","target":{"@type":"EntryPoint","urlTemplate":"https:\/\/www.ip.gov.py\/ip\/?s={search_term_string}"},"query-input":{"@type":"PropertyValueSpecification","valueRequired":true,"valueName":"search_term_string"}}],"inLanguage":"es"},{"@type":"Organization","@id":"https:\/\/www.ip.gov.py\/ip\/#organization","name":"Agencia IP","url":"https:\/\/www.ip.gov.py\/ip\/","logo":{"@type":"ImageObject","inLanguage":"es","@id":"https:\/\/www.ip.gov.py\/ip\/#\/schema\/logo\/image\/","url":"https:\/\/www.ip.gov.py\/ip\/wp-content\/uploads\/2018\/01\/Agencia-IP.jpg","contentUrl":"https:\/\/www.ip.gov.py\/ip\/wp-content\/uploads\/2018\/01\/Agencia-IP.jpg","width":150,"height":150,"caption":"Agencia IP"},"image":{"@id":"https:\/\/www.ip.gov.py\/ip\/#\/schema\/logo\/image\/"},"sameAs":["https:\/\/www.facebook.com\/IPParaguay\/","https:\/\/x.com\/IPParaguay","https:\/\/www.instagram.com\/IPParaguay"]},{"@type":"Person","@id":"https:\/\/www.ip.gov.py\/ip\/#\/schema\/person\/fa3668852e893cb0423795330f919039","name":"vrios","url":"https:\/\/www.ip.gov.py\/ip\/author\/vrios\/"}]}},"_links":{"self":[{"href":"https:\/\/www.ip.gov.py\/ip\/wp-json\/wp\/v2\/posts\/116712","targetHints":{"allow":["GET"]}}],"collection":[{"href":"https:\/\/www.ip.gov.py\/ip\/wp-json\/wp\/v2\/posts"}],"about":[{"href":"https:\/\/www.ip.gov.py\/ip\/wp-json\/wp\/v2\/types\/post"}],"author":[{"embeddable":true,"href":"https:\/\/www.ip.gov.py\/ip\/wp-json\/wp\/v2\/users\/11"}],"replies":[{"embeddable":true,"href":"https:\/\/www.ip.gov.py\/ip\/wp-json\/wp\/v2\/comments?post=116712"}],"version-history":[{"count":0,"href":"https:\/\/www.ip.gov.py\/ip\/wp-json\/wp\/v2\/posts\/116712\/revisions"}],"wp:featuredmedia":[{"embeddable":true,"href":"https:\/\/www.ip.gov.py\/ip\/wp-json\/wp\/v2\/media\/116715"}],"wp:attachment":[{"href":"https:\/\/www.ip.gov.py\/ip\/wp-json\/wp\/v2\/media?parent=116712"}],"wp:term":[{"taxonomy":"category","embeddable":true,"href":"https:\/\/www.ip.gov.py\/ip\/wp-json\/wp\/v2\/categories?post=116712"},{"taxonomy":"post_tag","embeddable":true,"href":"https:\/\/www.ip.gov.py\/ip\/wp-json\/wp\/v2\/tags?post=116712"}],"curies":[{"name":"wp","href":"https:\/\/api.w.org\/{rel}","templated":true}]}}