{"id":116769,"date":"2016-09-07T19:50:52","date_gmt":"2016-09-07T23:50:52","guid":{"rendered":"http:\/\/desarrollo.ip.gov.py\/ip\/?p=116769"},"modified":"2016-09-07T19:50:52","modified_gmt":"2016-09-07T23:50:52","slug":"tiger-woods-anuncio-su-retorno","status":"publish","type":"post","link":"https:\/\/www.ip.gov.py\/ip\/2016\/09\/07\/tiger-woods-anuncio-su-retorno\/","title":{"rendered":"Tiger Woods anunci\u00f3 su retorno"},"content":{"rendered":"<p style=\"text-align: justify;\"><strong><em>Asunci\u00f3n, IP.-<\/em><\/strong> El golfista Tiger Woods anunci\u00f3, a trav\u00e9s de su p\u00e1gina web, que regresar\u00e1 pr\u00f3ximamente a la competici\u00f3n. El estadounidense, que no compite desde el Wyndham Championship en agosto de 2015, formar\u00e1 parte del Safeway Open (13 al 16 de octubre), el Turkish Airlines Open (3 al 6 de noviembre) y el Hero World Challenge (1 al 4 de diciembre).<!--more--><\/p>\n<p style=\"text-align: justify;\">La nota advierte tambi\u00e9n la participaci\u00f3n del golfista en el Tiger Woods Invitational que se disputar\u00e1n los d\u00edas 10 y 11 de octubre.\u00bbMi rehabilitaci\u00f3n est\u00e1 en un punto en el que creo que puedo hacer planes, pero a\u00fan me queda trabajo por hacer\u00bb, dice Tiger Woods, operado en varias ocasiones para sanar sus problemas de espalda.<\/p>\n<p style=\"text-align: justify;\">\u00abPara poder jugar dependo de mi progreso en la recuperaci\u00f3n. Mi esperanza es estar listo en las fechas de estos torneos\u00bb, asegura. El estadounidense, campe\u00f3n de m\u00e1s de 100 t\u00edtulos, no levanta un trofeo desde agosto de 2013.<\/p>\n","protected":false},"excerpt":{"rendered":"<p>Asunci\u00f3n, IP.- El golfista Tiger Woods anunci\u00f3, a trav\u00e9s de su p\u00e1gina web, que regresar\u00e1 pr\u00f3ximamente a la competici\u00f3n. El estadounidense, que no compite desde el Wyndham Championship en agosto de 2015, formar\u00e1 parte del Safeway Open (13 al 16 de octubre), el Turkish Airlines Open (3 al 6 de noviembre) y el Hero World [&hellip;]<\/p>\n","protected":false},"author":20,"featured_media":116770,"comment_status":"closed","ping_status":"closed","sticky":false,"template":"","format":"standard","meta":{"_monsterinsights_skip_tracking":false,"_monsterinsights_sitenote_active":false,"_monsterinsights_sitenote_note":"","_monsterinsights_sitenote_category":0,"footnotes":""},"categories":[8],"tags":[],"class_list":{"0":"post-116769","1":"post","2":"type-post","3":"status-publish","4":"format-standard","5":"has-post-thumbnail","7":"category-deportes"},"yoast_head":"<!-- This site is optimized with the Yoast SEO plugin v27.4 - https:\/\/yoast.com\/product\/yoast-seo-wordpress\/ -->\n<title>Tiger Woods anunci\u00f3 su retorno - .::Agencia IP::.<\/title>\n<meta name=\"robots\" content=\"index, follow, max-snippet:-1, max-image-preview:large, max-video-preview:-1\" \/>\n<link rel=\"canonical\" href=\"https:\/\/www.ip.gov.py\/ip\/2016\/09\/07\/tiger-woods-anuncio-su-retorno\/\" \/>\n<meta property=\"og:locale\" content=\"es_ES\" \/>\n<meta property=\"og:type\" content=\"article\" \/>\n<meta property=\"og:title\" content=\"Tiger Woods anunci\u00f3 su retorno - .::Agencia IP::.\" \/>\n<meta property=\"og:description\" content=\"Asunci\u00f3n, IP.- El golfista Tiger Woods anunci\u00f3, a trav\u00e9s de su p\u00e1gina web, que regresar\u00e1 pr\u00f3ximamente a la competici\u00f3n. El estadounidense, que no compite desde el Wyndham Championship en agosto de 2015, formar\u00e1 parte del Safeway Open (13 al 16 de octubre), el Turkish Airlines Open (3 al 6 de noviembre) y el Hero World [&hellip;]\" \/>\n<meta property=\"og:url\" content=\"https:\/\/www.ip.gov.py\/ip\/2016\/09\/07\/tiger-woods-anuncio-su-retorno\/\" \/>\n<meta property=\"og:site_name\" content=\".::Agencia IP::.\" \/>\n<meta property=\"article:publisher\" content=\"https:\/\/www.facebook.com\/IPParaguay\/\" \/>\n<meta property=\"article:published_time\" content=\"2016-09-07T23:50:52+00:00\" \/>\n<meta property=\"og:image\" content=\"https:\/\/www.ip.gov.py\/ip\/wp-content\/uploads\/2016\/09\/Tiger.jpg\" \/>\n\t<meta property=\"og:image:width\" content=\"990\" \/>\n\t<meta property=\"og:image:height\" content=\"627\" \/>\n\t<meta property=\"og:image:type\" content=\"image\/jpeg\" \/>\n<meta name=\"author\" content=\"Hector Latorre\" \/>\n<meta name=\"twitter:card\" content=\"summary_large_image\" \/>\n<meta name=\"twitter:creator\" content=\"@IPParaguay\" \/>\n<meta name=\"twitter:site\" content=\"@IPParaguay\" \/>\n<meta name=\"twitter:label1\" content=\"Escrito por\" \/>\n\t<meta name=\"twitter:data1\" content=\"Hector Latorre\" \/>\n\t<meta name=\"twitter:label2\" content=\"Tiempo de lectura\" \/>\n\t<meta name=\"twitter:data2\" content=\"1 minuto\" \/>\n<script type=\"application\/ld+json\" class=\"yoast-schema-graph\">{\"@context\":\"https:\\\/\\\/schema.org\",\"@graph\":[{\"@type\":\"Article\",\"@id\":\"https:\\\/\\\/www.ip.gov.py\\\/ip\\\/2016\\\/09\\\/07\\\/tiger-woods-anuncio-su-retorno\\\/#article\",\"isPartOf\":{\"@id\":\"https:\\\/\\\/www.ip.gov.py\\\/ip\\\/2016\\\/09\\\/07\\\/tiger-woods-anuncio-su-retorno\\\/\"},\"author\":{\"name\":\"Hector Latorre\",\"@id\":\"https:\\\/\\\/www.ip.gov.py\\\/ip\\\/#\\\/schema\\\/person\\\/ab00554d48b7525bfa3dfbba7d507ef1\"},\"headline\":\"Tiger Woods anunci\u00f3 su retorno\",\"datePublished\":\"2016-09-07T23:50:52+00:00\",\"mainEntityOfPage\":{\"@id\":\"https:\\\/\\\/www.ip.gov.py\\\/ip\\\/2016\\\/09\\\/07\\\/tiger-woods-anuncio-su-retorno\\\/\"},\"wordCount\":166,\"publisher\":{\"@id\":\"https:\\\/\\\/www.ip.gov.py\\\/ip\\\/#organization\"},\"image\":{\"@id\":\"https:\\\/\\\/www.ip.gov.py\\\/ip\\\/2016\\\/09\\\/07\\\/tiger-woods-anuncio-su-retorno\\\/#primaryimage\"},\"thumbnailUrl\":\"https:\\\/\\\/www.ip.gov.py\\\/ip\\\/wp-content\\\/uploads\\\/2016\\\/09\\\/Tiger.jpg\",\"articleSection\":[\"Deportes\"],\"inLanguage\":\"es\"},{\"@type\":\"WebPage\",\"@id\":\"https:\\\/\\\/www.ip.gov.py\\\/ip\\\/2016\\\/09\\\/07\\\/tiger-woods-anuncio-su-retorno\\\/\",\"url\":\"https:\\\/\\\/www.ip.gov.py\\\/ip\\\/2016\\\/09\\\/07\\\/tiger-woods-anuncio-su-retorno\\\/\",\"name\":\"Tiger Woods anunci\u00f3 su retorno - .::Agencia IP::.\",\"isPartOf\":{\"@id\":\"https:\\\/\\\/www.ip.gov.py\\\/ip\\\/#website\"},\"primaryImageOfPage\":{\"@id\":\"https:\\\/\\\/www.ip.gov.py\\\/ip\\\/2016\\\/09\\\/07\\\/tiger-woods-anuncio-su-retorno\\\/#primaryimage\"},\"image\":{\"@id\":\"https:\\\/\\\/www.ip.gov.py\\\/ip\\\/2016\\\/09\\\/07\\\/tiger-woods-anuncio-su-retorno\\\/#primaryimage\"},\"thumbnailUrl\":\"https:\\\/\\\/www.ip.gov.py\\\/ip\\\/wp-content\\\/uploads\\\/2016\\\/09\\\/Tiger.jpg\",\"datePublished\":\"2016-09-07T23:50:52+00:00\",\"breadcrumb\":{\"@id\":\"https:\\\/\\\/www.ip.gov.py\\\/ip\\\/2016\\\/09\\\/07\\\/tiger-woods-anuncio-su-retorno\\\/#breadcrumb\"},\"inLanguage\":\"es\",\"potentialAction\":[{\"@type\":\"ReadAction\",\"target\":[\"https:\\\/\\\/www.ip.gov.py\\\/ip\\\/2016\\\/09\\\/07\\\/tiger-woods-anuncio-su-retorno\\\/\"]}]},{\"@type\":\"ImageObject\",\"inLanguage\":\"es\",\"@id\":\"https:\\\/\\\/www.ip.gov.py\\\/ip\\\/2016\\\/09\\\/07\\\/tiger-woods-anuncio-su-retorno\\\/#primaryimage\",\"url\":\"https:\\\/\\\/www.ip.gov.py\\\/ip\\\/wp-content\\\/uploads\\\/2016\\\/09\\\/Tiger.jpg\",\"contentUrl\":\"https:\\\/\\\/www.ip.gov.py\\\/ip\\\/wp-content\\\/uploads\\\/2016\\\/09\\\/Tiger.jpg\",\"width\":990,\"height\":627,\"caption\":\"El golpista estadounidense anunci\u00f3 su retorno en la competici\u00f3n. Foto Diario Marca.\"},{\"@type\":\"BreadcrumbList\",\"@id\":\"https:\\\/\\\/www.ip.gov.py\\\/ip\\\/2016\\\/09\\\/07\\\/tiger-woods-anuncio-su-retorno\\\/#breadcrumb\",\"itemListElement\":[{\"@type\":\"ListItem\",\"position\":1,\"name\":\"Portada\",\"item\":\"https:\\\/\\\/www.ip.gov.py\\\/ip\\\/\"},{\"@type\":\"ListItem\",\"position\":2,\"name\":\"Tiger Woods anunci\u00f3 su retorno\"}]},{\"@type\":\"WebSite\",\"@id\":\"https:\\\/\\\/www.ip.gov.py\\\/ip\\\/#website\",\"url\":\"https:\\\/\\\/www.ip.gov.py\\\/ip\\\/\",\"name\":\".::Agencia IP::.\",\"description\":\"\",\"publisher\":{\"@id\":\"https:\\\/\\\/www.ip.gov.py\\\/ip\\\/#organization\"},\"potentialAction\":[{\"@type\":\"SearchAction\",\"target\":{\"@type\":\"EntryPoint\",\"urlTemplate\":\"https:\\\/\\\/www.ip.gov.py\\\/ip\\\/?s={search_term_string}\"},\"query-input\":{\"@type\":\"PropertyValueSpecification\",\"valueRequired\":true,\"valueName\":\"search_term_string\"}}],\"inLanguage\":\"es\"},{\"@type\":\"Organization\",\"@id\":\"https:\\\/\\\/www.ip.gov.py\\\/ip\\\/#organization\",\"name\":\"Agencia IP\",\"url\":\"https:\\\/\\\/www.ip.gov.py\\\/ip\\\/\",\"logo\":{\"@type\":\"ImageObject\",\"inLanguage\":\"es\",\"@id\":\"https:\\\/\\\/www.ip.gov.py\\\/ip\\\/#\\\/schema\\\/logo\\\/image\\\/\",\"url\":\"https:\\\/\\\/www.ip.gov.py\\\/ip\\\/wp-content\\\/uploads\\\/2018\\\/01\\\/Agencia-IP.jpg\",\"contentUrl\":\"https:\\\/\\\/www.ip.gov.py\\\/ip\\\/wp-content\\\/uploads\\\/2018\\\/01\\\/Agencia-IP.jpg\",\"width\":150,\"height\":150,\"caption\":\"Agencia IP\"},\"image\":{\"@id\":\"https:\\\/\\\/www.ip.gov.py\\\/ip\\\/#\\\/schema\\\/logo\\\/image\\\/\"},\"sameAs\":[\"https:\\\/\\\/www.facebook.com\\\/IPParaguay\\\/\",\"https:\\\/\\\/x.com\\\/IPParaguay\",\"https:\\\/\\\/www.instagram.com\\\/IPParaguay\"]},{\"@type\":\"Person\",\"@id\":\"https:\\\/\\\/www.ip.gov.py\\\/ip\\\/#\\\/schema\\\/person\\\/ab00554d48b7525bfa3dfbba7d507ef1\",\"name\":\"Hector Latorre\",\"url\":\"https:\\\/\\\/www.ip.gov.py\\\/ip\\\/author\\\/hlatorre\\\/\"}]}<\/script>\n<!-- \/ Yoast SEO plugin. -->","yoast_head_json":{"title":"Tiger Woods anunci\u00f3 su retorno - .::Agencia IP::.","robots":{"index":"index","follow":"follow","max-snippet":"max-snippet:-1","max-image-preview":"max-image-preview:large","max-video-preview":"max-video-preview:-1"},"canonical":"https:\/\/www.ip.gov.py\/ip\/2016\/09\/07\/tiger-woods-anuncio-su-retorno\/","og_locale":"es_ES","og_type":"article","og_title":"Tiger Woods anunci\u00f3 su retorno - .::Agencia IP::.","og_description":"Asunci\u00f3n, IP.- El golfista Tiger Woods anunci\u00f3, a trav\u00e9s de su p\u00e1gina web, que regresar\u00e1 pr\u00f3ximamente a la competici\u00f3n. El estadounidense, que no compite desde el Wyndham Championship en agosto de 2015, formar\u00e1 parte del Safeway Open (13 al 16 de octubre), el Turkish Airlines Open (3 al 6 de noviembre) y el Hero World [&hellip;]","og_url":"https:\/\/www.ip.gov.py\/ip\/2016\/09\/07\/tiger-woods-anuncio-su-retorno\/","og_site_name":".::Agencia IP::.","article_publisher":"https:\/\/www.facebook.com\/IPParaguay\/","article_published_time":"2016-09-07T23:50:52+00:00","og_image":[{"width":990,"height":627,"url":"https:\/\/www.ip.gov.py\/ip\/wp-content\/uploads\/2016\/09\/Tiger.jpg","type":"image\/jpeg"}],"author":"Hector Latorre","twitter_card":"summary_large_image","twitter_creator":"@IPParaguay","twitter_site":"@IPParaguay","twitter_misc":{"Escrito por":"Hector Latorre","Tiempo de lectura":"1 minuto"},"schema":{"@context":"https:\/\/schema.org","@graph":[{"@type":"Article","@id":"https:\/\/www.ip.gov.py\/ip\/2016\/09\/07\/tiger-woods-anuncio-su-retorno\/#article","isPartOf":{"@id":"https:\/\/www.ip.gov.py\/ip\/2016\/09\/07\/tiger-woods-anuncio-su-retorno\/"},"author":{"name":"Hector Latorre","@id":"https:\/\/www.ip.gov.py\/ip\/#\/schema\/person\/ab00554d48b7525bfa3dfbba7d507ef1"},"headline":"Tiger Woods anunci\u00f3 su retorno","datePublished":"2016-09-07T23:50:52+00:00","mainEntityOfPage":{"@id":"https:\/\/www.ip.gov.py\/ip\/2016\/09\/07\/tiger-woods-anuncio-su-retorno\/"},"wordCount":166,"publisher":{"@id":"https:\/\/www.ip.gov.py\/ip\/#organization"},"image":{"@id":"https:\/\/www.ip.gov.py\/ip\/2016\/09\/07\/tiger-woods-anuncio-su-retorno\/#primaryimage"},"thumbnailUrl":"https:\/\/www.ip.gov.py\/ip\/wp-content\/uploads\/2016\/09\/Tiger.jpg","articleSection":["Deportes"],"inLanguage":"es"},{"@type":"WebPage","@id":"https:\/\/www.ip.gov.py\/ip\/2016\/09\/07\/tiger-woods-anuncio-su-retorno\/","url":"https:\/\/www.ip.gov.py\/ip\/2016\/09\/07\/tiger-woods-anuncio-su-retorno\/","name":"Tiger Woods anunci\u00f3 su retorno - .::Agencia IP::.","isPartOf":{"@id":"https:\/\/www.ip.gov.py\/ip\/#website"},"primaryImageOfPage":{"@id":"https:\/\/www.ip.gov.py\/ip\/2016\/09\/07\/tiger-woods-anuncio-su-retorno\/#primaryimage"},"image":{"@id":"https:\/\/www.ip.gov.py\/ip\/2016\/09\/07\/tiger-woods-anuncio-su-retorno\/#primaryimage"},"thumbnailUrl":"https:\/\/www.ip.gov.py\/ip\/wp-content\/uploads\/2016\/09\/Tiger.jpg","datePublished":"2016-09-07T23:50:52+00:00","breadcrumb":{"@id":"https:\/\/www.ip.gov.py\/ip\/2016\/09\/07\/tiger-woods-anuncio-su-retorno\/#breadcrumb"},"inLanguage":"es","potentialAction":[{"@type":"ReadAction","target":["https:\/\/www.ip.gov.py\/ip\/2016\/09\/07\/tiger-woods-anuncio-su-retorno\/"]}]},{"@type":"ImageObject","inLanguage":"es","@id":"https:\/\/www.ip.gov.py\/ip\/2016\/09\/07\/tiger-woods-anuncio-su-retorno\/#primaryimage","url":"https:\/\/www.ip.gov.py\/ip\/wp-content\/uploads\/2016\/09\/Tiger.jpg","contentUrl":"https:\/\/www.ip.gov.py\/ip\/wp-content\/uploads\/2016\/09\/Tiger.jpg","width":990,"height":627,"caption":"El golpista estadounidense anunci\u00f3 su retorno en la competici\u00f3n. Foto Diario Marca."},{"@type":"BreadcrumbList","@id":"https:\/\/www.ip.gov.py\/ip\/2016\/09\/07\/tiger-woods-anuncio-su-retorno\/#breadcrumb","itemListElement":[{"@type":"ListItem","position":1,"name":"Portada","item":"https:\/\/www.ip.gov.py\/ip\/"},{"@type":"ListItem","position":2,"name":"Tiger Woods anunci\u00f3 su retorno"}]},{"@type":"WebSite","@id":"https:\/\/www.ip.gov.py\/ip\/#website","url":"https:\/\/www.ip.gov.py\/ip\/","name":".::Agencia IP::.","description":"","publisher":{"@id":"https:\/\/www.ip.gov.py\/ip\/#organization"},"potentialAction":[{"@type":"SearchAction","target":{"@type":"EntryPoint","urlTemplate":"https:\/\/www.ip.gov.py\/ip\/?s={search_term_string}"},"query-input":{"@type":"PropertyValueSpecification","valueRequired":true,"valueName":"search_term_string"}}],"inLanguage":"es"},{"@type":"Organization","@id":"https:\/\/www.ip.gov.py\/ip\/#organization","name":"Agencia IP","url":"https:\/\/www.ip.gov.py\/ip\/","logo":{"@type":"ImageObject","inLanguage":"es","@id":"https:\/\/www.ip.gov.py\/ip\/#\/schema\/logo\/image\/","url":"https:\/\/www.ip.gov.py\/ip\/wp-content\/uploads\/2018\/01\/Agencia-IP.jpg","contentUrl":"https:\/\/www.ip.gov.py\/ip\/wp-content\/uploads\/2018\/01\/Agencia-IP.jpg","width":150,"height":150,"caption":"Agencia IP"},"image":{"@id":"https:\/\/www.ip.gov.py\/ip\/#\/schema\/logo\/image\/"},"sameAs":["https:\/\/www.facebook.com\/IPParaguay\/","https:\/\/x.com\/IPParaguay","https:\/\/www.instagram.com\/IPParaguay"]},{"@type":"Person","@id":"https:\/\/www.ip.gov.py\/ip\/#\/schema\/person\/ab00554d48b7525bfa3dfbba7d507ef1","name":"Hector Latorre","url":"https:\/\/www.ip.gov.py\/ip\/author\/hlatorre\/"}]}},"_links":{"self":[{"href":"https:\/\/www.ip.gov.py\/ip\/wp-json\/wp\/v2\/posts\/116769","targetHints":{"allow":["GET"]}}],"collection":[{"href":"https:\/\/www.ip.gov.py\/ip\/wp-json\/wp\/v2\/posts"}],"about":[{"href":"https:\/\/www.ip.gov.py\/ip\/wp-json\/wp\/v2\/types\/post"}],"author":[{"embeddable":true,"href":"https:\/\/www.ip.gov.py\/ip\/wp-json\/wp\/v2\/users\/20"}],"replies":[{"embeddable":true,"href":"https:\/\/www.ip.gov.py\/ip\/wp-json\/wp\/v2\/comments?post=116769"}],"version-history":[{"count":0,"href":"https:\/\/www.ip.gov.py\/ip\/wp-json\/wp\/v2\/posts\/116769\/revisions"}],"wp:featuredmedia":[{"embeddable":true,"href":"https:\/\/www.ip.gov.py\/ip\/wp-json\/wp\/v2\/media\/116770"}],"wp:attachment":[{"href":"https:\/\/www.ip.gov.py\/ip\/wp-json\/wp\/v2\/media?parent=116769"}],"wp:term":[{"taxonomy":"category","embeddable":true,"href":"https:\/\/www.ip.gov.py\/ip\/wp-json\/wp\/v2\/categories?post=116769"},{"taxonomy":"post_tag","embeddable":true,"href":"https:\/\/www.ip.gov.py\/ip\/wp-json\/wp\/v2\/tags?post=116769"}],"curies":[{"name":"wp","href":"https:\/\/api.w.org\/{rel}","templated":true}]}}