{"id":119525,"date":"2016-09-27T07:15:48","date_gmt":"2016-09-27T11:15:48","guid":{"rendered":"http:\/\/desarrollo.ip.gov.py\/ip\/?p=119525"},"modified":"2016-09-27T07:15:48","modified_gmt":"2016-09-27T11:15:48","slug":"lula-asegura-que-sera-candidato-en-2018","status":"publish","type":"post","link":"https:\/\/www.ip.gov.py\/ip\/2016\/09\/27\/lula-asegura-que-sera-candidato-en-2018\/","title":{"rendered":"Lula asegura que ser\u00e1 candidato en 2018"},"content":{"rendered":"<p style=\"text-align: justify;\"><em><strong>Rio de Janeiro.-<\/strong><\/em> El expresidente brasile\u00f1o Luis Inacio Lula da Silva declar\u00f3 que buscar\u00e1 regresar al poder en 2018, durante un encendido discurso en el que desestim\u00f3 las acusaciones de corrupci\u00f3n en su contra afirmando que se trata de una persecuci\u00f3n.<!--more--><\/p>\n<p style=\"text-align: justify;\">Muy popular cuando dej\u00f3 su cargo a fines de 2010, el l\u00edder hist\u00f3rico del Partido de los Trabajadores (PT) particip\u00f3 de un acto de campa\u00f1a en Rio de Janeiro en apoyo a Jandira Feghali, la candidata comunista a las elecciones municipales de este domingo.<\/p>\n<p style=\"text-align: justify;\">Pero la concentraci\u00f3n de un millar de entusiastas activistas parec\u00eda m\u00e1s bien un acto de campa\u00f1a del propio Lula para las presidenciales de 2018.<\/p>\n<p style=\"text-align: justify;\">\u201cUstedes ser\u00e1n mi apoyo electoral en 2018\u201d , declar\u00f3 durante su intervenci\u00f3n, llamando a sus enfervorizados seguidores a \u201cseguir luchando por este pa\u00eds\u201d .<\/p>\n<p style=\"text-align: justify;\">Lustrador de zapatos cuando ni\u00f1o, obrero metal\u00fargico m\u00e1s tarde y posteriormente fundador del PT, Lula se convirti\u00f3 en uno de los presidentes m\u00e1s influyentes de Brasil. En su discurso de media hora, se dedic\u00f3 a destacar los logros sociales de sus dos gobiernos (2003-10) , en especial la reducci\u00f3n de la pobreza y la expansi\u00f3n de la educaci\u00f3n.<\/p>\n<p style=\"text-align: justify;\">\u201cProb\u00e9 que es posible cambiar la historia de este pa\u00eds\u201d , sostuvo. \u201cEn Brasil los pobres dejaron de ser un problema; pasaron a ser parte de la soluci\u00f3n\u201d , agreg\u00f3.<\/p>\n<p style=\"text-align: justify;\">El peque\u00f1o pero entusiasta grupo, reunido frente a una iglesia de la zona oeste de R\u00edo, vitore\u00f3 al ex mandatario de 70 a\u00f1os al son de tambores y encendieron bengalas.<\/p>\n<p style=\"text-align: justify;\">La semana pasada, el juez de primera instancia Sergio Moro acogi\u00f3 una acusaci\u00f3n de la fiscal\u00eda para juzgar al exmandatario por corrupci\u00f3n y lavado de dinero en el marco de la Operaci\u00f3n Lava Jato que investiga una enorme red de desv\u00edo de dinero entre empresarios y pol\u00edticos a trav\u00e9s de la petrolera estatal Petrobras.<\/p>\n<p style=\"text-align: justify;\">Seg\u00fan los fiscales, Lula comandaba ese esquema de corrupci\u00f3n.<\/p>\n<p style=\"text-align: justify;\">Un juicio podr\u00eda acabar con sus ambiciones de volver al palacio de Planalto, mientras varias altas figuras de su gobierno tambi\u00e9n est\u00e1n siendo investigadas, entre ellas sus exministros de Hacienda Guido Mantega, detenido brevemente el jueves, y Antonio Palocci, arrestado este lunes.<\/p>\n<p style=\"text-align: justify;\">Su ahijada pol\u00edtica Dilma Rousseff, adem\u00e1s, fue destituida de la presidencia en un juicio pol\u00edtico a fines de agosto.<\/p>\n<p style=\"text-align: justify;\">Lula calific\u00f3 a los j\u00f3venes miembros de la operaci\u00f3n anticorrupci\u00f3n de \u201cni\u00f1os fiscales\u201d y dijo que sus enemigos \u201cpersiguen al PT para que yo no pueda ser candidato en 2018\u201d .<\/p>\n<p style=\"text-align: justify;\">\u201cDicen que Lula se compara a Jesucristo\u201d , ironiz\u00f3 durante el acto, aludiendo a burlas de que tiene una muy alta imagen de s\u00ed mismo.<\/p>\n<p style=\"text-align: justify;\">\u201cNo me comparo con Jesucristo, pero yo tambi\u00e9n soy un perseguido\u201d , se\u00f1al\u00f3.<\/p>\n","protected":false},"excerpt":{"rendered":"<p>Rio de Janeiro.- El expresidente brasile\u00f1o Luis Inacio Lula da Silva declar\u00f3 que buscar\u00e1 regresar al poder en 2018, durante un encendido discurso en el que desestim\u00f3 las acusaciones de corrupci\u00f3n en su contra afirmando que se trata de una persecuci\u00f3n.<\/p>\n","protected":false},"author":11,"featured_media":119526,"comment_status":"closed","ping_status":"closed","sticky":false,"template":"","format":"standard","meta":{"_monsterinsights_skip_tracking":false,"_monsterinsights_sitenote_active":false,"_monsterinsights_sitenote_note":"","_monsterinsights_sitenote_category":0,"footnotes":""},"categories":[5],"tags":[],"class_list":{"0":"post-119525","1":"post","2":"type-post","3":"status-publish","4":"format-standard","5":"has-post-thumbnail","7":"category-internacionales"},"yoast_head":"<!-- This site is optimized with the Yoast SEO plugin v27.4 - https:\/\/yoast.com\/product\/yoast-seo-wordpress\/ -->\n<title>Lula asegura que ser\u00e1 candidato en 2018 - .::Agencia IP::.<\/title>\n<meta name=\"robots\" content=\"index, follow, max-snippet:-1, max-image-preview:large, max-video-preview:-1\" \/>\n<link rel=\"canonical\" href=\"https:\/\/www.ip.gov.py\/ip\/2016\/09\/27\/lula-asegura-que-sera-candidato-en-2018\/\" \/>\n<meta property=\"og:locale\" content=\"es_ES\" \/>\n<meta property=\"og:type\" content=\"article\" \/>\n<meta property=\"og:title\" content=\"Lula asegura que ser\u00e1 candidato en 2018 - .::Agencia IP::.\" \/>\n<meta property=\"og:description\" content=\"Rio de Janeiro.- El expresidente brasile\u00f1o Luis Inacio Lula da Silva declar\u00f3 que buscar\u00e1 regresar al poder en 2018, durante un encendido discurso en el que desestim\u00f3 las acusaciones de corrupci\u00f3n en su contra afirmando que se trata de una persecuci\u00f3n.\" \/>\n<meta property=\"og:url\" content=\"https:\/\/www.ip.gov.py\/ip\/2016\/09\/27\/lula-asegura-que-sera-candidato-en-2018\/\" \/>\n<meta property=\"og:site_name\" content=\".::Agencia IP::.\" \/>\n<meta property=\"article:publisher\" content=\"https:\/\/www.facebook.com\/IPParaguay\/\" \/>\n<meta property=\"article:published_time\" content=\"2016-09-27T11:15:48+00:00\" \/>\n<meta property=\"og:image\" content=\"https:\/\/www.ip.gov.py\/ip\/wp-content\/uploads\/2016\/09\/Lula.jpg\" \/>\n\t<meta property=\"og:image:width\" content=\"635\" \/>\n\t<meta property=\"og:image:height\" content=\"358\" \/>\n\t<meta property=\"og:image:type\" content=\"image\/jpeg\" \/>\n<meta name=\"author\" content=\"vrios\" \/>\n<meta name=\"twitter:card\" content=\"summary_large_image\" \/>\n<meta name=\"twitter:creator\" content=\"@IPParaguay\" \/>\n<meta name=\"twitter:site\" content=\"@IPParaguay\" \/>\n<meta name=\"twitter:label1\" content=\"Escrito por\" \/>\n\t<meta name=\"twitter:data1\" content=\"vrios\" \/>\n\t<meta name=\"twitter:label2\" content=\"Tiempo de lectura\" \/>\n\t<meta name=\"twitter:data2\" content=\"2 minutos\" \/>\n<script type=\"application\/ld+json\" class=\"yoast-schema-graph\">{\"@context\":\"https:\\\/\\\/schema.org\",\"@graph\":[{\"@type\":\"Article\",\"@id\":\"https:\\\/\\\/www.ip.gov.py\\\/ip\\\/2016\\\/09\\\/27\\\/lula-asegura-que-sera-candidato-en-2018\\\/#article\",\"isPartOf\":{\"@id\":\"https:\\\/\\\/www.ip.gov.py\\\/ip\\\/2016\\\/09\\\/27\\\/lula-asegura-que-sera-candidato-en-2018\\\/\"},\"author\":{\"name\":\"vrios\",\"@id\":\"https:\\\/\\\/www.ip.gov.py\\\/ip\\\/#\\\/schema\\\/person\\\/fa3668852e893cb0423795330f919039\"},\"headline\":\"Lula asegura que ser\u00e1 candidato en 2018\",\"datePublished\":\"2016-09-27T11:15:48+00:00\",\"mainEntityOfPage\":{\"@id\":\"https:\\\/\\\/www.ip.gov.py\\\/ip\\\/2016\\\/09\\\/27\\\/lula-asegura-que-sera-candidato-en-2018\\\/\"},\"wordCount\":483,\"publisher\":{\"@id\":\"https:\\\/\\\/www.ip.gov.py\\\/ip\\\/#organization\"},\"image\":{\"@id\":\"https:\\\/\\\/www.ip.gov.py\\\/ip\\\/2016\\\/09\\\/27\\\/lula-asegura-que-sera-candidato-en-2018\\\/#primaryimage\"},\"thumbnailUrl\":\"https:\\\/\\\/www.ip.gov.py\\\/ip\\\/wp-content\\\/uploads\\\/2016\\\/09\\\/Lula.jpg\",\"articleSection\":[\"Internacionales\"],\"inLanguage\":\"es\"},{\"@type\":\"WebPage\",\"@id\":\"https:\\\/\\\/www.ip.gov.py\\\/ip\\\/2016\\\/09\\\/27\\\/lula-asegura-que-sera-candidato-en-2018\\\/\",\"url\":\"https:\\\/\\\/www.ip.gov.py\\\/ip\\\/2016\\\/09\\\/27\\\/lula-asegura-que-sera-candidato-en-2018\\\/\",\"name\":\"Lula asegura que ser\u00e1 candidato en 2018 - .::Agencia IP::.\",\"isPartOf\":{\"@id\":\"https:\\\/\\\/www.ip.gov.py\\\/ip\\\/#website\"},\"primaryImageOfPage\":{\"@id\":\"https:\\\/\\\/www.ip.gov.py\\\/ip\\\/2016\\\/09\\\/27\\\/lula-asegura-que-sera-candidato-en-2018\\\/#primaryimage\"},\"image\":{\"@id\":\"https:\\\/\\\/www.ip.gov.py\\\/ip\\\/2016\\\/09\\\/27\\\/lula-asegura-que-sera-candidato-en-2018\\\/#primaryimage\"},\"thumbnailUrl\":\"https:\\\/\\\/www.ip.gov.py\\\/ip\\\/wp-content\\\/uploads\\\/2016\\\/09\\\/Lula.jpg\",\"datePublished\":\"2016-09-27T11:15:48+00:00\",\"breadcrumb\":{\"@id\":\"https:\\\/\\\/www.ip.gov.py\\\/ip\\\/2016\\\/09\\\/27\\\/lula-asegura-que-sera-candidato-en-2018\\\/#breadcrumb\"},\"inLanguage\":\"es\",\"potentialAction\":[{\"@type\":\"ReadAction\",\"target\":[\"https:\\\/\\\/www.ip.gov.py\\\/ip\\\/2016\\\/09\\\/27\\\/lula-asegura-que-sera-candidato-en-2018\\\/\"]}]},{\"@type\":\"ImageObject\",\"inLanguage\":\"es\",\"@id\":\"https:\\\/\\\/www.ip.gov.py\\\/ip\\\/2016\\\/09\\\/27\\\/lula-asegura-que-sera-candidato-en-2018\\\/#primaryimage\",\"url\":\"https:\\\/\\\/www.ip.gov.py\\\/ip\\\/wp-content\\\/uploads\\\/2016\\\/09\\\/Lula.jpg\",\"contentUrl\":\"https:\\\/\\\/www.ip.gov.py\\\/ip\\\/wp-content\\\/uploads\\\/2016\\\/09\\\/Lula.jpg\",\"width\":635,\"height\":358,\"caption\":\"www.entornointeligente.com\"},{\"@type\":\"BreadcrumbList\",\"@id\":\"https:\\\/\\\/www.ip.gov.py\\\/ip\\\/2016\\\/09\\\/27\\\/lula-asegura-que-sera-candidato-en-2018\\\/#breadcrumb\",\"itemListElement\":[{\"@type\":\"ListItem\",\"position\":1,\"name\":\"Portada\",\"item\":\"https:\\\/\\\/www.ip.gov.py\\\/ip\\\/\"},{\"@type\":\"ListItem\",\"position\":2,\"name\":\"Lula asegura que ser\u00e1 candidato en 2018\"}]},{\"@type\":\"WebSite\",\"@id\":\"https:\\\/\\\/www.ip.gov.py\\\/ip\\\/#website\",\"url\":\"https:\\\/\\\/www.ip.gov.py\\\/ip\\\/\",\"name\":\".::Agencia IP::.\",\"description\":\"\",\"publisher\":{\"@id\":\"https:\\\/\\\/www.ip.gov.py\\\/ip\\\/#organization\"},\"potentialAction\":[{\"@type\":\"SearchAction\",\"target\":{\"@type\":\"EntryPoint\",\"urlTemplate\":\"https:\\\/\\\/www.ip.gov.py\\\/ip\\\/?s={search_term_string}\"},\"query-input\":{\"@type\":\"PropertyValueSpecification\",\"valueRequired\":true,\"valueName\":\"search_term_string\"}}],\"inLanguage\":\"es\"},{\"@type\":\"Organization\",\"@id\":\"https:\\\/\\\/www.ip.gov.py\\\/ip\\\/#organization\",\"name\":\"Agencia IP\",\"url\":\"https:\\\/\\\/www.ip.gov.py\\\/ip\\\/\",\"logo\":{\"@type\":\"ImageObject\",\"inLanguage\":\"es\",\"@id\":\"https:\\\/\\\/www.ip.gov.py\\\/ip\\\/#\\\/schema\\\/logo\\\/image\\\/\",\"url\":\"https:\\\/\\\/www.ip.gov.py\\\/ip\\\/wp-content\\\/uploads\\\/2018\\\/01\\\/Agencia-IP.jpg\",\"contentUrl\":\"https:\\\/\\\/www.ip.gov.py\\\/ip\\\/wp-content\\\/uploads\\\/2018\\\/01\\\/Agencia-IP.jpg\",\"width\":150,\"height\":150,\"caption\":\"Agencia IP\"},\"image\":{\"@id\":\"https:\\\/\\\/www.ip.gov.py\\\/ip\\\/#\\\/schema\\\/logo\\\/image\\\/\"},\"sameAs\":[\"https:\\\/\\\/www.facebook.com\\\/IPParaguay\\\/\",\"https:\\\/\\\/x.com\\\/IPParaguay\",\"https:\\\/\\\/www.instagram.com\\\/IPParaguay\"]},{\"@type\":\"Person\",\"@id\":\"https:\\\/\\\/www.ip.gov.py\\\/ip\\\/#\\\/schema\\\/person\\\/fa3668852e893cb0423795330f919039\",\"name\":\"vrios\",\"url\":\"https:\\\/\\\/www.ip.gov.py\\\/ip\\\/author\\\/vrios\\\/\"}]}<\/script>\n<!-- \/ Yoast SEO plugin. -->","yoast_head_json":{"title":"Lula asegura que ser\u00e1 candidato en 2018 - .::Agencia IP::.","robots":{"index":"index","follow":"follow","max-snippet":"max-snippet:-1","max-image-preview":"max-image-preview:large","max-video-preview":"max-video-preview:-1"},"canonical":"https:\/\/www.ip.gov.py\/ip\/2016\/09\/27\/lula-asegura-que-sera-candidato-en-2018\/","og_locale":"es_ES","og_type":"article","og_title":"Lula asegura que ser\u00e1 candidato en 2018 - .::Agencia IP::.","og_description":"Rio de Janeiro.- El expresidente brasile\u00f1o Luis Inacio Lula da Silva declar\u00f3 que buscar\u00e1 regresar al poder en 2018, durante un encendido discurso en el que desestim\u00f3 las acusaciones de corrupci\u00f3n en su contra afirmando que se trata de una persecuci\u00f3n.","og_url":"https:\/\/www.ip.gov.py\/ip\/2016\/09\/27\/lula-asegura-que-sera-candidato-en-2018\/","og_site_name":".::Agencia IP::.","article_publisher":"https:\/\/www.facebook.com\/IPParaguay\/","article_published_time":"2016-09-27T11:15:48+00:00","og_image":[{"width":635,"height":358,"url":"https:\/\/www.ip.gov.py\/ip\/wp-content\/uploads\/2016\/09\/Lula.jpg","type":"image\/jpeg"}],"author":"vrios","twitter_card":"summary_large_image","twitter_creator":"@IPParaguay","twitter_site":"@IPParaguay","twitter_misc":{"Escrito por":"vrios","Tiempo de lectura":"2 minutos"},"schema":{"@context":"https:\/\/schema.org","@graph":[{"@type":"Article","@id":"https:\/\/www.ip.gov.py\/ip\/2016\/09\/27\/lula-asegura-que-sera-candidato-en-2018\/#article","isPartOf":{"@id":"https:\/\/www.ip.gov.py\/ip\/2016\/09\/27\/lula-asegura-que-sera-candidato-en-2018\/"},"author":{"name":"vrios","@id":"https:\/\/www.ip.gov.py\/ip\/#\/schema\/person\/fa3668852e893cb0423795330f919039"},"headline":"Lula asegura que ser\u00e1 candidato en 2018","datePublished":"2016-09-27T11:15:48+00:00","mainEntityOfPage":{"@id":"https:\/\/www.ip.gov.py\/ip\/2016\/09\/27\/lula-asegura-que-sera-candidato-en-2018\/"},"wordCount":483,"publisher":{"@id":"https:\/\/www.ip.gov.py\/ip\/#organization"},"image":{"@id":"https:\/\/www.ip.gov.py\/ip\/2016\/09\/27\/lula-asegura-que-sera-candidato-en-2018\/#primaryimage"},"thumbnailUrl":"https:\/\/www.ip.gov.py\/ip\/wp-content\/uploads\/2016\/09\/Lula.jpg","articleSection":["Internacionales"],"inLanguage":"es"},{"@type":"WebPage","@id":"https:\/\/www.ip.gov.py\/ip\/2016\/09\/27\/lula-asegura-que-sera-candidato-en-2018\/","url":"https:\/\/www.ip.gov.py\/ip\/2016\/09\/27\/lula-asegura-que-sera-candidato-en-2018\/","name":"Lula asegura que ser\u00e1 candidato en 2018 - .::Agencia IP::.","isPartOf":{"@id":"https:\/\/www.ip.gov.py\/ip\/#website"},"primaryImageOfPage":{"@id":"https:\/\/www.ip.gov.py\/ip\/2016\/09\/27\/lula-asegura-que-sera-candidato-en-2018\/#primaryimage"},"image":{"@id":"https:\/\/www.ip.gov.py\/ip\/2016\/09\/27\/lula-asegura-que-sera-candidato-en-2018\/#primaryimage"},"thumbnailUrl":"https:\/\/www.ip.gov.py\/ip\/wp-content\/uploads\/2016\/09\/Lula.jpg","datePublished":"2016-09-27T11:15:48+00:00","breadcrumb":{"@id":"https:\/\/www.ip.gov.py\/ip\/2016\/09\/27\/lula-asegura-que-sera-candidato-en-2018\/#breadcrumb"},"inLanguage":"es","potentialAction":[{"@type":"ReadAction","target":["https:\/\/www.ip.gov.py\/ip\/2016\/09\/27\/lula-asegura-que-sera-candidato-en-2018\/"]}]},{"@type":"ImageObject","inLanguage":"es","@id":"https:\/\/www.ip.gov.py\/ip\/2016\/09\/27\/lula-asegura-que-sera-candidato-en-2018\/#primaryimage","url":"https:\/\/www.ip.gov.py\/ip\/wp-content\/uploads\/2016\/09\/Lula.jpg","contentUrl":"https:\/\/www.ip.gov.py\/ip\/wp-content\/uploads\/2016\/09\/Lula.jpg","width":635,"height":358,"caption":"www.entornointeligente.com"},{"@type":"BreadcrumbList","@id":"https:\/\/www.ip.gov.py\/ip\/2016\/09\/27\/lula-asegura-que-sera-candidato-en-2018\/#breadcrumb","itemListElement":[{"@type":"ListItem","position":1,"name":"Portada","item":"https:\/\/www.ip.gov.py\/ip\/"},{"@type":"ListItem","position":2,"name":"Lula asegura que ser\u00e1 candidato en 2018"}]},{"@type":"WebSite","@id":"https:\/\/www.ip.gov.py\/ip\/#website","url":"https:\/\/www.ip.gov.py\/ip\/","name":".::Agencia IP::.","description":"","publisher":{"@id":"https:\/\/www.ip.gov.py\/ip\/#organization"},"potentialAction":[{"@type":"SearchAction","target":{"@type":"EntryPoint","urlTemplate":"https:\/\/www.ip.gov.py\/ip\/?s={search_term_string}"},"query-input":{"@type":"PropertyValueSpecification","valueRequired":true,"valueName":"search_term_string"}}],"inLanguage":"es"},{"@type":"Organization","@id":"https:\/\/www.ip.gov.py\/ip\/#organization","name":"Agencia IP","url":"https:\/\/www.ip.gov.py\/ip\/","logo":{"@type":"ImageObject","inLanguage":"es","@id":"https:\/\/www.ip.gov.py\/ip\/#\/schema\/logo\/image\/","url":"https:\/\/www.ip.gov.py\/ip\/wp-content\/uploads\/2018\/01\/Agencia-IP.jpg","contentUrl":"https:\/\/www.ip.gov.py\/ip\/wp-content\/uploads\/2018\/01\/Agencia-IP.jpg","width":150,"height":150,"caption":"Agencia IP"},"image":{"@id":"https:\/\/www.ip.gov.py\/ip\/#\/schema\/logo\/image\/"},"sameAs":["https:\/\/www.facebook.com\/IPParaguay\/","https:\/\/x.com\/IPParaguay","https:\/\/www.instagram.com\/IPParaguay"]},{"@type":"Person","@id":"https:\/\/www.ip.gov.py\/ip\/#\/schema\/person\/fa3668852e893cb0423795330f919039","name":"vrios","url":"https:\/\/www.ip.gov.py\/ip\/author\/vrios\/"}]}},"_links":{"self":[{"href":"https:\/\/www.ip.gov.py\/ip\/wp-json\/wp\/v2\/posts\/119525","targetHints":{"allow":["GET"]}}],"collection":[{"href":"https:\/\/www.ip.gov.py\/ip\/wp-json\/wp\/v2\/posts"}],"about":[{"href":"https:\/\/www.ip.gov.py\/ip\/wp-json\/wp\/v2\/types\/post"}],"author":[{"embeddable":true,"href":"https:\/\/www.ip.gov.py\/ip\/wp-json\/wp\/v2\/users\/11"}],"replies":[{"embeddable":true,"href":"https:\/\/www.ip.gov.py\/ip\/wp-json\/wp\/v2\/comments?post=119525"}],"version-history":[{"count":0,"href":"https:\/\/www.ip.gov.py\/ip\/wp-json\/wp\/v2\/posts\/119525\/revisions"}],"wp:featuredmedia":[{"embeddable":true,"href":"https:\/\/www.ip.gov.py\/ip\/wp-json\/wp\/v2\/media\/119526"}],"wp:attachment":[{"href":"https:\/\/www.ip.gov.py\/ip\/wp-json\/wp\/v2\/media?parent=119525"}],"wp:term":[{"taxonomy":"category","embeddable":true,"href":"https:\/\/www.ip.gov.py\/ip\/wp-json\/wp\/v2\/categories?post=119525"},{"taxonomy":"post_tag","embeddable":true,"href":"https:\/\/www.ip.gov.py\/ip\/wp-json\/wp\/v2\/tags?post=119525"}],"curies":[{"name":"wp","href":"https:\/\/api.w.org\/{rel}","templated":true}]}}