{"id":119648,"date":"2016-09-27T14:23:54","date_gmt":"2016-09-27T18:23:54","guid":{"rendered":"http:\/\/desarrollo.ip.gov.py\/ip\/?p=119648"},"modified":"2016-09-27T14:23:54","modified_gmt":"2016-09-27T18:23:54","slug":"nacio-el-primer-bebe-del-mundo-con-adn-de-tres-padres","status":"publish","type":"post","link":"https:\/\/www.ip.gov.py\/ip\/2016\/09\/27\/nacio-el-primer-bebe-del-mundo-con-adn-de-tres-padres\/","title":{"rendered":"Naci\u00f3 el primer beb\u00e9 del mundo con ADN de tres padres"},"content":{"rendered":"<p><em><strong>Londres.-<\/strong><\/em>Abrahim Hassan naci\u00f3 fruto de un controvertido m\u00e9todo que se sirve del ADN del padre, de la madre, y de una donante o \u00absegunda madre\u00bb<!--more--><\/p>\n<p>El nacimiento del primer beb\u00e9 del mundo engendrado mediante una t\u00e9cnica de reproducci\u00f3n asistida que emplea ADN de tres padres diferentes se ha hecho realidad, seg\u00fan revel\u00f3 hoy la revista de divulgaci\u00f3n cient\u00edfica brit\u00e1nica \u00abNew Scientist\u00bb.<\/p>\n<p>La publicaci\u00f3n se\u00f1ala que se trata de Abrahim Hassan, un beb\u00e9 de cinco meses, que naci\u00f3 fruto de un controvertido m\u00e9todo que se sirve del ADN del padre, de la madre y de una donante o \u00absegunda madre\u00bb.<\/p>\n<p>Esa t\u00e9cnica, que permite a progenitores con mutaciones gen\u00e9ticas raras concebir hijos sanos, fue aprobada en el Reino Unido en 2015, informa el diario argentino La Naci\u00f3n.<\/p>\n<p>Los expertos en embriolog\u00eda explican que el nacimiento de Abrahim Hassan, cuyos padres jordanos fueron tratados en M\u00e9xico por un equipo m\u00e9dico de EE.UU., deber\u00eda impulsar el progreso de estas t\u00e9cnicas por todo el mundo.<\/p>\n<p>En este caso, la madre del beb\u00e9, Ibtisam Shaban, portaba genes del llamado s\u00edndrome de Leigh, un desorden mortal que afecta al sistema nervioso en desarrollo.<\/p>\n<p>Los genes de esa enfermedad se encuentran en el ADN mitocondrial, que proporciona la energ\u00eda a las c\u00e9lulas y transporta 37 genes que se transmiten de madres a hijos.<\/p>\n<p>Seg\u00fan el art\u00edculo de \u00abNew Scientist\u00bb, alrededor de un cuarto del ADN mitocondrial que ten\u00eda Shaban portaba la mutaci\u00f3n que ocasiona la citada enfermedad.<\/p>\n<p>Aunque la madre de Abrahim es una persona sana, el s\u00edndrome ocasion\u00f3 la muerte de sus dos primeros beb\u00e9s, por lo que junto con su esposo, Mahmoud Hassan, solicit\u00f3 la ayuda del especialista en fertilidad John Zhang y su equipo en el Centro de Fertilizaci\u00f3n New Hope en Nueva York (EE.UU.).<\/p>\n<p>Diferentes m\u00e9todos<\/p>\n<p>En teor\u00eda existen varias maneras de llevar a cabo esa t\u00e9cnica de combina ADN de tres padres, pero el m\u00e9todo aprobado en el Reino Unido, denominado transferencia pronuclear, implica la fertilizaci\u00f3n del \u00f3vulo de la madre, del de una donante y del esperma del padre.<\/p>\n<p>Por esa t\u00e9cnica, antes de que los \u00f3vulos fertilizados comiencen a dividirse en embriones se retira cada n\u00facleo y, a continuaci\u00f3n, se descarta el de la donante para reemplazarlo por el de la madre.<\/p>\n<p>No obstante, esa t\u00e9cnica no result\u00f3 apropiada en el caso de Shaban y Hassan, ambos musulmanes, por motivos religiosos, pues se opon\u00edan a la destrucci\u00f3n de dos embriones.<\/p>\n<p>Por ello, Zhang adopt\u00f3 un enfoque diferente en su tratamiento, por el cual retir\u00f3 el n\u00facleo de uno de los \u00f3vulos de Shaban y lo insert\u00f3 en el \u00f3vulo de la donante, del cual hab\u00eda ya sido retirado su propio n\u00facleo.<\/p>\n<p>El \u00f3vulo resultante con ADN nuclear de Shaban y el ADN mitocondrial de la donante se fertiliz\u00f3 entonces con el esperma del padre.<\/p>\n<p>De esa manera se crearon cinco embriones, de los cuales tan solo uno se desarroll\u00f3 normalmente y de \u00e9l naci\u00f3 el beb\u00e9 Ibrahim.<\/p>\n<p>Seg\u00fan anuncia la revista, el equipo m\u00e9dico hablar\u00e1 el pr\u00f3ximo mes de sus hallazgos en un congreso cient\u00edfico sobre medicina reproductiva en Salt Lake, EE.UU., un pa\u00eds donde esos m\u00e9todos no han sido aprobados legalmente.<\/p>\n","protected":false},"excerpt":{"rendered":"<p>Londres.-Abrahim Hassan naci\u00f3 fruto de un controvertido m\u00e9todo que se sirve del ADN del padre, de la madre, y de una donante o \u00absegunda madre\u00bb<\/p>\n","protected":false},"author":11,"featured_media":119655,"comment_status":"closed","ping_status":"closed","sticky":false,"template":"","format":"standard","meta":{"_monsterinsights_skip_tracking":false,"_monsterinsights_sitenote_active":false,"_monsterinsights_sitenote_note":"","_monsterinsights_sitenote_category":0,"footnotes":""},"categories":[5],"tags":[],"class_list":{"0":"post-119648","1":"post","2":"type-post","3":"status-publish","4":"format-standard","5":"has-post-thumbnail","7":"category-internacionales"},"yoast_head":"<!-- This site is optimized with the Yoast SEO plugin v27.5 - https:\/\/yoast.com\/product\/yoast-seo-wordpress\/ -->\n<title>Naci\u00f3 el primer beb\u00e9 del mundo con ADN de tres padres - .::Agencia IP::.<\/title>\n<meta name=\"robots\" content=\"index, follow, max-snippet:-1, max-image-preview:large, max-video-preview:-1\" \/>\n<link rel=\"canonical\" href=\"https:\/\/www.ip.gov.py\/ip\/2016\/09\/27\/nacio-el-primer-bebe-del-mundo-con-adn-de-tres-padres\/\" \/>\n<meta property=\"og:locale\" content=\"es_ES\" \/>\n<meta property=\"og:type\" content=\"article\" \/>\n<meta property=\"og:title\" content=\"Naci\u00f3 el primer beb\u00e9 del mundo con ADN de tres padres - .::Agencia IP::.\" \/>\n<meta property=\"og:description\" content=\"Londres.-Abrahim Hassan naci\u00f3 fruto de un controvertido m\u00e9todo que se sirve del ADN del padre, de la madre, y de una donante o \u00absegunda madre\u00bb\" \/>\n<meta property=\"og:url\" content=\"https:\/\/www.ip.gov.py\/ip\/2016\/09\/27\/nacio-el-primer-bebe-del-mundo-con-adn-de-tres-padres\/\" \/>\n<meta property=\"og:site_name\" content=\".::Agencia IP::.\" \/>\n<meta property=\"article:publisher\" content=\"https:\/\/www.facebook.com\/IPParaguay\/\" \/>\n<meta property=\"article:published_time\" content=\"2016-09-27T18:23:54+00:00\" \/>\n<meta property=\"og:image\" content=\"https:\/\/www.ip.gov.py\/ip\/wp-content\/uploads\/2016\/09\/Bebe.jpg\" \/>\n\t<meta property=\"og:image:width\" content=\"647\" \/>\n\t<meta property=\"og:image:height\" content=\"395\" \/>\n\t<meta property=\"og:image:type\" content=\"image\/jpeg\" \/>\n<meta name=\"author\" content=\"vrios\" \/>\n<meta name=\"twitter:card\" content=\"summary_large_image\" \/>\n<meta name=\"twitter:creator\" content=\"@IPParaguay\" \/>\n<meta name=\"twitter:site\" content=\"@IPParaguay\" \/>\n<meta name=\"twitter:label1\" content=\"Escrito por\" \/>\n\t<meta name=\"twitter:data1\" content=\"vrios\" \/>\n\t<meta name=\"twitter:label2\" content=\"Tiempo de lectura\" \/>\n\t<meta name=\"twitter:data2\" content=\"3 minutos\" \/>\n<script type=\"application\/ld+json\" class=\"yoast-schema-graph\">{\"@context\":\"https:\\\/\\\/schema.org\",\"@graph\":[{\"@type\":\"Article\",\"@id\":\"https:\\\/\\\/www.ip.gov.py\\\/ip\\\/2016\\\/09\\\/27\\\/nacio-el-primer-bebe-del-mundo-con-adn-de-tres-padres\\\/#article\",\"isPartOf\":{\"@id\":\"https:\\\/\\\/www.ip.gov.py\\\/ip\\\/2016\\\/09\\\/27\\\/nacio-el-primer-bebe-del-mundo-con-adn-de-tres-padres\\\/\"},\"author\":{\"name\":\"vrios\",\"@id\":\"https:\\\/\\\/www.ip.gov.py\\\/ip\\\/#\\\/schema\\\/person\\\/fa3668852e893cb0423795330f919039\"},\"headline\":\"Naci\u00f3 el primer beb\u00e9 del mundo con ADN de tres padres\",\"datePublished\":\"2016-09-27T18:23:54+00:00\",\"mainEntityOfPage\":{\"@id\":\"https:\\\/\\\/www.ip.gov.py\\\/ip\\\/2016\\\/09\\\/27\\\/nacio-el-primer-bebe-del-mundo-con-adn-de-tres-padres\\\/\"},\"wordCount\":584,\"publisher\":{\"@id\":\"https:\\\/\\\/www.ip.gov.py\\\/ip\\\/#organization\"},\"image\":{\"@id\":\"https:\\\/\\\/www.ip.gov.py\\\/ip\\\/2016\\\/09\\\/27\\\/nacio-el-primer-bebe-del-mundo-con-adn-de-tres-padres\\\/#primaryimage\"},\"thumbnailUrl\":\"https:\\\/\\\/www.ip.gov.py\\\/ip\\\/wp-content\\\/uploads\\\/2016\\\/09\\\/Bebe.jpg\",\"articleSection\":[\"Internacionales\"],\"inLanguage\":\"es\"},{\"@type\":\"WebPage\",\"@id\":\"https:\\\/\\\/www.ip.gov.py\\\/ip\\\/2016\\\/09\\\/27\\\/nacio-el-primer-bebe-del-mundo-con-adn-de-tres-padres\\\/\",\"url\":\"https:\\\/\\\/www.ip.gov.py\\\/ip\\\/2016\\\/09\\\/27\\\/nacio-el-primer-bebe-del-mundo-con-adn-de-tres-padres\\\/\",\"name\":\"Naci\u00f3 el primer beb\u00e9 del mundo con ADN de tres padres - .::Agencia IP::.\",\"isPartOf\":{\"@id\":\"https:\\\/\\\/www.ip.gov.py\\\/ip\\\/#website\"},\"primaryImageOfPage\":{\"@id\":\"https:\\\/\\\/www.ip.gov.py\\\/ip\\\/2016\\\/09\\\/27\\\/nacio-el-primer-bebe-del-mundo-con-adn-de-tres-padres\\\/#primaryimage\"},\"image\":{\"@id\":\"https:\\\/\\\/www.ip.gov.py\\\/ip\\\/2016\\\/09\\\/27\\\/nacio-el-primer-bebe-del-mundo-con-adn-de-tres-padres\\\/#primaryimage\"},\"thumbnailUrl\":\"https:\\\/\\\/www.ip.gov.py\\\/ip\\\/wp-content\\\/uploads\\\/2016\\\/09\\\/Bebe.jpg\",\"datePublished\":\"2016-09-27T18:23:54+00:00\",\"breadcrumb\":{\"@id\":\"https:\\\/\\\/www.ip.gov.py\\\/ip\\\/2016\\\/09\\\/27\\\/nacio-el-primer-bebe-del-mundo-con-adn-de-tres-padres\\\/#breadcrumb\"},\"inLanguage\":\"es\",\"potentialAction\":[{\"@type\":\"ReadAction\",\"target\":[\"https:\\\/\\\/www.ip.gov.py\\\/ip\\\/2016\\\/09\\\/27\\\/nacio-el-primer-bebe-del-mundo-con-adn-de-tres-padres\\\/\"]}]},{\"@type\":\"ImageObject\",\"inLanguage\":\"es\",\"@id\":\"https:\\\/\\\/www.ip.gov.py\\\/ip\\\/2016\\\/09\\\/27\\\/nacio-el-primer-bebe-del-mundo-con-adn-de-tres-padres\\\/#primaryimage\",\"url\":\"https:\\\/\\\/www.ip.gov.py\\\/ip\\\/wp-content\\\/uploads\\\/2016\\\/09\\\/Bebe.jpg\",\"contentUrl\":\"https:\\\/\\\/www.ip.gov.py\\\/ip\\\/wp-content\\\/uploads\\\/2016\\\/09\\\/Bebe.jpg\",\"width\":647,\"height\":395,\"caption\":\"www.latribuna.hn\"},{\"@type\":\"BreadcrumbList\",\"@id\":\"https:\\\/\\\/www.ip.gov.py\\\/ip\\\/2016\\\/09\\\/27\\\/nacio-el-primer-bebe-del-mundo-con-adn-de-tres-padres\\\/#breadcrumb\",\"itemListElement\":[{\"@type\":\"ListItem\",\"position\":1,\"name\":\"Portada\",\"item\":\"https:\\\/\\\/www.ip.gov.py\\\/ip\\\/\"},{\"@type\":\"ListItem\",\"position\":2,\"name\":\"Naci\u00f3 el primer beb\u00e9 del mundo con ADN de tres padres\"}]},{\"@type\":\"WebSite\",\"@id\":\"https:\\\/\\\/www.ip.gov.py\\\/ip\\\/#website\",\"url\":\"https:\\\/\\\/www.ip.gov.py\\\/ip\\\/\",\"name\":\".::Agencia IP::.\",\"description\":\"\",\"publisher\":{\"@id\":\"https:\\\/\\\/www.ip.gov.py\\\/ip\\\/#organization\"},\"potentialAction\":[{\"@type\":\"SearchAction\",\"target\":{\"@type\":\"EntryPoint\",\"urlTemplate\":\"https:\\\/\\\/www.ip.gov.py\\\/ip\\\/?s={search_term_string}\"},\"query-input\":{\"@type\":\"PropertyValueSpecification\",\"valueRequired\":true,\"valueName\":\"search_term_string\"}}],\"inLanguage\":\"es\"},{\"@type\":\"Organization\",\"@id\":\"https:\\\/\\\/www.ip.gov.py\\\/ip\\\/#organization\",\"name\":\"Agencia IP\",\"url\":\"https:\\\/\\\/www.ip.gov.py\\\/ip\\\/\",\"logo\":{\"@type\":\"ImageObject\",\"inLanguage\":\"es\",\"@id\":\"https:\\\/\\\/www.ip.gov.py\\\/ip\\\/#\\\/schema\\\/logo\\\/image\\\/\",\"url\":\"https:\\\/\\\/www.ip.gov.py\\\/ip\\\/wp-content\\\/uploads\\\/2018\\\/01\\\/Agencia-IP.jpg\",\"contentUrl\":\"https:\\\/\\\/www.ip.gov.py\\\/ip\\\/wp-content\\\/uploads\\\/2018\\\/01\\\/Agencia-IP.jpg\",\"width\":150,\"height\":150,\"caption\":\"Agencia IP\"},\"image\":{\"@id\":\"https:\\\/\\\/www.ip.gov.py\\\/ip\\\/#\\\/schema\\\/logo\\\/image\\\/\"},\"sameAs\":[\"https:\\\/\\\/www.facebook.com\\\/IPParaguay\\\/\",\"https:\\\/\\\/x.com\\\/IPParaguay\",\"https:\\\/\\\/www.instagram.com\\\/IPParaguay\"]},{\"@type\":\"Person\",\"@id\":\"https:\\\/\\\/www.ip.gov.py\\\/ip\\\/#\\\/schema\\\/person\\\/fa3668852e893cb0423795330f919039\",\"name\":\"vrios\",\"url\":\"https:\\\/\\\/www.ip.gov.py\\\/ip\\\/author\\\/vrios\\\/\"}]}<\/script>\n<!-- \/ Yoast SEO plugin. -->","yoast_head_json":{"title":"Naci\u00f3 el primer beb\u00e9 del mundo con ADN de tres padres - .::Agencia IP::.","robots":{"index":"index","follow":"follow","max-snippet":"max-snippet:-1","max-image-preview":"max-image-preview:large","max-video-preview":"max-video-preview:-1"},"canonical":"https:\/\/www.ip.gov.py\/ip\/2016\/09\/27\/nacio-el-primer-bebe-del-mundo-con-adn-de-tres-padres\/","og_locale":"es_ES","og_type":"article","og_title":"Naci\u00f3 el primer beb\u00e9 del mundo con ADN de tres padres - .::Agencia IP::.","og_description":"Londres.-Abrahim Hassan naci\u00f3 fruto de un controvertido m\u00e9todo que se sirve del ADN del padre, de la madre, y de una donante o \u00absegunda madre\u00bb","og_url":"https:\/\/www.ip.gov.py\/ip\/2016\/09\/27\/nacio-el-primer-bebe-del-mundo-con-adn-de-tres-padres\/","og_site_name":".::Agencia IP::.","article_publisher":"https:\/\/www.facebook.com\/IPParaguay\/","article_published_time":"2016-09-27T18:23:54+00:00","og_image":[{"width":647,"height":395,"url":"https:\/\/www.ip.gov.py\/ip\/wp-content\/uploads\/2016\/09\/Bebe.jpg","type":"image\/jpeg"}],"author":"vrios","twitter_card":"summary_large_image","twitter_creator":"@IPParaguay","twitter_site":"@IPParaguay","twitter_misc":{"Escrito por":"vrios","Tiempo de lectura":"3 minutos"},"schema":{"@context":"https:\/\/schema.org","@graph":[{"@type":"Article","@id":"https:\/\/www.ip.gov.py\/ip\/2016\/09\/27\/nacio-el-primer-bebe-del-mundo-con-adn-de-tres-padres\/#article","isPartOf":{"@id":"https:\/\/www.ip.gov.py\/ip\/2016\/09\/27\/nacio-el-primer-bebe-del-mundo-con-adn-de-tres-padres\/"},"author":{"name":"vrios","@id":"https:\/\/www.ip.gov.py\/ip\/#\/schema\/person\/fa3668852e893cb0423795330f919039"},"headline":"Naci\u00f3 el primer beb\u00e9 del mundo con ADN de tres padres","datePublished":"2016-09-27T18:23:54+00:00","mainEntityOfPage":{"@id":"https:\/\/www.ip.gov.py\/ip\/2016\/09\/27\/nacio-el-primer-bebe-del-mundo-con-adn-de-tres-padres\/"},"wordCount":584,"publisher":{"@id":"https:\/\/www.ip.gov.py\/ip\/#organization"},"image":{"@id":"https:\/\/www.ip.gov.py\/ip\/2016\/09\/27\/nacio-el-primer-bebe-del-mundo-con-adn-de-tres-padres\/#primaryimage"},"thumbnailUrl":"https:\/\/www.ip.gov.py\/ip\/wp-content\/uploads\/2016\/09\/Bebe.jpg","articleSection":["Internacionales"],"inLanguage":"es"},{"@type":"WebPage","@id":"https:\/\/www.ip.gov.py\/ip\/2016\/09\/27\/nacio-el-primer-bebe-del-mundo-con-adn-de-tres-padres\/","url":"https:\/\/www.ip.gov.py\/ip\/2016\/09\/27\/nacio-el-primer-bebe-del-mundo-con-adn-de-tres-padres\/","name":"Naci\u00f3 el primer beb\u00e9 del mundo con ADN de tres padres - .::Agencia IP::.","isPartOf":{"@id":"https:\/\/www.ip.gov.py\/ip\/#website"},"primaryImageOfPage":{"@id":"https:\/\/www.ip.gov.py\/ip\/2016\/09\/27\/nacio-el-primer-bebe-del-mundo-con-adn-de-tres-padres\/#primaryimage"},"image":{"@id":"https:\/\/www.ip.gov.py\/ip\/2016\/09\/27\/nacio-el-primer-bebe-del-mundo-con-adn-de-tres-padres\/#primaryimage"},"thumbnailUrl":"https:\/\/www.ip.gov.py\/ip\/wp-content\/uploads\/2016\/09\/Bebe.jpg","datePublished":"2016-09-27T18:23:54+00:00","breadcrumb":{"@id":"https:\/\/www.ip.gov.py\/ip\/2016\/09\/27\/nacio-el-primer-bebe-del-mundo-con-adn-de-tres-padres\/#breadcrumb"},"inLanguage":"es","potentialAction":[{"@type":"ReadAction","target":["https:\/\/www.ip.gov.py\/ip\/2016\/09\/27\/nacio-el-primer-bebe-del-mundo-con-adn-de-tres-padres\/"]}]},{"@type":"ImageObject","inLanguage":"es","@id":"https:\/\/www.ip.gov.py\/ip\/2016\/09\/27\/nacio-el-primer-bebe-del-mundo-con-adn-de-tres-padres\/#primaryimage","url":"https:\/\/www.ip.gov.py\/ip\/wp-content\/uploads\/2016\/09\/Bebe.jpg","contentUrl":"https:\/\/www.ip.gov.py\/ip\/wp-content\/uploads\/2016\/09\/Bebe.jpg","width":647,"height":395,"caption":"www.latribuna.hn"},{"@type":"BreadcrumbList","@id":"https:\/\/www.ip.gov.py\/ip\/2016\/09\/27\/nacio-el-primer-bebe-del-mundo-con-adn-de-tres-padres\/#breadcrumb","itemListElement":[{"@type":"ListItem","position":1,"name":"Portada","item":"https:\/\/www.ip.gov.py\/ip\/"},{"@type":"ListItem","position":2,"name":"Naci\u00f3 el primer beb\u00e9 del mundo con ADN de tres padres"}]},{"@type":"WebSite","@id":"https:\/\/www.ip.gov.py\/ip\/#website","url":"https:\/\/www.ip.gov.py\/ip\/","name":".::Agencia IP::.","description":"","publisher":{"@id":"https:\/\/www.ip.gov.py\/ip\/#organization"},"potentialAction":[{"@type":"SearchAction","target":{"@type":"EntryPoint","urlTemplate":"https:\/\/www.ip.gov.py\/ip\/?s={search_term_string}"},"query-input":{"@type":"PropertyValueSpecification","valueRequired":true,"valueName":"search_term_string"}}],"inLanguage":"es"},{"@type":"Organization","@id":"https:\/\/www.ip.gov.py\/ip\/#organization","name":"Agencia IP","url":"https:\/\/www.ip.gov.py\/ip\/","logo":{"@type":"ImageObject","inLanguage":"es","@id":"https:\/\/www.ip.gov.py\/ip\/#\/schema\/logo\/image\/","url":"https:\/\/www.ip.gov.py\/ip\/wp-content\/uploads\/2018\/01\/Agencia-IP.jpg","contentUrl":"https:\/\/www.ip.gov.py\/ip\/wp-content\/uploads\/2018\/01\/Agencia-IP.jpg","width":150,"height":150,"caption":"Agencia IP"},"image":{"@id":"https:\/\/www.ip.gov.py\/ip\/#\/schema\/logo\/image\/"},"sameAs":["https:\/\/www.facebook.com\/IPParaguay\/","https:\/\/x.com\/IPParaguay","https:\/\/www.instagram.com\/IPParaguay"]},{"@type":"Person","@id":"https:\/\/www.ip.gov.py\/ip\/#\/schema\/person\/fa3668852e893cb0423795330f919039","name":"vrios","url":"https:\/\/www.ip.gov.py\/ip\/author\/vrios\/"}]}},"_links":{"self":[{"href":"https:\/\/www.ip.gov.py\/ip\/wp-json\/wp\/v2\/posts\/119648","targetHints":{"allow":["GET"]}}],"collection":[{"href":"https:\/\/www.ip.gov.py\/ip\/wp-json\/wp\/v2\/posts"}],"about":[{"href":"https:\/\/www.ip.gov.py\/ip\/wp-json\/wp\/v2\/types\/post"}],"author":[{"embeddable":true,"href":"https:\/\/www.ip.gov.py\/ip\/wp-json\/wp\/v2\/users\/11"}],"replies":[{"embeddable":true,"href":"https:\/\/www.ip.gov.py\/ip\/wp-json\/wp\/v2\/comments?post=119648"}],"version-history":[{"count":0,"href":"https:\/\/www.ip.gov.py\/ip\/wp-json\/wp\/v2\/posts\/119648\/revisions"}],"wp:featuredmedia":[{"embeddable":true,"href":"https:\/\/www.ip.gov.py\/ip\/wp-json\/wp\/v2\/media\/119655"}],"wp:attachment":[{"href":"https:\/\/www.ip.gov.py\/ip\/wp-json\/wp\/v2\/media?parent=119648"}],"wp:term":[{"taxonomy":"category","embeddable":true,"href":"https:\/\/www.ip.gov.py\/ip\/wp-json\/wp\/v2\/categories?post=119648"},{"taxonomy":"post_tag","embeddable":true,"href":"https:\/\/www.ip.gov.py\/ip\/wp-json\/wp\/v2\/tags?post=119648"}],"curies":[{"name":"wp","href":"https:\/\/api.w.org\/{rel}","templated":true}]}}