{"id":120283,"date":"2016-10-01T10:13:07","date_gmt":"2016-10-01T14:13:07","guid":{"rendered":"http:\/\/desarrollo.ip.gov.py\/ip\/?p=120283"},"modified":"2016-10-01T10:29:40","modified_gmt":"2016-10-01T14:29:40","slug":"presidente-cartes-inauguro-frigorifico-modelo-en-belen-concepcion","status":"publish","type":"post","link":"https:\/\/www.ip.gov.py\/ip\/2016\/10\/01\/presidente-cartes-inauguro-frigorifico-modelo-en-belen-concepcion\/","title":{"rendered":"Presidente Cartes inaugur\u00f3 frigor\u00edfico modelo en Bel\u00e9n, Concepci\u00f3n"},"content":{"rendered":"<p style=\"text-align: justify;\"><em><strong>Asunci\u00f3n, IP.-<\/strong><\/em> El presidente de la Rep\u00fablica, inaugur\u00f3 este s\u00e1bado la nueva planta frigor\u00edfica en la ciudad de Bel\u00e9n, departamento de Concepci\u00f3n, que generar\u00e1 unos 1.200 empleos directos para los pobladores del norte del pa\u00eds.\u00a0<!--more--><\/p>\n<p style=\"text-align: justify;\">Hace exactamente un a\u00f1o, el mandatario hab\u00eda encabezado el acto de inicio de construcci\u00f3n del frigor\u00edfico JBS y tras 12 meses se traslad\u00f3 nuevamente a Bel\u00e9n esta vez para su inauguraci\u00f3n, junto con referentes de la empresa, ministros del Poder Ejecutivo, parlamentarios y otras autoridades.<\/p>\n<p style=\"text-align: justify;\">Responsables de la empresa aseguraron que se trata de una planta frigor\u00edfica modelo en toda Latinoam\u00e9rica, donde se utilizar\u00e1n las mejores pr\u00e1cticas que se tienen en todos los pa\u00edses donde est\u00e1 presente la compa\u00f1\u00eda.<\/p>\n<p style=\"text-align: justify;\">Con esta nueva planta frigor\u00edfica en el departamento de Concepci\u00f3n, JBS Paraguay va duplicar sus operaciones en el pa\u00eds, ya que la compa\u00f1\u00eda brasile\u00f1a cuenta con dos plantas c\u00e1rnicas, la Industria Paraguaya Frigor\u00edfica SA (Ipfsa), ubicada en Tablada, y Frigor\u00edfico San Antonio, situada en la ciudad del mismo nombre, con alrededor de 1.000 funcionarios en las dos fabricas.<br \/>\n<img loading=\"lazy\" decoding=\"async\" class=\"size-medium wp-image-120303 alignleft\" src=\"https:\/\/www.ip.gov.py\/ip\/wp-content\/uploads\/2016\/10\/presidente-Cartes_inuaguracion_frigorifico-en-Belen-600x433.jpg\" alt=\"presidente-cartes_inuaguracion_frigorifico-en-belen\" width=\"600\" height=\"433\" srcset=\"https:\/\/www.ip.gov.py\/ip\/wp-content\/uploads\/2016\/10\/presidente-Cartes_inuaguracion_frigorifico-en-Belen-600x433.jpg 600w, https:\/\/www.ip.gov.py\/ip\/wp-content\/uploads\/2016\/10\/presidente-Cartes_inuaguracion_frigorifico-en-Belen-768x554.jpg 768w, https:\/\/www.ip.gov.py\/ip\/wp-content\/uploads\/2016\/10\/presidente-Cartes_inuaguracion_frigorifico-en-Belen.jpg 1024w, https:\/\/www.ip.gov.py\/ip\/wp-content\/uploads\/2016\/10\/presidente-Cartes_inuaguracion_frigorifico-en-Belen-324x235.jpg 324w, https:\/\/www.ip.gov.py\/ip\/wp-content\/uploads\/2016\/10\/presidente-Cartes_inuaguracion_frigorifico-en-Belen-696x502.jpg 696w, https:\/\/www.ip.gov.py\/ip\/wp-content\/uploads\/2016\/10\/presidente-Cartes_inuaguracion_frigorifico-en-Belen-582x420.jpg 582w\" sizes=\"auto, (max-width: 600px) 100vw, 600px\" \/>La instalaci\u00f3n del frigor\u00edfico impactar\u00e1 significativamente en uno de los departamentos m\u00e1s carenciados del pa\u00eds ya que sus beneficiarios son de Bel\u00e9n, Horqueta, Concepci\u00f3n, Loreto y otros distritos del mencionado departamento.<\/p>\n<p>JBS en Bel\u00e9n \u00a0representa una inversi\u00f3n de 80 millones de d\u00f3lares, tendr\u00e1 capacidad para faenar unas 1.200 cabezas por d\u00eda y dar empleo de manera directa a unas 1.200 personas.<\/p>\n<p style=\"text-align: justify;\">La firma JBS cuenta con oficinas en 20 pa\u00edses del mundo y lleva productos a 150 mercados. La empresa cuenta con 230.000 colaboradores en todo el mundo, y posee m\u00e1s de 300.000 clientes activos mundiales.<\/p>\n","protected":false},"excerpt":{"rendered":"<p>Asunci\u00f3n, IP.- El presidente de la Rep\u00fablica, inaugur\u00f3 este s\u00e1bado la nueva planta frigor\u00edfica en la ciudad de Bel\u00e9n, departamento de Concepci\u00f3n, que generar\u00e1 unos 1.200 empleos directos para los pobladores del norte del pa\u00eds.\u00a0<\/p>\n","protected":false},"author":7,"featured_media":120299,"comment_status":"closed","ping_status":"closed","sticky":false,"template":"","format":"standard","meta":{"_monsterinsights_skip_tracking":false,"_monsterinsights_sitenote_active":false,"_monsterinsights_sitenote_note":"","_monsterinsights_sitenote_category":0,"footnotes":""},"categories":[6],"tags":[],"class_list":{"0":"post-120283","1":"post","2":"type-post","3":"status-publish","4":"format-standard","5":"has-post-thumbnail","7":"category-politica"},"yoast_head":"<!-- This site is optimized with the Yoast SEO plugin v27.5 - https:\/\/yoast.com\/product\/yoast-seo-wordpress\/ -->\n<title>Presidente Cartes inaugur\u00f3 frigor\u00edfico modelo en Bel\u00e9n, Concepci\u00f3n - .::Agencia IP::.<\/title>\n<meta name=\"robots\" content=\"index, follow, max-snippet:-1, max-image-preview:large, max-video-preview:-1\" \/>\n<link rel=\"canonical\" href=\"https:\/\/www.ip.gov.py\/ip\/2016\/10\/01\/presidente-cartes-inauguro-frigorifico-modelo-en-belen-concepcion\/\" \/>\n<meta property=\"og:locale\" content=\"es_ES\" \/>\n<meta property=\"og:type\" content=\"article\" \/>\n<meta property=\"og:title\" content=\"Presidente Cartes inaugur\u00f3 frigor\u00edfico modelo en Bel\u00e9n, Concepci\u00f3n - .::Agencia IP::.\" \/>\n<meta property=\"og:description\" content=\"Asunci\u00f3n, IP.- El presidente de la Rep\u00fablica, inaugur\u00f3 este s\u00e1bado la nueva planta frigor\u00edfica en la ciudad de Bel\u00e9n, departamento de Concepci\u00f3n, que generar\u00e1 unos 1.200 empleos directos para los pobladores del norte del pa\u00eds.\u00a0\" \/>\n<meta property=\"og:url\" content=\"https:\/\/www.ip.gov.py\/ip\/2016\/10\/01\/presidente-cartes-inauguro-frigorifico-modelo-en-belen-concepcion\/\" \/>\n<meta property=\"og:site_name\" content=\".::Agencia IP::.\" \/>\n<meta property=\"article:publisher\" content=\"https:\/\/www.facebook.com\/IPParaguay\/\" \/>\n<meta property=\"article:published_time\" content=\"2016-10-01T14:13:07+00:00\" \/>\n<meta property=\"article:modified_time\" content=\"2016-10-01T14:29:40+00:00\" \/>\n<meta property=\"og:image\" content=\"https:\/\/www.ip.gov.py\/ip\/wp-content\/uploads\/2016\/10\/JBS_frigorifico-en-Belen.jpg\" \/>\n\t<meta property=\"og:image:width\" content=\"960\" \/>\n\t<meta property=\"og:image:height\" content=\"540\" \/>\n\t<meta property=\"og:image:type\" content=\"image\/jpeg\" \/>\n<meta name=\"author\" content=\"Karina L\u00f3pez\" \/>\n<meta name=\"twitter:card\" content=\"summary_large_image\" \/>\n<meta name=\"twitter:creator\" content=\"@IPParaguay\" \/>\n<meta name=\"twitter:site\" content=\"@IPParaguay\" \/>\n<meta name=\"twitter:label1\" content=\"Escrito por\" \/>\n\t<meta name=\"twitter:data1\" content=\"Karina L\u00f3pez\" \/>\n\t<meta name=\"twitter:label2\" content=\"Tiempo de lectura\" \/>\n\t<meta name=\"twitter:data2\" content=\"1 minuto\" \/>\n<script type=\"application\/ld+json\" class=\"yoast-schema-graph\">{\"@context\":\"https:\\\/\\\/schema.org\",\"@graph\":[{\"@type\":\"Article\",\"@id\":\"https:\\\/\\\/www.ip.gov.py\\\/ip\\\/2016\\\/10\\\/01\\\/presidente-cartes-inauguro-frigorifico-modelo-en-belen-concepcion\\\/#article\",\"isPartOf\":{\"@id\":\"https:\\\/\\\/www.ip.gov.py\\\/ip\\\/2016\\\/10\\\/01\\\/presidente-cartes-inauguro-frigorifico-modelo-en-belen-concepcion\\\/\"},\"author\":{\"name\":\"Karina L\u00f3pez\",\"@id\":\"https:\\\/\\\/www.ip.gov.py\\\/ip\\\/#\\\/schema\\\/person\\\/613765cf13d420d448042e6802220539\"},\"headline\":\"Presidente Cartes inaugur\u00f3 frigor\u00edfico modelo en Bel\u00e9n, Concepci\u00f3n\",\"datePublished\":\"2016-10-01T14:13:07+00:00\",\"dateModified\":\"2016-10-01T14:29:40+00:00\",\"mainEntityOfPage\":{\"@id\":\"https:\\\/\\\/www.ip.gov.py\\\/ip\\\/2016\\\/10\\\/01\\\/presidente-cartes-inauguro-frigorifico-modelo-en-belen-concepcion\\\/\"},\"wordCount\":309,\"publisher\":{\"@id\":\"https:\\\/\\\/www.ip.gov.py\\\/ip\\\/#organization\"},\"image\":{\"@id\":\"https:\\\/\\\/www.ip.gov.py\\\/ip\\\/2016\\\/10\\\/01\\\/presidente-cartes-inauguro-frigorifico-modelo-en-belen-concepcion\\\/#primaryimage\"},\"thumbnailUrl\":\"https:\\\/\\\/www.ip.gov.py\\\/ip\\\/wp-content\\\/uploads\\\/2016\\\/10\\\/JBS_frigorifico-en-Belen.jpg\",\"articleSection\":[\"Pol\u00edtica\"],\"inLanguage\":\"es\"},{\"@type\":\"WebPage\",\"@id\":\"https:\\\/\\\/www.ip.gov.py\\\/ip\\\/2016\\\/10\\\/01\\\/presidente-cartes-inauguro-frigorifico-modelo-en-belen-concepcion\\\/\",\"url\":\"https:\\\/\\\/www.ip.gov.py\\\/ip\\\/2016\\\/10\\\/01\\\/presidente-cartes-inauguro-frigorifico-modelo-en-belen-concepcion\\\/\",\"name\":\"Presidente Cartes inaugur\u00f3 frigor\u00edfico modelo en Bel\u00e9n, Concepci\u00f3n - .::Agencia IP::.\",\"isPartOf\":{\"@id\":\"https:\\\/\\\/www.ip.gov.py\\\/ip\\\/#website\"},\"primaryImageOfPage\":{\"@id\":\"https:\\\/\\\/www.ip.gov.py\\\/ip\\\/2016\\\/10\\\/01\\\/presidente-cartes-inauguro-frigorifico-modelo-en-belen-concepcion\\\/#primaryimage\"},\"image\":{\"@id\":\"https:\\\/\\\/www.ip.gov.py\\\/ip\\\/2016\\\/10\\\/01\\\/presidente-cartes-inauguro-frigorifico-modelo-en-belen-concepcion\\\/#primaryimage\"},\"thumbnailUrl\":\"https:\\\/\\\/www.ip.gov.py\\\/ip\\\/wp-content\\\/uploads\\\/2016\\\/10\\\/JBS_frigorifico-en-Belen.jpg\",\"datePublished\":\"2016-10-01T14:13:07+00:00\",\"dateModified\":\"2016-10-01T14:29:40+00:00\",\"breadcrumb\":{\"@id\":\"https:\\\/\\\/www.ip.gov.py\\\/ip\\\/2016\\\/10\\\/01\\\/presidente-cartes-inauguro-frigorifico-modelo-en-belen-concepcion\\\/#breadcrumb\"},\"inLanguage\":\"es\",\"potentialAction\":[{\"@type\":\"ReadAction\",\"target\":[\"https:\\\/\\\/www.ip.gov.py\\\/ip\\\/2016\\\/10\\\/01\\\/presidente-cartes-inauguro-frigorifico-modelo-en-belen-concepcion\\\/\"]}]},{\"@type\":\"ImageObject\",\"inLanguage\":\"es\",\"@id\":\"https:\\\/\\\/www.ip.gov.py\\\/ip\\\/2016\\\/10\\\/01\\\/presidente-cartes-inauguro-frigorifico-modelo-en-belen-concepcion\\\/#primaryimage\",\"url\":\"https:\\\/\\\/www.ip.gov.py\\\/ip\\\/wp-content\\\/uploads\\\/2016\\\/10\\\/JBS_frigorifico-en-Belen.jpg\",\"contentUrl\":\"https:\\\/\\\/www.ip.gov.py\\\/ip\\\/wp-content\\\/uploads\\\/2016\\\/10\\\/JBS_frigorifico-en-Belen.jpg\",\"width\":960,\"height\":540,\"caption\":\"Esta ma\u00f1ana fue habilitada la nueva planta frigor\u00edfica en Bel\u00e9n. Foto gentileza\\\/Presidencia de la Rep\u00fablica.\"},{\"@type\":\"BreadcrumbList\",\"@id\":\"https:\\\/\\\/www.ip.gov.py\\\/ip\\\/2016\\\/10\\\/01\\\/presidente-cartes-inauguro-frigorifico-modelo-en-belen-concepcion\\\/#breadcrumb\",\"itemListElement\":[{\"@type\":\"ListItem\",\"position\":1,\"name\":\"Portada\",\"item\":\"https:\\\/\\\/www.ip.gov.py\\\/ip\\\/\"},{\"@type\":\"ListItem\",\"position\":2,\"name\":\"Presidente Cartes inaugur\u00f3 frigor\u00edfico modelo en Bel\u00e9n, Concepci\u00f3n\"}]},{\"@type\":\"WebSite\",\"@id\":\"https:\\\/\\\/www.ip.gov.py\\\/ip\\\/#website\",\"url\":\"https:\\\/\\\/www.ip.gov.py\\\/ip\\\/\",\"name\":\".::Agencia IP::.\",\"description\":\"\",\"publisher\":{\"@id\":\"https:\\\/\\\/www.ip.gov.py\\\/ip\\\/#organization\"},\"potentialAction\":[{\"@type\":\"SearchAction\",\"target\":{\"@type\":\"EntryPoint\",\"urlTemplate\":\"https:\\\/\\\/www.ip.gov.py\\\/ip\\\/?s={search_term_string}\"},\"query-input\":{\"@type\":\"PropertyValueSpecification\",\"valueRequired\":true,\"valueName\":\"search_term_string\"}}],\"inLanguage\":\"es\"},{\"@type\":\"Organization\",\"@id\":\"https:\\\/\\\/www.ip.gov.py\\\/ip\\\/#organization\",\"name\":\"Agencia IP\",\"url\":\"https:\\\/\\\/www.ip.gov.py\\\/ip\\\/\",\"logo\":{\"@type\":\"ImageObject\",\"inLanguage\":\"es\",\"@id\":\"https:\\\/\\\/www.ip.gov.py\\\/ip\\\/#\\\/schema\\\/logo\\\/image\\\/\",\"url\":\"https:\\\/\\\/www.ip.gov.py\\\/ip\\\/wp-content\\\/uploads\\\/2018\\\/01\\\/Agencia-IP.jpg\",\"contentUrl\":\"https:\\\/\\\/www.ip.gov.py\\\/ip\\\/wp-content\\\/uploads\\\/2018\\\/01\\\/Agencia-IP.jpg\",\"width\":150,\"height\":150,\"caption\":\"Agencia IP\"},\"image\":{\"@id\":\"https:\\\/\\\/www.ip.gov.py\\\/ip\\\/#\\\/schema\\\/logo\\\/image\\\/\"},\"sameAs\":[\"https:\\\/\\\/www.facebook.com\\\/IPParaguay\\\/\",\"https:\\\/\\\/x.com\\\/IPParaguay\",\"https:\\\/\\\/www.instagram.com\\\/IPParaguay\"]},{\"@type\":\"Person\",\"@id\":\"https:\\\/\\\/www.ip.gov.py\\\/ip\\\/#\\\/schema\\\/person\\\/613765cf13d420d448042e6802220539\",\"name\":\"Karina L\u00f3pez\",\"url\":\"https:\\\/\\\/www.ip.gov.py\\\/ip\\\/author\\\/klopez\\\/\"}]}<\/script>\n<!-- \/ Yoast SEO plugin. -->","yoast_head_json":{"title":"Presidente Cartes inaugur\u00f3 frigor\u00edfico modelo en Bel\u00e9n, Concepci\u00f3n - .::Agencia IP::.","robots":{"index":"index","follow":"follow","max-snippet":"max-snippet:-1","max-image-preview":"max-image-preview:large","max-video-preview":"max-video-preview:-1"},"canonical":"https:\/\/www.ip.gov.py\/ip\/2016\/10\/01\/presidente-cartes-inauguro-frigorifico-modelo-en-belen-concepcion\/","og_locale":"es_ES","og_type":"article","og_title":"Presidente Cartes inaugur\u00f3 frigor\u00edfico modelo en Bel\u00e9n, Concepci\u00f3n - .::Agencia IP::.","og_description":"Asunci\u00f3n, IP.- El presidente de la Rep\u00fablica, inaugur\u00f3 este s\u00e1bado la nueva planta frigor\u00edfica en la ciudad de Bel\u00e9n, departamento de Concepci\u00f3n, que generar\u00e1 unos 1.200 empleos directos para los pobladores del norte del pa\u00eds.\u00a0","og_url":"https:\/\/www.ip.gov.py\/ip\/2016\/10\/01\/presidente-cartes-inauguro-frigorifico-modelo-en-belen-concepcion\/","og_site_name":".::Agencia IP::.","article_publisher":"https:\/\/www.facebook.com\/IPParaguay\/","article_published_time":"2016-10-01T14:13:07+00:00","article_modified_time":"2016-10-01T14:29:40+00:00","og_image":[{"width":960,"height":540,"url":"https:\/\/www.ip.gov.py\/ip\/wp-content\/uploads\/2016\/10\/JBS_frigorifico-en-Belen.jpg","type":"image\/jpeg"}],"author":"Karina L\u00f3pez","twitter_card":"summary_large_image","twitter_creator":"@IPParaguay","twitter_site":"@IPParaguay","twitter_misc":{"Escrito por":"Karina L\u00f3pez","Tiempo de lectura":"1 minuto"},"schema":{"@context":"https:\/\/schema.org","@graph":[{"@type":"Article","@id":"https:\/\/www.ip.gov.py\/ip\/2016\/10\/01\/presidente-cartes-inauguro-frigorifico-modelo-en-belen-concepcion\/#article","isPartOf":{"@id":"https:\/\/www.ip.gov.py\/ip\/2016\/10\/01\/presidente-cartes-inauguro-frigorifico-modelo-en-belen-concepcion\/"},"author":{"name":"Karina L\u00f3pez","@id":"https:\/\/www.ip.gov.py\/ip\/#\/schema\/person\/613765cf13d420d448042e6802220539"},"headline":"Presidente Cartes inaugur\u00f3 frigor\u00edfico modelo en Bel\u00e9n, Concepci\u00f3n","datePublished":"2016-10-01T14:13:07+00:00","dateModified":"2016-10-01T14:29:40+00:00","mainEntityOfPage":{"@id":"https:\/\/www.ip.gov.py\/ip\/2016\/10\/01\/presidente-cartes-inauguro-frigorifico-modelo-en-belen-concepcion\/"},"wordCount":309,"publisher":{"@id":"https:\/\/www.ip.gov.py\/ip\/#organization"},"image":{"@id":"https:\/\/www.ip.gov.py\/ip\/2016\/10\/01\/presidente-cartes-inauguro-frigorifico-modelo-en-belen-concepcion\/#primaryimage"},"thumbnailUrl":"https:\/\/www.ip.gov.py\/ip\/wp-content\/uploads\/2016\/10\/JBS_frigorifico-en-Belen.jpg","articleSection":["Pol\u00edtica"],"inLanguage":"es"},{"@type":"WebPage","@id":"https:\/\/www.ip.gov.py\/ip\/2016\/10\/01\/presidente-cartes-inauguro-frigorifico-modelo-en-belen-concepcion\/","url":"https:\/\/www.ip.gov.py\/ip\/2016\/10\/01\/presidente-cartes-inauguro-frigorifico-modelo-en-belen-concepcion\/","name":"Presidente Cartes inaugur\u00f3 frigor\u00edfico modelo en Bel\u00e9n, Concepci\u00f3n - .::Agencia IP::.","isPartOf":{"@id":"https:\/\/www.ip.gov.py\/ip\/#website"},"primaryImageOfPage":{"@id":"https:\/\/www.ip.gov.py\/ip\/2016\/10\/01\/presidente-cartes-inauguro-frigorifico-modelo-en-belen-concepcion\/#primaryimage"},"image":{"@id":"https:\/\/www.ip.gov.py\/ip\/2016\/10\/01\/presidente-cartes-inauguro-frigorifico-modelo-en-belen-concepcion\/#primaryimage"},"thumbnailUrl":"https:\/\/www.ip.gov.py\/ip\/wp-content\/uploads\/2016\/10\/JBS_frigorifico-en-Belen.jpg","datePublished":"2016-10-01T14:13:07+00:00","dateModified":"2016-10-01T14:29:40+00:00","breadcrumb":{"@id":"https:\/\/www.ip.gov.py\/ip\/2016\/10\/01\/presidente-cartes-inauguro-frigorifico-modelo-en-belen-concepcion\/#breadcrumb"},"inLanguage":"es","potentialAction":[{"@type":"ReadAction","target":["https:\/\/www.ip.gov.py\/ip\/2016\/10\/01\/presidente-cartes-inauguro-frigorifico-modelo-en-belen-concepcion\/"]}]},{"@type":"ImageObject","inLanguage":"es","@id":"https:\/\/www.ip.gov.py\/ip\/2016\/10\/01\/presidente-cartes-inauguro-frigorifico-modelo-en-belen-concepcion\/#primaryimage","url":"https:\/\/www.ip.gov.py\/ip\/wp-content\/uploads\/2016\/10\/JBS_frigorifico-en-Belen.jpg","contentUrl":"https:\/\/www.ip.gov.py\/ip\/wp-content\/uploads\/2016\/10\/JBS_frigorifico-en-Belen.jpg","width":960,"height":540,"caption":"Esta ma\u00f1ana fue habilitada la nueva planta frigor\u00edfica en Bel\u00e9n. Foto gentileza\/Presidencia de la Rep\u00fablica."},{"@type":"BreadcrumbList","@id":"https:\/\/www.ip.gov.py\/ip\/2016\/10\/01\/presidente-cartes-inauguro-frigorifico-modelo-en-belen-concepcion\/#breadcrumb","itemListElement":[{"@type":"ListItem","position":1,"name":"Portada","item":"https:\/\/www.ip.gov.py\/ip\/"},{"@type":"ListItem","position":2,"name":"Presidente Cartes inaugur\u00f3 frigor\u00edfico modelo en Bel\u00e9n, Concepci\u00f3n"}]},{"@type":"WebSite","@id":"https:\/\/www.ip.gov.py\/ip\/#website","url":"https:\/\/www.ip.gov.py\/ip\/","name":".::Agencia IP::.","description":"","publisher":{"@id":"https:\/\/www.ip.gov.py\/ip\/#organization"},"potentialAction":[{"@type":"SearchAction","target":{"@type":"EntryPoint","urlTemplate":"https:\/\/www.ip.gov.py\/ip\/?s={search_term_string}"},"query-input":{"@type":"PropertyValueSpecification","valueRequired":true,"valueName":"search_term_string"}}],"inLanguage":"es"},{"@type":"Organization","@id":"https:\/\/www.ip.gov.py\/ip\/#organization","name":"Agencia IP","url":"https:\/\/www.ip.gov.py\/ip\/","logo":{"@type":"ImageObject","inLanguage":"es","@id":"https:\/\/www.ip.gov.py\/ip\/#\/schema\/logo\/image\/","url":"https:\/\/www.ip.gov.py\/ip\/wp-content\/uploads\/2018\/01\/Agencia-IP.jpg","contentUrl":"https:\/\/www.ip.gov.py\/ip\/wp-content\/uploads\/2018\/01\/Agencia-IP.jpg","width":150,"height":150,"caption":"Agencia IP"},"image":{"@id":"https:\/\/www.ip.gov.py\/ip\/#\/schema\/logo\/image\/"},"sameAs":["https:\/\/www.facebook.com\/IPParaguay\/","https:\/\/x.com\/IPParaguay","https:\/\/www.instagram.com\/IPParaguay"]},{"@type":"Person","@id":"https:\/\/www.ip.gov.py\/ip\/#\/schema\/person\/613765cf13d420d448042e6802220539","name":"Karina L\u00f3pez","url":"https:\/\/www.ip.gov.py\/ip\/author\/klopez\/"}]}},"_links":{"self":[{"href":"https:\/\/www.ip.gov.py\/ip\/wp-json\/wp\/v2\/posts\/120283","targetHints":{"allow":["GET"]}}],"collection":[{"href":"https:\/\/www.ip.gov.py\/ip\/wp-json\/wp\/v2\/posts"}],"about":[{"href":"https:\/\/www.ip.gov.py\/ip\/wp-json\/wp\/v2\/types\/post"}],"author":[{"embeddable":true,"href":"https:\/\/www.ip.gov.py\/ip\/wp-json\/wp\/v2\/users\/7"}],"replies":[{"embeddable":true,"href":"https:\/\/www.ip.gov.py\/ip\/wp-json\/wp\/v2\/comments?post=120283"}],"version-history":[{"count":0,"href":"https:\/\/www.ip.gov.py\/ip\/wp-json\/wp\/v2\/posts\/120283\/revisions"}],"wp:featuredmedia":[{"embeddable":true,"href":"https:\/\/www.ip.gov.py\/ip\/wp-json\/wp\/v2\/media\/120299"}],"wp:attachment":[{"href":"https:\/\/www.ip.gov.py\/ip\/wp-json\/wp\/v2\/media?parent=120283"}],"wp:term":[{"taxonomy":"category","embeddable":true,"href":"https:\/\/www.ip.gov.py\/ip\/wp-json\/wp\/v2\/categories?post=120283"},{"taxonomy":"post_tag","embeddable":true,"href":"https:\/\/www.ip.gov.py\/ip\/wp-json\/wp\/v2\/tags?post=120283"}],"curies":[{"name":"wp","href":"https:\/\/api.w.org\/{rel}","templated":true}]}}