{"id":121929,"date":"2016-10-11T14:30:24","date_gmt":"2016-10-11T17:30:24","guid":{"rendered":"http:\/\/desarrollo.ip.gov.py\/ip\/?p=121929"},"modified":"2016-10-11T14:30:24","modified_gmt":"2016-10-11T17:30:24","slug":"maduro-afirma-que-subir-los-precios-del-crudo-beneficiara-a-todo-el-mundo","status":"publish","type":"post","link":"https:\/\/www.ip.gov.py\/ip\/2016\/10\/11\/maduro-afirma-que-subir-los-precios-del-crudo-beneficiara-a-todo-el-mundo\/","title":{"rendered":"Maduro afirma que subir los precios del crudo beneficiar\u00e1 a todo el mundo"},"content":{"rendered":"<p style=\"text-align: justify;\"><em><strong>Estambul.-<\/strong><\/em> Elevar los precios del crudo por encima de los 70 d\u00f3lares por barril beneficiar\u00e1 a todo el mundo, mientras que las bajadas no ayudan a nadie, ha afirmado hoy el presidente de Venezuela, Nicol\u00e1s Maduro, achacando la ca\u00edda en las cotizaciones a \u00abla derecha internacional\u00bb.<!--more--><\/p>\n<p style=\"text-align: justify;\">Estabilizar los precios en un nivel alto \u00abes una f\u00f3rmula de ganar-ganar\u00bb, dijo Maduro ante un reducido grupo de medios hispanos, entre ellos Efe, en la segunda jornada del Congreso Mundial de Energ\u00eda que se celebra hasta el jueves en Estambul.<\/p>\n<p style=\"text-align: justify;\">\u00abGanamos todos, ganamos los pa\u00edses productores, ganan los consumidores. Gana la econom\u00eda, ganan las finanzas\u00bb, afirm\u00f3 Maduro, al cabo de dos d\u00edas de reuniones con su hom\u00f3logo ruso, Vlad\u00edmir Putin, el presidente azerbaiyano, Ilham Aliyev, y el secretario general de la OPEP, Mohamed Sanusi Barkindo.<\/p>\n<p style=\"text-align: justify;\">\u00abLa conversaci\u00f3n con el secretario general de la OPEP ha sido de gran sinton\u00eda, de gran motivaci\u00f3n. Igualmente con el presidente de Azerbaiy\u00e1n, que no es miembro de la OPEP, y nos dijo, al igual que lo anunci\u00f3 el presidente Putin, que ellos han tomado la decisi\u00f3n de congelar la producci\u00f3n petrolera. Son se\u00f1ales muy claras de que el nuevo consenso empieza a funcionar\u00bb, resumi\u00f3 Maduro sus esfuerzos a favor de un acuerdo de amplia envergadura.<\/p>\n<p style=\"text-align: justify;\">Estos contactos de Venezuela desembocar\u00e1n ma\u00f1ana mismo en una reuni\u00f3n de numerosos ministros, tanto de la Organizaci\u00f3n de Pa\u00edses Productores de Petr\u00f3leo (OPEP) como de Estados productores fuera del club, como Rusia, Brasil, Azerbaiy\u00e1n, Kazajist\u00e1n, M\u00e9xico y Om\u00e1n.<\/p>\n<p style=\"text-align: justify;\">\u00abSe queda nuestro ministro de Petr\u00f3leo, Eulogio del Pino, presidente de (la compa\u00f1\u00eda estatal) PDVSA, participando en reuniones con Rusia, con Arabia Saudita, Catar, con factores de OPEP y no-OPEP, y ma\u00f1ana va a haber una importante reuni\u00f3n y aspiramos que salga una declaraci\u00f3n que siga afirmando este camino\u00bb, dijo Maduro.<\/p>\n<p style=\"text-align: justify;\">La finalidad es que los precios queden por encima de los 70 d\u00f3lares por barril, avanz\u00f3 el presidente, sin concretar el plazo en el que se conseguir\u00eda esta subida, aunque habl\u00f3 de un primer plan de seis meses de duraci\u00f3n, al cabo del que se lograr\u00eda un consenso para un ciclo de diez a\u00f1os.<\/p>\n<p style=\"text-align: justify;\">En lunes, el ministro saud\u00ed, Khalid al Falih, hab\u00eda vaticinado un valor de 60 d\u00f3lares \u00aba finales del a\u00f1o\u00bb.<\/p>\n<p style=\"text-align: justify;\">\u00abLos precios justos, realistas, asimilados por el mercado, que deben estar por encima de los 70 d\u00f3lares, ya hab\u00edan sido asimilados por la econom\u00eda y ayudan al funcionamiento inclusive de los metabolismos financieros\u00bb, opin\u00f3 el presidente.<\/p>\n<p style=\"text-align: justify;\">\u00abLos precios bajos y la inestabilidad en el mercado no benefician a nadie en el mundo. Porque no permiten la reposici\u00f3n de inversiones. No permite la inversi\u00f3n en investigaci\u00f3n de nuevas tecnolog\u00edas no contaminantes. Y adem\u00e1s, en estos casos vienen periodos de precios muy bajos y luego periodos de precios muy altos, lo cual afecta a toda la econom\u00eda\u00bb, resumi\u00f3 Maduro.<\/p>\n<p style=\"text-align: justify;\">Consider\u00f3 la \u00e9poca de precios bajos como una \u00abpersecuci\u00f3n financiera\u00bb contra Venezuela, pa\u00eds donde el crudo representa el 90 por ciento del total de las exportaciones.<\/p>\n<p style=\"text-align: justify;\">\u00abNosotros hemos pasado por unas circunstancias muy pero que muy complejas. Los factores imperiales de los Estados Unidos y los factores de la derecha internacional cre\u00edan que no \u00edbamos a poder pasar esta prueba. La hemos pasado y estamos hoy m\u00e1s fuertes que ayer, para levantar una econom\u00eda, ahora s\u00ed, con bases s\u00f3lidas para el siglo XXI\u00bb, vaticin\u00f3.<\/p>\n<p style=\"text-align: justify;\">Para ello, encuentros como el Congreso Mundial de Energ\u00eda son importantes dado que permiten ampliar las alianzas internacionales, se\u00f1al\u00f3.<\/p>\n<p style=\"text-align: justify;\">\u00abNunca nos regalaron nada. Ese es el mensaje principal que nosotros sacamos de todos estos encuentros, de las reuniones del Movimiento de No Alineados, de las reuniones con el presidente Putin, s\u00f3lido l\u00edder de un nuevo tiempo, que representa el resurgir de la Federaci\u00f3n Rusa como potencia mundial\u00bb, afirm\u00f3 Maduro.<\/p>\n<p style=\"text-align: justify;\">\u00abEn Venezuela tenemos la reserva de petr\u00f3leo m\u00e1s grande del mundo. Mucha gente que estaba en el Congreso Mundial no sab\u00eda eso. Est\u00e1 certificada. Pero esa reserva la vamos a desarrollar en base a la Constituci\u00f3n, a la ley, a contratos de ganar-ganar, en base del manejo soberano de esa riqueza natural de Venezuela\u00bb, prometi\u00f3.<\/p>\n<p style=\"text-align: justify;\">\u00abQue venga un poder imperial a quitarnos el petr\u00f3leo a los venezolanos&#8230; \u00a1Jam\u00e1s! \u00a1Nunca!\u00bb, asever\u00f3 el presidente.<\/p>\n<p style=\"text-align: justify;\">Respecto a la oposici\u00f3n interna, consider\u00f3 que \u00abel capital que acumularon\u00bb los opositores en las elecciones del 6 de diciembre pasado \u00ablo perdieron, lo tiraron al cesto de la basura\u00bb.<\/p>\n<p style=\"text-align: justify;\">\u00abNo tienen ninguna credibilidad ni adentro ni afuera. Y un mecanismo constitucional como la solicitud de un refer\u00e9ndum revocatorio lo hicieron a destiempo y lo hicieron lleno de fraudes e ilegalidades\u00bb, declar\u00f3 Maduro.<\/p>\n<p style=\"text-align: justify;\">\u00abLa oposici\u00f3n venezolana fracas\u00f3 totalmente, y adem\u00e1s te puedo decir que no tienen capacidad para dirigir y gobernar Venezuela. No tienen moral, no tienen proyecto para conducir nuestro pa\u00eds. S\u00f3lo la revoluci\u00f3n tiene la capacidad para hacer este milagro\u00bb, concluy\u00f3 el dirigente chavista. EFE<\/p>\n","protected":false},"excerpt":{"rendered":"<p>Estambul.- Elevar los precios del crudo por encima de los 70 d\u00f3lares por barril beneficiar\u00e1 a todo el mundo, mientras que las bajadas no ayudan a nadie, ha afirmado hoy el presidente de Venezuela, Nicol\u00e1s Maduro, achacando la ca\u00edda en las cotizaciones a \u00abla derecha internacional\u00bb.<\/p>\n","protected":false},"author":11,"featured_media":121930,"comment_status":"closed","ping_status":"closed","sticky":false,"template":"","format":"standard","meta":{"_monsterinsights_skip_tracking":false,"_monsterinsights_sitenote_active":false,"_monsterinsights_sitenote_note":"","_monsterinsights_sitenote_category":0,"footnotes":""},"categories":[5],"tags":[],"class_list":{"0":"post-121929","1":"post","2":"type-post","3":"status-publish","4":"format-standard","5":"has-post-thumbnail","7":"category-internacionales"},"yoast_head":"<!-- This site is optimized with the Yoast SEO plugin v27.5 - https:\/\/yoast.com\/product\/yoast-seo-wordpress\/ -->\n<title>Maduro afirma que subir los precios del crudo beneficiar\u00e1 a todo el mundo - .::Agencia IP::.<\/title>\n<meta name=\"robots\" content=\"index, follow, max-snippet:-1, max-image-preview:large, max-video-preview:-1\" \/>\n<link rel=\"canonical\" href=\"https:\/\/www.ip.gov.py\/ip\/2016\/10\/11\/maduro-afirma-que-subir-los-precios-del-crudo-beneficiara-a-todo-el-mundo\/\" \/>\n<meta property=\"og:locale\" content=\"es_ES\" \/>\n<meta property=\"og:type\" content=\"article\" \/>\n<meta property=\"og:title\" content=\"Maduro afirma que subir los precios del crudo beneficiar\u00e1 a todo el mundo - .::Agencia IP::.\" \/>\n<meta property=\"og:description\" content=\"Estambul.- Elevar los precios del crudo por encima de los 70 d\u00f3lares por barril beneficiar\u00e1 a todo el mundo, mientras que las bajadas no ayudan a nadie, ha afirmado hoy el presidente de Venezuela, Nicol\u00e1s Maduro, achacando la ca\u00edda en las cotizaciones a \u00abla derecha internacional\u00bb.\" \/>\n<meta property=\"og:url\" content=\"https:\/\/www.ip.gov.py\/ip\/2016\/10\/11\/maduro-afirma-que-subir-los-precios-del-crudo-beneficiara-a-todo-el-mundo\/\" \/>\n<meta property=\"og:site_name\" content=\".::Agencia IP::.\" \/>\n<meta property=\"article:publisher\" content=\"https:\/\/www.facebook.com\/IPParaguay\/\" \/>\n<meta property=\"article:published_time\" content=\"2016-10-11T17:30:24+00:00\" \/>\n<meta property=\"og:image\" content=\"https:\/\/www.ip.gov.py\/ip\/wp-content\/uploads\/2016\/10\/Maduro-3.jpg\" \/>\n\t<meta property=\"og:image:width\" content=\"677\" \/>\n\t<meta property=\"og:image:height\" content=\"451\" \/>\n\t<meta property=\"og:image:type\" content=\"image\/jpeg\" \/>\n<meta name=\"author\" content=\"vrios\" \/>\n<meta name=\"twitter:card\" content=\"summary_large_image\" \/>\n<meta name=\"twitter:creator\" content=\"@IPParaguay\" \/>\n<meta name=\"twitter:site\" content=\"@IPParaguay\" \/>\n<meta name=\"twitter:label1\" content=\"Escrito por\" \/>\n\t<meta name=\"twitter:data1\" content=\"vrios\" \/>\n\t<meta name=\"twitter:label2\" content=\"Tiempo de lectura\" \/>\n\t<meta name=\"twitter:data2\" content=\"4 minutos\" \/>\n<script type=\"application\/ld+json\" class=\"yoast-schema-graph\">{\"@context\":\"https:\\\/\\\/schema.org\",\"@graph\":[{\"@type\":\"Article\",\"@id\":\"https:\\\/\\\/www.ip.gov.py\\\/ip\\\/2016\\\/10\\\/11\\\/maduro-afirma-que-subir-los-precios-del-crudo-beneficiara-a-todo-el-mundo\\\/#article\",\"isPartOf\":{\"@id\":\"https:\\\/\\\/www.ip.gov.py\\\/ip\\\/2016\\\/10\\\/11\\\/maduro-afirma-que-subir-los-precios-del-crudo-beneficiara-a-todo-el-mundo\\\/\"},\"author\":{\"name\":\"vrios\",\"@id\":\"https:\\\/\\\/www.ip.gov.py\\\/ip\\\/#\\\/schema\\\/person\\\/fa3668852e893cb0423795330f919039\"},\"headline\":\"Maduro afirma que subir los precios del crudo beneficiar\u00e1 a todo el mundo\",\"datePublished\":\"2016-10-11T17:30:24+00:00\",\"mainEntityOfPage\":{\"@id\":\"https:\\\/\\\/www.ip.gov.py\\\/ip\\\/2016\\\/10\\\/11\\\/maduro-afirma-que-subir-los-precios-del-crudo-beneficiara-a-todo-el-mundo\\\/\"},\"wordCount\":880,\"publisher\":{\"@id\":\"https:\\\/\\\/www.ip.gov.py\\\/ip\\\/#organization\"},\"image\":{\"@id\":\"https:\\\/\\\/www.ip.gov.py\\\/ip\\\/2016\\\/10\\\/11\\\/maduro-afirma-que-subir-los-precios-del-crudo-beneficiara-a-todo-el-mundo\\\/#primaryimage\"},\"thumbnailUrl\":\"https:\\\/\\\/www.ip.gov.py\\\/ip\\\/wp-content\\\/uploads\\\/2016\\\/10\\\/Maduro-3.jpg\",\"articleSection\":[\"Internacionales\"],\"inLanguage\":\"es\"},{\"@type\":\"WebPage\",\"@id\":\"https:\\\/\\\/www.ip.gov.py\\\/ip\\\/2016\\\/10\\\/11\\\/maduro-afirma-que-subir-los-precios-del-crudo-beneficiara-a-todo-el-mundo\\\/\",\"url\":\"https:\\\/\\\/www.ip.gov.py\\\/ip\\\/2016\\\/10\\\/11\\\/maduro-afirma-que-subir-los-precios-del-crudo-beneficiara-a-todo-el-mundo\\\/\",\"name\":\"Maduro afirma que subir los precios del crudo beneficiar\u00e1 a todo el mundo - .::Agencia IP::.\",\"isPartOf\":{\"@id\":\"https:\\\/\\\/www.ip.gov.py\\\/ip\\\/#website\"},\"primaryImageOfPage\":{\"@id\":\"https:\\\/\\\/www.ip.gov.py\\\/ip\\\/2016\\\/10\\\/11\\\/maduro-afirma-que-subir-los-precios-del-crudo-beneficiara-a-todo-el-mundo\\\/#primaryimage\"},\"image\":{\"@id\":\"https:\\\/\\\/www.ip.gov.py\\\/ip\\\/2016\\\/10\\\/11\\\/maduro-afirma-que-subir-los-precios-del-crudo-beneficiara-a-todo-el-mundo\\\/#primaryimage\"},\"thumbnailUrl\":\"https:\\\/\\\/www.ip.gov.py\\\/ip\\\/wp-content\\\/uploads\\\/2016\\\/10\\\/Maduro-3.jpg\",\"datePublished\":\"2016-10-11T17:30:24+00:00\",\"breadcrumb\":{\"@id\":\"https:\\\/\\\/www.ip.gov.py\\\/ip\\\/2016\\\/10\\\/11\\\/maduro-afirma-que-subir-los-precios-del-crudo-beneficiara-a-todo-el-mundo\\\/#breadcrumb\"},\"inLanguage\":\"es\",\"potentialAction\":[{\"@type\":\"ReadAction\",\"target\":[\"https:\\\/\\\/www.ip.gov.py\\\/ip\\\/2016\\\/10\\\/11\\\/maduro-afirma-que-subir-los-precios-del-crudo-beneficiara-a-todo-el-mundo\\\/\"]}]},{\"@type\":\"ImageObject\",\"inLanguage\":\"es\",\"@id\":\"https:\\\/\\\/www.ip.gov.py\\\/ip\\\/2016\\\/10\\\/11\\\/maduro-afirma-que-subir-los-precios-del-crudo-beneficiara-a-todo-el-mundo\\\/#primaryimage\",\"url\":\"https:\\\/\\\/www.ip.gov.py\\\/ip\\\/wp-content\\\/uploads\\\/2016\\\/10\\\/Maduro-3.jpg\",\"contentUrl\":\"https:\\\/\\\/www.ip.gov.py\\\/ip\\\/wp-content\\\/uploads\\\/2016\\\/10\\\/Maduro-3.jpg\",\"width\":677,\"height\":451,\"caption\":\"red.diariocritico.com\"},{\"@type\":\"BreadcrumbList\",\"@id\":\"https:\\\/\\\/www.ip.gov.py\\\/ip\\\/2016\\\/10\\\/11\\\/maduro-afirma-que-subir-los-precios-del-crudo-beneficiara-a-todo-el-mundo\\\/#breadcrumb\",\"itemListElement\":[{\"@type\":\"ListItem\",\"position\":1,\"name\":\"Portada\",\"item\":\"https:\\\/\\\/www.ip.gov.py\\\/ip\\\/\"},{\"@type\":\"ListItem\",\"position\":2,\"name\":\"Maduro afirma que subir los precios del crudo beneficiar\u00e1 a todo el mundo\"}]},{\"@type\":\"WebSite\",\"@id\":\"https:\\\/\\\/www.ip.gov.py\\\/ip\\\/#website\",\"url\":\"https:\\\/\\\/www.ip.gov.py\\\/ip\\\/\",\"name\":\".::Agencia IP::.\",\"description\":\"\",\"publisher\":{\"@id\":\"https:\\\/\\\/www.ip.gov.py\\\/ip\\\/#organization\"},\"potentialAction\":[{\"@type\":\"SearchAction\",\"target\":{\"@type\":\"EntryPoint\",\"urlTemplate\":\"https:\\\/\\\/www.ip.gov.py\\\/ip\\\/?s={search_term_string}\"},\"query-input\":{\"@type\":\"PropertyValueSpecification\",\"valueRequired\":true,\"valueName\":\"search_term_string\"}}],\"inLanguage\":\"es\"},{\"@type\":\"Organization\",\"@id\":\"https:\\\/\\\/www.ip.gov.py\\\/ip\\\/#organization\",\"name\":\"Agencia IP\",\"url\":\"https:\\\/\\\/www.ip.gov.py\\\/ip\\\/\",\"logo\":{\"@type\":\"ImageObject\",\"inLanguage\":\"es\",\"@id\":\"https:\\\/\\\/www.ip.gov.py\\\/ip\\\/#\\\/schema\\\/logo\\\/image\\\/\",\"url\":\"https:\\\/\\\/www.ip.gov.py\\\/ip\\\/wp-content\\\/uploads\\\/2018\\\/01\\\/Agencia-IP.jpg\",\"contentUrl\":\"https:\\\/\\\/www.ip.gov.py\\\/ip\\\/wp-content\\\/uploads\\\/2018\\\/01\\\/Agencia-IP.jpg\",\"width\":150,\"height\":150,\"caption\":\"Agencia IP\"},\"image\":{\"@id\":\"https:\\\/\\\/www.ip.gov.py\\\/ip\\\/#\\\/schema\\\/logo\\\/image\\\/\"},\"sameAs\":[\"https:\\\/\\\/www.facebook.com\\\/IPParaguay\\\/\",\"https:\\\/\\\/x.com\\\/IPParaguay\",\"https:\\\/\\\/www.instagram.com\\\/IPParaguay\"]},{\"@type\":\"Person\",\"@id\":\"https:\\\/\\\/www.ip.gov.py\\\/ip\\\/#\\\/schema\\\/person\\\/fa3668852e893cb0423795330f919039\",\"name\":\"vrios\",\"url\":\"https:\\\/\\\/www.ip.gov.py\\\/ip\\\/author\\\/vrios\\\/\"}]}<\/script>\n<!-- \/ Yoast SEO plugin. -->","yoast_head_json":{"title":"Maduro afirma que subir los precios del crudo beneficiar\u00e1 a todo el mundo - .::Agencia IP::.","robots":{"index":"index","follow":"follow","max-snippet":"max-snippet:-1","max-image-preview":"max-image-preview:large","max-video-preview":"max-video-preview:-1"},"canonical":"https:\/\/www.ip.gov.py\/ip\/2016\/10\/11\/maduro-afirma-que-subir-los-precios-del-crudo-beneficiara-a-todo-el-mundo\/","og_locale":"es_ES","og_type":"article","og_title":"Maduro afirma que subir los precios del crudo beneficiar\u00e1 a todo el mundo - .::Agencia IP::.","og_description":"Estambul.- Elevar los precios del crudo por encima de los 70 d\u00f3lares por barril beneficiar\u00e1 a todo el mundo, mientras que las bajadas no ayudan a nadie, ha afirmado hoy el presidente de Venezuela, Nicol\u00e1s Maduro, achacando la ca\u00edda en las cotizaciones a \u00abla derecha internacional\u00bb.","og_url":"https:\/\/www.ip.gov.py\/ip\/2016\/10\/11\/maduro-afirma-que-subir-los-precios-del-crudo-beneficiara-a-todo-el-mundo\/","og_site_name":".::Agencia IP::.","article_publisher":"https:\/\/www.facebook.com\/IPParaguay\/","article_published_time":"2016-10-11T17:30:24+00:00","og_image":[{"width":677,"height":451,"url":"https:\/\/www.ip.gov.py\/ip\/wp-content\/uploads\/2016\/10\/Maduro-3.jpg","type":"image\/jpeg"}],"author":"vrios","twitter_card":"summary_large_image","twitter_creator":"@IPParaguay","twitter_site":"@IPParaguay","twitter_misc":{"Escrito por":"vrios","Tiempo de lectura":"4 minutos"},"schema":{"@context":"https:\/\/schema.org","@graph":[{"@type":"Article","@id":"https:\/\/www.ip.gov.py\/ip\/2016\/10\/11\/maduro-afirma-que-subir-los-precios-del-crudo-beneficiara-a-todo-el-mundo\/#article","isPartOf":{"@id":"https:\/\/www.ip.gov.py\/ip\/2016\/10\/11\/maduro-afirma-que-subir-los-precios-del-crudo-beneficiara-a-todo-el-mundo\/"},"author":{"name":"vrios","@id":"https:\/\/www.ip.gov.py\/ip\/#\/schema\/person\/fa3668852e893cb0423795330f919039"},"headline":"Maduro afirma que subir los precios del crudo beneficiar\u00e1 a todo el mundo","datePublished":"2016-10-11T17:30:24+00:00","mainEntityOfPage":{"@id":"https:\/\/www.ip.gov.py\/ip\/2016\/10\/11\/maduro-afirma-que-subir-los-precios-del-crudo-beneficiara-a-todo-el-mundo\/"},"wordCount":880,"publisher":{"@id":"https:\/\/www.ip.gov.py\/ip\/#organization"},"image":{"@id":"https:\/\/www.ip.gov.py\/ip\/2016\/10\/11\/maduro-afirma-que-subir-los-precios-del-crudo-beneficiara-a-todo-el-mundo\/#primaryimage"},"thumbnailUrl":"https:\/\/www.ip.gov.py\/ip\/wp-content\/uploads\/2016\/10\/Maduro-3.jpg","articleSection":["Internacionales"],"inLanguage":"es"},{"@type":"WebPage","@id":"https:\/\/www.ip.gov.py\/ip\/2016\/10\/11\/maduro-afirma-que-subir-los-precios-del-crudo-beneficiara-a-todo-el-mundo\/","url":"https:\/\/www.ip.gov.py\/ip\/2016\/10\/11\/maduro-afirma-que-subir-los-precios-del-crudo-beneficiara-a-todo-el-mundo\/","name":"Maduro afirma que subir los precios del crudo beneficiar\u00e1 a todo el mundo - .::Agencia IP::.","isPartOf":{"@id":"https:\/\/www.ip.gov.py\/ip\/#website"},"primaryImageOfPage":{"@id":"https:\/\/www.ip.gov.py\/ip\/2016\/10\/11\/maduro-afirma-que-subir-los-precios-del-crudo-beneficiara-a-todo-el-mundo\/#primaryimage"},"image":{"@id":"https:\/\/www.ip.gov.py\/ip\/2016\/10\/11\/maduro-afirma-que-subir-los-precios-del-crudo-beneficiara-a-todo-el-mundo\/#primaryimage"},"thumbnailUrl":"https:\/\/www.ip.gov.py\/ip\/wp-content\/uploads\/2016\/10\/Maduro-3.jpg","datePublished":"2016-10-11T17:30:24+00:00","breadcrumb":{"@id":"https:\/\/www.ip.gov.py\/ip\/2016\/10\/11\/maduro-afirma-que-subir-los-precios-del-crudo-beneficiara-a-todo-el-mundo\/#breadcrumb"},"inLanguage":"es","potentialAction":[{"@type":"ReadAction","target":["https:\/\/www.ip.gov.py\/ip\/2016\/10\/11\/maduro-afirma-que-subir-los-precios-del-crudo-beneficiara-a-todo-el-mundo\/"]}]},{"@type":"ImageObject","inLanguage":"es","@id":"https:\/\/www.ip.gov.py\/ip\/2016\/10\/11\/maduro-afirma-que-subir-los-precios-del-crudo-beneficiara-a-todo-el-mundo\/#primaryimage","url":"https:\/\/www.ip.gov.py\/ip\/wp-content\/uploads\/2016\/10\/Maduro-3.jpg","contentUrl":"https:\/\/www.ip.gov.py\/ip\/wp-content\/uploads\/2016\/10\/Maduro-3.jpg","width":677,"height":451,"caption":"red.diariocritico.com"},{"@type":"BreadcrumbList","@id":"https:\/\/www.ip.gov.py\/ip\/2016\/10\/11\/maduro-afirma-que-subir-los-precios-del-crudo-beneficiara-a-todo-el-mundo\/#breadcrumb","itemListElement":[{"@type":"ListItem","position":1,"name":"Portada","item":"https:\/\/www.ip.gov.py\/ip\/"},{"@type":"ListItem","position":2,"name":"Maduro afirma que subir los precios del crudo beneficiar\u00e1 a todo el mundo"}]},{"@type":"WebSite","@id":"https:\/\/www.ip.gov.py\/ip\/#website","url":"https:\/\/www.ip.gov.py\/ip\/","name":".::Agencia IP::.","description":"","publisher":{"@id":"https:\/\/www.ip.gov.py\/ip\/#organization"},"potentialAction":[{"@type":"SearchAction","target":{"@type":"EntryPoint","urlTemplate":"https:\/\/www.ip.gov.py\/ip\/?s={search_term_string}"},"query-input":{"@type":"PropertyValueSpecification","valueRequired":true,"valueName":"search_term_string"}}],"inLanguage":"es"},{"@type":"Organization","@id":"https:\/\/www.ip.gov.py\/ip\/#organization","name":"Agencia IP","url":"https:\/\/www.ip.gov.py\/ip\/","logo":{"@type":"ImageObject","inLanguage":"es","@id":"https:\/\/www.ip.gov.py\/ip\/#\/schema\/logo\/image\/","url":"https:\/\/www.ip.gov.py\/ip\/wp-content\/uploads\/2018\/01\/Agencia-IP.jpg","contentUrl":"https:\/\/www.ip.gov.py\/ip\/wp-content\/uploads\/2018\/01\/Agencia-IP.jpg","width":150,"height":150,"caption":"Agencia IP"},"image":{"@id":"https:\/\/www.ip.gov.py\/ip\/#\/schema\/logo\/image\/"},"sameAs":["https:\/\/www.facebook.com\/IPParaguay\/","https:\/\/x.com\/IPParaguay","https:\/\/www.instagram.com\/IPParaguay"]},{"@type":"Person","@id":"https:\/\/www.ip.gov.py\/ip\/#\/schema\/person\/fa3668852e893cb0423795330f919039","name":"vrios","url":"https:\/\/www.ip.gov.py\/ip\/author\/vrios\/"}]}},"_links":{"self":[{"href":"https:\/\/www.ip.gov.py\/ip\/wp-json\/wp\/v2\/posts\/121929","targetHints":{"allow":["GET"]}}],"collection":[{"href":"https:\/\/www.ip.gov.py\/ip\/wp-json\/wp\/v2\/posts"}],"about":[{"href":"https:\/\/www.ip.gov.py\/ip\/wp-json\/wp\/v2\/types\/post"}],"author":[{"embeddable":true,"href":"https:\/\/www.ip.gov.py\/ip\/wp-json\/wp\/v2\/users\/11"}],"replies":[{"embeddable":true,"href":"https:\/\/www.ip.gov.py\/ip\/wp-json\/wp\/v2\/comments?post=121929"}],"version-history":[{"count":0,"href":"https:\/\/www.ip.gov.py\/ip\/wp-json\/wp\/v2\/posts\/121929\/revisions"}],"wp:featuredmedia":[{"embeddable":true,"href":"https:\/\/www.ip.gov.py\/ip\/wp-json\/wp\/v2\/media\/121930"}],"wp:attachment":[{"href":"https:\/\/www.ip.gov.py\/ip\/wp-json\/wp\/v2\/media?parent=121929"}],"wp:term":[{"taxonomy":"category","embeddable":true,"href":"https:\/\/www.ip.gov.py\/ip\/wp-json\/wp\/v2\/categories?post=121929"},{"taxonomy":"post_tag","embeddable":true,"href":"https:\/\/www.ip.gov.py\/ip\/wp-json\/wp\/v2\/tags?post=121929"}],"curies":[{"name":"wp","href":"https:\/\/api.w.org\/{rel}","templated":true}]}}