{"id":122522,"date":"2016-10-13T16:36:59","date_gmt":"2016-10-13T19:36:59","guid":{"rendered":"http:\/\/desarrollo.ip.gov.py\/ip\/?p=122522"},"modified":"2016-10-13T16:36:59","modified_gmt":"2016-10-13T19:36:59","slug":"paraguay-participa-en-foro-de-la-ocde-sobre-los-desafios-de-la-inclusion-en-la-region","status":"publish","type":"post","link":"https:\/\/www.ip.gov.py\/ip\/2016\/10\/13\/paraguay-participa-en-foro-de-la-ocde-sobre-los-desafios-de-la-inclusion-en-la-region\/","title":{"rendered":"Paraguay participa en foro de la OCDE sobre los desaf\u00edos de la inclusi\u00f3n en la regi\u00f3n"},"content":{"rendered":"<p style=\"text-align: justify;\"><em><strong>Santiago de Chile.-<\/strong><\/em> El ministro de la Secretar\u00eda T\u00e9cnica de Planificaci\u00f3n del Desarrollo Econ\u00f3mico y social (STP), Jos\u00e9 Molinas Vega, represent\u00f3 este jueves a Paraguay en el foro de la Organizaci\u00f3n para la Cooperaci\u00f3n y Desarrollo Econ\u00f3mico (OCDE), dondehabl\u00f3 sobre el desaf\u00edo en la inclusi\u00f3n social de la regi\u00f3n y particip\u00f3 como moderador en la mencionada sesi\u00f3n.<!--more--><\/p>\n<p style=\"text-align: justify;\">La inclusi\u00f3n social, como un desaf\u00edo en Am\u00e9rica Latina y el Caribe, fue el tema central en la III sesi\u00f3n de la primera reuni\u00f3n regional de la OCDE que se llev\u00f3 a cabo en la ciudad de Santiago de Chile, este jueves 13 de octubre.<\/p>\n<p style=\"text-align: justify;\">El objetivo de la conferencia fue construir un entendimiento com\u00fan del desaf\u00edo de la inclusi\u00f3n social de Am\u00e9rica Latina y el Carible, simplificando la inclusi\u00f3n de todos los derechos econ\u00f3micos y sociales discutiendo los elementos que deben incluirse en el programa de trabajo de los grupos de la OCDE que se lleva adelante en el periodo 2016-2018.<\/p>\n<p style=\"text-align: justify;\">En el pa\u00eds el Plan Nacional de Desarrollo Paraguay 2030 que es coordinado por la STP, marca claramente la inclusi\u00f3n social como uno de sus ejes y objetivos estrat\u00e9gicos para lograr la dignidad, bienestar, libertades y oportunidades para todas las personas, con enfoque intercultural, intergeneracional y de g\u00e9nero siendo inclusivos en el desarrollo social.<\/p>\n<p style=\"text-align: justify;\"><strong>Paraguay y la OCDE<\/strong><\/p>\n<p style=\"text-align: justify;\">La OCDE es una organizaci\u00f3n intergubernamental compuesta actualmente por 42 pa\u00edses (34 miembros plenos) y ocho pa\u00edses adherentes, es un foro de buenas pr\u00e1cticas a nivel internacional con 258 normativas que sintetizan las buenas dichas pr\u00e1cticas en diversos \u00e1mbitos como el econ\u00f3mico, financiero, fiscal, social, de inversiones y pol\u00edtico.<\/p>\n<p style=\"text-align: justify;\">El pasado 3 de junio, en el primer foro de la OCDE en Par\u00eds, Paraguay ha decidido acercarse a las buenas pr\u00e1cticas a trav\u00e9s de diversas l\u00edneas de trabajo en el estudio de las normativas, ya se est\u00e1 participando de grupos de trabajo, emprendiendo con la OCDE estudios conjuntos.<\/p>\n<p style=\"text-align: justify;\">Con ello, Paraguay busca acelerar su inserci\u00f3n al mundo de forma adecuada como lo marca el Plan Nacional de Desarrollo Paraguay 2030. La OCDE es un Organismo multilateral del que forman parte 34 pa\u00edses (todos ellos entre las econom\u00edas m\u00e1s industrializadas del mundo).<\/p>\n<p style=\"text-align: justify;\">Con sede en Par\u00eds, es un foro en el que los gobiernos trabajan para enfrentar mejor los desaf\u00edos econ\u00f3micos, sociales y de buen gobierno, acentuados con la globalizaci\u00f3n.<\/p>\n<p style=\"text-align: justify;\">Entre sus fines destacan lograr la m\u00e1s fuerte expansi\u00f3n posible de la econom\u00eda y del empleo, y aumentar el nivel de vida en los pa\u00edses miembros, manteniendo la estabilidad financiera y contribuyendo as\u00ed al desarrollo de la econom\u00eda mundial.<\/p>\n<p style=\"text-align: justify;\">As\u00ed tambi\u00e9n contribuir a una sana expansi\u00f3n econ\u00f3mica en los pa\u00edses miembros y en los no miembros en v\u00edas de desarrollo y contribuir a la expansi\u00f3n del comercio mundial sobre una base multilateral y no discriminatoria conforme a las obligaciones internacionales.<\/p>\n","protected":false},"excerpt":{"rendered":"<p>Santiago de Chile.- El ministro de la Secretar\u00eda T\u00e9cnica de Planificaci\u00f3n del Desarrollo Econ\u00f3mico y social (STP), Jos\u00e9 Molinas Vega, represent\u00f3 este jueves a Paraguay en el foro de la Organizaci\u00f3n para la Cooperaci\u00f3n y Desarrollo Econ\u00f3mico (OCDE), dondehabl\u00f3 sobre el desaf\u00edo en la inclusi\u00f3n social de la regi\u00f3n y particip\u00f3 como moderador en la [&hellip;]<\/p>\n","protected":false},"author":2,"featured_media":92651,"comment_status":"closed","ping_status":"closed","sticky":false,"template":"","format":"standard","meta":{"_monsterinsights_skip_tracking":false,"_monsterinsights_sitenote_active":false,"_monsterinsights_sitenote_note":"","_monsterinsights_sitenote_category":0,"footnotes":""},"categories":[6],"tags":[],"class_list":{"0":"post-122522","1":"post","2":"type-post","3":"status-publish","4":"format-standard","5":"has-post-thumbnail","7":"category-politica"},"yoast_head":"<!-- This site is optimized with the Yoast SEO plugin v27.5 - https:\/\/yoast.com\/product\/yoast-seo-wordpress\/ -->\n<title>Paraguay participa en foro de la OCDE sobre los desaf\u00edos de la inclusi\u00f3n en la regi\u00f3n - .::Agencia IP::.<\/title>\n<meta name=\"robots\" content=\"index, follow, max-snippet:-1, max-image-preview:large, max-video-preview:-1\" \/>\n<link rel=\"canonical\" href=\"https:\/\/www.ip.gov.py\/ip\/2016\/10\/13\/paraguay-participa-en-foro-de-la-ocde-sobre-los-desafios-de-la-inclusion-en-la-region\/\" \/>\n<meta property=\"og:locale\" content=\"es_ES\" \/>\n<meta property=\"og:type\" content=\"article\" \/>\n<meta property=\"og:title\" content=\"Paraguay participa en foro de la OCDE sobre los desaf\u00edos de la inclusi\u00f3n en la regi\u00f3n - .::Agencia IP::.\" \/>\n<meta property=\"og:description\" content=\"Santiago de Chile.- El ministro de la Secretar\u00eda T\u00e9cnica de Planificaci\u00f3n del Desarrollo Econ\u00f3mico y social (STP), Jos\u00e9 Molinas Vega, represent\u00f3 este jueves a Paraguay en el foro de la Organizaci\u00f3n para la Cooperaci\u00f3n y Desarrollo Econ\u00f3mico (OCDE), dondehabl\u00f3 sobre el desaf\u00edo en la inclusi\u00f3n social de la regi\u00f3n y particip\u00f3 como moderador en la [&hellip;]\" \/>\n<meta property=\"og:url\" content=\"https:\/\/www.ip.gov.py\/ip\/2016\/10\/13\/paraguay-participa-en-foro-de-la-ocde-sobre-los-desafios-de-la-inclusion-en-la-region\/\" \/>\n<meta property=\"og:site_name\" content=\".::Agencia IP::.\" \/>\n<meta property=\"article:publisher\" content=\"https:\/\/www.facebook.com\/IPParaguay\/\" \/>\n<meta property=\"article:published_time\" content=\"2016-10-13T19:36:59+00:00\" \/>\n<meta property=\"og:image\" content=\"https:\/\/www.ip.gov.py\/ip\/wp-content\/uploads\/2016\/04\/JOSE-MOLINAS-STP-5.jpg\" \/>\n\t<meta property=\"og:image:width\" content=\"1503\" \/>\n\t<meta property=\"og:image:height\" content=\"1002\" \/>\n\t<meta property=\"og:image:type\" content=\"image\/jpeg\" \/>\n<meta name=\"author\" content=\"Roque Mereles\" \/>\n<meta name=\"twitter:card\" content=\"summary_large_image\" \/>\n<meta name=\"twitter:creator\" content=\"@IPParaguay\" \/>\n<meta name=\"twitter:site\" content=\"@IPParaguay\" \/>\n<meta name=\"twitter:label1\" content=\"Escrito por\" \/>\n\t<meta name=\"twitter:data1\" content=\"Roque Mereles\" \/>\n\t<meta name=\"twitter:label2\" content=\"Tiempo de lectura\" \/>\n\t<meta name=\"twitter:data2\" content=\"3 minutos\" \/>\n<script type=\"application\/ld+json\" class=\"yoast-schema-graph\">{\"@context\":\"https:\\\/\\\/schema.org\",\"@graph\":[{\"@type\":\"Article\",\"@id\":\"https:\\\/\\\/www.ip.gov.py\\\/ip\\\/2016\\\/10\\\/13\\\/paraguay-participa-en-foro-de-la-ocde-sobre-los-desafios-de-la-inclusion-en-la-region\\\/#article\",\"isPartOf\":{\"@id\":\"https:\\\/\\\/www.ip.gov.py\\\/ip\\\/2016\\\/10\\\/13\\\/paraguay-participa-en-foro-de-la-ocde-sobre-los-desafios-de-la-inclusion-en-la-region\\\/\"},\"author\":{\"name\":\"Roque Mereles\",\"@id\":\"https:\\\/\\\/www.ip.gov.py\\\/ip\\\/#\\\/schema\\\/person\\\/7ec1ca00d0a9301ecc37fff902ff6741\"},\"headline\":\"Paraguay participa en foro de la OCDE sobre los desaf\u00edos de la inclusi\u00f3n en la regi\u00f3n\",\"datePublished\":\"2016-10-13T19:36:59+00:00\",\"mainEntityOfPage\":{\"@id\":\"https:\\\/\\\/www.ip.gov.py\\\/ip\\\/2016\\\/10\\\/13\\\/paraguay-participa-en-foro-de-la-ocde-sobre-los-desafios-de-la-inclusion-en-la-region\\\/\"},\"wordCount\":534,\"publisher\":{\"@id\":\"https:\\\/\\\/www.ip.gov.py\\\/ip\\\/#organization\"},\"image\":{\"@id\":\"https:\\\/\\\/www.ip.gov.py\\\/ip\\\/2016\\\/10\\\/13\\\/paraguay-participa-en-foro-de-la-ocde-sobre-los-desafios-de-la-inclusion-en-la-region\\\/#primaryimage\"},\"thumbnailUrl\":\"https:\\\/\\\/www.ip.gov.py\\\/ip\\\/wp-content\\\/uploads\\\/2016\\\/04\\\/JOSE-MOLINAS-STP-5.jpg\",\"articleSection\":[\"Pol\u00edtica\"],\"inLanguage\":\"es\"},{\"@type\":\"WebPage\",\"@id\":\"https:\\\/\\\/www.ip.gov.py\\\/ip\\\/2016\\\/10\\\/13\\\/paraguay-participa-en-foro-de-la-ocde-sobre-los-desafios-de-la-inclusion-en-la-region\\\/\",\"url\":\"https:\\\/\\\/www.ip.gov.py\\\/ip\\\/2016\\\/10\\\/13\\\/paraguay-participa-en-foro-de-la-ocde-sobre-los-desafios-de-la-inclusion-en-la-region\\\/\",\"name\":\"Paraguay participa en foro de la OCDE sobre los desaf\u00edos de la inclusi\u00f3n en la regi\u00f3n - .::Agencia IP::.\",\"isPartOf\":{\"@id\":\"https:\\\/\\\/www.ip.gov.py\\\/ip\\\/#website\"},\"primaryImageOfPage\":{\"@id\":\"https:\\\/\\\/www.ip.gov.py\\\/ip\\\/2016\\\/10\\\/13\\\/paraguay-participa-en-foro-de-la-ocde-sobre-los-desafios-de-la-inclusion-en-la-region\\\/#primaryimage\"},\"image\":{\"@id\":\"https:\\\/\\\/www.ip.gov.py\\\/ip\\\/2016\\\/10\\\/13\\\/paraguay-participa-en-foro-de-la-ocde-sobre-los-desafios-de-la-inclusion-en-la-region\\\/#primaryimage\"},\"thumbnailUrl\":\"https:\\\/\\\/www.ip.gov.py\\\/ip\\\/wp-content\\\/uploads\\\/2016\\\/04\\\/JOSE-MOLINAS-STP-5.jpg\",\"datePublished\":\"2016-10-13T19:36:59+00:00\",\"breadcrumb\":{\"@id\":\"https:\\\/\\\/www.ip.gov.py\\\/ip\\\/2016\\\/10\\\/13\\\/paraguay-participa-en-foro-de-la-ocde-sobre-los-desafios-de-la-inclusion-en-la-region\\\/#breadcrumb\"},\"inLanguage\":\"es\",\"potentialAction\":[{\"@type\":\"ReadAction\",\"target\":[\"https:\\\/\\\/www.ip.gov.py\\\/ip\\\/2016\\\/10\\\/13\\\/paraguay-participa-en-foro-de-la-ocde-sobre-los-desafios-de-la-inclusion-en-la-region\\\/\"]}]},{\"@type\":\"ImageObject\",\"inLanguage\":\"es\",\"@id\":\"https:\\\/\\\/www.ip.gov.py\\\/ip\\\/2016\\\/10\\\/13\\\/paraguay-participa-en-foro-de-la-ocde-sobre-los-desafios-de-la-inclusion-en-la-region\\\/#primaryimage\",\"url\":\"https:\\\/\\\/www.ip.gov.py\\\/ip\\\/wp-content\\\/uploads\\\/2016\\\/04\\\/JOSE-MOLINAS-STP-5.jpg\",\"contentUrl\":\"https:\\\/\\\/www.ip.gov.py\\\/ip\\\/wp-content\\\/uploads\\\/2016\\\/04\\\/JOSE-MOLINAS-STP-5.jpg\",\"width\":1503,\"height\":1002},{\"@type\":\"BreadcrumbList\",\"@id\":\"https:\\\/\\\/www.ip.gov.py\\\/ip\\\/2016\\\/10\\\/13\\\/paraguay-participa-en-foro-de-la-ocde-sobre-los-desafios-de-la-inclusion-en-la-region\\\/#breadcrumb\",\"itemListElement\":[{\"@type\":\"ListItem\",\"position\":1,\"name\":\"Portada\",\"item\":\"https:\\\/\\\/www.ip.gov.py\\\/ip\\\/\"},{\"@type\":\"ListItem\",\"position\":2,\"name\":\"Paraguay participa en foro de la OCDE sobre los desaf\u00edos de la inclusi\u00f3n en la regi\u00f3n\"}]},{\"@type\":\"WebSite\",\"@id\":\"https:\\\/\\\/www.ip.gov.py\\\/ip\\\/#website\",\"url\":\"https:\\\/\\\/www.ip.gov.py\\\/ip\\\/\",\"name\":\".::Agencia IP::.\",\"description\":\"\",\"publisher\":{\"@id\":\"https:\\\/\\\/www.ip.gov.py\\\/ip\\\/#organization\"},\"potentialAction\":[{\"@type\":\"SearchAction\",\"target\":{\"@type\":\"EntryPoint\",\"urlTemplate\":\"https:\\\/\\\/www.ip.gov.py\\\/ip\\\/?s={search_term_string}\"},\"query-input\":{\"@type\":\"PropertyValueSpecification\",\"valueRequired\":true,\"valueName\":\"search_term_string\"}}],\"inLanguage\":\"es\"},{\"@type\":\"Organization\",\"@id\":\"https:\\\/\\\/www.ip.gov.py\\\/ip\\\/#organization\",\"name\":\"Agencia IP\",\"url\":\"https:\\\/\\\/www.ip.gov.py\\\/ip\\\/\",\"logo\":{\"@type\":\"ImageObject\",\"inLanguage\":\"es\",\"@id\":\"https:\\\/\\\/www.ip.gov.py\\\/ip\\\/#\\\/schema\\\/logo\\\/image\\\/\",\"url\":\"https:\\\/\\\/www.ip.gov.py\\\/ip\\\/wp-content\\\/uploads\\\/2018\\\/01\\\/Agencia-IP.jpg\",\"contentUrl\":\"https:\\\/\\\/www.ip.gov.py\\\/ip\\\/wp-content\\\/uploads\\\/2018\\\/01\\\/Agencia-IP.jpg\",\"width\":150,\"height\":150,\"caption\":\"Agencia IP\"},\"image\":{\"@id\":\"https:\\\/\\\/www.ip.gov.py\\\/ip\\\/#\\\/schema\\\/logo\\\/image\\\/\"},\"sameAs\":[\"https:\\\/\\\/www.facebook.com\\\/IPParaguay\\\/\",\"https:\\\/\\\/x.com\\\/IPParaguay\",\"https:\\\/\\\/www.instagram.com\\\/IPParaguay\"]},{\"@type\":\"Person\",\"@id\":\"https:\\\/\\\/www.ip.gov.py\\\/ip\\\/#\\\/schema\\\/person\\\/7ec1ca00d0a9301ecc37fff902ff6741\",\"name\":\"Roque Mereles\",\"url\":\"https:\\\/\\\/www.ip.gov.py\\\/ip\\\/author\\\/rmereles\\\/\"}]}<\/script>\n<!-- \/ Yoast SEO plugin. -->","yoast_head_json":{"title":"Paraguay participa en foro de la OCDE sobre los desaf\u00edos de la inclusi\u00f3n en la regi\u00f3n - .::Agencia IP::.","robots":{"index":"index","follow":"follow","max-snippet":"max-snippet:-1","max-image-preview":"max-image-preview:large","max-video-preview":"max-video-preview:-1"},"canonical":"https:\/\/www.ip.gov.py\/ip\/2016\/10\/13\/paraguay-participa-en-foro-de-la-ocde-sobre-los-desafios-de-la-inclusion-en-la-region\/","og_locale":"es_ES","og_type":"article","og_title":"Paraguay participa en foro de la OCDE sobre los desaf\u00edos de la inclusi\u00f3n en la regi\u00f3n - .::Agencia IP::.","og_description":"Santiago de Chile.- El ministro de la Secretar\u00eda T\u00e9cnica de Planificaci\u00f3n del Desarrollo Econ\u00f3mico y social (STP), Jos\u00e9 Molinas Vega, represent\u00f3 este jueves a Paraguay en el foro de la Organizaci\u00f3n para la Cooperaci\u00f3n y Desarrollo Econ\u00f3mico (OCDE), dondehabl\u00f3 sobre el desaf\u00edo en la inclusi\u00f3n social de la regi\u00f3n y particip\u00f3 como moderador en la [&hellip;]","og_url":"https:\/\/www.ip.gov.py\/ip\/2016\/10\/13\/paraguay-participa-en-foro-de-la-ocde-sobre-los-desafios-de-la-inclusion-en-la-region\/","og_site_name":".::Agencia IP::.","article_publisher":"https:\/\/www.facebook.com\/IPParaguay\/","article_published_time":"2016-10-13T19:36:59+00:00","og_image":[{"width":1503,"height":1002,"url":"https:\/\/www.ip.gov.py\/ip\/wp-content\/uploads\/2016\/04\/JOSE-MOLINAS-STP-5.jpg","type":"image\/jpeg"}],"author":"Roque Mereles","twitter_card":"summary_large_image","twitter_creator":"@IPParaguay","twitter_site":"@IPParaguay","twitter_misc":{"Escrito por":"Roque Mereles","Tiempo de lectura":"3 minutos"},"schema":{"@context":"https:\/\/schema.org","@graph":[{"@type":"Article","@id":"https:\/\/www.ip.gov.py\/ip\/2016\/10\/13\/paraguay-participa-en-foro-de-la-ocde-sobre-los-desafios-de-la-inclusion-en-la-region\/#article","isPartOf":{"@id":"https:\/\/www.ip.gov.py\/ip\/2016\/10\/13\/paraguay-participa-en-foro-de-la-ocde-sobre-los-desafios-de-la-inclusion-en-la-region\/"},"author":{"name":"Roque Mereles","@id":"https:\/\/www.ip.gov.py\/ip\/#\/schema\/person\/7ec1ca00d0a9301ecc37fff902ff6741"},"headline":"Paraguay participa en foro de la OCDE sobre los desaf\u00edos de la inclusi\u00f3n en la regi\u00f3n","datePublished":"2016-10-13T19:36:59+00:00","mainEntityOfPage":{"@id":"https:\/\/www.ip.gov.py\/ip\/2016\/10\/13\/paraguay-participa-en-foro-de-la-ocde-sobre-los-desafios-de-la-inclusion-en-la-region\/"},"wordCount":534,"publisher":{"@id":"https:\/\/www.ip.gov.py\/ip\/#organization"},"image":{"@id":"https:\/\/www.ip.gov.py\/ip\/2016\/10\/13\/paraguay-participa-en-foro-de-la-ocde-sobre-los-desafios-de-la-inclusion-en-la-region\/#primaryimage"},"thumbnailUrl":"https:\/\/www.ip.gov.py\/ip\/wp-content\/uploads\/2016\/04\/JOSE-MOLINAS-STP-5.jpg","articleSection":["Pol\u00edtica"],"inLanguage":"es"},{"@type":"WebPage","@id":"https:\/\/www.ip.gov.py\/ip\/2016\/10\/13\/paraguay-participa-en-foro-de-la-ocde-sobre-los-desafios-de-la-inclusion-en-la-region\/","url":"https:\/\/www.ip.gov.py\/ip\/2016\/10\/13\/paraguay-participa-en-foro-de-la-ocde-sobre-los-desafios-de-la-inclusion-en-la-region\/","name":"Paraguay participa en foro de la OCDE sobre los desaf\u00edos de la inclusi\u00f3n en la regi\u00f3n - .::Agencia IP::.","isPartOf":{"@id":"https:\/\/www.ip.gov.py\/ip\/#website"},"primaryImageOfPage":{"@id":"https:\/\/www.ip.gov.py\/ip\/2016\/10\/13\/paraguay-participa-en-foro-de-la-ocde-sobre-los-desafios-de-la-inclusion-en-la-region\/#primaryimage"},"image":{"@id":"https:\/\/www.ip.gov.py\/ip\/2016\/10\/13\/paraguay-participa-en-foro-de-la-ocde-sobre-los-desafios-de-la-inclusion-en-la-region\/#primaryimage"},"thumbnailUrl":"https:\/\/www.ip.gov.py\/ip\/wp-content\/uploads\/2016\/04\/JOSE-MOLINAS-STP-5.jpg","datePublished":"2016-10-13T19:36:59+00:00","breadcrumb":{"@id":"https:\/\/www.ip.gov.py\/ip\/2016\/10\/13\/paraguay-participa-en-foro-de-la-ocde-sobre-los-desafios-de-la-inclusion-en-la-region\/#breadcrumb"},"inLanguage":"es","potentialAction":[{"@type":"ReadAction","target":["https:\/\/www.ip.gov.py\/ip\/2016\/10\/13\/paraguay-participa-en-foro-de-la-ocde-sobre-los-desafios-de-la-inclusion-en-la-region\/"]}]},{"@type":"ImageObject","inLanguage":"es","@id":"https:\/\/www.ip.gov.py\/ip\/2016\/10\/13\/paraguay-participa-en-foro-de-la-ocde-sobre-los-desafios-de-la-inclusion-en-la-region\/#primaryimage","url":"https:\/\/www.ip.gov.py\/ip\/wp-content\/uploads\/2016\/04\/JOSE-MOLINAS-STP-5.jpg","contentUrl":"https:\/\/www.ip.gov.py\/ip\/wp-content\/uploads\/2016\/04\/JOSE-MOLINAS-STP-5.jpg","width":1503,"height":1002},{"@type":"BreadcrumbList","@id":"https:\/\/www.ip.gov.py\/ip\/2016\/10\/13\/paraguay-participa-en-foro-de-la-ocde-sobre-los-desafios-de-la-inclusion-en-la-region\/#breadcrumb","itemListElement":[{"@type":"ListItem","position":1,"name":"Portada","item":"https:\/\/www.ip.gov.py\/ip\/"},{"@type":"ListItem","position":2,"name":"Paraguay participa en foro de la OCDE sobre los desaf\u00edos de la inclusi\u00f3n en la regi\u00f3n"}]},{"@type":"WebSite","@id":"https:\/\/www.ip.gov.py\/ip\/#website","url":"https:\/\/www.ip.gov.py\/ip\/","name":".::Agencia IP::.","description":"","publisher":{"@id":"https:\/\/www.ip.gov.py\/ip\/#organization"},"potentialAction":[{"@type":"SearchAction","target":{"@type":"EntryPoint","urlTemplate":"https:\/\/www.ip.gov.py\/ip\/?s={search_term_string}"},"query-input":{"@type":"PropertyValueSpecification","valueRequired":true,"valueName":"search_term_string"}}],"inLanguage":"es"},{"@type":"Organization","@id":"https:\/\/www.ip.gov.py\/ip\/#organization","name":"Agencia IP","url":"https:\/\/www.ip.gov.py\/ip\/","logo":{"@type":"ImageObject","inLanguage":"es","@id":"https:\/\/www.ip.gov.py\/ip\/#\/schema\/logo\/image\/","url":"https:\/\/www.ip.gov.py\/ip\/wp-content\/uploads\/2018\/01\/Agencia-IP.jpg","contentUrl":"https:\/\/www.ip.gov.py\/ip\/wp-content\/uploads\/2018\/01\/Agencia-IP.jpg","width":150,"height":150,"caption":"Agencia IP"},"image":{"@id":"https:\/\/www.ip.gov.py\/ip\/#\/schema\/logo\/image\/"},"sameAs":["https:\/\/www.facebook.com\/IPParaguay\/","https:\/\/x.com\/IPParaguay","https:\/\/www.instagram.com\/IPParaguay"]},{"@type":"Person","@id":"https:\/\/www.ip.gov.py\/ip\/#\/schema\/person\/7ec1ca00d0a9301ecc37fff902ff6741","name":"Roque Mereles","url":"https:\/\/www.ip.gov.py\/ip\/author\/rmereles\/"}]}},"_links":{"self":[{"href":"https:\/\/www.ip.gov.py\/ip\/wp-json\/wp\/v2\/posts\/122522","targetHints":{"allow":["GET"]}}],"collection":[{"href":"https:\/\/www.ip.gov.py\/ip\/wp-json\/wp\/v2\/posts"}],"about":[{"href":"https:\/\/www.ip.gov.py\/ip\/wp-json\/wp\/v2\/types\/post"}],"author":[{"embeddable":true,"href":"https:\/\/www.ip.gov.py\/ip\/wp-json\/wp\/v2\/users\/2"}],"replies":[{"embeddable":true,"href":"https:\/\/www.ip.gov.py\/ip\/wp-json\/wp\/v2\/comments?post=122522"}],"version-history":[{"count":0,"href":"https:\/\/www.ip.gov.py\/ip\/wp-json\/wp\/v2\/posts\/122522\/revisions"}],"wp:featuredmedia":[{"embeddable":true,"href":"https:\/\/www.ip.gov.py\/ip\/wp-json\/wp\/v2\/media\/92651"}],"wp:attachment":[{"href":"https:\/\/www.ip.gov.py\/ip\/wp-json\/wp\/v2\/media?parent=122522"}],"wp:term":[{"taxonomy":"category","embeddable":true,"href":"https:\/\/www.ip.gov.py\/ip\/wp-json\/wp\/v2\/categories?post=122522"},{"taxonomy":"post_tag","embeddable":true,"href":"https:\/\/www.ip.gov.py\/ip\/wp-json\/wp\/v2\/tags?post=122522"}],"curies":[{"name":"wp","href":"https:\/\/api.w.org\/{rel}","templated":true}]}}