{"id":123520,"date":"2016-10-19T09:36:54","date_gmt":"2016-10-19T12:36:54","guid":{"rendered":"http:\/\/desarrollo.ip.gov.py\/ip\/?p=123520"},"modified":"2016-10-19T09:38:06","modified_gmt":"2016-10-19T12:38:06","slug":"karim-benzema-contesta-al-presidente-hollande","status":"publish","type":"post","link":"https:\/\/www.ip.gov.py\/ip\/2016\/10\/19\/karim-benzema-contesta-al-presidente-hollande\/","title":{"rendered":"Karim Benzema contesta al presidente Hollande"},"content":{"rendered":"<p style=\"text-align: justify;\"><strong><em>Asunci\u00f3n, IP.-<\/em><\/strong> El delantero respondi\u00f3 al presidente de la Rep\u00fablica, que le acus\u00f3 de \u201cno ser moralmente un ejemplo\u201d y dijo que los futbolistas est\u00e1n \u201cmaleducados\u201d.\u00a0<!--more--><\/p>\n<p style=\"text-align: justify;\">Karim Benzema aprovech\u00f3 el pospartido de Champions frente al Legia Varsovia para responder a las cr\u00edticas que el presidente de la Rep\u00fablica de Francia, Fran\u00e7ois Hollande, vierte en el libro Un Presidente no deber\u00eda decir eso, que se public\u00f3 la pasada semana en el pa\u00eds galo.<\/p>\n<p style=\"text-align: justify;\">\u201c\u00bfQu\u00e9 quer\u00e9is que os diga? Si no soy un ejemplo&#8230; Yo juego al f\u00fatbol, hago disfrutar a la gente y fui bien educado por mis padres\u201d, dijo Benzema tras el encuentro en unas declaraciones que recoge Le Parisien y reproduce el diario AS de Espa\u00f1a.<\/p>\n<p style=\"text-align: justify;\">El delantero del Real Madrid aludi\u00f3 as\u00ed a las palabras de Hollande en las que dijo que \u201cBenzema no es un ejemplo de moralidad\u201d o que los jugadores de la selecci\u00f3n francesa \u201chan pasado de ser jugadores maleducados a estrellas riqu\u00edsimas\u201d.<\/p>\n<p style=\"text-align: justify;\">Benzema tambi\u00e9n abord\u00f3 la cuesti\u00f3n de su regreso a la selecci\u00f3n francesa, de la que lleva un a\u00f1o apartado a causa del esc\u00e1ndalo Valbuena.<\/p>\n<p style=\"text-align: justify;\">\u201c\u00bfLa selecci\u00f3n? Ya veremos. No hay por qu\u00e9 estar hablando de ello todo el rato. Yo tengo que hacer buenos partidos con mi club. Espero la llamada de la selecci\u00f3n, pero no me produce ansia. Para m\u00ed es importante volver, pero ya est\u00e1\u201d, explic\u00f3 Benzema.<\/p>\n<p style=\"text-align: justify;\">El presidente de Francia, Fran\u00e7ois Hollande, quiere resolver cuanto antes el malentendido por sus palabras sobre los jugadores de Francia en las que dec\u00eda que los futbolistas deber\u00edan entrenar el cerebro y ha llamado al presidente de la Federaci\u00f3n Francesa de F\u00fatbol para entrevistarse con el presidente No\u00ebl Le Gra\u00ebt y zanjar de una vez toda la pol\u00e9mica con los bleus.<\/p>\n","protected":false},"excerpt":{"rendered":"<p>Asunci\u00f3n, IP.- El delantero respondi\u00f3 al presidente de la Rep\u00fablica, que le acus\u00f3 de \u201cno ser moralmente un ejemplo\u201d y dijo que los futbolistas est\u00e1n \u201cmaleducados\u201d.\u00a0<\/p>\n","protected":false},"author":20,"featured_media":123522,"comment_status":"closed","ping_status":"closed","sticky":false,"template":"","format":"standard","meta":{"_monsterinsights_skip_tracking":false,"_monsterinsights_sitenote_active":false,"_monsterinsights_sitenote_note":"","_monsterinsights_sitenote_category":0,"footnotes":""},"categories":[8],"tags":[],"class_list":{"0":"post-123520","1":"post","2":"type-post","3":"status-publish","4":"format-standard","5":"has-post-thumbnail","7":"category-deportes"},"yoast_head":"<!-- This site is optimized with the Yoast SEO plugin v27.4 - https:\/\/yoast.com\/product\/yoast-seo-wordpress\/ -->\n<title>Karim Benzema contesta al presidente Hollande - .::Agencia IP::.<\/title>\n<meta name=\"robots\" content=\"index, follow, max-snippet:-1, max-image-preview:large, max-video-preview:-1\" \/>\n<link rel=\"canonical\" href=\"https:\/\/www.ip.gov.py\/ip\/2016\/10\/19\/karim-benzema-contesta-al-presidente-hollande\/\" \/>\n<meta property=\"og:locale\" content=\"es_ES\" \/>\n<meta property=\"og:type\" content=\"article\" \/>\n<meta property=\"og:title\" content=\"Karim Benzema contesta al presidente Hollande - .::Agencia IP::.\" \/>\n<meta property=\"og:description\" content=\"Asunci\u00f3n, IP.- El delantero respondi\u00f3 al presidente de la Rep\u00fablica, que le acus\u00f3 de \u201cno ser moralmente un ejemplo\u201d y dijo que los futbolistas est\u00e1n \u201cmaleducados\u201d.\u00a0\" \/>\n<meta property=\"og:url\" content=\"https:\/\/www.ip.gov.py\/ip\/2016\/10\/19\/karim-benzema-contesta-al-presidente-hollande\/\" \/>\n<meta property=\"og:site_name\" content=\".::Agencia IP::.\" \/>\n<meta property=\"article:publisher\" content=\"https:\/\/www.facebook.com\/IPParaguay\/\" \/>\n<meta property=\"article:published_time\" content=\"2016-10-19T12:36:54+00:00\" \/>\n<meta property=\"article:modified_time\" content=\"2016-10-19T12:38:06+00:00\" \/>\n<meta property=\"og:image\" content=\"https:\/\/www.ip.gov.py\/ip\/wp-content\/uploads\/2016\/10\/1476854677_487749_1476864124_noticia_normal.jpg\" \/>\n\t<meta property=\"og:image:width\" content=\"800\" \/>\n\t<meta property=\"og:image:height\" content=\"450\" \/>\n\t<meta property=\"og:image:type\" content=\"image\/jpeg\" \/>\n<meta name=\"author\" content=\"Hector Latorre\" \/>\n<meta name=\"twitter:card\" content=\"summary_large_image\" \/>\n<meta name=\"twitter:creator\" content=\"@IPParaguay\" \/>\n<meta name=\"twitter:site\" content=\"@IPParaguay\" \/>\n<meta name=\"twitter:label1\" content=\"Escrito por\" \/>\n\t<meta name=\"twitter:data1\" content=\"Hector Latorre\" \/>\n\t<meta name=\"twitter:label2\" content=\"Tiempo de lectura\" \/>\n\t<meta name=\"twitter:data2\" content=\"2 minutos\" \/>\n<script type=\"application\/ld+json\" class=\"yoast-schema-graph\">{\"@context\":\"https:\\\/\\\/schema.org\",\"@graph\":[{\"@type\":\"Article\",\"@id\":\"https:\\\/\\\/www.ip.gov.py\\\/ip\\\/2016\\\/10\\\/19\\\/karim-benzema-contesta-al-presidente-hollande\\\/#article\",\"isPartOf\":{\"@id\":\"https:\\\/\\\/www.ip.gov.py\\\/ip\\\/2016\\\/10\\\/19\\\/karim-benzema-contesta-al-presidente-hollande\\\/\"},\"author\":{\"name\":\"Hector Latorre\",\"@id\":\"https:\\\/\\\/www.ip.gov.py\\\/ip\\\/#\\\/schema\\\/person\\\/ab00554d48b7525bfa3dfbba7d507ef1\"},\"headline\":\"Karim Benzema contesta al presidente Hollande\",\"datePublished\":\"2016-10-19T12:36:54+00:00\",\"dateModified\":\"2016-10-19T12:38:06+00:00\",\"mainEntityOfPage\":{\"@id\":\"https:\\\/\\\/www.ip.gov.py\\\/ip\\\/2016\\\/10\\\/19\\\/karim-benzema-contesta-al-presidente-hollande\\\/\"},\"wordCount\":323,\"publisher\":{\"@id\":\"https:\\\/\\\/www.ip.gov.py\\\/ip\\\/#organization\"},\"image\":{\"@id\":\"https:\\\/\\\/www.ip.gov.py\\\/ip\\\/2016\\\/10\\\/19\\\/karim-benzema-contesta-al-presidente-hollande\\\/#primaryimage\"},\"thumbnailUrl\":\"https:\\\/\\\/www.ip.gov.py\\\/ip\\\/wp-content\\\/uploads\\\/2016\\\/10\\\/1476854677_487749_1476864124_noticia_normal.jpg\",\"articleSection\":[\"Deportes\"],\"inLanguage\":\"es\"},{\"@type\":\"WebPage\",\"@id\":\"https:\\\/\\\/www.ip.gov.py\\\/ip\\\/2016\\\/10\\\/19\\\/karim-benzema-contesta-al-presidente-hollande\\\/\",\"url\":\"https:\\\/\\\/www.ip.gov.py\\\/ip\\\/2016\\\/10\\\/19\\\/karim-benzema-contesta-al-presidente-hollande\\\/\",\"name\":\"Karim Benzema contesta al presidente Hollande - .::Agencia IP::.\",\"isPartOf\":{\"@id\":\"https:\\\/\\\/www.ip.gov.py\\\/ip\\\/#website\"},\"primaryImageOfPage\":{\"@id\":\"https:\\\/\\\/www.ip.gov.py\\\/ip\\\/2016\\\/10\\\/19\\\/karim-benzema-contesta-al-presidente-hollande\\\/#primaryimage\"},\"image\":{\"@id\":\"https:\\\/\\\/www.ip.gov.py\\\/ip\\\/2016\\\/10\\\/19\\\/karim-benzema-contesta-al-presidente-hollande\\\/#primaryimage\"},\"thumbnailUrl\":\"https:\\\/\\\/www.ip.gov.py\\\/ip\\\/wp-content\\\/uploads\\\/2016\\\/10\\\/1476854677_487749_1476864124_noticia_normal.jpg\",\"datePublished\":\"2016-10-19T12:36:54+00:00\",\"dateModified\":\"2016-10-19T12:38:06+00:00\",\"breadcrumb\":{\"@id\":\"https:\\\/\\\/www.ip.gov.py\\\/ip\\\/2016\\\/10\\\/19\\\/karim-benzema-contesta-al-presidente-hollande\\\/#breadcrumb\"},\"inLanguage\":\"es\",\"potentialAction\":[{\"@type\":\"ReadAction\",\"target\":[\"https:\\\/\\\/www.ip.gov.py\\\/ip\\\/2016\\\/10\\\/19\\\/karim-benzema-contesta-al-presidente-hollande\\\/\"]}]},{\"@type\":\"ImageObject\",\"inLanguage\":\"es\",\"@id\":\"https:\\\/\\\/www.ip.gov.py\\\/ip\\\/2016\\\/10\\\/19\\\/karim-benzema-contesta-al-presidente-hollande\\\/#primaryimage\",\"url\":\"https:\\\/\\\/www.ip.gov.py\\\/ip\\\/wp-content\\\/uploads\\\/2016\\\/10\\\/1476854677_487749_1476864124_noticia_normal.jpg\",\"contentUrl\":\"https:\\\/\\\/www.ip.gov.py\\\/ip\\\/wp-content\\\/uploads\\\/2016\\\/10\\\/1476854677_487749_1476864124_noticia_normal.jpg\",\"width\":800,\"height\":450,\"caption\":\"El delantero Karim Benzema, de 28 a\u00f1os, respondi\u00f3 al presidente de Francia. Foto Gentileza Diario AS.\"},{\"@type\":\"BreadcrumbList\",\"@id\":\"https:\\\/\\\/www.ip.gov.py\\\/ip\\\/2016\\\/10\\\/19\\\/karim-benzema-contesta-al-presidente-hollande\\\/#breadcrumb\",\"itemListElement\":[{\"@type\":\"ListItem\",\"position\":1,\"name\":\"Portada\",\"item\":\"https:\\\/\\\/www.ip.gov.py\\\/ip\\\/\"},{\"@type\":\"ListItem\",\"position\":2,\"name\":\"Karim Benzema contesta al presidente Hollande\"}]},{\"@type\":\"WebSite\",\"@id\":\"https:\\\/\\\/www.ip.gov.py\\\/ip\\\/#website\",\"url\":\"https:\\\/\\\/www.ip.gov.py\\\/ip\\\/\",\"name\":\".::Agencia IP::.\",\"description\":\"\",\"publisher\":{\"@id\":\"https:\\\/\\\/www.ip.gov.py\\\/ip\\\/#organization\"},\"potentialAction\":[{\"@type\":\"SearchAction\",\"target\":{\"@type\":\"EntryPoint\",\"urlTemplate\":\"https:\\\/\\\/www.ip.gov.py\\\/ip\\\/?s={search_term_string}\"},\"query-input\":{\"@type\":\"PropertyValueSpecification\",\"valueRequired\":true,\"valueName\":\"search_term_string\"}}],\"inLanguage\":\"es\"},{\"@type\":\"Organization\",\"@id\":\"https:\\\/\\\/www.ip.gov.py\\\/ip\\\/#organization\",\"name\":\"Agencia IP\",\"url\":\"https:\\\/\\\/www.ip.gov.py\\\/ip\\\/\",\"logo\":{\"@type\":\"ImageObject\",\"inLanguage\":\"es\",\"@id\":\"https:\\\/\\\/www.ip.gov.py\\\/ip\\\/#\\\/schema\\\/logo\\\/image\\\/\",\"url\":\"https:\\\/\\\/www.ip.gov.py\\\/ip\\\/wp-content\\\/uploads\\\/2018\\\/01\\\/Agencia-IP.jpg\",\"contentUrl\":\"https:\\\/\\\/www.ip.gov.py\\\/ip\\\/wp-content\\\/uploads\\\/2018\\\/01\\\/Agencia-IP.jpg\",\"width\":150,\"height\":150,\"caption\":\"Agencia IP\"},\"image\":{\"@id\":\"https:\\\/\\\/www.ip.gov.py\\\/ip\\\/#\\\/schema\\\/logo\\\/image\\\/\"},\"sameAs\":[\"https:\\\/\\\/www.facebook.com\\\/IPParaguay\\\/\",\"https:\\\/\\\/x.com\\\/IPParaguay\",\"https:\\\/\\\/www.instagram.com\\\/IPParaguay\"]},{\"@type\":\"Person\",\"@id\":\"https:\\\/\\\/www.ip.gov.py\\\/ip\\\/#\\\/schema\\\/person\\\/ab00554d48b7525bfa3dfbba7d507ef1\",\"name\":\"Hector Latorre\",\"url\":\"https:\\\/\\\/www.ip.gov.py\\\/ip\\\/author\\\/hlatorre\\\/\"}]}<\/script>\n<!-- \/ Yoast SEO plugin. -->","yoast_head_json":{"title":"Karim Benzema contesta al presidente Hollande - .::Agencia IP::.","robots":{"index":"index","follow":"follow","max-snippet":"max-snippet:-1","max-image-preview":"max-image-preview:large","max-video-preview":"max-video-preview:-1"},"canonical":"https:\/\/www.ip.gov.py\/ip\/2016\/10\/19\/karim-benzema-contesta-al-presidente-hollande\/","og_locale":"es_ES","og_type":"article","og_title":"Karim Benzema contesta al presidente Hollande - .::Agencia IP::.","og_description":"Asunci\u00f3n, IP.- El delantero respondi\u00f3 al presidente de la Rep\u00fablica, que le acus\u00f3 de \u201cno ser moralmente un ejemplo\u201d y dijo que los futbolistas est\u00e1n \u201cmaleducados\u201d.\u00a0","og_url":"https:\/\/www.ip.gov.py\/ip\/2016\/10\/19\/karim-benzema-contesta-al-presidente-hollande\/","og_site_name":".::Agencia IP::.","article_publisher":"https:\/\/www.facebook.com\/IPParaguay\/","article_published_time":"2016-10-19T12:36:54+00:00","article_modified_time":"2016-10-19T12:38:06+00:00","og_image":[{"width":800,"height":450,"url":"https:\/\/www.ip.gov.py\/ip\/wp-content\/uploads\/2016\/10\/1476854677_487749_1476864124_noticia_normal.jpg","type":"image\/jpeg"}],"author":"Hector Latorre","twitter_card":"summary_large_image","twitter_creator":"@IPParaguay","twitter_site":"@IPParaguay","twitter_misc":{"Escrito por":"Hector Latorre","Tiempo de lectura":"2 minutos"},"schema":{"@context":"https:\/\/schema.org","@graph":[{"@type":"Article","@id":"https:\/\/www.ip.gov.py\/ip\/2016\/10\/19\/karim-benzema-contesta-al-presidente-hollande\/#article","isPartOf":{"@id":"https:\/\/www.ip.gov.py\/ip\/2016\/10\/19\/karim-benzema-contesta-al-presidente-hollande\/"},"author":{"name":"Hector Latorre","@id":"https:\/\/www.ip.gov.py\/ip\/#\/schema\/person\/ab00554d48b7525bfa3dfbba7d507ef1"},"headline":"Karim Benzema contesta al presidente Hollande","datePublished":"2016-10-19T12:36:54+00:00","dateModified":"2016-10-19T12:38:06+00:00","mainEntityOfPage":{"@id":"https:\/\/www.ip.gov.py\/ip\/2016\/10\/19\/karim-benzema-contesta-al-presidente-hollande\/"},"wordCount":323,"publisher":{"@id":"https:\/\/www.ip.gov.py\/ip\/#organization"},"image":{"@id":"https:\/\/www.ip.gov.py\/ip\/2016\/10\/19\/karim-benzema-contesta-al-presidente-hollande\/#primaryimage"},"thumbnailUrl":"https:\/\/www.ip.gov.py\/ip\/wp-content\/uploads\/2016\/10\/1476854677_487749_1476864124_noticia_normal.jpg","articleSection":["Deportes"],"inLanguage":"es"},{"@type":"WebPage","@id":"https:\/\/www.ip.gov.py\/ip\/2016\/10\/19\/karim-benzema-contesta-al-presidente-hollande\/","url":"https:\/\/www.ip.gov.py\/ip\/2016\/10\/19\/karim-benzema-contesta-al-presidente-hollande\/","name":"Karim Benzema contesta al presidente Hollande - .::Agencia IP::.","isPartOf":{"@id":"https:\/\/www.ip.gov.py\/ip\/#website"},"primaryImageOfPage":{"@id":"https:\/\/www.ip.gov.py\/ip\/2016\/10\/19\/karim-benzema-contesta-al-presidente-hollande\/#primaryimage"},"image":{"@id":"https:\/\/www.ip.gov.py\/ip\/2016\/10\/19\/karim-benzema-contesta-al-presidente-hollande\/#primaryimage"},"thumbnailUrl":"https:\/\/www.ip.gov.py\/ip\/wp-content\/uploads\/2016\/10\/1476854677_487749_1476864124_noticia_normal.jpg","datePublished":"2016-10-19T12:36:54+00:00","dateModified":"2016-10-19T12:38:06+00:00","breadcrumb":{"@id":"https:\/\/www.ip.gov.py\/ip\/2016\/10\/19\/karim-benzema-contesta-al-presidente-hollande\/#breadcrumb"},"inLanguage":"es","potentialAction":[{"@type":"ReadAction","target":["https:\/\/www.ip.gov.py\/ip\/2016\/10\/19\/karim-benzema-contesta-al-presidente-hollande\/"]}]},{"@type":"ImageObject","inLanguage":"es","@id":"https:\/\/www.ip.gov.py\/ip\/2016\/10\/19\/karim-benzema-contesta-al-presidente-hollande\/#primaryimage","url":"https:\/\/www.ip.gov.py\/ip\/wp-content\/uploads\/2016\/10\/1476854677_487749_1476864124_noticia_normal.jpg","contentUrl":"https:\/\/www.ip.gov.py\/ip\/wp-content\/uploads\/2016\/10\/1476854677_487749_1476864124_noticia_normal.jpg","width":800,"height":450,"caption":"El delantero Karim Benzema, de 28 a\u00f1os, respondi\u00f3 al presidente de Francia. Foto Gentileza Diario AS."},{"@type":"BreadcrumbList","@id":"https:\/\/www.ip.gov.py\/ip\/2016\/10\/19\/karim-benzema-contesta-al-presidente-hollande\/#breadcrumb","itemListElement":[{"@type":"ListItem","position":1,"name":"Portada","item":"https:\/\/www.ip.gov.py\/ip\/"},{"@type":"ListItem","position":2,"name":"Karim Benzema contesta al presidente Hollande"}]},{"@type":"WebSite","@id":"https:\/\/www.ip.gov.py\/ip\/#website","url":"https:\/\/www.ip.gov.py\/ip\/","name":".::Agencia IP::.","description":"","publisher":{"@id":"https:\/\/www.ip.gov.py\/ip\/#organization"},"potentialAction":[{"@type":"SearchAction","target":{"@type":"EntryPoint","urlTemplate":"https:\/\/www.ip.gov.py\/ip\/?s={search_term_string}"},"query-input":{"@type":"PropertyValueSpecification","valueRequired":true,"valueName":"search_term_string"}}],"inLanguage":"es"},{"@type":"Organization","@id":"https:\/\/www.ip.gov.py\/ip\/#organization","name":"Agencia IP","url":"https:\/\/www.ip.gov.py\/ip\/","logo":{"@type":"ImageObject","inLanguage":"es","@id":"https:\/\/www.ip.gov.py\/ip\/#\/schema\/logo\/image\/","url":"https:\/\/www.ip.gov.py\/ip\/wp-content\/uploads\/2018\/01\/Agencia-IP.jpg","contentUrl":"https:\/\/www.ip.gov.py\/ip\/wp-content\/uploads\/2018\/01\/Agencia-IP.jpg","width":150,"height":150,"caption":"Agencia IP"},"image":{"@id":"https:\/\/www.ip.gov.py\/ip\/#\/schema\/logo\/image\/"},"sameAs":["https:\/\/www.facebook.com\/IPParaguay\/","https:\/\/x.com\/IPParaguay","https:\/\/www.instagram.com\/IPParaguay"]},{"@type":"Person","@id":"https:\/\/www.ip.gov.py\/ip\/#\/schema\/person\/ab00554d48b7525bfa3dfbba7d507ef1","name":"Hector Latorre","url":"https:\/\/www.ip.gov.py\/ip\/author\/hlatorre\/"}]}},"_links":{"self":[{"href":"https:\/\/www.ip.gov.py\/ip\/wp-json\/wp\/v2\/posts\/123520","targetHints":{"allow":["GET"]}}],"collection":[{"href":"https:\/\/www.ip.gov.py\/ip\/wp-json\/wp\/v2\/posts"}],"about":[{"href":"https:\/\/www.ip.gov.py\/ip\/wp-json\/wp\/v2\/types\/post"}],"author":[{"embeddable":true,"href":"https:\/\/www.ip.gov.py\/ip\/wp-json\/wp\/v2\/users\/20"}],"replies":[{"embeddable":true,"href":"https:\/\/www.ip.gov.py\/ip\/wp-json\/wp\/v2\/comments?post=123520"}],"version-history":[{"count":0,"href":"https:\/\/www.ip.gov.py\/ip\/wp-json\/wp\/v2\/posts\/123520\/revisions"}],"wp:featuredmedia":[{"embeddable":true,"href":"https:\/\/www.ip.gov.py\/ip\/wp-json\/wp\/v2\/media\/123522"}],"wp:attachment":[{"href":"https:\/\/www.ip.gov.py\/ip\/wp-json\/wp\/v2\/media?parent=123520"}],"wp:term":[{"taxonomy":"category","embeddable":true,"href":"https:\/\/www.ip.gov.py\/ip\/wp-json\/wp\/v2\/categories?post=123520"},{"taxonomy":"post_tag","embeddable":true,"href":"https:\/\/www.ip.gov.py\/ip\/wp-json\/wp\/v2\/tags?post=123520"}],"curies":[{"name":"wp","href":"https:\/\/api.w.org\/{rel}","templated":true}]}}