{"id":125008,"date":"2016-10-26T10:35:37","date_gmt":"2016-10-26T13:35:37","guid":{"rendered":"http:\/\/desarrollo.ip.gov.py\/ip\/?p=125008"},"modified":"2016-10-26T10:35:37","modified_gmt":"2016-10-26T13:35:37","slug":"paraguay-despierta-interes-de-turistas-cordobeses","status":"publish","type":"post","link":"https:\/\/www.ip.gov.py\/ip\/2016\/10\/26\/paraguay-despierta-interes-de-turistas-cordobeses\/","title":{"rendered":"Paraguay despierta inter\u00e9s de turistas cordobeses"},"content":{"rendered":"<p style=\"text-align: justify;\"><em><strong>Asunci\u00f3n, IP.-<\/strong> <\/em>Paraguay comenz\u00f3 la reconquista de los turistas cordobeses a partir de las nuevas oportunidades que abre la conexi\u00f3n a\u00e9rea por parte de la compa\u00f1\u00eda Air Europa, uniendo C\u00f3rdoba con Madrid a trav\u00e9s de Asunci\u00f3n, desde el pr\u00f3ximo 19 de diciembre.\u00a0<!--more--><\/p>\n<p style=\"text-align: justify;\">Los vuelos tendr\u00e1n cuatro frecuencias semanales y entre las motivaciones de los viajeros, que ya anticiparon el uso de la ruta C\u00f3rdoba- Asunci\u00f3n, sobresalen las ventajas que ofrece Paraguay para las compras y las atracciones en torno a las actividades deportivas como el golf y el Rally Dakar, informaron los responsables de la compa\u00f1\u00eda a\u00e9rea espa\u00f1ola en Argentina.<\/p>\n<p style=\"text-align: justify;\">La ministra de Turismo, Marcela Bacigalupo, encabez\u00f3 la delegaci\u00f3n p\u00fablico-privada que este martes realiz\u00f3 una presentaci\u00f3n pa\u00eds ante empresarios y miembros de la prensa de C\u00f3rdoba, a sala llena en el Hotel Sheraton, respondiendo a una convocatoria que cont\u00f3 con el apoyo de la Agencia C\u00f3rdoba Turismo y la C\u00e1mara de Turismo de la Provincia de C\u00f3rdoba.<\/p>\n<p style=\"text-align: justify;\">La secretaria de Estado expuso las potencialidades tur\u00edsticas del pa\u00eds, presentando a Asunci\u00f3n como puerta de entrada a un abanico de opciones para las familias cordobesas. Explic\u00f3 que la capital del pa\u00eds ha potenciado su oferta de gastronom\u00eda, compras, turismo de reuniones y circuito hist\u00f3rico, con la incorporaci\u00f3n y fortalecimiento de rutas tem\u00e1ticas, como las de la Ca\u00f1a Paraguaya, de la Chipa y el Camino Franciscano.<\/p>\n<p style=\"text-align: justify;\">Encarnaci\u00f3n y su zona de influencia, Ciudad del Este con su nueva hoteler\u00eda y toda la oferta de la Triple Frontera, y el Chaco con su atractivo natural en la zona del Pantanal, completan los grandes polos tur\u00edsticos presentados por la ministra Bacigalupo.<\/p>\n<p style=\"text-align: justify;\">\u201cCon el servicio de Air Europa, es factible que los turistas cordobeses puedan pasar un fin de semana en Paraguay, saliendo jueves y volviendo lunes\u201d, \u00a0plante\u00f3 la titular de Senatur.<\/p>\n<p style=\"text-align: justify;\">Mirando los mercados lejanos, en especial los europeos, la conexi\u00f3n tambi\u00e9n facilita el fortalecimiento de la Ruta Jesu\u00edtica Multidestino, que abarca 30 pueblos de cinco pa\u00edses del Mercosur, a\u00f1adi\u00f3 Bacigalupo.<\/p>\n<p style=\"text-align: justify;\">Previa a la presentaci\u00f3n oficial, diez empresarios paraguayos de los rubros de hoteler\u00eda y operador mayorista de turismo intercambiaron con \u00e9xito propuestas con sus pares de C\u00f3rdoba.<\/p>\n<p style=\"text-align: justify;\"><strong>Lanzamiento de la ruta a\u00e9rea<\/strong><\/p>\n<p style=\"text-align: justify;\">El lanzamiento de la nueva conexi\u00f3n se realiz\u00f3 el lunes en horas de la noche, en el local del Consulado General de Espa\u00f1a, con presencia de autoridades de la Provincia de C\u00f3rdoba, de los ministerios de Turismo de Paraguay y de Argentina, representantes locales de Air Europa e invitados especiales.<\/p>\n<p style=\"text-align: justify;\">Los vuelos se realizar\u00e1n los lunes, martes, jueves y s\u00e1bado, saliendo de C\u00f3rdoba a las 16:00, inform\u00f3 Carlos Belda, gerente de Air Europa en Argentina.<\/p>\n<p style=\"text-align: justify;\">Se estima que el tramo hasta Asunci\u00f3n demore menos de dos horas. Actualmente, la \u00fanica salida a\u00e9rea es v\u00eda Buenos Aires, con esperas que pueden superar tres horas, refiri\u00f3 Julio Ba\u00f1uelos, presidente de la Agencia C\u00f3rdoba Turismo.<\/p>\n<p style=\"text-align: justify;\">El turismo es una de las actividades econ\u00f3micas m\u00e1s importantes de la Provincia de C\u00f3rdoba. Seg\u00fan Ba\u00f1uelos, el a\u00f1o pasado gener\u00f3 ingresos en torno a 25.000 millones de pesos (unos 1.600 millones de d\u00f3lares) y emple\u00f3 a 145.000 personas.<\/p>\n<p style=\"text-align: justify;\">La oferta tur\u00edstica de la zona es muy amplia, y se ha convertido en el principal destino de los argentinos, destac\u00f3 el empresario.<\/p>\n","protected":false},"excerpt":{"rendered":"<p>Asunci\u00f3n, IP.- Paraguay comenz\u00f3 la reconquista de los turistas cordobeses a partir de las nuevas oportunidades que abre la conexi\u00f3n a\u00e9rea por parte de la compa\u00f1\u00eda Air Europa, uniendo C\u00f3rdoba con Madrid a trav\u00e9s de Asunci\u00f3n, desde el pr\u00f3ximo 19 de diciembre.\u00a0<\/p>\n","protected":false},"author":2,"featured_media":125023,"comment_status":"closed","ping_status":"closed","sticky":false,"template":"","format":"standard","meta":{"_monsterinsights_skip_tracking":false,"_monsterinsights_sitenote_active":false,"_monsterinsights_sitenote_note":"","_monsterinsights_sitenote_category":0,"footnotes":""},"categories":[9],"tags":[],"class_list":{"0":"post-125008","1":"post","2":"type-post","3":"status-publish","4":"format-standard","5":"has-post-thumbnail","7":"category-economia"},"yoast_head":"<!-- This site is optimized with the Yoast SEO plugin v27.4 - https:\/\/yoast.com\/product\/yoast-seo-wordpress\/ -->\n<title>Paraguay despierta inter\u00e9s de turistas cordobeses - .::Agencia IP::.<\/title>\n<meta name=\"robots\" content=\"index, follow, max-snippet:-1, max-image-preview:large, max-video-preview:-1\" \/>\n<link rel=\"canonical\" href=\"https:\/\/www.ip.gov.py\/ip\/2016\/10\/26\/paraguay-despierta-interes-de-turistas-cordobeses\/\" \/>\n<meta property=\"og:locale\" content=\"es_ES\" \/>\n<meta property=\"og:type\" content=\"article\" \/>\n<meta property=\"og:title\" content=\"Paraguay despierta inter\u00e9s de turistas cordobeses - .::Agencia IP::.\" \/>\n<meta property=\"og:description\" content=\"Asunci\u00f3n, IP.- Paraguay comenz\u00f3 la reconquista de los turistas cordobeses a partir de las nuevas oportunidades que abre la conexi\u00f3n a\u00e9rea por parte de la compa\u00f1\u00eda Air Europa, uniendo C\u00f3rdoba con Madrid a trav\u00e9s de Asunci\u00f3n, desde el pr\u00f3ximo 19 de diciembre.\u00a0\" \/>\n<meta property=\"og:url\" content=\"https:\/\/www.ip.gov.py\/ip\/2016\/10\/26\/paraguay-despierta-interes-de-turistas-cordobeses\/\" \/>\n<meta property=\"og:site_name\" content=\".::Agencia IP::.\" \/>\n<meta property=\"article:publisher\" content=\"https:\/\/www.facebook.com\/IPParaguay\/\" \/>\n<meta property=\"article:published_time\" content=\"2016-10-26T13:35:37+00:00\" \/>\n<meta property=\"og:image\" content=\"https:\/\/www.ip.gov.py\/ip\/wp-content\/uploads\/2016\/10\/Ministra_bacigalupo_presentacion_pais-2.jpg\" \/>\n\t<meta property=\"og:image:width\" content=\"1024\" \/>\n\t<meta property=\"og:image:height\" content=\"683\" \/>\n\t<meta property=\"og:image:type\" content=\"image\/jpeg\" \/>\n<meta name=\"author\" content=\"Roque Mereles\" \/>\n<meta name=\"twitter:card\" content=\"summary_large_image\" \/>\n<meta name=\"twitter:creator\" content=\"@IPParaguay\" \/>\n<meta name=\"twitter:site\" content=\"@IPParaguay\" \/>\n<meta name=\"twitter:label1\" content=\"Escrito por\" \/>\n\t<meta name=\"twitter:data1\" content=\"Roque Mereles\" \/>\n\t<meta name=\"twitter:label2\" content=\"Tiempo de lectura\" \/>\n\t<meta name=\"twitter:data2\" content=\"3 minutos\" \/>\n<script type=\"application\/ld+json\" class=\"yoast-schema-graph\">{\"@context\":\"https:\\\/\\\/schema.org\",\"@graph\":[{\"@type\":\"Article\",\"@id\":\"https:\\\/\\\/www.ip.gov.py\\\/ip\\\/2016\\\/10\\\/26\\\/paraguay-despierta-interes-de-turistas-cordobeses\\\/#article\",\"isPartOf\":{\"@id\":\"https:\\\/\\\/www.ip.gov.py\\\/ip\\\/2016\\\/10\\\/26\\\/paraguay-despierta-interes-de-turistas-cordobeses\\\/\"},\"author\":{\"name\":\"Roque Mereles\",\"@id\":\"https:\\\/\\\/www.ip.gov.py\\\/ip\\\/#\\\/schema\\\/person\\\/7ec1ca00d0a9301ecc37fff902ff6741\"},\"headline\":\"Paraguay despierta inter\u00e9s de turistas cordobeses\",\"datePublished\":\"2016-10-26T13:35:37+00:00\",\"mainEntityOfPage\":{\"@id\":\"https:\\\/\\\/www.ip.gov.py\\\/ip\\\/2016\\\/10\\\/26\\\/paraguay-despierta-interes-de-turistas-cordobeses\\\/\"},\"wordCount\":596,\"publisher\":{\"@id\":\"https:\\\/\\\/www.ip.gov.py\\\/ip\\\/#organization\"},\"image\":{\"@id\":\"https:\\\/\\\/www.ip.gov.py\\\/ip\\\/2016\\\/10\\\/26\\\/paraguay-despierta-interes-de-turistas-cordobeses\\\/#primaryimage\"},\"thumbnailUrl\":\"https:\\\/\\\/www.ip.gov.py\\\/ip\\\/wp-content\\\/uploads\\\/2016\\\/10\\\/Ministra_bacigalupo_presentacion_pais-2.jpg\",\"articleSection\":[\"Econom\u00eda\"],\"inLanguage\":\"es\"},{\"@type\":\"WebPage\",\"@id\":\"https:\\\/\\\/www.ip.gov.py\\\/ip\\\/2016\\\/10\\\/26\\\/paraguay-despierta-interes-de-turistas-cordobeses\\\/\",\"url\":\"https:\\\/\\\/www.ip.gov.py\\\/ip\\\/2016\\\/10\\\/26\\\/paraguay-despierta-interes-de-turistas-cordobeses\\\/\",\"name\":\"Paraguay despierta inter\u00e9s de turistas cordobeses - .::Agencia IP::.\",\"isPartOf\":{\"@id\":\"https:\\\/\\\/www.ip.gov.py\\\/ip\\\/#website\"},\"primaryImageOfPage\":{\"@id\":\"https:\\\/\\\/www.ip.gov.py\\\/ip\\\/2016\\\/10\\\/26\\\/paraguay-despierta-interes-de-turistas-cordobeses\\\/#primaryimage\"},\"image\":{\"@id\":\"https:\\\/\\\/www.ip.gov.py\\\/ip\\\/2016\\\/10\\\/26\\\/paraguay-despierta-interes-de-turistas-cordobeses\\\/#primaryimage\"},\"thumbnailUrl\":\"https:\\\/\\\/www.ip.gov.py\\\/ip\\\/wp-content\\\/uploads\\\/2016\\\/10\\\/Ministra_bacigalupo_presentacion_pais-2.jpg\",\"datePublished\":\"2016-10-26T13:35:37+00:00\",\"breadcrumb\":{\"@id\":\"https:\\\/\\\/www.ip.gov.py\\\/ip\\\/2016\\\/10\\\/26\\\/paraguay-despierta-interes-de-turistas-cordobeses\\\/#breadcrumb\"},\"inLanguage\":\"es\",\"potentialAction\":[{\"@type\":\"ReadAction\",\"target\":[\"https:\\\/\\\/www.ip.gov.py\\\/ip\\\/2016\\\/10\\\/26\\\/paraguay-despierta-interes-de-turistas-cordobeses\\\/\"]}]},{\"@type\":\"ImageObject\",\"inLanguage\":\"es\",\"@id\":\"https:\\\/\\\/www.ip.gov.py\\\/ip\\\/2016\\\/10\\\/26\\\/paraguay-despierta-interes-de-turistas-cordobeses\\\/#primaryimage\",\"url\":\"https:\\\/\\\/www.ip.gov.py\\\/ip\\\/wp-content\\\/uploads\\\/2016\\\/10\\\/Ministra_bacigalupo_presentacion_pais-2.jpg\",\"contentUrl\":\"https:\\\/\\\/www.ip.gov.py\\\/ip\\\/wp-content\\\/uploads\\\/2016\\\/10\\\/Ministra_bacigalupo_presentacion_pais-2.jpg\",\"width\":1024,\"height\":683,\"caption\":\"Foto: Senatur\"},{\"@type\":\"BreadcrumbList\",\"@id\":\"https:\\\/\\\/www.ip.gov.py\\\/ip\\\/2016\\\/10\\\/26\\\/paraguay-despierta-interes-de-turistas-cordobeses\\\/#breadcrumb\",\"itemListElement\":[{\"@type\":\"ListItem\",\"position\":1,\"name\":\"Portada\",\"item\":\"https:\\\/\\\/www.ip.gov.py\\\/ip\\\/\"},{\"@type\":\"ListItem\",\"position\":2,\"name\":\"Paraguay despierta inter\u00e9s de turistas cordobeses\"}]},{\"@type\":\"WebSite\",\"@id\":\"https:\\\/\\\/www.ip.gov.py\\\/ip\\\/#website\",\"url\":\"https:\\\/\\\/www.ip.gov.py\\\/ip\\\/\",\"name\":\".::Agencia IP::.\",\"description\":\"\",\"publisher\":{\"@id\":\"https:\\\/\\\/www.ip.gov.py\\\/ip\\\/#organization\"},\"potentialAction\":[{\"@type\":\"SearchAction\",\"target\":{\"@type\":\"EntryPoint\",\"urlTemplate\":\"https:\\\/\\\/www.ip.gov.py\\\/ip\\\/?s={search_term_string}\"},\"query-input\":{\"@type\":\"PropertyValueSpecification\",\"valueRequired\":true,\"valueName\":\"search_term_string\"}}],\"inLanguage\":\"es\"},{\"@type\":\"Organization\",\"@id\":\"https:\\\/\\\/www.ip.gov.py\\\/ip\\\/#organization\",\"name\":\"Agencia IP\",\"url\":\"https:\\\/\\\/www.ip.gov.py\\\/ip\\\/\",\"logo\":{\"@type\":\"ImageObject\",\"inLanguage\":\"es\",\"@id\":\"https:\\\/\\\/www.ip.gov.py\\\/ip\\\/#\\\/schema\\\/logo\\\/image\\\/\",\"url\":\"https:\\\/\\\/www.ip.gov.py\\\/ip\\\/wp-content\\\/uploads\\\/2018\\\/01\\\/Agencia-IP.jpg\",\"contentUrl\":\"https:\\\/\\\/www.ip.gov.py\\\/ip\\\/wp-content\\\/uploads\\\/2018\\\/01\\\/Agencia-IP.jpg\",\"width\":150,\"height\":150,\"caption\":\"Agencia IP\"},\"image\":{\"@id\":\"https:\\\/\\\/www.ip.gov.py\\\/ip\\\/#\\\/schema\\\/logo\\\/image\\\/\"},\"sameAs\":[\"https:\\\/\\\/www.facebook.com\\\/IPParaguay\\\/\",\"https:\\\/\\\/x.com\\\/IPParaguay\",\"https:\\\/\\\/www.instagram.com\\\/IPParaguay\"]},{\"@type\":\"Person\",\"@id\":\"https:\\\/\\\/www.ip.gov.py\\\/ip\\\/#\\\/schema\\\/person\\\/7ec1ca00d0a9301ecc37fff902ff6741\",\"name\":\"Roque Mereles\",\"url\":\"https:\\\/\\\/www.ip.gov.py\\\/ip\\\/author\\\/rmereles\\\/\"}]}<\/script>\n<!-- \/ Yoast SEO plugin. -->","yoast_head_json":{"title":"Paraguay despierta inter\u00e9s de turistas cordobeses - .::Agencia IP::.","robots":{"index":"index","follow":"follow","max-snippet":"max-snippet:-1","max-image-preview":"max-image-preview:large","max-video-preview":"max-video-preview:-1"},"canonical":"https:\/\/www.ip.gov.py\/ip\/2016\/10\/26\/paraguay-despierta-interes-de-turistas-cordobeses\/","og_locale":"es_ES","og_type":"article","og_title":"Paraguay despierta inter\u00e9s de turistas cordobeses - .::Agencia IP::.","og_description":"Asunci\u00f3n, IP.- Paraguay comenz\u00f3 la reconquista de los turistas cordobeses a partir de las nuevas oportunidades que abre la conexi\u00f3n a\u00e9rea por parte de la compa\u00f1\u00eda Air Europa, uniendo C\u00f3rdoba con Madrid a trav\u00e9s de Asunci\u00f3n, desde el pr\u00f3ximo 19 de diciembre.\u00a0","og_url":"https:\/\/www.ip.gov.py\/ip\/2016\/10\/26\/paraguay-despierta-interes-de-turistas-cordobeses\/","og_site_name":".::Agencia IP::.","article_publisher":"https:\/\/www.facebook.com\/IPParaguay\/","article_published_time":"2016-10-26T13:35:37+00:00","og_image":[{"width":1024,"height":683,"url":"https:\/\/www.ip.gov.py\/ip\/wp-content\/uploads\/2016\/10\/Ministra_bacigalupo_presentacion_pais-2.jpg","type":"image\/jpeg"}],"author":"Roque Mereles","twitter_card":"summary_large_image","twitter_creator":"@IPParaguay","twitter_site":"@IPParaguay","twitter_misc":{"Escrito por":"Roque Mereles","Tiempo de lectura":"3 minutos"},"schema":{"@context":"https:\/\/schema.org","@graph":[{"@type":"Article","@id":"https:\/\/www.ip.gov.py\/ip\/2016\/10\/26\/paraguay-despierta-interes-de-turistas-cordobeses\/#article","isPartOf":{"@id":"https:\/\/www.ip.gov.py\/ip\/2016\/10\/26\/paraguay-despierta-interes-de-turistas-cordobeses\/"},"author":{"name":"Roque Mereles","@id":"https:\/\/www.ip.gov.py\/ip\/#\/schema\/person\/7ec1ca00d0a9301ecc37fff902ff6741"},"headline":"Paraguay despierta inter\u00e9s de turistas cordobeses","datePublished":"2016-10-26T13:35:37+00:00","mainEntityOfPage":{"@id":"https:\/\/www.ip.gov.py\/ip\/2016\/10\/26\/paraguay-despierta-interes-de-turistas-cordobeses\/"},"wordCount":596,"publisher":{"@id":"https:\/\/www.ip.gov.py\/ip\/#organization"},"image":{"@id":"https:\/\/www.ip.gov.py\/ip\/2016\/10\/26\/paraguay-despierta-interes-de-turistas-cordobeses\/#primaryimage"},"thumbnailUrl":"https:\/\/www.ip.gov.py\/ip\/wp-content\/uploads\/2016\/10\/Ministra_bacigalupo_presentacion_pais-2.jpg","articleSection":["Econom\u00eda"],"inLanguage":"es"},{"@type":"WebPage","@id":"https:\/\/www.ip.gov.py\/ip\/2016\/10\/26\/paraguay-despierta-interes-de-turistas-cordobeses\/","url":"https:\/\/www.ip.gov.py\/ip\/2016\/10\/26\/paraguay-despierta-interes-de-turistas-cordobeses\/","name":"Paraguay despierta inter\u00e9s de turistas cordobeses - .::Agencia IP::.","isPartOf":{"@id":"https:\/\/www.ip.gov.py\/ip\/#website"},"primaryImageOfPage":{"@id":"https:\/\/www.ip.gov.py\/ip\/2016\/10\/26\/paraguay-despierta-interes-de-turistas-cordobeses\/#primaryimage"},"image":{"@id":"https:\/\/www.ip.gov.py\/ip\/2016\/10\/26\/paraguay-despierta-interes-de-turistas-cordobeses\/#primaryimage"},"thumbnailUrl":"https:\/\/www.ip.gov.py\/ip\/wp-content\/uploads\/2016\/10\/Ministra_bacigalupo_presentacion_pais-2.jpg","datePublished":"2016-10-26T13:35:37+00:00","breadcrumb":{"@id":"https:\/\/www.ip.gov.py\/ip\/2016\/10\/26\/paraguay-despierta-interes-de-turistas-cordobeses\/#breadcrumb"},"inLanguage":"es","potentialAction":[{"@type":"ReadAction","target":["https:\/\/www.ip.gov.py\/ip\/2016\/10\/26\/paraguay-despierta-interes-de-turistas-cordobeses\/"]}]},{"@type":"ImageObject","inLanguage":"es","@id":"https:\/\/www.ip.gov.py\/ip\/2016\/10\/26\/paraguay-despierta-interes-de-turistas-cordobeses\/#primaryimage","url":"https:\/\/www.ip.gov.py\/ip\/wp-content\/uploads\/2016\/10\/Ministra_bacigalupo_presentacion_pais-2.jpg","contentUrl":"https:\/\/www.ip.gov.py\/ip\/wp-content\/uploads\/2016\/10\/Ministra_bacigalupo_presentacion_pais-2.jpg","width":1024,"height":683,"caption":"Foto: Senatur"},{"@type":"BreadcrumbList","@id":"https:\/\/www.ip.gov.py\/ip\/2016\/10\/26\/paraguay-despierta-interes-de-turistas-cordobeses\/#breadcrumb","itemListElement":[{"@type":"ListItem","position":1,"name":"Portada","item":"https:\/\/www.ip.gov.py\/ip\/"},{"@type":"ListItem","position":2,"name":"Paraguay despierta inter\u00e9s de turistas cordobeses"}]},{"@type":"WebSite","@id":"https:\/\/www.ip.gov.py\/ip\/#website","url":"https:\/\/www.ip.gov.py\/ip\/","name":".::Agencia IP::.","description":"","publisher":{"@id":"https:\/\/www.ip.gov.py\/ip\/#organization"},"potentialAction":[{"@type":"SearchAction","target":{"@type":"EntryPoint","urlTemplate":"https:\/\/www.ip.gov.py\/ip\/?s={search_term_string}"},"query-input":{"@type":"PropertyValueSpecification","valueRequired":true,"valueName":"search_term_string"}}],"inLanguage":"es"},{"@type":"Organization","@id":"https:\/\/www.ip.gov.py\/ip\/#organization","name":"Agencia IP","url":"https:\/\/www.ip.gov.py\/ip\/","logo":{"@type":"ImageObject","inLanguage":"es","@id":"https:\/\/www.ip.gov.py\/ip\/#\/schema\/logo\/image\/","url":"https:\/\/www.ip.gov.py\/ip\/wp-content\/uploads\/2018\/01\/Agencia-IP.jpg","contentUrl":"https:\/\/www.ip.gov.py\/ip\/wp-content\/uploads\/2018\/01\/Agencia-IP.jpg","width":150,"height":150,"caption":"Agencia IP"},"image":{"@id":"https:\/\/www.ip.gov.py\/ip\/#\/schema\/logo\/image\/"},"sameAs":["https:\/\/www.facebook.com\/IPParaguay\/","https:\/\/x.com\/IPParaguay","https:\/\/www.instagram.com\/IPParaguay"]},{"@type":"Person","@id":"https:\/\/www.ip.gov.py\/ip\/#\/schema\/person\/7ec1ca00d0a9301ecc37fff902ff6741","name":"Roque Mereles","url":"https:\/\/www.ip.gov.py\/ip\/author\/rmereles\/"}]}},"_links":{"self":[{"href":"https:\/\/www.ip.gov.py\/ip\/wp-json\/wp\/v2\/posts\/125008","targetHints":{"allow":["GET"]}}],"collection":[{"href":"https:\/\/www.ip.gov.py\/ip\/wp-json\/wp\/v2\/posts"}],"about":[{"href":"https:\/\/www.ip.gov.py\/ip\/wp-json\/wp\/v2\/types\/post"}],"author":[{"embeddable":true,"href":"https:\/\/www.ip.gov.py\/ip\/wp-json\/wp\/v2\/users\/2"}],"replies":[{"embeddable":true,"href":"https:\/\/www.ip.gov.py\/ip\/wp-json\/wp\/v2\/comments?post=125008"}],"version-history":[{"count":0,"href":"https:\/\/www.ip.gov.py\/ip\/wp-json\/wp\/v2\/posts\/125008\/revisions"}],"wp:featuredmedia":[{"embeddable":true,"href":"https:\/\/www.ip.gov.py\/ip\/wp-json\/wp\/v2\/media\/125023"}],"wp:attachment":[{"href":"https:\/\/www.ip.gov.py\/ip\/wp-json\/wp\/v2\/media?parent=125008"}],"wp:term":[{"taxonomy":"category","embeddable":true,"href":"https:\/\/www.ip.gov.py\/ip\/wp-json\/wp\/v2\/categories?post=125008"},{"taxonomy":"post_tag","embeddable":true,"href":"https:\/\/www.ip.gov.py\/ip\/wp-json\/wp\/v2\/tags?post=125008"}],"curies":[{"name":"wp","href":"https:\/\/api.w.org\/{rel}","templated":true}]}}