{"id":130408,"date":"2016-11-23T16:08:41","date_gmt":"2016-11-23T19:08:41","guid":{"rendered":"http:\/\/desarrollo.ip.gov.py\/ip\/?p=130408"},"modified":"2016-11-23T16:08:41","modified_gmt":"2016-11-23T19:08:41","slug":"gobierno-entregara-mas-de-500-viviendas-en-san-pedro","status":"publish","type":"post","link":"https:\/\/www.ip.gov.py\/ip\/2016\/11\/23\/gobierno-entregara-mas-de-500-viviendas-en-san-pedro\/","title":{"rendered":"Gobierno entregar\u00e1 m\u00e1s de 500 viviendas en San Pedro"},"content":{"rendered":"<p style=\"text-align: justify;\"><strong><em>Asunci\u00f3n, IP.- <\/em><\/strong>\u00a0Este jueves 24 se realizar\u00e1 \u00a0la entrega de 542 viviendas sociales a familias de escasos recursos en el departamento de San Pedro, inform\u00f3 la Secretar\u00eda Nacional de la Vivienda (Senavitat). La actividad ser\u00e1 en el marco de la jornada de inauguraci\u00f3n de viviendas y entregas de aporte que realizar\u00e1 el presidente de la Rep\u00fablica, Horacio Cartes, en el II departamento.<!--more--><\/p>\n<p style=\"text-align: justify;\">La Senavitat informa que la agenda presidencial contempla 5 cortes de cinta con presencia del presidente Cartes, la ministra de la Senavitat, Soledad N\u00fa\u00f1ez, y autoridades locales y departamentales.<\/p>\n<p style=\"text-align: justify;\">El acto central ser\u00e1 realizado en Guayaibi donde se encuentran 60 viviendas a ser inauguradas.<\/p>\n<p style=\"text-align: justify;\">El n\u00famero de viviendas inauguradas mediante corte de cinta totaliza 444, mientras que las restantes 98 ser\u00e1n mencionadas oficialmente durante el acto central, se\u00f1al\u00f3 un comunicado de prensa de la instituci\u00f3n.<\/p>\n<p style=\"text-align: justify;\">Los cortes de cinta corresponden a:<\/p>\n<p style=\"text-align: justify;\">1-Itacurubi del Rosario: 42 viviendas construidas en\u00a0 convenio con la Entidad Binacional (EBY).<\/p>\n<p style=\"text-align: justify;\">2-San Estanislao: 47 viviendas construidas a trav\u00e9s del Fondo Nacional de la Vivienda Social (FONAVIS), proyecto Juli\u00e1n Jara.<\/p>\n<p style=\"text-align: justify;\">3-Yrybycua: 105 viviendas rurales construidas a trav\u00e9s del Programa Sembrando Oportunidades, proyecto Alem\u00e1n Cu\u00e9.<\/p>\n<p style=\"text-align: justify;\">4-Yrybycua: 100 viviendas rurales construidas a trav\u00e9s del Programa Sembrando Oportunidades, proyecto Vy\u2019a Renda.<\/p>\n<p style=\"text-align: justify;\">5-Guayaibi: 90 viviendas sociales construidas a trav\u00e9s del Programa Sembrando Oportunidades, proyecto Toro Pir\u00fa II.<\/p>\n<p style=\"text-align: justify;\">Estas viviendas corresponden a los proyectos: 15 de Agosto\u00a0de Guayaibi con 48 viviendas (FONAVIS); Y\u2019apy Santa Isabel-Yrybycua del distrito de Yrybycua con 25 viviendas (Pueblos Originarios-FONAVIS), y en el marco del programa Vy\u2019a Renda se inauguran 25 viviendas del proyecto Vy\u2019a Renda en Yataity del Norte.<\/p>\n","protected":false},"excerpt":{"rendered":"<p>Asunci\u00f3n, IP.- \u00a0Este jueves 24 se realizar\u00e1 \u00a0la entrega de 542 viviendas sociales a familias de escasos recursos en el departamento de San Pedro, inform\u00f3 la Secretar\u00eda Nacional de la Vivienda (Senavitat). La actividad ser\u00e1 en el marco de la jornada de inauguraci\u00f3n de viviendas y entregas de aporte que realizar\u00e1 el presidente de la [&hellip;]<\/p>\n","protected":false},"author":22,"featured_media":130411,"comment_status":"closed","ping_status":"closed","sticky":false,"template":"","format":"standard","meta":{"_monsterinsights_skip_tracking":false,"_monsterinsights_sitenote_active":false,"_monsterinsights_sitenote_note":"","_monsterinsights_sitenote_category":0,"footnotes":""},"categories":[2],"tags":[],"class_list":{"0":"post-130408","1":"post","2":"type-post","3":"status-publish","4":"format-standard","5":"has-post-thumbnail","7":"category-destacado"},"yoast_head":"<!-- This site is optimized with the Yoast SEO plugin v27.4 - https:\/\/yoast.com\/product\/yoast-seo-wordpress\/ -->\n<title>Gobierno entregar\u00e1 m\u00e1s de 500 viviendas en San Pedro - .::Agencia IP::.<\/title>\n<meta name=\"robots\" content=\"index, follow, max-snippet:-1, max-image-preview:large, max-video-preview:-1\" \/>\n<link rel=\"canonical\" href=\"https:\/\/www.ip.gov.py\/ip\/2016\/11\/23\/gobierno-entregara-mas-de-500-viviendas-en-san-pedro\/\" \/>\n<meta property=\"og:locale\" content=\"es_ES\" \/>\n<meta property=\"og:type\" content=\"article\" \/>\n<meta property=\"og:title\" content=\"Gobierno entregar\u00e1 m\u00e1s de 500 viviendas en San Pedro - .::Agencia IP::.\" \/>\n<meta property=\"og:description\" content=\"Asunci\u00f3n, IP.- \u00a0Este jueves 24 se realizar\u00e1 \u00a0la entrega de 542 viviendas sociales a familias de escasos recursos en el departamento de San Pedro, inform\u00f3 la Secretar\u00eda Nacional de la Vivienda (Senavitat). La actividad ser\u00e1 en el marco de la jornada de inauguraci\u00f3n de viviendas y entregas de aporte que realizar\u00e1 el presidente de la [&hellip;]\" \/>\n<meta property=\"og:url\" content=\"https:\/\/www.ip.gov.py\/ip\/2016\/11\/23\/gobierno-entregara-mas-de-500-viviendas-en-san-pedro\/\" \/>\n<meta property=\"og:site_name\" content=\".::Agencia IP::.\" \/>\n<meta property=\"article:publisher\" content=\"https:\/\/www.facebook.com\/IPParaguay\/\" \/>\n<meta property=\"article:published_time\" content=\"2016-11-23T19:08:41+00:00\" \/>\n<meta property=\"og:image\" content=\"https:\/\/www.ip.gov.py\/ip\/wp-content\/uploads\/2016\/11\/viviendas-senavitat-eby-san-pedro.jpeg\" \/>\n\t<meta property=\"og:image:width\" content=\"1280\" \/>\n\t<meta property=\"og:image:height\" content=\"853\" \/>\n\t<meta property=\"og:image:type\" content=\"image\/jpeg\" \/>\n<meta name=\"author\" content=\"Alberto C\" \/>\n<meta name=\"twitter:card\" content=\"summary_large_image\" \/>\n<meta name=\"twitter:creator\" content=\"@IPParaguay\" \/>\n<meta name=\"twitter:site\" content=\"@IPParaguay\" \/>\n<meta name=\"twitter:label1\" content=\"Escrito por\" \/>\n\t<meta name=\"twitter:data1\" content=\"Alberto C\" \/>\n\t<meta name=\"twitter:label2\" content=\"Tiempo de lectura\" \/>\n\t<meta name=\"twitter:data2\" content=\"1 minuto\" \/>\n<script type=\"application\/ld+json\" class=\"yoast-schema-graph\">{\"@context\":\"https:\\\/\\\/schema.org\",\"@graph\":[{\"@type\":\"Article\",\"@id\":\"https:\\\/\\\/www.ip.gov.py\\\/ip\\\/2016\\\/11\\\/23\\\/gobierno-entregara-mas-de-500-viviendas-en-san-pedro\\\/#article\",\"isPartOf\":{\"@id\":\"https:\\\/\\\/www.ip.gov.py\\\/ip\\\/2016\\\/11\\\/23\\\/gobierno-entregara-mas-de-500-viviendas-en-san-pedro\\\/\"},\"author\":{\"name\":\"Alberto C\",\"@id\":\"https:\\\/\\\/www.ip.gov.py\\\/ip\\\/#\\\/schema\\\/person\\\/369fedd28420fad35e23b10a9df16fb8\"},\"headline\":\"Gobierno entregar\u00e1 m\u00e1s de 500 viviendas en San Pedro\",\"datePublished\":\"2016-11-23T19:08:41+00:00\",\"mainEntityOfPage\":{\"@id\":\"https:\\\/\\\/www.ip.gov.py\\\/ip\\\/2016\\\/11\\\/23\\\/gobierno-entregara-mas-de-500-viviendas-en-san-pedro\\\/\"},\"wordCount\":278,\"publisher\":{\"@id\":\"https:\\\/\\\/www.ip.gov.py\\\/ip\\\/#organization\"},\"image\":{\"@id\":\"https:\\\/\\\/www.ip.gov.py\\\/ip\\\/2016\\\/11\\\/23\\\/gobierno-entregara-mas-de-500-viviendas-en-san-pedro\\\/#primaryimage\"},\"thumbnailUrl\":\"https:\\\/\\\/www.ip.gov.py\\\/ip\\\/wp-content\\\/uploads\\\/2016\\\/11\\\/viviendas-senavitat-eby-san-pedro.jpeg\",\"articleSection\":[\"Destacado\"],\"inLanguage\":\"es\"},{\"@type\":\"WebPage\",\"@id\":\"https:\\\/\\\/www.ip.gov.py\\\/ip\\\/2016\\\/11\\\/23\\\/gobierno-entregara-mas-de-500-viviendas-en-san-pedro\\\/\",\"url\":\"https:\\\/\\\/www.ip.gov.py\\\/ip\\\/2016\\\/11\\\/23\\\/gobierno-entregara-mas-de-500-viviendas-en-san-pedro\\\/\",\"name\":\"Gobierno entregar\u00e1 m\u00e1s de 500 viviendas en San Pedro - .::Agencia IP::.\",\"isPartOf\":{\"@id\":\"https:\\\/\\\/www.ip.gov.py\\\/ip\\\/#website\"},\"primaryImageOfPage\":{\"@id\":\"https:\\\/\\\/www.ip.gov.py\\\/ip\\\/2016\\\/11\\\/23\\\/gobierno-entregara-mas-de-500-viviendas-en-san-pedro\\\/#primaryimage\"},\"image\":{\"@id\":\"https:\\\/\\\/www.ip.gov.py\\\/ip\\\/2016\\\/11\\\/23\\\/gobierno-entregara-mas-de-500-viviendas-en-san-pedro\\\/#primaryimage\"},\"thumbnailUrl\":\"https:\\\/\\\/www.ip.gov.py\\\/ip\\\/wp-content\\\/uploads\\\/2016\\\/11\\\/viviendas-senavitat-eby-san-pedro.jpeg\",\"datePublished\":\"2016-11-23T19:08:41+00:00\",\"breadcrumb\":{\"@id\":\"https:\\\/\\\/www.ip.gov.py\\\/ip\\\/2016\\\/11\\\/23\\\/gobierno-entregara-mas-de-500-viviendas-en-san-pedro\\\/#breadcrumb\"},\"inLanguage\":\"es\",\"potentialAction\":[{\"@type\":\"ReadAction\",\"target\":[\"https:\\\/\\\/www.ip.gov.py\\\/ip\\\/2016\\\/11\\\/23\\\/gobierno-entregara-mas-de-500-viviendas-en-san-pedro\\\/\"]}]},{\"@type\":\"ImageObject\",\"inLanguage\":\"es\",\"@id\":\"https:\\\/\\\/www.ip.gov.py\\\/ip\\\/2016\\\/11\\\/23\\\/gobierno-entregara-mas-de-500-viviendas-en-san-pedro\\\/#primaryimage\",\"url\":\"https:\\\/\\\/www.ip.gov.py\\\/ip\\\/wp-content\\\/uploads\\\/2016\\\/11\\\/viviendas-senavitat-eby-san-pedro.jpeg\",\"contentUrl\":\"https:\\\/\\\/www.ip.gov.py\\\/ip\\\/wp-content\\\/uploads\\\/2016\\\/11\\\/viviendas-senavitat-eby-san-pedro.jpeg\",\"width\":1280,\"height\":853,\"caption\":\"Foto gentileza\\\/Archivo\"},{\"@type\":\"BreadcrumbList\",\"@id\":\"https:\\\/\\\/www.ip.gov.py\\\/ip\\\/2016\\\/11\\\/23\\\/gobierno-entregara-mas-de-500-viviendas-en-san-pedro\\\/#breadcrumb\",\"itemListElement\":[{\"@type\":\"ListItem\",\"position\":1,\"name\":\"Portada\",\"item\":\"https:\\\/\\\/www.ip.gov.py\\\/ip\\\/\"},{\"@type\":\"ListItem\",\"position\":2,\"name\":\"Gobierno entregar\u00e1 m\u00e1s de 500 viviendas en San Pedro\"}]},{\"@type\":\"WebSite\",\"@id\":\"https:\\\/\\\/www.ip.gov.py\\\/ip\\\/#website\",\"url\":\"https:\\\/\\\/www.ip.gov.py\\\/ip\\\/\",\"name\":\".::Agencia IP::.\",\"description\":\"\",\"publisher\":{\"@id\":\"https:\\\/\\\/www.ip.gov.py\\\/ip\\\/#organization\"},\"potentialAction\":[{\"@type\":\"SearchAction\",\"target\":{\"@type\":\"EntryPoint\",\"urlTemplate\":\"https:\\\/\\\/www.ip.gov.py\\\/ip\\\/?s={search_term_string}\"},\"query-input\":{\"@type\":\"PropertyValueSpecification\",\"valueRequired\":true,\"valueName\":\"search_term_string\"}}],\"inLanguage\":\"es\"},{\"@type\":\"Organization\",\"@id\":\"https:\\\/\\\/www.ip.gov.py\\\/ip\\\/#organization\",\"name\":\"Agencia IP\",\"url\":\"https:\\\/\\\/www.ip.gov.py\\\/ip\\\/\",\"logo\":{\"@type\":\"ImageObject\",\"inLanguage\":\"es\",\"@id\":\"https:\\\/\\\/www.ip.gov.py\\\/ip\\\/#\\\/schema\\\/logo\\\/image\\\/\",\"url\":\"https:\\\/\\\/www.ip.gov.py\\\/ip\\\/wp-content\\\/uploads\\\/2018\\\/01\\\/Agencia-IP.jpg\",\"contentUrl\":\"https:\\\/\\\/www.ip.gov.py\\\/ip\\\/wp-content\\\/uploads\\\/2018\\\/01\\\/Agencia-IP.jpg\",\"width\":150,\"height\":150,\"caption\":\"Agencia IP\"},\"image\":{\"@id\":\"https:\\\/\\\/www.ip.gov.py\\\/ip\\\/#\\\/schema\\\/logo\\\/image\\\/\"},\"sameAs\":[\"https:\\\/\\\/www.facebook.com\\\/IPParaguay\\\/\",\"https:\\\/\\\/x.com\\\/IPParaguay\",\"https:\\\/\\\/www.instagram.com\\\/IPParaguay\"]},{\"@type\":\"Person\",\"@id\":\"https:\\\/\\\/www.ip.gov.py\\\/ip\\\/#\\\/schema\\\/person\\\/369fedd28420fad35e23b10a9df16fb8\",\"name\":\"Alberto C\",\"sameAs\":[\"https:\\\/\\\/www.ip.gov.py\"],\"url\":\"https:\\\/\\\/www.ip.gov.py\\\/ip\\\/author\\\/acelma\\\/\"}]}<\/script>\n<!-- \/ Yoast SEO plugin. -->","yoast_head_json":{"title":"Gobierno entregar\u00e1 m\u00e1s de 500 viviendas en San Pedro - .::Agencia IP::.","robots":{"index":"index","follow":"follow","max-snippet":"max-snippet:-1","max-image-preview":"max-image-preview:large","max-video-preview":"max-video-preview:-1"},"canonical":"https:\/\/www.ip.gov.py\/ip\/2016\/11\/23\/gobierno-entregara-mas-de-500-viviendas-en-san-pedro\/","og_locale":"es_ES","og_type":"article","og_title":"Gobierno entregar\u00e1 m\u00e1s de 500 viviendas en San Pedro - .::Agencia IP::.","og_description":"Asunci\u00f3n, IP.- \u00a0Este jueves 24 se realizar\u00e1 \u00a0la entrega de 542 viviendas sociales a familias de escasos recursos en el departamento de San Pedro, inform\u00f3 la Secretar\u00eda Nacional de la Vivienda (Senavitat). La actividad ser\u00e1 en el marco de la jornada de inauguraci\u00f3n de viviendas y entregas de aporte que realizar\u00e1 el presidente de la [&hellip;]","og_url":"https:\/\/www.ip.gov.py\/ip\/2016\/11\/23\/gobierno-entregara-mas-de-500-viviendas-en-san-pedro\/","og_site_name":".::Agencia IP::.","article_publisher":"https:\/\/www.facebook.com\/IPParaguay\/","article_published_time":"2016-11-23T19:08:41+00:00","og_image":[{"width":1280,"height":853,"url":"https:\/\/www.ip.gov.py\/ip\/wp-content\/uploads\/2016\/11\/viviendas-senavitat-eby-san-pedro.jpeg","type":"image\/jpeg"}],"author":"Alberto C","twitter_card":"summary_large_image","twitter_creator":"@IPParaguay","twitter_site":"@IPParaguay","twitter_misc":{"Escrito por":"Alberto C","Tiempo de lectura":"1 minuto"},"schema":{"@context":"https:\/\/schema.org","@graph":[{"@type":"Article","@id":"https:\/\/www.ip.gov.py\/ip\/2016\/11\/23\/gobierno-entregara-mas-de-500-viviendas-en-san-pedro\/#article","isPartOf":{"@id":"https:\/\/www.ip.gov.py\/ip\/2016\/11\/23\/gobierno-entregara-mas-de-500-viviendas-en-san-pedro\/"},"author":{"name":"Alberto C","@id":"https:\/\/www.ip.gov.py\/ip\/#\/schema\/person\/369fedd28420fad35e23b10a9df16fb8"},"headline":"Gobierno entregar\u00e1 m\u00e1s de 500 viviendas en San Pedro","datePublished":"2016-11-23T19:08:41+00:00","mainEntityOfPage":{"@id":"https:\/\/www.ip.gov.py\/ip\/2016\/11\/23\/gobierno-entregara-mas-de-500-viviendas-en-san-pedro\/"},"wordCount":278,"publisher":{"@id":"https:\/\/www.ip.gov.py\/ip\/#organization"},"image":{"@id":"https:\/\/www.ip.gov.py\/ip\/2016\/11\/23\/gobierno-entregara-mas-de-500-viviendas-en-san-pedro\/#primaryimage"},"thumbnailUrl":"https:\/\/www.ip.gov.py\/ip\/wp-content\/uploads\/2016\/11\/viviendas-senavitat-eby-san-pedro.jpeg","articleSection":["Destacado"],"inLanguage":"es"},{"@type":"WebPage","@id":"https:\/\/www.ip.gov.py\/ip\/2016\/11\/23\/gobierno-entregara-mas-de-500-viviendas-en-san-pedro\/","url":"https:\/\/www.ip.gov.py\/ip\/2016\/11\/23\/gobierno-entregara-mas-de-500-viviendas-en-san-pedro\/","name":"Gobierno entregar\u00e1 m\u00e1s de 500 viviendas en San Pedro - .::Agencia IP::.","isPartOf":{"@id":"https:\/\/www.ip.gov.py\/ip\/#website"},"primaryImageOfPage":{"@id":"https:\/\/www.ip.gov.py\/ip\/2016\/11\/23\/gobierno-entregara-mas-de-500-viviendas-en-san-pedro\/#primaryimage"},"image":{"@id":"https:\/\/www.ip.gov.py\/ip\/2016\/11\/23\/gobierno-entregara-mas-de-500-viviendas-en-san-pedro\/#primaryimage"},"thumbnailUrl":"https:\/\/www.ip.gov.py\/ip\/wp-content\/uploads\/2016\/11\/viviendas-senavitat-eby-san-pedro.jpeg","datePublished":"2016-11-23T19:08:41+00:00","breadcrumb":{"@id":"https:\/\/www.ip.gov.py\/ip\/2016\/11\/23\/gobierno-entregara-mas-de-500-viviendas-en-san-pedro\/#breadcrumb"},"inLanguage":"es","potentialAction":[{"@type":"ReadAction","target":["https:\/\/www.ip.gov.py\/ip\/2016\/11\/23\/gobierno-entregara-mas-de-500-viviendas-en-san-pedro\/"]}]},{"@type":"ImageObject","inLanguage":"es","@id":"https:\/\/www.ip.gov.py\/ip\/2016\/11\/23\/gobierno-entregara-mas-de-500-viviendas-en-san-pedro\/#primaryimage","url":"https:\/\/www.ip.gov.py\/ip\/wp-content\/uploads\/2016\/11\/viviendas-senavitat-eby-san-pedro.jpeg","contentUrl":"https:\/\/www.ip.gov.py\/ip\/wp-content\/uploads\/2016\/11\/viviendas-senavitat-eby-san-pedro.jpeg","width":1280,"height":853,"caption":"Foto gentileza\/Archivo"},{"@type":"BreadcrumbList","@id":"https:\/\/www.ip.gov.py\/ip\/2016\/11\/23\/gobierno-entregara-mas-de-500-viviendas-en-san-pedro\/#breadcrumb","itemListElement":[{"@type":"ListItem","position":1,"name":"Portada","item":"https:\/\/www.ip.gov.py\/ip\/"},{"@type":"ListItem","position":2,"name":"Gobierno entregar\u00e1 m\u00e1s de 500 viviendas en San Pedro"}]},{"@type":"WebSite","@id":"https:\/\/www.ip.gov.py\/ip\/#website","url":"https:\/\/www.ip.gov.py\/ip\/","name":".::Agencia IP::.","description":"","publisher":{"@id":"https:\/\/www.ip.gov.py\/ip\/#organization"},"potentialAction":[{"@type":"SearchAction","target":{"@type":"EntryPoint","urlTemplate":"https:\/\/www.ip.gov.py\/ip\/?s={search_term_string}"},"query-input":{"@type":"PropertyValueSpecification","valueRequired":true,"valueName":"search_term_string"}}],"inLanguage":"es"},{"@type":"Organization","@id":"https:\/\/www.ip.gov.py\/ip\/#organization","name":"Agencia IP","url":"https:\/\/www.ip.gov.py\/ip\/","logo":{"@type":"ImageObject","inLanguage":"es","@id":"https:\/\/www.ip.gov.py\/ip\/#\/schema\/logo\/image\/","url":"https:\/\/www.ip.gov.py\/ip\/wp-content\/uploads\/2018\/01\/Agencia-IP.jpg","contentUrl":"https:\/\/www.ip.gov.py\/ip\/wp-content\/uploads\/2018\/01\/Agencia-IP.jpg","width":150,"height":150,"caption":"Agencia IP"},"image":{"@id":"https:\/\/www.ip.gov.py\/ip\/#\/schema\/logo\/image\/"},"sameAs":["https:\/\/www.facebook.com\/IPParaguay\/","https:\/\/x.com\/IPParaguay","https:\/\/www.instagram.com\/IPParaguay"]},{"@type":"Person","@id":"https:\/\/www.ip.gov.py\/ip\/#\/schema\/person\/369fedd28420fad35e23b10a9df16fb8","name":"Alberto C","sameAs":["https:\/\/www.ip.gov.py"],"url":"https:\/\/www.ip.gov.py\/ip\/author\/acelma\/"}]}},"_links":{"self":[{"href":"https:\/\/www.ip.gov.py\/ip\/wp-json\/wp\/v2\/posts\/130408","targetHints":{"allow":["GET"]}}],"collection":[{"href":"https:\/\/www.ip.gov.py\/ip\/wp-json\/wp\/v2\/posts"}],"about":[{"href":"https:\/\/www.ip.gov.py\/ip\/wp-json\/wp\/v2\/types\/post"}],"author":[{"embeddable":true,"href":"https:\/\/www.ip.gov.py\/ip\/wp-json\/wp\/v2\/users\/22"}],"replies":[{"embeddable":true,"href":"https:\/\/www.ip.gov.py\/ip\/wp-json\/wp\/v2\/comments?post=130408"}],"version-history":[{"count":0,"href":"https:\/\/www.ip.gov.py\/ip\/wp-json\/wp\/v2\/posts\/130408\/revisions"}],"wp:featuredmedia":[{"embeddable":true,"href":"https:\/\/www.ip.gov.py\/ip\/wp-json\/wp\/v2\/media\/130411"}],"wp:attachment":[{"href":"https:\/\/www.ip.gov.py\/ip\/wp-json\/wp\/v2\/media?parent=130408"}],"wp:term":[{"taxonomy":"category","embeddable":true,"href":"https:\/\/www.ip.gov.py\/ip\/wp-json\/wp\/v2\/categories?post=130408"},{"taxonomy":"post_tag","embeddable":true,"href":"https:\/\/www.ip.gov.py\/ip\/wp-json\/wp\/v2\/tags?post=130408"}],"curies":[{"name":"wp","href":"https:\/\/api.w.org\/{rel}","templated":true}]}}