{"id":130833,"date":"2016-11-25T10:18:48","date_gmt":"2016-11-25T13:18:48","guid":{"rendered":"http:\/\/desarrollo.ip.gov.py\/ip\/?p=130833"},"modified":"2016-11-25T10:28:14","modified_gmt":"2016-11-25T13:28:14","slug":"el-ccejs-invita-este-viernes-a-concierto-gratuito-de-blues","status":"publish","type":"post","link":"https:\/\/www.ip.gov.py\/ip\/2016\/11\/25\/el-ccejs-invita-este-viernes-a-concierto-gratuito-de-blues\/","title":{"rendered":"El Juan de Salazar invita a concierto gratuito de blues"},"content":{"rendered":"<p style=\"text-align: justify;\"><em><strong>Asunci\u00f3n, IP.-<\/strong><\/em> El Centro Cultural Juan de Salazar (Ccejs) invita este viernes desde las 21:00 al concierto denominado la \u00abNoche blusera en el Juande\u00bb con la actuaci\u00f3n del grupo \u201cPalma Loma Blues Band\u201d quienes se presentar\u00e1n por primera vez en el Centro Cultural.<!--more--><\/p>\n<p style=\"text-align: justify;\">En el marco del ciclo de conciertos <a href=\"http:\/\/juandesalazar.org.py\/agenda\/musica-okape-noche-blusera-en-el-juande\" target=\"_blank\">\u201cM\u00fasica Okape\u201d<\/a> el <a href=\"https:\/\/www.facebook.com\/CCEJSAECID\/?fref=ts\" target=\"_blank\">Juan de Salazar<\/a> presenta el concierto de la banda luque\u00f1a que fue creada a finales del a\u00f1o 2010, con el prop\u00f3sito de difundir este estilo musical a lo largo del pa\u00eds recorriendo distintos escenarios, espacios culturales y eventos en general.<\/p>\n<p style=\"text-align: justify;\">El ciclo de concierto de \u00abM\u00fasica Okape\u00bb tiene como finalidad favorecer la proyecci\u00f3n nacional e internacional de la m\u00fasica independiente de Paraguay, por medio de espacios culturales abiertos de manera gratuita a toda la ciudadan\u00eda. Cabe destacar que en el evento tambi\u00e9n se contar\u00e1 con una de\u00a0feria de vinilos y antig\u00fcedades.<\/p>\n<p style=\"text-align: justify;\">El repertorio de la banda se centra actualmente en las canciones del disco grabado en Kamikaze Records en el 2016, en el cual llama la atenci\u00f3n la mezcla de idiomas entre el espa\u00f1ol, guaran\u00ed e ingl\u00e9s d\u00e1ndole una versatilidad con letras de escenas cotidianas de barrio.<\/p>\n<p style=\"text-align: justify;\">El grupo de blues Palma Loma Blues Band est\u00e1 compuesto por Cali Jativa en la guitarra, Aar\u00f3n Zorrilla en el bajo, Neri Roa en la bater\u00eda y Dominique Bernal en la voz, arm\u00f3nica y saxof\u00f3n.<\/p>\n<p style=\"text-align: justify;\">Despu\u00e9s de 6 a\u00f1os desde su fundaci\u00f3n trascendi\u00f3 fronteras participando del \u201cFestival Internacional de Blues\u201d en Quito, Ecuador y en el Taragui Rock particip\u00f3 como grupo revelaci\u00f3n.<\/p>\n","protected":false},"excerpt":{"rendered":"<p>Asunci\u00f3n, IP.- El Centro Cultural Juan de Salazar (Ccejs) invita este viernes desde las 21:00 al concierto denominado la \u00abNoche blusera en el Juande\u00bb con la actuaci\u00f3n del grupo \u201cPalma Loma Blues Band\u201d quienes se presentar\u00e1n por primera vez en el Centro Cultural.<\/p>\n","protected":false},"author":23,"featured_media":130838,"comment_status":"closed","ping_status":"closed","sticky":false,"template":"","format":"standard","meta":{"_monsterinsights_skip_tracking":false,"_monsterinsights_sitenote_active":false,"_monsterinsights_sitenote_note":"","_monsterinsights_sitenote_category":0,"footnotes":""},"categories":[7],"tags":[],"class_list":{"0":"post-130833","1":"post","2":"type-post","3":"status-publish","4":"format-standard","5":"has-post-thumbnail","7":"category-cultura"},"yoast_head":"<!-- This site is optimized with the Yoast SEO plugin v27.4 - https:\/\/yoast.com\/product\/yoast-seo-wordpress\/ -->\n<title>El Juan de Salazar invita a concierto gratuito de blues - .::Agencia IP::.<\/title>\n<meta name=\"robots\" content=\"index, follow, max-snippet:-1, max-image-preview:large, max-video-preview:-1\" \/>\n<link rel=\"canonical\" href=\"https:\/\/www.ip.gov.py\/ip\/2016\/11\/25\/el-ccejs-invita-este-viernes-a-concierto-gratuito-de-blues\/\" \/>\n<meta property=\"og:locale\" content=\"es_ES\" \/>\n<meta property=\"og:type\" content=\"article\" \/>\n<meta property=\"og:title\" content=\"El Juan de Salazar invita a concierto gratuito de blues - .::Agencia IP::.\" \/>\n<meta property=\"og:description\" content=\"Asunci\u00f3n, IP.- El Centro Cultural Juan de Salazar (Ccejs) invita este viernes desde las 21:00 al concierto denominado la \u00abNoche blusera en el Juande\u00bb con la actuaci\u00f3n del grupo \u201cPalma Loma Blues Band\u201d quienes se presentar\u00e1n por primera vez en el Centro Cultural.\" \/>\n<meta property=\"og:url\" content=\"https:\/\/www.ip.gov.py\/ip\/2016\/11\/25\/el-ccejs-invita-este-viernes-a-concierto-gratuito-de-blues\/\" \/>\n<meta property=\"og:site_name\" content=\".::Agencia IP::.\" \/>\n<meta property=\"article:publisher\" content=\"https:\/\/www.facebook.com\/IPParaguay\/\" \/>\n<meta property=\"article:published_time\" content=\"2016-11-25T13:18:48+00:00\" \/>\n<meta property=\"article:modified_time\" content=\"2016-11-25T13:28:14+00:00\" \/>\n<meta property=\"og:image\" content=\"https:\/\/www.ip.gov.py\/ip\/wp-content\/uploads\/2016\/11\/concierto-salazar.jpg\" \/>\n\t<meta property=\"og:image:width\" content=\"679\" \/>\n\t<meta property=\"og:image:height\" content=\"960\" \/>\n\t<meta property=\"og:image:type\" content=\"image\/jpeg\" \/>\n<meta name=\"author\" content=\"Noelia Ferreira\" \/>\n<meta name=\"twitter:card\" content=\"summary_large_image\" \/>\n<meta name=\"twitter:creator\" content=\"@IPParaguay\" \/>\n<meta name=\"twitter:site\" content=\"@IPParaguay\" \/>\n<meta name=\"twitter:label1\" content=\"Escrito por\" \/>\n\t<meta name=\"twitter:data1\" content=\"Noelia Ferreira\" \/>\n\t<meta name=\"twitter:label2\" content=\"Tiempo de lectura\" \/>\n\t<meta name=\"twitter:data2\" content=\"1 minuto\" \/>\n<script type=\"application\/ld+json\" class=\"yoast-schema-graph\">{\"@context\":\"https:\\\/\\\/schema.org\",\"@graph\":[{\"@type\":\"Article\",\"@id\":\"https:\\\/\\\/www.ip.gov.py\\\/ip\\\/2016\\\/11\\\/25\\\/el-ccejs-invita-este-viernes-a-concierto-gratuito-de-blues\\\/#article\",\"isPartOf\":{\"@id\":\"https:\\\/\\\/www.ip.gov.py\\\/ip\\\/2016\\\/11\\\/25\\\/el-ccejs-invita-este-viernes-a-concierto-gratuito-de-blues\\\/\"},\"author\":{\"name\":\"Noelia Ferreira\",\"@id\":\"https:\\\/\\\/www.ip.gov.py\\\/ip\\\/#\\\/schema\\\/person\\\/791af27a9219bdbf9064abb776bb41c2\"},\"headline\":\"El Juan de Salazar invita a concierto gratuito de blues\",\"datePublished\":\"2016-11-25T13:18:48+00:00\",\"dateModified\":\"2016-11-25T13:28:14+00:00\",\"mainEntityOfPage\":{\"@id\":\"https:\\\/\\\/www.ip.gov.py\\\/ip\\\/2016\\\/11\\\/25\\\/el-ccejs-invita-este-viernes-a-concierto-gratuito-de-blues\\\/\"},\"wordCount\":286,\"publisher\":{\"@id\":\"https:\\\/\\\/www.ip.gov.py\\\/ip\\\/#organization\"},\"image\":{\"@id\":\"https:\\\/\\\/www.ip.gov.py\\\/ip\\\/2016\\\/11\\\/25\\\/el-ccejs-invita-este-viernes-a-concierto-gratuito-de-blues\\\/#primaryimage\"},\"thumbnailUrl\":\"https:\\\/\\\/www.ip.gov.py\\\/ip\\\/wp-content\\\/uploads\\\/2016\\\/11\\\/concierto-salazar.jpg\",\"articleSection\":[\"Cultura\"],\"inLanguage\":\"es\"},{\"@type\":\"WebPage\",\"@id\":\"https:\\\/\\\/www.ip.gov.py\\\/ip\\\/2016\\\/11\\\/25\\\/el-ccejs-invita-este-viernes-a-concierto-gratuito-de-blues\\\/\",\"url\":\"https:\\\/\\\/www.ip.gov.py\\\/ip\\\/2016\\\/11\\\/25\\\/el-ccejs-invita-este-viernes-a-concierto-gratuito-de-blues\\\/\",\"name\":\"El Juan de Salazar invita a concierto gratuito de blues - .::Agencia IP::.\",\"isPartOf\":{\"@id\":\"https:\\\/\\\/www.ip.gov.py\\\/ip\\\/#website\"},\"primaryImageOfPage\":{\"@id\":\"https:\\\/\\\/www.ip.gov.py\\\/ip\\\/2016\\\/11\\\/25\\\/el-ccejs-invita-este-viernes-a-concierto-gratuito-de-blues\\\/#primaryimage\"},\"image\":{\"@id\":\"https:\\\/\\\/www.ip.gov.py\\\/ip\\\/2016\\\/11\\\/25\\\/el-ccejs-invita-este-viernes-a-concierto-gratuito-de-blues\\\/#primaryimage\"},\"thumbnailUrl\":\"https:\\\/\\\/www.ip.gov.py\\\/ip\\\/wp-content\\\/uploads\\\/2016\\\/11\\\/concierto-salazar.jpg\",\"datePublished\":\"2016-11-25T13:18:48+00:00\",\"dateModified\":\"2016-11-25T13:28:14+00:00\",\"breadcrumb\":{\"@id\":\"https:\\\/\\\/www.ip.gov.py\\\/ip\\\/2016\\\/11\\\/25\\\/el-ccejs-invita-este-viernes-a-concierto-gratuito-de-blues\\\/#breadcrumb\"},\"inLanguage\":\"es\",\"potentialAction\":[{\"@type\":\"ReadAction\",\"target\":[\"https:\\\/\\\/www.ip.gov.py\\\/ip\\\/2016\\\/11\\\/25\\\/el-ccejs-invita-este-viernes-a-concierto-gratuito-de-blues\\\/\"]}]},{\"@type\":\"ImageObject\",\"inLanguage\":\"es\",\"@id\":\"https:\\\/\\\/www.ip.gov.py\\\/ip\\\/2016\\\/11\\\/25\\\/el-ccejs-invita-este-viernes-a-concierto-gratuito-de-blues\\\/#primaryimage\",\"url\":\"https:\\\/\\\/www.ip.gov.py\\\/ip\\\/wp-content\\\/uploads\\\/2016\\\/11\\\/concierto-salazar.jpg\",\"contentUrl\":\"https:\\\/\\\/www.ip.gov.py\\\/ip\\\/wp-content\\\/uploads\\\/2016\\\/11\\\/concierto-salazar.jpg\",\"width\":679,\"height\":960,\"caption\":\"Afiche invitaci\u00f3n al evento de este viernes en el Ccejs Foto: Gentileza @CCEJSAECID\"},{\"@type\":\"BreadcrumbList\",\"@id\":\"https:\\\/\\\/www.ip.gov.py\\\/ip\\\/2016\\\/11\\\/25\\\/el-ccejs-invita-este-viernes-a-concierto-gratuito-de-blues\\\/#breadcrumb\",\"itemListElement\":[{\"@type\":\"ListItem\",\"position\":1,\"name\":\"Portada\",\"item\":\"https:\\\/\\\/www.ip.gov.py\\\/ip\\\/\"},{\"@type\":\"ListItem\",\"position\":2,\"name\":\"El Juan de Salazar invita a concierto gratuito de blues\"}]},{\"@type\":\"WebSite\",\"@id\":\"https:\\\/\\\/www.ip.gov.py\\\/ip\\\/#website\",\"url\":\"https:\\\/\\\/www.ip.gov.py\\\/ip\\\/\",\"name\":\".::Agencia IP::.\",\"description\":\"\",\"publisher\":{\"@id\":\"https:\\\/\\\/www.ip.gov.py\\\/ip\\\/#organization\"},\"potentialAction\":[{\"@type\":\"SearchAction\",\"target\":{\"@type\":\"EntryPoint\",\"urlTemplate\":\"https:\\\/\\\/www.ip.gov.py\\\/ip\\\/?s={search_term_string}\"},\"query-input\":{\"@type\":\"PropertyValueSpecification\",\"valueRequired\":true,\"valueName\":\"search_term_string\"}}],\"inLanguage\":\"es\"},{\"@type\":\"Organization\",\"@id\":\"https:\\\/\\\/www.ip.gov.py\\\/ip\\\/#organization\",\"name\":\"Agencia IP\",\"url\":\"https:\\\/\\\/www.ip.gov.py\\\/ip\\\/\",\"logo\":{\"@type\":\"ImageObject\",\"inLanguage\":\"es\",\"@id\":\"https:\\\/\\\/www.ip.gov.py\\\/ip\\\/#\\\/schema\\\/logo\\\/image\\\/\",\"url\":\"https:\\\/\\\/www.ip.gov.py\\\/ip\\\/wp-content\\\/uploads\\\/2018\\\/01\\\/Agencia-IP.jpg\",\"contentUrl\":\"https:\\\/\\\/www.ip.gov.py\\\/ip\\\/wp-content\\\/uploads\\\/2018\\\/01\\\/Agencia-IP.jpg\",\"width\":150,\"height\":150,\"caption\":\"Agencia IP\"},\"image\":{\"@id\":\"https:\\\/\\\/www.ip.gov.py\\\/ip\\\/#\\\/schema\\\/logo\\\/image\\\/\"},\"sameAs\":[\"https:\\\/\\\/www.facebook.com\\\/IPParaguay\\\/\",\"https:\\\/\\\/x.com\\\/IPParaguay\",\"https:\\\/\\\/www.instagram.com\\\/IPParaguay\"]},{\"@type\":\"Person\",\"@id\":\"https:\\\/\\\/www.ip.gov.py\\\/ip\\\/#\\\/schema\\\/person\\\/791af27a9219bdbf9064abb776bb41c2\",\"name\":\"Noelia Ferreira\",\"sameAs\":[\"http:\\\/\\\/www.ip.gov.py\"],\"url\":\"https:\\\/\\\/www.ip.gov.py\\\/ip\\\/author\\\/nferreira\\\/\"}]}<\/script>\n<!-- \/ Yoast SEO plugin. -->","yoast_head_json":{"title":"El Juan de Salazar invita a concierto gratuito de blues - .::Agencia IP::.","robots":{"index":"index","follow":"follow","max-snippet":"max-snippet:-1","max-image-preview":"max-image-preview:large","max-video-preview":"max-video-preview:-1"},"canonical":"https:\/\/www.ip.gov.py\/ip\/2016\/11\/25\/el-ccejs-invita-este-viernes-a-concierto-gratuito-de-blues\/","og_locale":"es_ES","og_type":"article","og_title":"El Juan de Salazar invita a concierto gratuito de blues - .::Agencia IP::.","og_description":"Asunci\u00f3n, IP.- El Centro Cultural Juan de Salazar (Ccejs) invita este viernes desde las 21:00 al concierto denominado la \u00abNoche blusera en el Juande\u00bb con la actuaci\u00f3n del grupo \u201cPalma Loma Blues Band\u201d quienes se presentar\u00e1n por primera vez en el Centro Cultural.","og_url":"https:\/\/www.ip.gov.py\/ip\/2016\/11\/25\/el-ccejs-invita-este-viernes-a-concierto-gratuito-de-blues\/","og_site_name":".::Agencia IP::.","article_publisher":"https:\/\/www.facebook.com\/IPParaguay\/","article_published_time":"2016-11-25T13:18:48+00:00","article_modified_time":"2016-11-25T13:28:14+00:00","og_image":[{"width":679,"height":960,"url":"https:\/\/www.ip.gov.py\/ip\/wp-content\/uploads\/2016\/11\/concierto-salazar.jpg","type":"image\/jpeg"}],"author":"Noelia Ferreira","twitter_card":"summary_large_image","twitter_creator":"@IPParaguay","twitter_site":"@IPParaguay","twitter_misc":{"Escrito por":"Noelia Ferreira","Tiempo de lectura":"1 minuto"},"schema":{"@context":"https:\/\/schema.org","@graph":[{"@type":"Article","@id":"https:\/\/www.ip.gov.py\/ip\/2016\/11\/25\/el-ccejs-invita-este-viernes-a-concierto-gratuito-de-blues\/#article","isPartOf":{"@id":"https:\/\/www.ip.gov.py\/ip\/2016\/11\/25\/el-ccejs-invita-este-viernes-a-concierto-gratuito-de-blues\/"},"author":{"name":"Noelia Ferreira","@id":"https:\/\/www.ip.gov.py\/ip\/#\/schema\/person\/791af27a9219bdbf9064abb776bb41c2"},"headline":"El Juan de Salazar invita a concierto gratuito de blues","datePublished":"2016-11-25T13:18:48+00:00","dateModified":"2016-11-25T13:28:14+00:00","mainEntityOfPage":{"@id":"https:\/\/www.ip.gov.py\/ip\/2016\/11\/25\/el-ccejs-invita-este-viernes-a-concierto-gratuito-de-blues\/"},"wordCount":286,"publisher":{"@id":"https:\/\/www.ip.gov.py\/ip\/#organization"},"image":{"@id":"https:\/\/www.ip.gov.py\/ip\/2016\/11\/25\/el-ccejs-invita-este-viernes-a-concierto-gratuito-de-blues\/#primaryimage"},"thumbnailUrl":"https:\/\/www.ip.gov.py\/ip\/wp-content\/uploads\/2016\/11\/concierto-salazar.jpg","articleSection":["Cultura"],"inLanguage":"es"},{"@type":"WebPage","@id":"https:\/\/www.ip.gov.py\/ip\/2016\/11\/25\/el-ccejs-invita-este-viernes-a-concierto-gratuito-de-blues\/","url":"https:\/\/www.ip.gov.py\/ip\/2016\/11\/25\/el-ccejs-invita-este-viernes-a-concierto-gratuito-de-blues\/","name":"El Juan de Salazar invita a concierto gratuito de blues - .::Agencia IP::.","isPartOf":{"@id":"https:\/\/www.ip.gov.py\/ip\/#website"},"primaryImageOfPage":{"@id":"https:\/\/www.ip.gov.py\/ip\/2016\/11\/25\/el-ccejs-invita-este-viernes-a-concierto-gratuito-de-blues\/#primaryimage"},"image":{"@id":"https:\/\/www.ip.gov.py\/ip\/2016\/11\/25\/el-ccejs-invita-este-viernes-a-concierto-gratuito-de-blues\/#primaryimage"},"thumbnailUrl":"https:\/\/www.ip.gov.py\/ip\/wp-content\/uploads\/2016\/11\/concierto-salazar.jpg","datePublished":"2016-11-25T13:18:48+00:00","dateModified":"2016-11-25T13:28:14+00:00","breadcrumb":{"@id":"https:\/\/www.ip.gov.py\/ip\/2016\/11\/25\/el-ccejs-invita-este-viernes-a-concierto-gratuito-de-blues\/#breadcrumb"},"inLanguage":"es","potentialAction":[{"@type":"ReadAction","target":["https:\/\/www.ip.gov.py\/ip\/2016\/11\/25\/el-ccejs-invita-este-viernes-a-concierto-gratuito-de-blues\/"]}]},{"@type":"ImageObject","inLanguage":"es","@id":"https:\/\/www.ip.gov.py\/ip\/2016\/11\/25\/el-ccejs-invita-este-viernes-a-concierto-gratuito-de-blues\/#primaryimage","url":"https:\/\/www.ip.gov.py\/ip\/wp-content\/uploads\/2016\/11\/concierto-salazar.jpg","contentUrl":"https:\/\/www.ip.gov.py\/ip\/wp-content\/uploads\/2016\/11\/concierto-salazar.jpg","width":679,"height":960,"caption":"Afiche invitaci\u00f3n al evento de este viernes en el Ccejs Foto: Gentileza @CCEJSAECID"},{"@type":"BreadcrumbList","@id":"https:\/\/www.ip.gov.py\/ip\/2016\/11\/25\/el-ccejs-invita-este-viernes-a-concierto-gratuito-de-blues\/#breadcrumb","itemListElement":[{"@type":"ListItem","position":1,"name":"Portada","item":"https:\/\/www.ip.gov.py\/ip\/"},{"@type":"ListItem","position":2,"name":"El Juan de Salazar invita a concierto gratuito de blues"}]},{"@type":"WebSite","@id":"https:\/\/www.ip.gov.py\/ip\/#website","url":"https:\/\/www.ip.gov.py\/ip\/","name":".::Agencia IP::.","description":"","publisher":{"@id":"https:\/\/www.ip.gov.py\/ip\/#organization"},"potentialAction":[{"@type":"SearchAction","target":{"@type":"EntryPoint","urlTemplate":"https:\/\/www.ip.gov.py\/ip\/?s={search_term_string}"},"query-input":{"@type":"PropertyValueSpecification","valueRequired":true,"valueName":"search_term_string"}}],"inLanguage":"es"},{"@type":"Organization","@id":"https:\/\/www.ip.gov.py\/ip\/#organization","name":"Agencia IP","url":"https:\/\/www.ip.gov.py\/ip\/","logo":{"@type":"ImageObject","inLanguage":"es","@id":"https:\/\/www.ip.gov.py\/ip\/#\/schema\/logo\/image\/","url":"https:\/\/www.ip.gov.py\/ip\/wp-content\/uploads\/2018\/01\/Agencia-IP.jpg","contentUrl":"https:\/\/www.ip.gov.py\/ip\/wp-content\/uploads\/2018\/01\/Agencia-IP.jpg","width":150,"height":150,"caption":"Agencia IP"},"image":{"@id":"https:\/\/www.ip.gov.py\/ip\/#\/schema\/logo\/image\/"},"sameAs":["https:\/\/www.facebook.com\/IPParaguay\/","https:\/\/x.com\/IPParaguay","https:\/\/www.instagram.com\/IPParaguay"]},{"@type":"Person","@id":"https:\/\/www.ip.gov.py\/ip\/#\/schema\/person\/791af27a9219bdbf9064abb776bb41c2","name":"Noelia Ferreira","sameAs":["http:\/\/www.ip.gov.py"],"url":"https:\/\/www.ip.gov.py\/ip\/author\/nferreira\/"}]}},"_links":{"self":[{"href":"https:\/\/www.ip.gov.py\/ip\/wp-json\/wp\/v2\/posts\/130833","targetHints":{"allow":["GET"]}}],"collection":[{"href":"https:\/\/www.ip.gov.py\/ip\/wp-json\/wp\/v2\/posts"}],"about":[{"href":"https:\/\/www.ip.gov.py\/ip\/wp-json\/wp\/v2\/types\/post"}],"author":[{"embeddable":true,"href":"https:\/\/www.ip.gov.py\/ip\/wp-json\/wp\/v2\/users\/23"}],"replies":[{"embeddable":true,"href":"https:\/\/www.ip.gov.py\/ip\/wp-json\/wp\/v2\/comments?post=130833"}],"version-history":[{"count":0,"href":"https:\/\/www.ip.gov.py\/ip\/wp-json\/wp\/v2\/posts\/130833\/revisions"}],"wp:featuredmedia":[{"embeddable":true,"href":"https:\/\/www.ip.gov.py\/ip\/wp-json\/wp\/v2\/media\/130838"}],"wp:attachment":[{"href":"https:\/\/www.ip.gov.py\/ip\/wp-json\/wp\/v2\/media?parent=130833"}],"wp:term":[{"taxonomy":"category","embeddable":true,"href":"https:\/\/www.ip.gov.py\/ip\/wp-json\/wp\/v2\/categories?post=130833"},{"taxonomy":"post_tag","embeddable":true,"href":"https:\/\/www.ip.gov.py\/ip\/wp-json\/wp\/v2\/tags?post=130833"}],"curies":[{"name":"wp","href":"https:\/\/api.w.org\/{rel}","templated":true}]}}