{"id":135323,"date":"2016-12-21T13:38:35","date_gmt":"2016-12-21T16:38:35","guid":{"rendered":"http:\/\/desarrollo.ip.gov.py\/ip\/?p=135323"},"modified":"2016-12-21T13:38:58","modified_gmt":"2016-12-21T16:38:58","slug":"la-economia-brasilena-puede-crecer-en-primer-trimestre-de-2017-dice-ministro","status":"publish","type":"post","link":"https:\/\/www.ip.gov.py\/ip\/2016\/12\/21\/la-economia-brasilena-puede-crecer-en-primer-trimestre-de-2017-dice-ministro\/","title":{"rendered":"La econom\u00eda brasile\u00f1a puede crecer en primer trimestre de 2017, seg\u00fan ministro"},"content":{"rendered":"<p style=\"text-align: justify;\"><em><strong>Brasilia.-<\/strong> <\/em>La econom\u00eda brasile\u00f1a, que enfrenta una grave recesi\u00f3n desde hace dos a\u00f1os, puede volver a crecer en el primer trimestre de 2017, aunque el Gobierno a\u00fan no trabaja con esa posibilidad, afirm\u00f3 hoy el ministro de Hacienda, Henrique Meirelles.<!--more--><\/p>\n<p style=\"text-align: justify;\">\u00abExiste esa posibilidad, pero sin mucha certeza, de que la econom\u00eda comience a recuperarse ya en el primer trimestre\u00bb, afirm\u00f3 en una rueda de prensa el ministro, quien, de cualquier forma, mantuvo la proyecci\u00f3n del Gobierno de que el producto interior bruto (PIB) crecer\u00e1 en 2017 tras dos a\u00f1os de retracci\u00f3n.<\/p>\n<p style=\"text-align: justify;\">El Ministerio de Hacienda revis\u00f3 en noviembre pasado su proyecci\u00f3n para el crecimiento del PIB el pr\u00f3ximo a\u00f1o y ahora espera un aumento del 1,0 % y no del 1,6 % como calculaba inicialmente.<\/p>\n<p style=\"text-align: justify;\">Los economistas del mercado financiero, por su parte, proyectan para el pr\u00f3ximo a\u00f1o un crecimiento de solo el 0,58 %.<\/p>\n<p style=\"text-align: justify;\">De confirmarse ese pron\u00f3stico, ser\u00e1 un alivio para la mayor econom\u00eda suramericana, que sufri\u00f3 una retracci\u00f3n del 3,8 % en 2015, su peor resultado en 25 a\u00f1os, y, seg\u00fan las \u00faltimas previsiones, se encoger\u00e1 otro 3,5 % en 2016, con lo que encadenar\u00e1 dos a\u00f1os seguidos de crecimiento negativo por primera vez desde la d\u00e9cada de 1930.<\/p>\n<p style=\"text-align: justify;\">De acuerdo con Meirelles, como las previsiones trimestrales son muy \u00abvol\u00e1tiles\u00bb, el Gobierno a\u00fan no se compromete con un crecimiento en el primer trimestre de 2017, aunque s\u00ed espera que la econom\u00eda comience a recuperarse en los primeros meses del a\u00f1o.<\/p>\n<p style=\"text-align: justify;\">\u00abCuando la econom\u00eda cae mucho, incluso aunque crezca mucho al a\u00f1o siguiente, la comparaci\u00f3n es de promedio con promedio. Cuando la econom\u00eda parte de un punto de comparaci\u00f3n muy bajo, el promedio puede estar casi igual al del a\u00f1o anterior. Pero si comparamos el \u00faltimo trimestre de 2017 con los \u00faltimos tres meses de 2016 es probable que tengamos un crecimiento del 2,0 %\u00bb, afirm\u00f3.<\/p>\n<p style=\"text-align: justify;\">Tras citar las duras medidas de ajuste fiscal impulsadas por el presidente Michel Temer, Meirelles dijo que el Gobierno est\u00e1 trabajando para recuperar la econom\u00eda pero que no puede adoptar medidas m\u00e1gicas para lograrlo.<\/p>\n<p style=\"text-align: justify;\">\u00abEl Gobierno no est\u00e1 de manos atadas. Pero lo que no hace y no har\u00e1 es adoptar pr\u00e1cticas que no funcionaron en el pasado. En econom\u00eda no hay magia. No vamos a hacer movimientos artificiales que pueden dar alg\u00fan resultado provisional pero que terminar\u00e1n aumentando las distorsiones en la econom\u00eda\u00bb, afirm\u00f3.<\/p>\n<p style=\"text-align: justify;\">Adem\u00e1s de la ya aprobada enmienda constitucional que congel\u00f3 el aumento de los gastos p\u00fablicos en los pr\u00f3ximos veinte a\u00f1os, el Gobierno de Temer present\u00f3 a consideraci\u00f3n del Congreso una profunda reforma al sistema de pensiones y tambi\u00e9n se propone reformar el modelo laboral.<\/p>\n<p style=\"text-align: justify;\">A las medidas estructurales para reequilibrar las cuentas p\u00fablicas, el Gobierno sum\u00f3 algunas medidas puntuales para impulsar el crecimiento y el consumo, como la que permite a los comerciantes ofrecer descuentos a quienes paguen en efectivo.<\/p>\n<p style=\"text-align: justify;\">\u00abTenemos que entrar en un ciclo de crecimiento para que la din\u00e1mica de la econom\u00eda pueda cambiar\u00bb, afirm\u00f3. EFE<\/p>\n","protected":false},"excerpt":{"rendered":"<p>Brasilia.- La econom\u00eda brasile\u00f1a, que enfrenta una grave recesi\u00f3n desde hace dos a\u00f1os, puede volver a crecer en el primer trimestre de 2017, aunque el Gobierno a\u00fan no trabaja con esa posibilidad, afirm\u00f3 hoy el ministro de Hacienda, Henrique Meirelles.<\/p>\n","protected":false},"author":7,"featured_media":135324,"comment_status":"closed","ping_status":"closed","sticky":false,"template":"","format":"standard","meta":{"_monsterinsights_skip_tracking":false,"_monsterinsights_sitenote_active":false,"_monsterinsights_sitenote_note":"","_monsterinsights_sitenote_category":0,"footnotes":""},"categories":[5],"tags":[],"class_list":{"0":"post-135323","1":"post","2":"type-post","3":"status-publish","4":"format-standard","5":"has-post-thumbnail","7":"category-internacionales"},"yoast_head":"<!-- This site is optimized with the Yoast SEO plugin v27.5 - https:\/\/yoast.com\/product\/yoast-seo-wordpress\/ -->\n<title>La econom\u00eda brasile\u00f1a puede crecer en primer trimestre de 2017, seg\u00fan ministro - .::Agencia IP::.<\/title>\n<meta name=\"robots\" content=\"index, follow, max-snippet:-1, max-image-preview:large, max-video-preview:-1\" \/>\n<link rel=\"canonical\" href=\"https:\/\/www.ip.gov.py\/ip\/2016\/12\/21\/la-economia-brasilena-puede-crecer-en-primer-trimestre-de-2017-dice-ministro\/\" \/>\n<meta property=\"og:locale\" content=\"es_ES\" \/>\n<meta property=\"og:type\" content=\"article\" \/>\n<meta property=\"og:title\" content=\"La econom\u00eda brasile\u00f1a puede crecer en primer trimestre de 2017, seg\u00fan ministro - .::Agencia IP::.\" \/>\n<meta property=\"og:description\" content=\"Brasilia.- La econom\u00eda brasile\u00f1a, que enfrenta una grave recesi\u00f3n desde hace dos a\u00f1os, puede volver a crecer en el primer trimestre de 2017, aunque el Gobierno a\u00fan no trabaja con esa posibilidad, afirm\u00f3 hoy el ministro de Hacienda, Henrique Meirelles.\" \/>\n<meta property=\"og:url\" content=\"https:\/\/www.ip.gov.py\/ip\/2016\/12\/21\/la-economia-brasilena-puede-crecer-en-primer-trimestre-de-2017-dice-ministro\/\" \/>\n<meta property=\"og:site_name\" content=\".::Agencia IP::.\" \/>\n<meta property=\"article:publisher\" content=\"https:\/\/www.facebook.com\/IPParaguay\/\" \/>\n<meta property=\"article:published_time\" content=\"2016-12-21T16:38:35+00:00\" \/>\n<meta property=\"article:modified_time\" content=\"2016-12-21T16:38:58+00:00\" \/>\n<meta property=\"og:image\" content=\"https:\/\/www.ip.gov.py\/ip\/wp-content\/uploads\/2016\/12\/henrique.meirelles_ministro-de-Economia-de-Brasil.jpg\" \/>\n\t<meta property=\"og:image:width\" content=\"620\" \/>\n\t<meta property=\"og:image:height\" content=\"465\" \/>\n\t<meta property=\"og:image:type\" content=\"image\/jpeg\" \/>\n<meta name=\"author\" content=\"Karina L\u00f3pez\" \/>\n<meta name=\"twitter:card\" content=\"summary_large_image\" \/>\n<meta name=\"twitter:creator\" content=\"@IPParaguay\" \/>\n<meta name=\"twitter:site\" content=\"@IPParaguay\" \/>\n<meta name=\"twitter:label1\" content=\"Escrito por\" \/>\n\t<meta name=\"twitter:data1\" content=\"Karina L\u00f3pez\" \/>\n\t<meta name=\"twitter:label2\" content=\"Tiempo de lectura\" \/>\n\t<meta name=\"twitter:data2\" content=\"3 minutos\" \/>\n<script type=\"application\/ld+json\" class=\"yoast-schema-graph\">{\"@context\":\"https:\\\/\\\/schema.org\",\"@graph\":[{\"@type\":\"Article\",\"@id\":\"https:\\\/\\\/www.ip.gov.py\\\/ip\\\/2016\\\/12\\\/21\\\/la-economia-brasilena-puede-crecer-en-primer-trimestre-de-2017-dice-ministro\\\/#article\",\"isPartOf\":{\"@id\":\"https:\\\/\\\/www.ip.gov.py\\\/ip\\\/2016\\\/12\\\/21\\\/la-economia-brasilena-puede-crecer-en-primer-trimestre-de-2017-dice-ministro\\\/\"},\"author\":{\"name\":\"Karina L\u00f3pez\",\"@id\":\"https:\\\/\\\/www.ip.gov.py\\\/ip\\\/#\\\/schema\\\/person\\\/613765cf13d420d448042e6802220539\"},\"headline\":\"La econom\u00eda brasile\u00f1a puede crecer en primer trimestre de 2017, seg\u00fan ministro\",\"datePublished\":\"2016-12-21T16:38:35+00:00\",\"dateModified\":\"2016-12-21T16:38:58+00:00\",\"mainEntityOfPage\":{\"@id\":\"https:\\\/\\\/www.ip.gov.py\\\/ip\\\/2016\\\/12\\\/21\\\/la-economia-brasilena-puede-crecer-en-primer-trimestre-de-2017-dice-ministro\\\/\"},\"wordCount\":533,\"publisher\":{\"@id\":\"https:\\\/\\\/www.ip.gov.py\\\/ip\\\/#organization\"},\"image\":{\"@id\":\"https:\\\/\\\/www.ip.gov.py\\\/ip\\\/2016\\\/12\\\/21\\\/la-economia-brasilena-puede-crecer-en-primer-trimestre-de-2017-dice-ministro\\\/#primaryimage\"},\"thumbnailUrl\":\"https:\\\/\\\/www.ip.gov.py\\\/ip\\\/wp-content\\\/uploads\\\/2016\\\/12\\\/henrique.meirelles_ministro-de-Economia-de-Brasil.jpg\",\"articleSection\":[\"Internacionales\"],\"inLanguage\":\"es\"},{\"@type\":\"WebPage\",\"@id\":\"https:\\\/\\\/www.ip.gov.py\\\/ip\\\/2016\\\/12\\\/21\\\/la-economia-brasilena-puede-crecer-en-primer-trimestre-de-2017-dice-ministro\\\/\",\"url\":\"https:\\\/\\\/www.ip.gov.py\\\/ip\\\/2016\\\/12\\\/21\\\/la-economia-brasilena-puede-crecer-en-primer-trimestre-de-2017-dice-ministro\\\/\",\"name\":\"La econom\u00eda brasile\u00f1a puede crecer en primer trimestre de 2017, seg\u00fan ministro - .::Agencia IP::.\",\"isPartOf\":{\"@id\":\"https:\\\/\\\/www.ip.gov.py\\\/ip\\\/#website\"},\"primaryImageOfPage\":{\"@id\":\"https:\\\/\\\/www.ip.gov.py\\\/ip\\\/2016\\\/12\\\/21\\\/la-economia-brasilena-puede-crecer-en-primer-trimestre-de-2017-dice-ministro\\\/#primaryimage\"},\"image\":{\"@id\":\"https:\\\/\\\/www.ip.gov.py\\\/ip\\\/2016\\\/12\\\/21\\\/la-economia-brasilena-puede-crecer-en-primer-trimestre-de-2017-dice-ministro\\\/#primaryimage\"},\"thumbnailUrl\":\"https:\\\/\\\/www.ip.gov.py\\\/ip\\\/wp-content\\\/uploads\\\/2016\\\/12\\\/henrique.meirelles_ministro-de-Economia-de-Brasil.jpg\",\"datePublished\":\"2016-12-21T16:38:35+00:00\",\"dateModified\":\"2016-12-21T16:38:58+00:00\",\"breadcrumb\":{\"@id\":\"https:\\\/\\\/www.ip.gov.py\\\/ip\\\/2016\\\/12\\\/21\\\/la-economia-brasilena-puede-crecer-en-primer-trimestre-de-2017-dice-ministro\\\/#breadcrumb\"},\"inLanguage\":\"es\",\"potentialAction\":[{\"@type\":\"ReadAction\",\"target\":[\"https:\\\/\\\/www.ip.gov.py\\\/ip\\\/2016\\\/12\\\/21\\\/la-economia-brasilena-puede-crecer-en-primer-trimestre-de-2017-dice-ministro\\\/\"]}]},{\"@type\":\"ImageObject\",\"inLanguage\":\"es\",\"@id\":\"https:\\\/\\\/www.ip.gov.py\\\/ip\\\/2016\\\/12\\\/21\\\/la-economia-brasilena-puede-crecer-en-primer-trimestre-de-2017-dice-ministro\\\/#primaryimage\",\"url\":\"https:\\\/\\\/www.ip.gov.py\\\/ip\\\/wp-content\\\/uploads\\\/2016\\\/12\\\/henrique.meirelles_ministro-de-Economia-de-Brasil.jpg\",\"contentUrl\":\"https:\\\/\\\/www.ip.gov.py\\\/ip\\\/wp-content\\\/uploads\\\/2016\\\/12\\\/henrique.meirelles_ministro-de-Economia-de-Brasil.jpg\",\"width\":620,\"height\":465,\"caption\":\"Henrique Meirelles, ministro de Economia. Foto globo.com\"},{\"@type\":\"BreadcrumbList\",\"@id\":\"https:\\\/\\\/www.ip.gov.py\\\/ip\\\/2016\\\/12\\\/21\\\/la-economia-brasilena-puede-crecer-en-primer-trimestre-de-2017-dice-ministro\\\/#breadcrumb\",\"itemListElement\":[{\"@type\":\"ListItem\",\"position\":1,\"name\":\"Portada\",\"item\":\"https:\\\/\\\/www.ip.gov.py\\\/ip\\\/\"},{\"@type\":\"ListItem\",\"position\":2,\"name\":\"La econom\u00eda brasile\u00f1a puede crecer en primer trimestre de 2017, seg\u00fan ministro\"}]},{\"@type\":\"WebSite\",\"@id\":\"https:\\\/\\\/www.ip.gov.py\\\/ip\\\/#website\",\"url\":\"https:\\\/\\\/www.ip.gov.py\\\/ip\\\/\",\"name\":\".::Agencia IP::.\",\"description\":\"\",\"publisher\":{\"@id\":\"https:\\\/\\\/www.ip.gov.py\\\/ip\\\/#organization\"},\"potentialAction\":[{\"@type\":\"SearchAction\",\"target\":{\"@type\":\"EntryPoint\",\"urlTemplate\":\"https:\\\/\\\/www.ip.gov.py\\\/ip\\\/?s={search_term_string}\"},\"query-input\":{\"@type\":\"PropertyValueSpecification\",\"valueRequired\":true,\"valueName\":\"search_term_string\"}}],\"inLanguage\":\"es\"},{\"@type\":\"Organization\",\"@id\":\"https:\\\/\\\/www.ip.gov.py\\\/ip\\\/#organization\",\"name\":\"Agencia IP\",\"url\":\"https:\\\/\\\/www.ip.gov.py\\\/ip\\\/\",\"logo\":{\"@type\":\"ImageObject\",\"inLanguage\":\"es\",\"@id\":\"https:\\\/\\\/www.ip.gov.py\\\/ip\\\/#\\\/schema\\\/logo\\\/image\\\/\",\"url\":\"https:\\\/\\\/www.ip.gov.py\\\/ip\\\/wp-content\\\/uploads\\\/2018\\\/01\\\/Agencia-IP.jpg\",\"contentUrl\":\"https:\\\/\\\/www.ip.gov.py\\\/ip\\\/wp-content\\\/uploads\\\/2018\\\/01\\\/Agencia-IP.jpg\",\"width\":150,\"height\":150,\"caption\":\"Agencia IP\"},\"image\":{\"@id\":\"https:\\\/\\\/www.ip.gov.py\\\/ip\\\/#\\\/schema\\\/logo\\\/image\\\/\"},\"sameAs\":[\"https:\\\/\\\/www.facebook.com\\\/IPParaguay\\\/\",\"https:\\\/\\\/x.com\\\/IPParaguay\",\"https:\\\/\\\/www.instagram.com\\\/IPParaguay\"]},{\"@type\":\"Person\",\"@id\":\"https:\\\/\\\/www.ip.gov.py\\\/ip\\\/#\\\/schema\\\/person\\\/613765cf13d420d448042e6802220539\",\"name\":\"Karina L\u00f3pez\",\"url\":\"https:\\\/\\\/www.ip.gov.py\\\/ip\\\/author\\\/klopez\\\/\"}]}<\/script>\n<!-- \/ Yoast SEO plugin. -->","yoast_head_json":{"title":"La econom\u00eda brasile\u00f1a puede crecer en primer trimestre de 2017, seg\u00fan ministro - .::Agencia IP::.","robots":{"index":"index","follow":"follow","max-snippet":"max-snippet:-1","max-image-preview":"max-image-preview:large","max-video-preview":"max-video-preview:-1"},"canonical":"https:\/\/www.ip.gov.py\/ip\/2016\/12\/21\/la-economia-brasilena-puede-crecer-en-primer-trimestre-de-2017-dice-ministro\/","og_locale":"es_ES","og_type":"article","og_title":"La econom\u00eda brasile\u00f1a puede crecer en primer trimestre de 2017, seg\u00fan ministro - .::Agencia IP::.","og_description":"Brasilia.- La econom\u00eda brasile\u00f1a, que enfrenta una grave recesi\u00f3n desde hace dos a\u00f1os, puede volver a crecer en el primer trimestre de 2017, aunque el Gobierno a\u00fan no trabaja con esa posibilidad, afirm\u00f3 hoy el ministro de Hacienda, Henrique Meirelles.","og_url":"https:\/\/www.ip.gov.py\/ip\/2016\/12\/21\/la-economia-brasilena-puede-crecer-en-primer-trimestre-de-2017-dice-ministro\/","og_site_name":".::Agencia IP::.","article_publisher":"https:\/\/www.facebook.com\/IPParaguay\/","article_published_time":"2016-12-21T16:38:35+00:00","article_modified_time":"2016-12-21T16:38:58+00:00","og_image":[{"width":620,"height":465,"url":"https:\/\/www.ip.gov.py\/ip\/wp-content\/uploads\/2016\/12\/henrique.meirelles_ministro-de-Economia-de-Brasil.jpg","type":"image\/jpeg"}],"author":"Karina L\u00f3pez","twitter_card":"summary_large_image","twitter_creator":"@IPParaguay","twitter_site":"@IPParaguay","twitter_misc":{"Escrito por":"Karina L\u00f3pez","Tiempo de lectura":"3 minutos"},"schema":{"@context":"https:\/\/schema.org","@graph":[{"@type":"Article","@id":"https:\/\/www.ip.gov.py\/ip\/2016\/12\/21\/la-economia-brasilena-puede-crecer-en-primer-trimestre-de-2017-dice-ministro\/#article","isPartOf":{"@id":"https:\/\/www.ip.gov.py\/ip\/2016\/12\/21\/la-economia-brasilena-puede-crecer-en-primer-trimestre-de-2017-dice-ministro\/"},"author":{"name":"Karina L\u00f3pez","@id":"https:\/\/www.ip.gov.py\/ip\/#\/schema\/person\/613765cf13d420d448042e6802220539"},"headline":"La econom\u00eda brasile\u00f1a puede crecer en primer trimestre de 2017, seg\u00fan ministro","datePublished":"2016-12-21T16:38:35+00:00","dateModified":"2016-12-21T16:38:58+00:00","mainEntityOfPage":{"@id":"https:\/\/www.ip.gov.py\/ip\/2016\/12\/21\/la-economia-brasilena-puede-crecer-en-primer-trimestre-de-2017-dice-ministro\/"},"wordCount":533,"publisher":{"@id":"https:\/\/www.ip.gov.py\/ip\/#organization"},"image":{"@id":"https:\/\/www.ip.gov.py\/ip\/2016\/12\/21\/la-economia-brasilena-puede-crecer-en-primer-trimestre-de-2017-dice-ministro\/#primaryimage"},"thumbnailUrl":"https:\/\/www.ip.gov.py\/ip\/wp-content\/uploads\/2016\/12\/henrique.meirelles_ministro-de-Economia-de-Brasil.jpg","articleSection":["Internacionales"],"inLanguage":"es"},{"@type":"WebPage","@id":"https:\/\/www.ip.gov.py\/ip\/2016\/12\/21\/la-economia-brasilena-puede-crecer-en-primer-trimestre-de-2017-dice-ministro\/","url":"https:\/\/www.ip.gov.py\/ip\/2016\/12\/21\/la-economia-brasilena-puede-crecer-en-primer-trimestre-de-2017-dice-ministro\/","name":"La econom\u00eda brasile\u00f1a puede crecer en primer trimestre de 2017, seg\u00fan ministro - .::Agencia IP::.","isPartOf":{"@id":"https:\/\/www.ip.gov.py\/ip\/#website"},"primaryImageOfPage":{"@id":"https:\/\/www.ip.gov.py\/ip\/2016\/12\/21\/la-economia-brasilena-puede-crecer-en-primer-trimestre-de-2017-dice-ministro\/#primaryimage"},"image":{"@id":"https:\/\/www.ip.gov.py\/ip\/2016\/12\/21\/la-economia-brasilena-puede-crecer-en-primer-trimestre-de-2017-dice-ministro\/#primaryimage"},"thumbnailUrl":"https:\/\/www.ip.gov.py\/ip\/wp-content\/uploads\/2016\/12\/henrique.meirelles_ministro-de-Economia-de-Brasil.jpg","datePublished":"2016-12-21T16:38:35+00:00","dateModified":"2016-12-21T16:38:58+00:00","breadcrumb":{"@id":"https:\/\/www.ip.gov.py\/ip\/2016\/12\/21\/la-economia-brasilena-puede-crecer-en-primer-trimestre-de-2017-dice-ministro\/#breadcrumb"},"inLanguage":"es","potentialAction":[{"@type":"ReadAction","target":["https:\/\/www.ip.gov.py\/ip\/2016\/12\/21\/la-economia-brasilena-puede-crecer-en-primer-trimestre-de-2017-dice-ministro\/"]}]},{"@type":"ImageObject","inLanguage":"es","@id":"https:\/\/www.ip.gov.py\/ip\/2016\/12\/21\/la-economia-brasilena-puede-crecer-en-primer-trimestre-de-2017-dice-ministro\/#primaryimage","url":"https:\/\/www.ip.gov.py\/ip\/wp-content\/uploads\/2016\/12\/henrique.meirelles_ministro-de-Economia-de-Brasil.jpg","contentUrl":"https:\/\/www.ip.gov.py\/ip\/wp-content\/uploads\/2016\/12\/henrique.meirelles_ministro-de-Economia-de-Brasil.jpg","width":620,"height":465,"caption":"Henrique Meirelles, ministro de Economia. Foto globo.com"},{"@type":"BreadcrumbList","@id":"https:\/\/www.ip.gov.py\/ip\/2016\/12\/21\/la-economia-brasilena-puede-crecer-en-primer-trimestre-de-2017-dice-ministro\/#breadcrumb","itemListElement":[{"@type":"ListItem","position":1,"name":"Portada","item":"https:\/\/www.ip.gov.py\/ip\/"},{"@type":"ListItem","position":2,"name":"La econom\u00eda brasile\u00f1a puede crecer en primer trimestre de 2017, seg\u00fan ministro"}]},{"@type":"WebSite","@id":"https:\/\/www.ip.gov.py\/ip\/#website","url":"https:\/\/www.ip.gov.py\/ip\/","name":".::Agencia IP::.","description":"","publisher":{"@id":"https:\/\/www.ip.gov.py\/ip\/#organization"},"potentialAction":[{"@type":"SearchAction","target":{"@type":"EntryPoint","urlTemplate":"https:\/\/www.ip.gov.py\/ip\/?s={search_term_string}"},"query-input":{"@type":"PropertyValueSpecification","valueRequired":true,"valueName":"search_term_string"}}],"inLanguage":"es"},{"@type":"Organization","@id":"https:\/\/www.ip.gov.py\/ip\/#organization","name":"Agencia IP","url":"https:\/\/www.ip.gov.py\/ip\/","logo":{"@type":"ImageObject","inLanguage":"es","@id":"https:\/\/www.ip.gov.py\/ip\/#\/schema\/logo\/image\/","url":"https:\/\/www.ip.gov.py\/ip\/wp-content\/uploads\/2018\/01\/Agencia-IP.jpg","contentUrl":"https:\/\/www.ip.gov.py\/ip\/wp-content\/uploads\/2018\/01\/Agencia-IP.jpg","width":150,"height":150,"caption":"Agencia IP"},"image":{"@id":"https:\/\/www.ip.gov.py\/ip\/#\/schema\/logo\/image\/"},"sameAs":["https:\/\/www.facebook.com\/IPParaguay\/","https:\/\/x.com\/IPParaguay","https:\/\/www.instagram.com\/IPParaguay"]},{"@type":"Person","@id":"https:\/\/www.ip.gov.py\/ip\/#\/schema\/person\/613765cf13d420d448042e6802220539","name":"Karina L\u00f3pez","url":"https:\/\/www.ip.gov.py\/ip\/author\/klopez\/"}]}},"_links":{"self":[{"href":"https:\/\/www.ip.gov.py\/ip\/wp-json\/wp\/v2\/posts\/135323","targetHints":{"allow":["GET"]}}],"collection":[{"href":"https:\/\/www.ip.gov.py\/ip\/wp-json\/wp\/v2\/posts"}],"about":[{"href":"https:\/\/www.ip.gov.py\/ip\/wp-json\/wp\/v2\/types\/post"}],"author":[{"embeddable":true,"href":"https:\/\/www.ip.gov.py\/ip\/wp-json\/wp\/v2\/users\/7"}],"replies":[{"embeddable":true,"href":"https:\/\/www.ip.gov.py\/ip\/wp-json\/wp\/v2\/comments?post=135323"}],"version-history":[{"count":0,"href":"https:\/\/www.ip.gov.py\/ip\/wp-json\/wp\/v2\/posts\/135323\/revisions"}],"wp:featuredmedia":[{"embeddable":true,"href":"https:\/\/www.ip.gov.py\/ip\/wp-json\/wp\/v2\/media\/135324"}],"wp:attachment":[{"href":"https:\/\/www.ip.gov.py\/ip\/wp-json\/wp\/v2\/media?parent=135323"}],"wp:term":[{"taxonomy":"category","embeddable":true,"href":"https:\/\/www.ip.gov.py\/ip\/wp-json\/wp\/v2\/categories?post=135323"},{"taxonomy":"post_tag","embeddable":true,"href":"https:\/\/www.ip.gov.py\/ip\/wp-json\/wp\/v2\/tags?post=135323"}],"curies":[{"name":"wp","href":"https:\/\/api.w.org\/{rel}","templated":true}]}}