{"id":138247,"date":"2017-01-09T10:44:09","date_gmt":"2017-01-09T13:44:09","guid":{"rendered":"http:\/\/desarrollo.ip.gov.py\/ip\/?p=138247"},"modified":"2017-01-09T10:46:14","modified_gmt":"2017-01-09T13:46:14","slug":"roberto-cabanas-fue-un-idolo-de-nivel-mundial","status":"publish","type":"post","link":"https:\/\/www.ip.gov.py\/ip\/2017\/01\/09\/roberto-cabanas-fue-un-idolo-de-nivel-mundial\/","title":{"rendered":"Roberto Caba\u00f1as fue un \u00eddolo de nivel mundial"},"content":{"rendered":"<p style=\"text-align: justify;\"><em><strong>Asunci\u00f3n, IP.-<\/strong><\/em> El exfutbolista Roberto Caba\u00f1as, que este lunes falleci\u00f3 a los 55 a\u00f1os de edad, fue un \u00eddolo respetado a nivel mundial debido a su gran capacidad atl\u00e9tica y profesionalismo, destac\u00f3 el periodista deportivo, Gabriel Cazenave, en conversaci\u00f3n con Radio Nacional del Paraguay.<!--more--><\/p>\n<p style=\"text-align: justify;\">\u00abEra un hombre con mucha capacidad f\u00edsica que era producto de un cuidado especial suyo; el se preocup\u00f3 mucho por cultivar su f\u00edsico de manera que pudiera desarrollar su actividades deportivas con mejores posibilidades de \u00e9xito y lo logr\u00f3; fue un jugador muy respetado en todo el mundo\u00bb.<\/p>\n<p style=\"text-align: justify;\">De esta manera recuerda Cazenave al \u00eddolo del f\u00fatbol profesional que triunf\u00f3 en Francia, Estados Unidos, Colombia, Argentina, y fue parte de una brillante generaci\u00f3n que hizo historia en la selecci\u00f3n paraguaya.<\/p>\n<p style=\"text-align: justify;\">\u00abEl fue protagonista de la participaci\u00f3n de Paraguay en el Mundial de 1986 en M\u00e9xico. Si bien no fue all\u00ed donde Paraguay logr\u00f3 su mejor participaci\u00f3n, porque eso ocurri\u00f3 en Sud\u00e1frica 2010, ese fue seg\u00fan muchos el mejor equipo que Paraguay llev\u00f3 a una Copa del Mundo\u00bb, relata Canezave.<\/p>\n<p style=\"text-align: justify;\">Caba\u00f1as fue parte de una selecci\u00f3n integrada, entre otros, por Julio C\u00e9sar Romero, Adolfino Ca\u00f1ete, Ram\u00f3n Hicks, Jorge Amado Nunez, Roberto Fern\u00e1ndez y Rogelio Delgado. Esta fue una gran generaci\u00f3n de futbolistas que sali\u00f3 airoso en una serie que parec\u00eda muy dificil avanzar a la ronda siguiente, en el mundial de M\u00e9xico 1986.<\/p>\n<p style=\"text-align: justify;\">\u00abEn ese mundial, Paraguay empat\u00f3 con el local, M\u00e9xico, en el Estadio Azteca, con m\u00e1s de 120.000 espectadores, posteriormente gan\u00f3 a Irak, que era te\u00f3ricamente el m\u00e1s d\u00e9bil del grupo, y luego, en un duelo por la clasificaci\u00f3n, empat\u00f3 con B\u00e9lgica. Justamente ese fue el partido de mayor relieve de Roberto Caba\u00f1as ya que \u00e9l marc\u00f3 los dos goles del equipo paraguayo y ambos con la plasticidad que el ten\u00eda como estandarte en su propuesta futbol\u00edstica\u00bb, recuerda Cazenave.<\/p>\n<p style=\"text-align: justify;\">Adem\u00e1s de con la selecci\u00f3n paraguaya, Caba\u00f1as fue \u00eddolo en Colombia, sobre todo en Am\u00e9rica de Cali, equipo con el que lleg\u00f3 a tres finales de la Copa Libertadores en la d\u00e9cada de 1980. \u00abA pesar de que los tres intentos de llegar a la Copa no prosperaron, porque perdieron tres finales, eso no un estancamiento en su carrera\u00bb, afirma Cazenave.<\/p>\n<p style=\"text-align: justify;\">Caba\u00f1as tambi\u00e9n triunf\u00f3 en el f\u00fatbol de Francia, donde jug\u00f3 en el Brest y el Olimpique de Lyon. Despu\u00e9s de Francia desemboc\u00f3 en Boca Juniors, de Argentina, donde fue un verdadero \u00eddolo. \u00abEl jug\u00f3 en la \u00e9poca del maestro Tabarez, el actual t\u00e9cnico de la selecci\u00f3n uruguaya, que le devolvi\u00f3 a Boca conquistas que se le negaban en los a\u00f1os anteriores\u00bb, refiere Cazenave.<\/p>\n<p style=\"text-align: justify;\">En Argentina, Caba\u00f1as es recordado \u00abno solamente por su juego sino por la forma en que se identific\u00f3 con Boca Juniors y el estilo p\u00edcaro que ten\u00eda para jugar y para declarar, lo que hac\u00eda que la hinchada lo idolotrara porque se adentr\u00f3 mucho en lo que era el sentimiento de Boca Juniors\u00bb, se\u00f1ala el periodista deportivo.<\/p>\n<p style=\"text-align: justify;\">Con Boca, Caba\u00f1as conquist\u00f3 la copa Apertura y la Copa M\u00e1ster en 1992, anotando 16 goles en 60 partidos.<\/p>\n<p style=\"text-align: justify;\">Luego jug\u00f3 en el Independiente de Medell\u00edn y se retir\u00f3 jugando en Cartagena de ese pa\u00eds.<\/p>\n<div class=\"youtube-embed\" data-video_id=\"Mmqx-3pFwx4\"><iframe loading=\"lazy\" title=\"Flashback Video: Roberto Caba\u00f1as Scorpion Kick Goal vs. Tulsa\" width=\"696\" height=\"522\" src=\"https:\/\/www.youtube.com\/embed\/Mmqx-3pFwx4?feature=oembed&#038;enablejsapi=1\" frameborder=\"0\" allow=\"accelerometer; autoplay; clipboard-write; encrypted-media; gyroscope; picture-in-picture; web-share\" allowfullscreen><\/iframe><\/div>\n<p style=\"text-align: justify;\">Cazenave destaca que Caba\u00f1as es recordado \u00abno solamente por lo que hizo en el futbol profesional sino tambi\u00e9n en aquella incipiente liga norteamericana, que ahora s\u00ed se ha consolidado, de la que \u00e9l particip\u00f3 en los a\u00f1os 80 cuando el Cosmos de New York empez\u00f3 a llevar a estrellas incluyendo a Pel\u00e9, Caba\u00f1as y &#8216;Romerito'\u00bb.<\/p>\n<p style=\"text-align: justify;\">Posteriormente, inici\u00f3 una carrera como entrenador que no dur\u00f3 mucho y finalmente trabaj\u00f3 la cr\u00edtica deportiva en medios televisivos y radiales, donde se destac\u00f3 por su particular estilo verborr\u00e1gico y directo.<\/p>\n<p style=\"text-align: justify;\">\u00abEl siempre fue muy verborr\u00e1gico, sab\u00eda declarar para provocar el clima previo a un partido y en la cancha tambi\u00e9n utilizaba algunas picard\u00edas, que eran cuestionadas por muchos porque se consideraban antideportivas, pero que el las trataba de utilizar en beneficio de su equipo y eso lo convirti\u00f3 en un verdadero \u00eddolo\u00bb, seg\u00fan Cazenave.<\/p>\n<p style=\"text-align: justify;\">Como futbolista, Roberto Caba\u00f1as, ten\u00eda una calidad t\u00e9cnica y una capacidad de definici\u00f3n mediante la cual lleg\u00f3 a marcar casi 200 goles en su carrera.<\/p>\n<p style=\"text-align: justify;\">Como an\u00e9cdota que da una idea de la talla de Caba\u00f1as, Cazenave recuerda que cuando el ven\u00eda para jugar por la selecci\u00f3n paraguaya, ped\u00eda a las autoridades de la Liga Paraguay de F\u00fatbol que le pusieran un avi\u00f3n para ir hasta Pilar a visitar a su familia y despu\u00e9s venir a acoplarse a los trabajos de la selecci\u00f3n. \u00abEso daba la pauta de que era una gran estrella y que ten\u00eda adem\u00e1s un gran aprecio a su tierra natal\u00bb, concluy\u00f3 Cazenave.<\/p>\n","protected":false},"excerpt":{"rendered":"<p>Asunci\u00f3n, IP.- El exfutbolista Roberto Caba\u00f1as, que este lunes falleci\u00f3 a los 55 a\u00f1os de edad, fue un \u00eddolo respetado a nivel mundial debido a su gran capacidad atl\u00e9tica y profesionalismo, destac\u00f3 el periodista deportivo, Gabriel Cazenave, en conversaci\u00f3n con Radio Nacional del Paraguay.<\/p>\n","protected":false},"author":2,"featured_media":138250,"comment_status":"closed","ping_status":"closed","sticky":false,"template":"","format":"standard","meta":{"_monsterinsights_skip_tracking":false,"_monsterinsights_sitenote_active":false,"_monsterinsights_sitenote_note":"","_monsterinsights_sitenote_category":0,"footnotes":""},"categories":[2],"tags":[],"class_list":{"0":"post-138247","1":"post","2":"type-post","3":"status-publish","4":"format-standard","5":"has-post-thumbnail","7":"category-destacado"},"yoast_head":"<!-- This site is optimized with the Yoast SEO plugin v27.4 - https:\/\/yoast.com\/product\/yoast-seo-wordpress\/ -->\n<title>Roberto Caba\u00f1as fue un \u00eddolo de nivel mundial - .::Agencia IP::.<\/title>\n<meta name=\"robots\" content=\"index, follow, max-snippet:-1, max-image-preview:large, max-video-preview:-1\" \/>\n<link rel=\"canonical\" href=\"https:\/\/www.ip.gov.py\/ip\/2017\/01\/09\/roberto-cabanas-fue-un-idolo-de-nivel-mundial\/\" \/>\n<meta property=\"og:locale\" content=\"es_ES\" \/>\n<meta property=\"og:type\" content=\"article\" \/>\n<meta property=\"og:title\" content=\"Roberto Caba\u00f1as fue un \u00eddolo de nivel mundial - .::Agencia IP::.\" \/>\n<meta property=\"og:description\" content=\"Asunci\u00f3n, IP.- El exfutbolista Roberto Caba\u00f1as, que este lunes falleci\u00f3 a los 55 a\u00f1os de edad, fue un \u00eddolo respetado a nivel mundial debido a su gran capacidad atl\u00e9tica y profesionalismo, destac\u00f3 el periodista deportivo, Gabriel Cazenave, en conversaci\u00f3n con Radio Nacional del Paraguay.\" \/>\n<meta property=\"og:url\" content=\"https:\/\/www.ip.gov.py\/ip\/2017\/01\/09\/roberto-cabanas-fue-un-idolo-de-nivel-mundial\/\" \/>\n<meta property=\"og:site_name\" content=\".::Agencia IP::.\" \/>\n<meta property=\"article:publisher\" content=\"https:\/\/www.facebook.com\/IPParaguay\/\" \/>\n<meta property=\"article:published_time\" content=\"2017-01-09T13:44:09+00:00\" \/>\n<meta property=\"article:modified_time\" content=\"2017-01-09T13:46:14+00:00\" \/>\n<meta property=\"og:image\" content=\"https:\/\/www.ip.gov.py\/ip\/wp-content\/uploads\/2017\/01\/roberto-caba\u00f1as.jpg\" \/>\n\t<meta property=\"og:image:width\" content=\"753\" \/>\n\t<meta property=\"og:image:height\" content=\"959\" \/>\n\t<meta property=\"og:image:type\" content=\"image\/jpeg\" \/>\n<meta name=\"author\" content=\"Roque Mereles\" \/>\n<meta name=\"twitter:card\" content=\"summary_large_image\" \/>\n<meta name=\"twitter:creator\" content=\"@IPParaguay\" \/>\n<meta name=\"twitter:site\" content=\"@IPParaguay\" \/>\n<meta name=\"twitter:label1\" content=\"Escrito por\" \/>\n\t<meta name=\"twitter:data1\" content=\"Roque Mereles\" \/>\n\t<meta name=\"twitter:label2\" content=\"Tiempo de lectura\" \/>\n\t<meta name=\"twitter:data2\" content=\"4 minutos\" \/>\n<script type=\"application\/ld+json\" class=\"yoast-schema-graph\">{\"@context\":\"https:\\\/\\\/schema.org\",\"@graph\":[{\"@type\":\"Article\",\"@id\":\"https:\\\/\\\/www.ip.gov.py\\\/ip\\\/2017\\\/01\\\/09\\\/roberto-cabanas-fue-un-idolo-de-nivel-mundial\\\/#article\",\"isPartOf\":{\"@id\":\"https:\\\/\\\/www.ip.gov.py\\\/ip\\\/2017\\\/01\\\/09\\\/roberto-cabanas-fue-un-idolo-de-nivel-mundial\\\/\"},\"author\":{\"name\":\"Roque Mereles\",\"@id\":\"https:\\\/\\\/www.ip.gov.py\\\/ip\\\/#\\\/schema\\\/person\\\/7ec1ca00d0a9301ecc37fff902ff6741\"},\"headline\":\"Roberto Caba\u00f1as fue un \u00eddolo de nivel mundial\",\"datePublished\":\"2017-01-09T13:44:09+00:00\",\"dateModified\":\"2017-01-09T13:46:14+00:00\",\"mainEntityOfPage\":{\"@id\":\"https:\\\/\\\/www.ip.gov.py\\\/ip\\\/2017\\\/01\\\/09\\\/roberto-cabanas-fue-un-idolo-de-nivel-mundial\\\/\"},\"wordCount\":854,\"publisher\":{\"@id\":\"https:\\\/\\\/www.ip.gov.py\\\/ip\\\/#organization\"},\"image\":{\"@id\":\"https:\\\/\\\/www.ip.gov.py\\\/ip\\\/2017\\\/01\\\/09\\\/roberto-cabanas-fue-un-idolo-de-nivel-mundial\\\/#primaryimage\"},\"thumbnailUrl\":\"https:\\\/\\\/www.ip.gov.py\\\/ip\\\/wp-content\\\/uploads\\\/2017\\\/01\\\/roberto-caba\u00f1as.jpg\",\"articleSection\":[\"Destacado\"],\"inLanguage\":\"es\"},{\"@type\":\"WebPage\",\"@id\":\"https:\\\/\\\/www.ip.gov.py\\\/ip\\\/2017\\\/01\\\/09\\\/roberto-cabanas-fue-un-idolo-de-nivel-mundial\\\/\",\"url\":\"https:\\\/\\\/www.ip.gov.py\\\/ip\\\/2017\\\/01\\\/09\\\/roberto-cabanas-fue-un-idolo-de-nivel-mundial\\\/\",\"name\":\"Roberto Caba\u00f1as fue un \u00eddolo de nivel mundial - .::Agencia IP::.\",\"isPartOf\":{\"@id\":\"https:\\\/\\\/www.ip.gov.py\\\/ip\\\/#website\"},\"primaryImageOfPage\":{\"@id\":\"https:\\\/\\\/www.ip.gov.py\\\/ip\\\/2017\\\/01\\\/09\\\/roberto-cabanas-fue-un-idolo-de-nivel-mundial\\\/#primaryimage\"},\"image\":{\"@id\":\"https:\\\/\\\/www.ip.gov.py\\\/ip\\\/2017\\\/01\\\/09\\\/roberto-cabanas-fue-un-idolo-de-nivel-mundial\\\/#primaryimage\"},\"thumbnailUrl\":\"https:\\\/\\\/www.ip.gov.py\\\/ip\\\/wp-content\\\/uploads\\\/2017\\\/01\\\/roberto-caba\u00f1as.jpg\",\"datePublished\":\"2017-01-09T13:44:09+00:00\",\"dateModified\":\"2017-01-09T13:46:14+00:00\",\"breadcrumb\":{\"@id\":\"https:\\\/\\\/www.ip.gov.py\\\/ip\\\/2017\\\/01\\\/09\\\/roberto-cabanas-fue-un-idolo-de-nivel-mundial\\\/#breadcrumb\"},\"inLanguage\":\"es\",\"potentialAction\":[{\"@type\":\"ReadAction\",\"target\":[\"https:\\\/\\\/www.ip.gov.py\\\/ip\\\/2017\\\/01\\\/09\\\/roberto-cabanas-fue-un-idolo-de-nivel-mundial\\\/\"]}]},{\"@type\":\"ImageObject\",\"inLanguage\":\"es\",\"@id\":\"https:\\\/\\\/www.ip.gov.py\\\/ip\\\/2017\\\/01\\\/09\\\/roberto-cabanas-fue-un-idolo-de-nivel-mundial\\\/#primaryimage\",\"url\":\"https:\\\/\\\/www.ip.gov.py\\\/ip\\\/wp-content\\\/uploads\\\/2017\\\/01\\\/roberto-caba\u00f1as.jpg\",\"contentUrl\":\"https:\\\/\\\/www.ip.gov.py\\\/ip\\\/wp-content\\\/uploads\\\/2017\\\/01\\\/roberto-caba\u00f1as.jpg\",\"width\":753,\"height\":959,\"caption\":\"Foto Asociaci\u00f3n Paraguaya de F\u00fatbol.\"},{\"@type\":\"BreadcrumbList\",\"@id\":\"https:\\\/\\\/www.ip.gov.py\\\/ip\\\/2017\\\/01\\\/09\\\/roberto-cabanas-fue-un-idolo-de-nivel-mundial\\\/#breadcrumb\",\"itemListElement\":[{\"@type\":\"ListItem\",\"position\":1,\"name\":\"Portada\",\"item\":\"https:\\\/\\\/www.ip.gov.py\\\/ip\\\/\"},{\"@type\":\"ListItem\",\"position\":2,\"name\":\"Roberto Caba\u00f1as fue un \u00eddolo de nivel mundial\"}]},{\"@type\":\"WebSite\",\"@id\":\"https:\\\/\\\/www.ip.gov.py\\\/ip\\\/#website\",\"url\":\"https:\\\/\\\/www.ip.gov.py\\\/ip\\\/\",\"name\":\".::Agencia IP::.\",\"description\":\"\",\"publisher\":{\"@id\":\"https:\\\/\\\/www.ip.gov.py\\\/ip\\\/#organization\"},\"potentialAction\":[{\"@type\":\"SearchAction\",\"target\":{\"@type\":\"EntryPoint\",\"urlTemplate\":\"https:\\\/\\\/www.ip.gov.py\\\/ip\\\/?s={search_term_string}\"},\"query-input\":{\"@type\":\"PropertyValueSpecification\",\"valueRequired\":true,\"valueName\":\"search_term_string\"}}],\"inLanguage\":\"es\"},{\"@type\":\"Organization\",\"@id\":\"https:\\\/\\\/www.ip.gov.py\\\/ip\\\/#organization\",\"name\":\"Agencia IP\",\"url\":\"https:\\\/\\\/www.ip.gov.py\\\/ip\\\/\",\"logo\":{\"@type\":\"ImageObject\",\"inLanguage\":\"es\",\"@id\":\"https:\\\/\\\/www.ip.gov.py\\\/ip\\\/#\\\/schema\\\/logo\\\/image\\\/\",\"url\":\"https:\\\/\\\/www.ip.gov.py\\\/ip\\\/wp-content\\\/uploads\\\/2018\\\/01\\\/Agencia-IP.jpg\",\"contentUrl\":\"https:\\\/\\\/www.ip.gov.py\\\/ip\\\/wp-content\\\/uploads\\\/2018\\\/01\\\/Agencia-IP.jpg\",\"width\":150,\"height\":150,\"caption\":\"Agencia IP\"},\"image\":{\"@id\":\"https:\\\/\\\/www.ip.gov.py\\\/ip\\\/#\\\/schema\\\/logo\\\/image\\\/\"},\"sameAs\":[\"https:\\\/\\\/www.facebook.com\\\/IPParaguay\\\/\",\"https:\\\/\\\/x.com\\\/IPParaguay\",\"https:\\\/\\\/www.instagram.com\\\/IPParaguay\"]},{\"@type\":\"Person\",\"@id\":\"https:\\\/\\\/www.ip.gov.py\\\/ip\\\/#\\\/schema\\\/person\\\/7ec1ca00d0a9301ecc37fff902ff6741\",\"name\":\"Roque Mereles\",\"url\":\"https:\\\/\\\/www.ip.gov.py\\\/ip\\\/author\\\/rmereles\\\/\"}]}<\/script>\n<!-- \/ Yoast SEO plugin. -->","yoast_head_json":{"title":"Roberto Caba\u00f1as fue un \u00eddolo de nivel mundial - .::Agencia IP::.","robots":{"index":"index","follow":"follow","max-snippet":"max-snippet:-1","max-image-preview":"max-image-preview:large","max-video-preview":"max-video-preview:-1"},"canonical":"https:\/\/www.ip.gov.py\/ip\/2017\/01\/09\/roberto-cabanas-fue-un-idolo-de-nivel-mundial\/","og_locale":"es_ES","og_type":"article","og_title":"Roberto Caba\u00f1as fue un \u00eddolo de nivel mundial - .::Agencia IP::.","og_description":"Asunci\u00f3n, IP.- El exfutbolista Roberto Caba\u00f1as, que este lunes falleci\u00f3 a los 55 a\u00f1os de edad, fue un \u00eddolo respetado a nivel mundial debido a su gran capacidad atl\u00e9tica y profesionalismo, destac\u00f3 el periodista deportivo, Gabriel Cazenave, en conversaci\u00f3n con Radio Nacional del Paraguay.","og_url":"https:\/\/www.ip.gov.py\/ip\/2017\/01\/09\/roberto-cabanas-fue-un-idolo-de-nivel-mundial\/","og_site_name":".::Agencia IP::.","article_publisher":"https:\/\/www.facebook.com\/IPParaguay\/","article_published_time":"2017-01-09T13:44:09+00:00","article_modified_time":"2017-01-09T13:46:14+00:00","og_image":[{"width":753,"height":959,"url":"https:\/\/www.ip.gov.py\/ip\/wp-content\/uploads\/2017\/01\/roberto-caba\u00f1as.jpg","type":"image\/jpeg"}],"author":"Roque Mereles","twitter_card":"summary_large_image","twitter_creator":"@IPParaguay","twitter_site":"@IPParaguay","twitter_misc":{"Escrito por":"Roque Mereles","Tiempo de lectura":"4 minutos"},"schema":{"@context":"https:\/\/schema.org","@graph":[{"@type":"Article","@id":"https:\/\/www.ip.gov.py\/ip\/2017\/01\/09\/roberto-cabanas-fue-un-idolo-de-nivel-mundial\/#article","isPartOf":{"@id":"https:\/\/www.ip.gov.py\/ip\/2017\/01\/09\/roberto-cabanas-fue-un-idolo-de-nivel-mundial\/"},"author":{"name":"Roque Mereles","@id":"https:\/\/www.ip.gov.py\/ip\/#\/schema\/person\/7ec1ca00d0a9301ecc37fff902ff6741"},"headline":"Roberto Caba\u00f1as fue un \u00eddolo de nivel mundial","datePublished":"2017-01-09T13:44:09+00:00","dateModified":"2017-01-09T13:46:14+00:00","mainEntityOfPage":{"@id":"https:\/\/www.ip.gov.py\/ip\/2017\/01\/09\/roberto-cabanas-fue-un-idolo-de-nivel-mundial\/"},"wordCount":854,"publisher":{"@id":"https:\/\/www.ip.gov.py\/ip\/#organization"},"image":{"@id":"https:\/\/www.ip.gov.py\/ip\/2017\/01\/09\/roberto-cabanas-fue-un-idolo-de-nivel-mundial\/#primaryimage"},"thumbnailUrl":"https:\/\/www.ip.gov.py\/ip\/wp-content\/uploads\/2017\/01\/roberto-caba\u00f1as.jpg","articleSection":["Destacado"],"inLanguage":"es"},{"@type":"WebPage","@id":"https:\/\/www.ip.gov.py\/ip\/2017\/01\/09\/roberto-cabanas-fue-un-idolo-de-nivel-mundial\/","url":"https:\/\/www.ip.gov.py\/ip\/2017\/01\/09\/roberto-cabanas-fue-un-idolo-de-nivel-mundial\/","name":"Roberto Caba\u00f1as fue un \u00eddolo de nivel mundial - .::Agencia IP::.","isPartOf":{"@id":"https:\/\/www.ip.gov.py\/ip\/#website"},"primaryImageOfPage":{"@id":"https:\/\/www.ip.gov.py\/ip\/2017\/01\/09\/roberto-cabanas-fue-un-idolo-de-nivel-mundial\/#primaryimage"},"image":{"@id":"https:\/\/www.ip.gov.py\/ip\/2017\/01\/09\/roberto-cabanas-fue-un-idolo-de-nivel-mundial\/#primaryimage"},"thumbnailUrl":"https:\/\/www.ip.gov.py\/ip\/wp-content\/uploads\/2017\/01\/roberto-caba\u00f1as.jpg","datePublished":"2017-01-09T13:44:09+00:00","dateModified":"2017-01-09T13:46:14+00:00","breadcrumb":{"@id":"https:\/\/www.ip.gov.py\/ip\/2017\/01\/09\/roberto-cabanas-fue-un-idolo-de-nivel-mundial\/#breadcrumb"},"inLanguage":"es","potentialAction":[{"@type":"ReadAction","target":["https:\/\/www.ip.gov.py\/ip\/2017\/01\/09\/roberto-cabanas-fue-un-idolo-de-nivel-mundial\/"]}]},{"@type":"ImageObject","inLanguage":"es","@id":"https:\/\/www.ip.gov.py\/ip\/2017\/01\/09\/roberto-cabanas-fue-un-idolo-de-nivel-mundial\/#primaryimage","url":"https:\/\/www.ip.gov.py\/ip\/wp-content\/uploads\/2017\/01\/roberto-caba\u00f1as.jpg","contentUrl":"https:\/\/www.ip.gov.py\/ip\/wp-content\/uploads\/2017\/01\/roberto-caba\u00f1as.jpg","width":753,"height":959,"caption":"Foto Asociaci\u00f3n Paraguaya de F\u00fatbol."},{"@type":"BreadcrumbList","@id":"https:\/\/www.ip.gov.py\/ip\/2017\/01\/09\/roberto-cabanas-fue-un-idolo-de-nivel-mundial\/#breadcrumb","itemListElement":[{"@type":"ListItem","position":1,"name":"Portada","item":"https:\/\/www.ip.gov.py\/ip\/"},{"@type":"ListItem","position":2,"name":"Roberto Caba\u00f1as fue un \u00eddolo de nivel mundial"}]},{"@type":"WebSite","@id":"https:\/\/www.ip.gov.py\/ip\/#website","url":"https:\/\/www.ip.gov.py\/ip\/","name":".::Agencia IP::.","description":"","publisher":{"@id":"https:\/\/www.ip.gov.py\/ip\/#organization"},"potentialAction":[{"@type":"SearchAction","target":{"@type":"EntryPoint","urlTemplate":"https:\/\/www.ip.gov.py\/ip\/?s={search_term_string}"},"query-input":{"@type":"PropertyValueSpecification","valueRequired":true,"valueName":"search_term_string"}}],"inLanguage":"es"},{"@type":"Organization","@id":"https:\/\/www.ip.gov.py\/ip\/#organization","name":"Agencia IP","url":"https:\/\/www.ip.gov.py\/ip\/","logo":{"@type":"ImageObject","inLanguage":"es","@id":"https:\/\/www.ip.gov.py\/ip\/#\/schema\/logo\/image\/","url":"https:\/\/www.ip.gov.py\/ip\/wp-content\/uploads\/2018\/01\/Agencia-IP.jpg","contentUrl":"https:\/\/www.ip.gov.py\/ip\/wp-content\/uploads\/2018\/01\/Agencia-IP.jpg","width":150,"height":150,"caption":"Agencia IP"},"image":{"@id":"https:\/\/www.ip.gov.py\/ip\/#\/schema\/logo\/image\/"},"sameAs":["https:\/\/www.facebook.com\/IPParaguay\/","https:\/\/x.com\/IPParaguay","https:\/\/www.instagram.com\/IPParaguay"]},{"@type":"Person","@id":"https:\/\/www.ip.gov.py\/ip\/#\/schema\/person\/7ec1ca00d0a9301ecc37fff902ff6741","name":"Roque Mereles","url":"https:\/\/www.ip.gov.py\/ip\/author\/rmereles\/"}]}},"_links":{"self":[{"href":"https:\/\/www.ip.gov.py\/ip\/wp-json\/wp\/v2\/posts\/138247","targetHints":{"allow":["GET"]}}],"collection":[{"href":"https:\/\/www.ip.gov.py\/ip\/wp-json\/wp\/v2\/posts"}],"about":[{"href":"https:\/\/www.ip.gov.py\/ip\/wp-json\/wp\/v2\/types\/post"}],"author":[{"embeddable":true,"href":"https:\/\/www.ip.gov.py\/ip\/wp-json\/wp\/v2\/users\/2"}],"replies":[{"embeddable":true,"href":"https:\/\/www.ip.gov.py\/ip\/wp-json\/wp\/v2\/comments?post=138247"}],"version-history":[{"count":0,"href":"https:\/\/www.ip.gov.py\/ip\/wp-json\/wp\/v2\/posts\/138247\/revisions"}],"wp:featuredmedia":[{"embeddable":true,"href":"https:\/\/www.ip.gov.py\/ip\/wp-json\/wp\/v2\/media\/138250"}],"wp:attachment":[{"href":"https:\/\/www.ip.gov.py\/ip\/wp-json\/wp\/v2\/media?parent=138247"}],"wp:term":[{"taxonomy":"category","embeddable":true,"href":"https:\/\/www.ip.gov.py\/ip\/wp-json\/wp\/v2\/categories?post=138247"},{"taxonomy":"post_tag","embeddable":true,"href":"https:\/\/www.ip.gov.py\/ip\/wp-json\/wp\/v2\/tags?post=138247"}],"curies":[{"name":"wp","href":"https:\/\/api.w.org\/{rel}","templated":true}]}}