{"id":139658,"date":"2017-01-17T14:32:02","date_gmt":"2017-01-17T17:32:02","guid":{"rendered":"http:\/\/desarrollo.ip.gov.py\/ip\/?p=139658"},"modified":"2017-01-17T14:46:54","modified_gmt":"2017-01-17T17:46:54","slug":"ministro-destaca-la-labor-policial-y-se-compromete-a-gestionar-mas-recursos","status":"publish","type":"post","link":"https:\/\/www.ip.gov.py\/ip\/2017\/01\/17\/ministro-destaca-la-labor-policial-y-se-compromete-a-gestionar-mas-recursos\/","title":{"rendered":"Ministro destaca labor policial y promete gestionar m\u00e1s recursos"},"content":{"rendered":"<p style=\"text-align: justify;\"><em><strong>Asunci\u00f3n, IP.-<\/strong><\/em> El ministro del Interior, Miguel Tadeo Rojas, se refiri\u00f3 a la situaci\u00f3n actual de la Polic\u00eda Nacional, y ratific\u00f3 el compromiso para gestionar recursos, de modo a fortalecer cada vez m\u00e1s a la instituci\u00f3n policial.<!--more--><\/p>\n<p style=\"text-align: justify;\">Asegur\u00f3 que con m\u00e1s recursos, se podr\u00e1 potenciar la tarea en pro de la seguridad de la ciudadan\u00eda, a la que se le debe un \u201cservicio de excelencia\u201d, expres\u00f3.<\/p>\n<p style=\"text-align: justify;\">Al destacar la labor de la Polic\u00eda, puso como ejemplo la \u00faltima captura de peligrosos criminales brasile\u00f1os que se llegaron para instalar en Paraguay la estructura de un grupo mafioso muy peligroso del vecino pa\u00eds, conocido como \u201cBala Na Cara\u201d, de la ciudad de Porto Alegre, R\u00edo Grande Do Sul.<\/p>\n<p style=\"text-align: justify;\">\u201cLa Polic\u00eda Nacional est\u00e1 haciendo una gran tarea. Por ejemplo, se disminuy\u00f3 considerablemente el tema de los motochorros. Y tambi\u00e9n se debe destacar las \u00faltimas detenciones de estos brasile\u00f1os que pretend\u00edan instalar en Asunci\u00f3n el sicariato. Cada vez que se quiera instalar el sicariato en la capital o el resto del pa\u00eds, tendr\u00e1n una respuesta contundente de la instituci\u00f3n policial\u201d, afirm\u00f3.<\/p>\n<p style=\"text-align: justify;\">El alto funcionario estatal se\u00f1al\u00f3 que existe un compromiso firme de avanzar contra los grupos criminales instalados en la zona norte, inform\u00f3 el Ministerio del Interior.<\/p>\n<p style=\"text-align: justify;\">\u201cEstamos muy comprometidos para solucionar este problema de la zona Norte que preocupa a todos en el pa\u00eds. Hay mucho temor de la ciudadan\u00eda lo que complica la tarea porque nadie quiere dar informaciones. Sabemos que no es f\u00e1cil para la gente\u201d, expres\u00f3.<\/p>\n<p style=\"text-align: justify;\">Acerca de la versi\u00f3n de que los familiares de los secuestrados est\u00e1n desatendidos, e incluso estar\u00edan en plan de retirarse del pa\u00eds, Rojas desminti\u00f3 tal situaci\u00f3n. En ese sentido coment\u00f3 que se reuni\u00f3 con ellos y que tienen una conversaci\u00f3n permanente. \u00abA\u00a0la familia del agente Edelio Mor\u00ednigo se la est\u00e1 asistiendo\u00bb, explic\u00f3.<\/p>\n<p style=\"text-align: justify;\">El secretario de Estado anunci\u00f3 que pelear\u00e1 para obtener \u00a0m\u00e1s presupuesto, que permita brindar m\u00e1s recursos para la instituci\u00f3n policial. \u201cLos recursos para la seguridad nunca satisfacen porque su uso es diario y constante. La Polic\u00eda Nacional necesita mayor respaldo para realizar su tarea, mayor infraestructura, y en eso estamos abocados\u201d, manifest\u00f3 finalmente.<\/p>\n","protected":false},"excerpt":{"rendered":"<p>Asunci\u00f3n, IP.- El ministro del Interior, Miguel Tadeo Rojas, se refiri\u00f3 a la situaci\u00f3n actual de la Polic\u00eda Nacional, y ratific\u00f3 el compromiso para gestionar recursos, de modo a fortalecer cada vez m\u00e1s a la instituci\u00f3n policial.<\/p>\n","protected":false},"author":7,"featured_media":137654,"comment_status":"closed","ping_status":"closed","sticky":false,"template":"","format":"standard","meta":{"_monsterinsights_skip_tracking":false,"_monsterinsights_sitenote_active":false,"_monsterinsights_sitenote_note":"","_monsterinsights_sitenote_category":0,"footnotes":""},"categories":[6],"tags":[],"class_list":{"0":"post-139658","1":"post","2":"type-post","3":"status-publish","4":"format-standard","5":"has-post-thumbnail","7":"category-politica"},"yoast_head":"<!-- This site is optimized with the Yoast SEO plugin v27.5 - https:\/\/yoast.com\/product\/yoast-seo-wordpress\/ -->\n<title>Ministro destaca labor policial y promete gestionar m\u00e1s recursos - .::Agencia IP::.<\/title>\n<meta name=\"robots\" content=\"index, follow, max-snippet:-1, max-image-preview:large, max-video-preview:-1\" \/>\n<link rel=\"canonical\" href=\"https:\/\/www.ip.gov.py\/ip\/2017\/01\/17\/ministro-destaca-la-labor-policial-y-se-compromete-a-gestionar-mas-recursos\/\" \/>\n<meta property=\"og:locale\" content=\"es_ES\" \/>\n<meta property=\"og:type\" content=\"article\" \/>\n<meta property=\"og:title\" content=\"Ministro destaca labor policial y promete gestionar m\u00e1s recursos - .::Agencia IP::.\" \/>\n<meta property=\"og:description\" content=\"Asunci\u00f3n, IP.- El ministro del Interior, Miguel Tadeo Rojas, se refiri\u00f3 a la situaci\u00f3n actual de la Polic\u00eda Nacional, y ratific\u00f3 el compromiso para gestionar recursos, de modo a fortalecer cada vez m\u00e1s a la instituci\u00f3n policial.\" \/>\n<meta property=\"og:url\" content=\"https:\/\/www.ip.gov.py\/ip\/2017\/01\/17\/ministro-destaca-la-labor-policial-y-se-compromete-a-gestionar-mas-recursos\/\" \/>\n<meta property=\"og:site_name\" content=\".::Agencia IP::.\" \/>\n<meta property=\"article:publisher\" content=\"https:\/\/www.facebook.com\/IPParaguay\/\" \/>\n<meta property=\"article:published_time\" content=\"2017-01-17T17:32:02+00:00\" \/>\n<meta property=\"article:modified_time\" content=\"2017-01-17T17:46:54+00:00\" \/>\n<meta property=\"og:image\" content=\"https:\/\/www.ip.gov.py\/ip\/wp-content\/uploads\/2017\/01\/ministro-Tadeo-rojas-1.jpg\" \/>\n\t<meta property=\"og:image:width\" content=\"2991\" \/>\n\t<meta property=\"og:image:height\" content=\"1735\" \/>\n\t<meta property=\"og:image:type\" content=\"image\/jpeg\" \/>\n<meta name=\"author\" content=\"Karina L\u00f3pez\" \/>\n<meta name=\"twitter:card\" content=\"summary_large_image\" \/>\n<meta name=\"twitter:creator\" content=\"@IPParaguay\" \/>\n<meta name=\"twitter:site\" content=\"@IPParaguay\" \/>\n<meta name=\"twitter:label1\" content=\"Escrito por\" \/>\n\t<meta name=\"twitter:data1\" content=\"Karina L\u00f3pez\" \/>\n\t<meta name=\"twitter:label2\" content=\"Tiempo de lectura\" \/>\n\t<meta name=\"twitter:data2\" content=\"2 minutos\" \/>\n<script type=\"application\/ld+json\" class=\"yoast-schema-graph\">{\"@context\":\"https:\\\/\\\/schema.org\",\"@graph\":[{\"@type\":\"Article\",\"@id\":\"https:\\\/\\\/www.ip.gov.py\\\/ip\\\/2017\\\/01\\\/17\\\/ministro-destaca-la-labor-policial-y-se-compromete-a-gestionar-mas-recursos\\\/#article\",\"isPartOf\":{\"@id\":\"https:\\\/\\\/www.ip.gov.py\\\/ip\\\/2017\\\/01\\\/17\\\/ministro-destaca-la-labor-policial-y-se-compromete-a-gestionar-mas-recursos\\\/\"},\"author\":{\"name\":\"Karina L\u00f3pez\",\"@id\":\"https:\\\/\\\/www.ip.gov.py\\\/ip\\\/#\\\/schema\\\/person\\\/613765cf13d420d448042e6802220539\"},\"headline\":\"Ministro destaca labor policial y promete gestionar m\u00e1s recursos\",\"datePublished\":\"2017-01-17T17:32:02+00:00\",\"dateModified\":\"2017-01-17T17:46:54+00:00\",\"mainEntityOfPage\":{\"@id\":\"https:\\\/\\\/www.ip.gov.py\\\/ip\\\/2017\\\/01\\\/17\\\/ministro-destaca-la-labor-policial-y-se-compromete-a-gestionar-mas-recursos\\\/\"},\"wordCount\":397,\"publisher\":{\"@id\":\"https:\\\/\\\/www.ip.gov.py\\\/ip\\\/#organization\"},\"image\":{\"@id\":\"https:\\\/\\\/www.ip.gov.py\\\/ip\\\/2017\\\/01\\\/17\\\/ministro-destaca-la-labor-policial-y-se-compromete-a-gestionar-mas-recursos\\\/#primaryimage\"},\"thumbnailUrl\":\"https:\\\/\\\/www.ip.gov.py\\\/ip\\\/wp-content\\\/uploads\\\/2017\\\/01\\\/ministro-Tadeo-rojas-1.jpg\",\"articleSection\":[\"Pol\u00edtica\"],\"inLanguage\":\"es\"},{\"@type\":\"WebPage\",\"@id\":\"https:\\\/\\\/www.ip.gov.py\\\/ip\\\/2017\\\/01\\\/17\\\/ministro-destaca-la-labor-policial-y-se-compromete-a-gestionar-mas-recursos\\\/\",\"url\":\"https:\\\/\\\/www.ip.gov.py\\\/ip\\\/2017\\\/01\\\/17\\\/ministro-destaca-la-labor-policial-y-se-compromete-a-gestionar-mas-recursos\\\/\",\"name\":\"Ministro destaca labor policial y promete gestionar m\u00e1s recursos - .::Agencia IP::.\",\"isPartOf\":{\"@id\":\"https:\\\/\\\/www.ip.gov.py\\\/ip\\\/#website\"},\"primaryImageOfPage\":{\"@id\":\"https:\\\/\\\/www.ip.gov.py\\\/ip\\\/2017\\\/01\\\/17\\\/ministro-destaca-la-labor-policial-y-se-compromete-a-gestionar-mas-recursos\\\/#primaryimage\"},\"image\":{\"@id\":\"https:\\\/\\\/www.ip.gov.py\\\/ip\\\/2017\\\/01\\\/17\\\/ministro-destaca-la-labor-policial-y-se-compromete-a-gestionar-mas-recursos\\\/#primaryimage\"},\"thumbnailUrl\":\"https:\\\/\\\/www.ip.gov.py\\\/ip\\\/wp-content\\\/uploads\\\/2017\\\/01\\\/ministro-Tadeo-rojas-1.jpg\",\"datePublished\":\"2017-01-17T17:32:02+00:00\",\"dateModified\":\"2017-01-17T17:46:54+00:00\",\"breadcrumb\":{\"@id\":\"https:\\\/\\\/www.ip.gov.py\\\/ip\\\/2017\\\/01\\\/17\\\/ministro-destaca-la-labor-policial-y-se-compromete-a-gestionar-mas-recursos\\\/#breadcrumb\"},\"inLanguage\":\"es\",\"potentialAction\":[{\"@type\":\"ReadAction\",\"target\":[\"https:\\\/\\\/www.ip.gov.py\\\/ip\\\/2017\\\/01\\\/17\\\/ministro-destaca-la-labor-policial-y-se-compromete-a-gestionar-mas-recursos\\\/\"]}]},{\"@type\":\"ImageObject\",\"inLanguage\":\"es\",\"@id\":\"https:\\\/\\\/www.ip.gov.py\\\/ip\\\/2017\\\/01\\\/17\\\/ministro-destaca-la-labor-policial-y-se-compromete-a-gestionar-mas-recursos\\\/#primaryimage\",\"url\":\"https:\\\/\\\/www.ip.gov.py\\\/ip\\\/wp-content\\\/uploads\\\/2017\\\/01\\\/ministro-Tadeo-rojas-1.jpg\",\"contentUrl\":\"https:\\\/\\\/www.ip.gov.py\\\/ip\\\/wp-content\\\/uploads\\\/2017\\\/01\\\/ministro-Tadeo-rojas-1.jpg\",\"width\":2991,\"height\":1735,\"caption\":\"Ministro del Interior, Miguel Tadeo Rojas\"},{\"@type\":\"BreadcrumbList\",\"@id\":\"https:\\\/\\\/www.ip.gov.py\\\/ip\\\/2017\\\/01\\\/17\\\/ministro-destaca-la-labor-policial-y-se-compromete-a-gestionar-mas-recursos\\\/#breadcrumb\",\"itemListElement\":[{\"@type\":\"ListItem\",\"position\":1,\"name\":\"Portada\",\"item\":\"https:\\\/\\\/www.ip.gov.py\\\/ip\\\/\"},{\"@type\":\"ListItem\",\"position\":2,\"name\":\"Ministro destaca labor policial y promete gestionar m\u00e1s recursos\"}]},{\"@type\":\"WebSite\",\"@id\":\"https:\\\/\\\/www.ip.gov.py\\\/ip\\\/#website\",\"url\":\"https:\\\/\\\/www.ip.gov.py\\\/ip\\\/\",\"name\":\".::Agencia IP::.\",\"description\":\"\",\"publisher\":{\"@id\":\"https:\\\/\\\/www.ip.gov.py\\\/ip\\\/#organization\"},\"potentialAction\":[{\"@type\":\"SearchAction\",\"target\":{\"@type\":\"EntryPoint\",\"urlTemplate\":\"https:\\\/\\\/www.ip.gov.py\\\/ip\\\/?s={search_term_string}\"},\"query-input\":{\"@type\":\"PropertyValueSpecification\",\"valueRequired\":true,\"valueName\":\"search_term_string\"}}],\"inLanguage\":\"es\"},{\"@type\":\"Organization\",\"@id\":\"https:\\\/\\\/www.ip.gov.py\\\/ip\\\/#organization\",\"name\":\"Agencia IP\",\"url\":\"https:\\\/\\\/www.ip.gov.py\\\/ip\\\/\",\"logo\":{\"@type\":\"ImageObject\",\"inLanguage\":\"es\",\"@id\":\"https:\\\/\\\/www.ip.gov.py\\\/ip\\\/#\\\/schema\\\/logo\\\/image\\\/\",\"url\":\"https:\\\/\\\/www.ip.gov.py\\\/ip\\\/wp-content\\\/uploads\\\/2018\\\/01\\\/Agencia-IP.jpg\",\"contentUrl\":\"https:\\\/\\\/www.ip.gov.py\\\/ip\\\/wp-content\\\/uploads\\\/2018\\\/01\\\/Agencia-IP.jpg\",\"width\":150,\"height\":150,\"caption\":\"Agencia IP\"},\"image\":{\"@id\":\"https:\\\/\\\/www.ip.gov.py\\\/ip\\\/#\\\/schema\\\/logo\\\/image\\\/\"},\"sameAs\":[\"https:\\\/\\\/www.facebook.com\\\/IPParaguay\\\/\",\"https:\\\/\\\/x.com\\\/IPParaguay\",\"https:\\\/\\\/www.instagram.com\\\/IPParaguay\"]},{\"@type\":\"Person\",\"@id\":\"https:\\\/\\\/www.ip.gov.py\\\/ip\\\/#\\\/schema\\\/person\\\/613765cf13d420d448042e6802220539\",\"name\":\"Karina L\u00f3pez\",\"url\":\"https:\\\/\\\/www.ip.gov.py\\\/ip\\\/author\\\/klopez\\\/\"}]}<\/script>\n<!-- \/ Yoast SEO plugin. -->","yoast_head_json":{"title":"Ministro destaca labor policial y promete gestionar m\u00e1s recursos - .::Agencia IP::.","robots":{"index":"index","follow":"follow","max-snippet":"max-snippet:-1","max-image-preview":"max-image-preview:large","max-video-preview":"max-video-preview:-1"},"canonical":"https:\/\/www.ip.gov.py\/ip\/2017\/01\/17\/ministro-destaca-la-labor-policial-y-se-compromete-a-gestionar-mas-recursos\/","og_locale":"es_ES","og_type":"article","og_title":"Ministro destaca labor policial y promete gestionar m\u00e1s recursos - .::Agencia IP::.","og_description":"Asunci\u00f3n, IP.- El ministro del Interior, Miguel Tadeo Rojas, se refiri\u00f3 a la situaci\u00f3n actual de la Polic\u00eda Nacional, y ratific\u00f3 el compromiso para gestionar recursos, de modo a fortalecer cada vez m\u00e1s a la instituci\u00f3n policial.","og_url":"https:\/\/www.ip.gov.py\/ip\/2017\/01\/17\/ministro-destaca-la-labor-policial-y-se-compromete-a-gestionar-mas-recursos\/","og_site_name":".::Agencia IP::.","article_publisher":"https:\/\/www.facebook.com\/IPParaguay\/","article_published_time":"2017-01-17T17:32:02+00:00","article_modified_time":"2017-01-17T17:46:54+00:00","og_image":[{"width":2991,"height":1735,"url":"https:\/\/www.ip.gov.py\/ip\/wp-content\/uploads\/2017\/01\/ministro-Tadeo-rojas-1.jpg","type":"image\/jpeg"}],"author":"Karina L\u00f3pez","twitter_card":"summary_large_image","twitter_creator":"@IPParaguay","twitter_site":"@IPParaguay","twitter_misc":{"Escrito por":"Karina L\u00f3pez","Tiempo de lectura":"2 minutos"},"schema":{"@context":"https:\/\/schema.org","@graph":[{"@type":"Article","@id":"https:\/\/www.ip.gov.py\/ip\/2017\/01\/17\/ministro-destaca-la-labor-policial-y-se-compromete-a-gestionar-mas-recursos\/#article","isPartOf":{"@id":"https:\/\/www.ip.gov.py\/ip\/2017\/01\/17\/ministro-destaca-la-labor-policial-y-se-compromete-a-gestionar-mas-recursos\/"},"author":{"name":"Karina L\u00f3pez","@id":"https:\/\/www.ip.gov.py\/ip\/#\/schema\/person\/613765cf13d420d448042e6802220539"},"headline":"Ministro destaca labor policial y promete gestionar m\u00e1s recursos","datePublished":"2017-01-17T17:32:02+00:00","dateModified":"2017-01-17T17:46:54+00:00","mainEntityOfPage":{"@id":"https:\/\/www.ip.gov.py\/ip\/2017\/01\/17\/ministro-destaca-la-labor-policial-y-se-compromete-a-gestionar-mas-recursos\/"},"wordCount":397,"publisher":{"@id":"https:\/\/www.ip.gov.py\/ip\/#organization"},"image":{"@id":"https:\/\/www.ip.gov.py\/ip\/2017\/01\/17\/ministro-destaca-la-labor-policial-y-se-compromete-a-gestionar-mas-recursos\/#primaryimage"},"thumbnailUrl":"https:\/\/www.ip.gov.py\/ip\/wp-content\/uploads\/2017\/01\/ministro-Tadeo-rojas-1.jpg","articleSection":["Pol\u00edtica"],"inLanguage":"es"},{"@type":"WebPage","@id":"https:\/\/www.ip.gov.py\/ip\/2017\/01\/17\/ministro-destaca-la-labor-policial-y-se-compromete-a-gestionar-mas-recursos\/","url":"https:\/\/www.ip.gov.py\/ip\/2017\/01\/17\/ministro-destaca-la-labor-policial-y-se-compromete-a-gestionar-mas-recursos\/","name":"Ministro destaca labor policial y promete gestionar m\u00e1s recursos - .::Agencia IP::.","isPartOf":{"@id":"https:\/\/www.ip.gov.py\/ip\/#website"},"primaryImageOfPage":{"@id":"https:\/\/www.ip.gov.py\/ip\/2017\/01\/17\/ministro-destaca-la-labor-policial-y-se-compromete-a-gestionar-mas-recursos\/#primaryimage"},"image":{"@id":"https:\/\/www.ip.gov.py\/ip\/2017\/01\/17\/ministro-destaca-la-labor-policial-y-se-compromete-a-gestionar-mas-recursos\/#primaryimage"},"thumbnailUrl":"https:\/\/www.ip.gov.py\/ip\/wp-content\/uploads\/2017\/01\/ministro-Tadeo-rojas-1.jpg","datePublished":"2017-01-17T17:32:02+00:00","dateModified":"2017-01-17T17:46:54+00:00","breadcrumb":{"@id":"https:\/\/www.ip.gov.py\/ip\/2017\/01\/17\/ministro-destaca-la-labor-policial-y-se-compromete-a-gestionar-mas-recursos\/#breadcrumb"},"inLanguage":"es","potentialAction":[{"@type":"ReadAction","target":["https:\/\/www.ip.gov.py\/ip\/2017\/01\/17\/ministro-destaca-la-labor-policial-y-se-compromete-a-gestionar-mas-recursos\/"]}]},{"@type":"ImageObject","inLanguage":"es","@id":"https:\/\/www.ip.gov.py\/ip\/2017\/01\/17\/ministro-destaca-la-labor-policial-y-se-compromete-a-gestionar-mas-recursos\/#primaryimage","url":"https:\/\/www.ip.gov.py\/ip\/wp-content\/uploads\/2017\/01\/ministro-Tadeo-rojas-1.jpg","contentUrl":"https:\/\/www.ip.gov.py\/ip\/wp-content\/uploads\/2017\/01\/ministro-Tadeo-rojas-1.jpg","width":2991,"height":1735,"caption":"Ministro del Interior, Miguel Tadeo Rojas"},{"@type":"BreadcrumbList","@id":"https:\/\/www.ip.gov.py\/ip\/2017\/01\/17\/ministro-destaca-la-labor-policial-y-se-compromete-a-gestionar-mas-recursos\/#breadcrumb","itemListElement":[{"@type":"ListItem","position":1,"name":"Portada","item":"https:\/\/www.ip.gov.py\/ip\/"},{"@type":"ListItem","position":2,"name":"Ministro destaca labor policial y promete gestionar m\u00e1s recursos"}]},{"@type":"WebSite","@id":"https:\/\/www.ip.gov.py\/ip\/#website","url":"https:\/\/www.ip.gov.py\/ip\/","name":".::Agencia IP::.","description":"","publisher":{"@id":"https:\/\/www.ip.gov.py\/ip\/#organization"},"potentialAction":[{"@type":"SearchAction","target":{"@type":"EntryPoint","urlTemplate":"https:\/\/www.ip.gov.py\/ip\/?s={search_term_string}"},"query-input":{"@type":"PropertyValueSpecification","valueRequired":true,"valueName":"search_term_string"}}],"inLanguage":"es"},{"@type":"Organization","@id":"https:\/\/www.ip.gov.py\/ip\/#organization","name":"Agencia IP","url":"https:\/\/www.ip.gov.py\/ip\/","logo":{"@type":"ImageObject","inLanguage":"es","@id":"https:\/\/www.ip.gov.py\/ip\/#\/schema\/logo\/image\/","url":"https:\/\/www.ip.gov.py\/ip\/wp-content\/uploads\/2018\/01\/Agencia-IP.jpg","contentUrl":"https:\/\/www.ip.gov.py\/ip\/wp-content\/uploads\/2018\/01\/Agencia-IP.jpg","width":150,"height":150,"caption":"Agencia IP"},"image":{"@id":"https:\/\/www.ip.gov.py\/ip\/#\/schema\/logo\/image\/"},"sameAs":["https:\/\/www.facebook.com\/IPParaguay\/","https:\/\/x.com\/IPParaguay","https:\/\/www.instagram.com\/IPParaguay"]},{"@type":"Person","@id":"https:\/\/www.ip.gov.py\/ip\/#\/schema\/person\/613765cf13d420d448042e6802220539","name":"Karina L\u00f3pez","url":"https:\/\/www.ip.gov.py\/ip\/author\/klopez\/"}]}},"_links":{"self":[{"href":"https:\/\/www.ip.gov.py\/ip\/wp-json\/wp\/v2\/posts\/139658","targetHints":{"allow":["GET"]}}],"collection":[{"href":"https:\/\/www.ip.gov.py\/ip\/wp-json\/wp\/v2\/posts"}],"about":[{"href":"https:\/\/www.ip.gov.py\/ip\/wp-json\/wp\/v2\/types\/post"}],"author":[{"embeddable":true,"href":"https:\/\/www.ip.gov.py\/ip\/wp-json\/wp\/v2\/users\/7"}],"replies":[{"embeddable":true,"href":"https:\/\/www.ip.gov.py\/ip\/wp-json\/wp\/v2\/comments?post=139658"}],"version-history":[{"count":0,"href":"https:\/\/www.ip.gov.py\/ip\/wp-json\/wp\/v2\/posts\/139658\/revisions"}],"wp:featuredmedia":[{"embeddable":true,"href":"https:\/\/www.ip.gov.py\/ip\/wp-json\/wp\/v2\/media\/137654"}],"wp:attachment":[{"href":"https:\/\/www.ip.gov.py\/ip\/wp-json\/wp\/v2\/media?parent=139658"}],"wp:term":[{"taxonomy":"category","embeddable":true,"href":"https:\/\/www.ip.gov.py\/ip\/wp-json\/wp\/v2\/categories?post=139658"},{"taxonomy":"post_tag","embeddable":true,"href":"https:\/\/www.ip.gov.py\/ip\/wp-json\/wp\/v2\/tags?post=139658"}],"curies":[{"name":"wp","href":"https:\/\/api.w.org\/{rel}","templated":true}]}}