{"id":141432,"date":"2017-01-28T11:11:34","date_gmt":"2017-01-28T14:11:34","guid":{"rendered":"http:\/\/desarrollo.ip.gov.py\/ip\/?p=141432"},"modified":"2017-01-28T11:12:11","modified_gmt":"2017-01-28T14:12:11","slug":"en-febrero-haran-llamado-y-en-mayo-iniciaran-obras-del-memorial-del-ycua","status":"publish","type":"post","link":"https:\/\/www.ip.gov.py\/ip\/2017\/01\/28\/en-febrero-haran-llamado-y-en-mayo-iniciaran-obras-del-memorial-del-ycua\/","title":{"rendered":"En febrero har\u00e1n llamado y en mayo iniciar\u00e1n obras del memorial del Ycu\u00e1"},"content":{"rendered":"<p style=\"text-align: justify;\"><em><strong>Asunci\u00f3n, IP.-<\/strong><\/em> En mayo se prev\u00e9 iniciar los trabajos para la construcci\u00f3n del Memorial Ycu\u00e1 Bola\u00f1os, sitio que \u00a0homenajear\u00e1 a las casi 400 personas que murieron en agosto del 2004 en el incendio del supermercado que llevaba el mismo nombre.<!--more--><\/p>\n<p style=\"text-align: justify;\">La Secretaria Nacional de Cultura (SNC) inform\u00f3 que en febrero se llamar\u00eda a licitaci\u00f3n para la construcci\u00f3n del Sitio de Memoria Ycu\u00e1 Bola\u00f1os, con la modalidad subasta a la baja electr\u00f3nica. En tanto que las obras prev\u00e9n iniciar en mayo y el tiempo de ejecuci\u00f3n ser\u00e1n 20 meses.<\/p>\n<p style=\"text-align: justify;\">El director general de Administraci\u00f3n y Finanzas de la SNC, An\u00edbal Lovera Talavera, explic\u00f3 que se trata de una modalidad m\u00e1s transparente y permitir\u00e1 obtener un mejor precio del mercado.<\/p>\n<p style=\"text-align: justify;\">Refiri\u00f3 que el primer llamado a licitaci\u00f3n fue declarado desierto, por lo que actualmente se trabaja con el Colegio de Arquitectos del Paraguay en prolongar el tiempo de llamado por dos meses.<\/p>\n<p style=\"text-align: justify;\">\u201cHay empresas que manifestaron inter\u00e9s en participar. Se dar\u00e1n dos meses de plazo a las empresas para que presenten sus ofertas, ya que gran parte de la estructura estar\u00e1 a cielo abierto, el encofrado debe tener una terminaci\u00f3n perfecta\u201d, detall\u00f3.<\/p>\n<p style=\"text-align: justify;\">Anunci\u00f3 que este a\u00f1o est\u00e1 previsto el desembolso de 3.000 millones de guaran\u00edes provenientes de los fondos de la Municipalidad de Asunci\u00f3n, para dar inicio a la obra.<\/p>\n<p style=\"text-align: justify;\">En tanto que, los recursos del Tesoro Nacional para este a\u00f1o ser\u00e1n m\u00e1s de 3478 millones de guaran\u00edes, compromiso asumido por el Ministerio de Hacienda para transferir a la Secretar\u00eda Nacional de Cultura, a fin de que se pueda cumplir con el cronograma establecido en el presente a\u00f1o.<\/p>\n<p style=\"text-align: justify;\">Mientras que para el 2018 se prev\u00e9n m\u00e1s de 9.466.000.000 de guaran\u00edes, de transferencia, y con lo cual, se completar\u00eda una cifra superior a los 15945 millones de guaran\u00edes, para finalizar la construcci\u00f3n del memorial, inform\u00f3 la SNC.<\/p>\n","protected":false},"excerpt":{"rendered":"<p>Asunci\u00f3n, IP.- En mayo se prev\u00e9 iniciar los trabajos para la construcci\u00f3n del Memorial Ycu\u00e1 Bola\u00f1os, sitio que \u00a0homenajear\u00e1 a las casi 400 personas que murieron en agosto del 2004 en el incendio del supermercado que llevaba el mismo nombre.<\/p>\n","protected":false},"author":7,"featured_media":80874,"comment_status":"closed","ping_status":"closed","sticky":false,"template":"","format":"standard","meta":{"_monsterinsights_skip_tracking":false,"_monsterinsights_sitenote_active":false,"_monsterinsights_sitenote_note":"","_monsterinsights_sitenote_category":0,"footnotes":""},"categories":[7],"tags":[],"class_list":{"0":"post-141432","1":"post","2":"type-post","3":"status-publish","4":"format-standard","5":"has-post-thumbnail","7":"category-cultura"},"yoast_head":"<!-- This site is optimized with the Yoast SEO plugin v27.5 - https:\/\/yoast.com\/product\/yoast-seo-wordpress\/ -->\n<title>En febrero har\u00e1n llamado y en mayo iniciar\u00e1n obras del memorial del Ycu\u00e1 - .::Agencia IP::.<\/title>\n<meta name=\"robots\" content=\"index, follow, max-snippet:-1, max-image-preview:large, max-video-preview:-1\" \/>\n<link rel=\"canonical\" href=\"https:\/\/www.ip.gov.py\/ip\/2017\/01\/28\/en-febrero-haran-llamado-y-en-mayo-iniciaran-obras-del-memorial-del-ycua\/\" \/>\n<meta property=\"og:locale\" content=\"es_ES\" \/>\n<meta property=\"og:type\" content=\"article\" \/>\n<meta property=\"og:title\" content=\"En febrero har\u00e1n llamado y en mayo iniciar\u00e1n obras del memorial del Ycu\u00e1 - .::Agencia IP::.\" \/>\n<meta property=\"og:description\" content=\"Asunci\u00f3n, IP.- En mayo se prev\u00e9 iniciar los trabajos para la construcci\u00f3n del Memorial Ycu\u00e1 Bola\u00f1os, sitio que \u00a0homenajear\u00e1 a las casi 400 personas que murieron en agosto del 2004 en el incendio del supermercado que llevaba el mismo nombre.\" \/>\n<meta property=\"og:url\" content=\"https:\/\/www.ip.gov.py\/ip\/2017\/01\/28\/en-febrero-haran-llamado-y-en-mayo-iniciaran-obras-del-memorial-del-ycua\/\" \/>\n<meta property=\"og:site_name\" content=\".::Agencia IP::.\" \/>\n<meta property=\"article:publisher\" content=\"https:\/\/www.facebook.com\/IPParaguay\/\" \/>\n<meta property=\"article:published_time\" content=\"2017-01-28T14:11:34+00:00\" \/>\n<meta property=\"article:modified_time\" content=\"2017-01-28T14:12:11+00:00\" \/>\n<meta property=\"og:image\" content=\"https:\/\/www.ip.gov.py\/ip\/wp-content\/uploads\/2016\/02\/YCUA-centro-comunitario-proyecto-2-22.jpg\" \/>\n\t<meta property=\"og:image:width\" content=\"1037\" \/>\n\t<meta property=\"og:image:height\" content=\"691\" \/>\n\t<meta property=\"og:image:type\" content=\"image\/jpeg\" \/>\n<meta name=\"author\" content=\"Karina L\u00f3pez\" \/>\n<meta name=\"twitter:card\" content=\"summary_large_image\" \/>\n<meta name=\"twitter:creator\" content=\"@IPParaguay\" \/>\n<meta name=\"twitter:site\" content=\"@IPParaguay\" \/>\n<meta name=\"twitter:label1\" content=\"Escrito por\" \/>\n\t<meta name=\"twitter:data1\" content=\"Karina L\u00f3pez\" \/>\n\t<meta name=\"twitter:label2\" content=\"Tiempo de lectura\" \/>\n\t<meta name=\"twitter:data2\" content=\"2 minutos\" \/>\n<script type=\"application\/ld+json\" class=\"yoast-schema-graph\">{\"@context\":\"https:\\\/\\\/schema.org\",\"@graph\":[{\"@type\":\"Article\",\"@id\":\"https:\\\/\\\/www.ip.gov.py\\\/ip\\\/2017\\\/01\\\/28\\\/en-febrero-haran-llamado-y-en-mayo-iniciaran-obras-del-memorial-del-ycua\\\/#article\",\"isPartOf\":{\"@id\":\"https:\\\/\\\/www.ip.gov.py\\\/ip\\\/2017\\\/01\\\/28\\\/en-febrero-haran-llamado-y-en-mayo-iniciaran-obras-del-memorial-del-ycua\\\/\"},\"author\":{\"name\":\"Karina L\u00f3pez\",\"@id\":\"https:\\\/\\\/www.ip.gov.py\\\/ip\\\/#\\\/schema\\\/person\\\/613765cf13d420d448042e6802220539\"},\"headline\":\"En febrero har\u00e1n llamado y en mayo iniciar\u00e1n obras del memorial del Ycu\u00e1\",\"datePublished\":\"2017-01-28T14:11:34+00:00\",\"dateModified\":\"2017-01-28T14:12:11+00:00\",\"mainEntityOfPage\":{\"@id\":\"https:\\\/\\\/www.ip.gov.py\\\/ip\\\/2017\\\/01\\\/28\\\/en-febrero-haran-llamado-y-en-mayo-iniciaran-obras-del-memorial-del-ycua\\\/\"},\"wordCount\":345,\"publisher\":{\"@id\":\"https:\\\/\\\/www.ip.gov.py\\\/ip\\\/#organization\"},\"image\":{\"@id\":\"https:\\\/\\\/www.ip.gov.py\\\/ip\\\/2017\\\/01\\\/28\\\/en-febrero-haran-llamado-y-en-mayo-iniciaran-obras-del-memorial-del-ycua\\\/#primaryimage\"},\"thumbnailUrl\":\"https:\\\/\\\/www.ip.gov.py\\\/ip\\\/wp-content\\\/uploads\\\/2016\\\/02\\\/YCUA-centro-comunitario-proyecto-2-22.jpg\",\"articleSection\":[\"Cultura\"],\"inLanguage\":\"es\"},{\"@type\":\"WebPage\",\"@id\":\"https:\\\/\\\/www.ip.gov.py\\\/ip\\\/2017\\\/01\\\/28\\\/en-febrero-haran-llamado-y-en-mayo-iniciaran-obras-del-memorial-del-ycua\\\/\",\"url\":\"https:\\\/\\\/www.ip.gov.py\\\/ip\\\/2017\\\/01\\\/28\\\/en-febrero-haran-llamado-y-en-mayo-iniciaran-obras-del-memorial-del-ycua\\\/\",\"name\":\"En febrero har\u00e1n llamado y en mayo iniciar\u00e1n obras del memorial del Ycu\u00e1 - .::Agencia IP::.\",\"isPartOf\":{\"@id\":\"https:\\\/\\\/www.ip.gov.py\\\/ip\\\/#website\"},\"primaryImageOfPage\":{\"@id\":\"https:\\\/\\\/www.ip.gov.py\\\/ip\\\/2017\\\/01\\\/28\\\/en-febrero-haran-llamado-y-en-mayo-iniciaran-obras-del-memorial-del-ycua\\\/#primaryimage\"},\"image\":{\"@id\":\"https:\\\/\\\/www.ip.gov.py\\\/ip\\\/2017\\\/01\\\/28\\\/en-febrero-haran-llamado-y-en-mayo-iniciaran-obras-del-memorial-del-ycua\\\/#primaryimage\"},\"thumbnailUrl\":\"https:\\\/\\\/www.ip.gov.py\\\/ip\\\/wp-content\\\/uploads\\\/2016\\\/02\\\/YCUA-centro-comunitario-proyecto-2-22.jpg\",\"datePublished\":\"2017-01-28T14:11:34+00:00\",\"dateModified\":\"2017-01-28T14:12:11+00:00\",\"breadcrumb\":{\"@id\":\"https:\\\/\\\/www.ip.gov.py\\\/ip\\\/2017\\\/01\\\/28\\\/en-febrero-haran-llamado-y-en-mayo-iniciaran-obras-del-memorial-del-ycua\\\/#breadcrumb\"},\"inLanguage\":\"es\",\"potentialAction\":[{\"@type\":\"ReadAction\",\"target\":[\"https:\\\/\\\/www.ip.gov.py\\\/ip\\\/2017\\\/01\\\/28\\\/en-febrero-haran-llamado-y-en-mayo-iniciaran-obras-del-memorial-del-ycua\\\/\"]}]},{\"@type\":\"ImageObject\",\"inLanguage\":\"es\",\"@id\":\"https:\\\/\\\/www.ip.gov.py\\\/ip\\\/2017\\\/01\\\/28\\\/en-febrero-haran-llamado-y-en-mayo-iniciaran-obras-del-memorial-del-ycua\\\/#primaryimage\",\"url\":\"https:\\\/\\\/www.ip.gov.py\\\/ip\\\/wp-content\\\/uploads\\\/2016\\\/02\\\/YCUA-centro-comunitario-proyecto-2-22.jpg\",\"contentUrl\":\"https:\\\/\\\/www.ip.gov.py\\\/ip\\\/wp-content\\\/uploads\\\/2016\\\/02\\\/YCUA-centro-comunitario-proyecto-2-22.jpg\",\"width\":1037,\"height\":691,\"caption\":\"Foto Archivo IP Paraguay\"},{\"@type\":\"BreadcrumbList\",\"@id\":\"https:\\\/\\\/www.ip.gov.py\\\/ip\\\/2017\\\/01\\\/28\\\/en-febrero-haran-llamado-y-en-mayo-iniciaran-obras-del-memorial-del-ycua\\\/#breadcrumb\",\"itemListElement\":[{\"@type\":\"ListItem\",\"position\":1,\"name\":\"Portada\",\"item\":\"https:\\\/\\\/www.ip.gov.py\\\/ip\\\/\"},{\"@type\":\"ListItem\",\"position\":2,\"name\":\"En febrero har\u00e1n llamado y en mayo iniciar\u00e1n obras del memorial del Ycu\u00e1\"}]},{\"@type\":\"WebSite\",\"@id\":\"https:\\\/\\\/www.ip.gov.py\\\/ip\\\/#website\",\"url\":\"https:\\\/\\\/www.ip.gov.py\\\/ip\\\/\",\"name\":\".::Agencia IP::.\",\"description\":\"\",\"publisher\":{\"@id\":\"https:\\\/\\\/www.ip.gov.py\\\/ip\\\/#organization\"},\"potentialAction\":[{\"@type\":\"SearchAction\",\"target\":{\"@type\":\"EntryPoint\",\"urlTemplate\":\"https:\\\/\\\/www.ip.gov.py\\\/ip\\\/?s={search_term_string}\"},\"query-input\":{\"@type\":\"PropertyValueSpecification\",\"valueRequired\":true,\"valueName\":\"search_term_string\"}}],\"inLanguage\":\"es\"},{\"@type\":\"Organization\",\"@id\":\"https:\\\/\\\/www.ip.gov.py\\\/ip\\\/#organization\",\"name\":\"Agencia IP\",\"url\":\"https:\\\/\\\/www.ip.gov.py\\\/ip\\\/\",\"logo\":{\"@type\":\"ImageObject\",\"inLanguage\":\"es\",\"@id\":\"https:\\\/\\\/www.ip.gov.py\\\/ip\\\/#\\\/schema\\\/logo\\\/image\\\/\",\"url\":\"https:\\\/\\\/www.ip.gov.py\\\/ip\\\/wp-content\\\/uploads\\\/2018\\\/01\\\/Agencia-IP.jpg\",\"contentUrl\":\"https:\\\/\\\/www.ip.gov.py\\\/ip\\\/wp-content\\\/uploads\\\/2018\\\/01\\\/Agencia-IP.jpg\",\"width\":150,\"height\":150,\"caption\":\"Agencia IP\"},\"image\":{\"@id\":\"https:\\\/\\\/www.ip.gov.py\\\/ip\\\/#\\\/schema\\\/logo\\\/image\\\/\"},\"sameAs\":[\"https:\\\/\\\/www.facebook.com\\\/IPParaguay\\\/\",\"https:\\\/\\\/x.com\\\/IPParaguay\",\"https:\\\/\\\/www.instagram.com\\\/IPParaguay\"]},{\"@type\":\"Person\",\"@id\":\"https:\\\/\\\/www.ip.gov.py\\\/ip\\\/#\\\/schema\\\/person\\\/613765cf13d420d448042e6802220539\",\"name\":\"Karina L\u00f3pez\",\"url\":\"https:\\\/\\\/www.ip.gov.py\\\/ip\\\/author\\\/klopez\\\/\"}]}<\/script>\n<!-- \/ Yoast SEO plugin. -->","yoast_head_json":{"title":"En febrero har\u00e1n llamado y en mayo iniciar\u00e1n obras del memorial del Ycu\u00e1 - .::Agencia IP::.","robots":{"index":"index","follow":"follow","max-snippet":"max-snippet:-1","max-image-preview":"max-image-preview:large","max-video-preview":"max-video-preview:-1"},"canonical":"https:\/\/www.ip.gov.py\/ip\/2017\/01\/28\/en-febrero-haran-llamado-y-en-mayo-iniciaran-obras-del-memorial-del-ycua\/","og_locale":"es_ES","og_type":"article","og_title":"En febrero har\u00e1n llamado y en mayo iniciar\u00e1n obras del memorial del Ycu\u00e1 - .::Agencia IP::.","og_description":"Asunci\u00f3n, IP.- En mayo se prev\u00e9 iniciar los trabajos para la construcci\u00f3n del Memorial Ycu\u00e1 Bola\u00f1os, sitio que \u00a0homenajear\u00e1 a las casi 400 personas que murieron en agosto del 2004 en el incendio del supermercado que llevaba el mismo nombre.","og_url":"https:\/\/www.ip.gov.py\/ip\/2017\/01\/28\/en-febrero-haran-llamado-y-en-mayo-iniciaran-obras-del-memorial-del-ycua\/","og_site_name":".::Agencia IP::.","article_publisher":"https:\/\/www.facebook.com\/IPParaguay\/","article_published_time":"2017-01-28T14:11:34+00:00","article_modified_time":"2017-01-28T14:12:11+00:00","og_image":[{"width":1037,"height":691,"url":"https:\/\/www.ip.gov.py\/ip\/wp-content\/uploads\/2016\/02\/YCUA-centro-comunitario-proyecto-2-22.jpg","type":"image\/jpeg"}],"author":"Karina L\u00f3pez","twitter_card":"summary_large_image","twitter_creator":"@IPParaguay","twitter_site":"@IPParaguay","twitter_misc":{"Escrito por":"Karina L\u00f3pez","Tiempo de lectura":"2 minutos"},"schema":{"@context":"https:\/\/schema.org","@graph":[{"@type":"Article","@id":"https:\/\/www.ip.gov.py\/ip\/2017\/01\/28\/en-febrero-haran-llamado-y-en-mayo-iniciaran-obras-del-memorial-del-ycua\/#article","isPartOf":{"@id":"https:\/\/www.ip.gov.py\/ip\/2017\/01\/28\/en-febrero-haran-llamado-y-en-mayo-iniciaran-obras-del-memorial-del-ycua\/"},"author":{"name":"Karina L\u00f3pez","@id":"https:\/\/www.ip.gov.py\/ip\/#\/schema\/person\/613765cf13d420d448042e6802220539"},"headline":"En febrero har\u00e1n llamado y en mayo iniciar\u00e1n obras del memorial del Ycu\u00e1","datePublished":"2017-01-28T14:11:34+00:00","dateModified":"2017-01-28T14:12:11+00:00","mainEntityOfPage":{"@id":"https:\/\/www.ip.gov.py\/ip\/2017\/01\/28\/en-febrero-haran-llamado-y-en-mayo-iniciaran-obras-del-memorial-del-ycua\/"},"wordCount":345,"publisher":{"@id":"https:\/\/www.ip.gov.py\/ip\/#organization"},"image":{"@id":"https:\/\/www.ip.gov.py\/ip\/2017\/01\/28\/en-febrero-haran-llamado-y-en-mayo-iniciaran-obras-del-memorial-del-ycua\/#primaryimage"},"thumbnailUrl":"https:\/\/www.ip.gov.py\/ip\/wp-content\/uploads\/2016\/02\/YCUA-centro-comunitario-proyecto-2-22.jpg","articleSection":["Cultura"],"inLanguage":"es"},{"@type":"WebPage","@id":"https:\/\/www.ip.gov.py\/ip\/2017\/01\/28\/en-febrero-haran-llamado-y-en-mayo-iniciaran-obras-del-memorial-del-ycua\/","url":"https:\/\/www.ip.gov.py\/ip\/2017\/01\/28\/en-febrero-haran-llamado-y-en-mayo-iniciaran-obras-del-memorial-del-ycua\/","name":"En febrero har\u00e1n llamado y en mayo iniciar\u00e1n obras del memorial del Ycu\u00e1 - .::Agencia IP::.","isPartOf":{"@id":"https:\/\/www.ip.gov.py\/ip\/#website"},"primaryImageOfPage":{"@id":"https:\/\/www.ip.gov.py\/ip\/2017\/01\/28\/en-febrero-haran-llamado-y-en-mayo-iniciaran-obras-del-memorial-del-ycua\/#primaryimage"},"image":{"@id":"https:\/\/www.ip.gov.py\/ip\/2017\/01\/28\/en-febrero-haran-llamado-y-en-mayo-iniciaran-obras-del-memorial-del-ycua\/#primaryimage"},"thumbnailUrl":"https:\/\/www.ip.gov.py\/ip\/wp-content\/uploads\/2016\/02\/YCUA-centro-comunitario-proyecto-2-22.jpg","datePublished":"2017-01-28T14:11:34+00:00","dateModified":"2017-01-28T14:12:11+00:00","breadcrumb":{"@id":"https:\/\/www.ip.gov.py\/ip\/2017\/01\/28\/en-febrero-haran-llamado-y-en-mayo-iniciaran-obras-del-memorial-del-ycua\/#breadcrumb"},"inLanguage":"es","potentialAction":[{"@type":"ReadAction","target":["https:\/\/www.ip.gov.py\/ip\/2017\/01\/28\/en-febrero-haran-llamado-y-en-mayo-iniciaran-obras-del-memorial-del-ycua\/"]}]},{"@type":"ImageObject","inLanguage":"es","@id":"https:\/\/www.ip.gov.py\/ip\/2017\/01\/28\/en-febrero-haran-llamado-y-en-mayo-iniciaran-obras-del-memorial-del-ycua\/#primaryimage","url":"https:\/\/www.ip.gov.py\/ip\/wp-content\/uploads\/2016\/02\/YCUA-centro-comunitario-proyecto-2-22.jpg","contentUrl":"https:\/\/www.ip.gov.py\/ip\/wp-content\/uploads\/2016\/02\/YCUA-centro-comunitario-proyecto-2-22.jpg","width":1037,"height":691,"caption":"Foto Archivo IP Paraguay"},{"@type":"BreadcrumbList","@id":"https:\/\/www.ip.gov.py\/ip\/2017\/01\/28\/en-febrero-haran-llamado-y-en-mayo-iniciaran-obras-del-memorial-del-ycua\/#breadcrumb","itemListElement":[{"@type":"ListItem","position":1,"name":"Portada","item":"https:\/\/www.ip.gov.py\/ip\/"},{"@type":"ListItem","position":2,"name":"En febrero har\u00e1n llamado y en mayo iniciar\u00e1n obras del memorial del Ycu\u00e1"}]},{"@type":"WebSite","@id":"https:\/\/www.ip.gov.py\/ip\/#website","url":"https:\/\/www.ip.gov.py\/ip\/","name":".::Agencia IP::.","description":"","publisher":{"@id":"https:\/\/www.ip.gov.py\/ip\/#organization"},"potentialAction":[{"@type":"SearchAction","target":{"@type":"EntryPoint","urlTemplate":"https:\/\/www.ip.gov.py\/ip\/?s={search_term_string}"},"query-input":{"@type":"PropertyValueSpecification","valueRequired":true,"valueName":"search_term_string"}}],"inLanguage":"es"},{"@type":"Organization","@id":"https:\/\/www.ip.gov.py\/ip\/#organization","name":"Agencia IP","url":"https:\/\/www.ip.gov.py\/ip\/","logo":{"@type":"ImageObject","inLanguage":"es","@id":"https:\/\/www.ip.gov.py\/ip\/#\/schema\/logo\/image\/","url":"https:\/\/www.ip.gov.py\/ip\/wp-content\/uploads\/2018\/01\/Agencia-IP.jpg","contentUrl":"https:\/\/www.ip.gov.py\/ip\/wp-content\/uploads\/2018\/01\/Agencia-IP.jpg","width":150,"height":150,"caption":"Agencia IP"},"image":{"@id":"https:\/\/www.ip.gov.py\/ip\/#\/schema\/logo\/image\/"},"sameAs":["https:\/\/www.facebook.com\/IPParaguay\/","https:\/\/x.com\/IPParaguay","https:\/\/www.instagram.com\/IPParaguay"]},{"@type":"Person","@id":"https:\/\/www.ip.gov.py\/ip\/#\/schema\/person\/613765cf13d420d448042e6802220539","name":"Karina L\u00f3pez","url":"https:\/\/www.ip.gov.py\/ip\/author\/klopez\/"}]}},"_links":{"self":[{"href":"https:\/\/www.ip.gov.py\/ip\/wp-json\/wp\/v2\/posts\/141432","targetHints":{"allow":["GET"]}}],"collection":[{"href":"https:\/\/www.ip.gov.py\/ip\/wp-json\/wp\/v2\/posts"}],"about":[{"href":"https:\/\/www.ip.gov.py\/ip\/wp-json\/wp\/v2\/types\/post"}],"author":[{"embeddable":true,"href":"https:\/\/www.ip.gov.py\/ip\/wp-json\/wp\/v2\/users\/7"}],"replies":[{"embeddable":true,"href":"https:\/\/www.ip.gov.py\/ip\/wp-json\/wp\/v2\/comments?post=141432"}],"version-history":[{"count":0,"href":"https:\/\/www.ip.gov.py\/ip\/wp-json\/wp\/v2\/posts\/141432\/revisions"}],"wp:featuredmedia":[{"embeddable":true,"href":"https:\/\/www.ip.gov.py\/ip\/wp-json\/wp\/v2\/media\/80874"}],"wp:attachment":[{"href":"https:\/\/www.ip.gov.py\/ip\/wp-json\/wp\/v2\/media?parent=141432"}],"wp:term":[{"taxonomy":"category","embeddable":true,"href":"https:\/\/www.ip.gov.py\/ip\/wp-json\/wp\/v2\/categories?post=141432"},{"taxonomy":"post_tag","embeddable":true,"href":"https:\/\/www.ip.gov.py\/ip\/wp-json\/wp\/v2\/tags?post=141432"}],"curies":[{"name":"wp","href":"https:\/\/api.w.org\/{rel}","templated":true}]}}