{"id":142506,"date":"2017-02-04T08:50:50","date_gmt":"2017-02-04T11:50:50","guid":{"rendered":"http:\/\/desarrollo.ip.gov.py\/ip\/?p=142506"},"modified":"2017-02-04T08:50:50","modified_gmt":"2017-02-04T11:50:50","slug":"ajustan-detalles-para-la-reunion-bilateral-de-paraguay-y-la-union-europea","status":"publish","type":"post","link":"https:\/\/www.ip.gov.py\/ip\/2017\/02\/04\/ajustan-detalles-para-la-reunion-bilateral-de-paraguay-y-la-union-europea\/","title":{"rendered":"Ajustan detalles para la reuni\u00f3n bilateral de Paraguay y la Uni\u00f3n Europea"},"content":{"rendered":"<p style=\"text-align: justify;\"><strong><em>Asunci\u00f3n, IP.- <\/em><\/strong>Contin\u00faan los preparativos para la \u201cX Reuni\u00f3n de la Comisi\u00f3n Mixta Bilateral Paraguay &#8211; Uni\u00f3n Europea\u201d, que se realizar\u00e1 en marzo pr\u00f3ximo en Asunci\u00f3n. La jornada de coordinaci\u00f3n de la agenda, tuvo lugar este viernes en el Palacio Benigno L\u00f3pez, sede de la Canciller\u00eda Nacional.<!--more--><\/p>\n<p style=\"text-align: justify;\">El encuentro estuvo presidido \u00a0por el viceministro de Relaciones Econ\u00f3micas e Integraci\u00f3n del Ministerio de Relaciones Exteriores, embajador Rigoberto Gauto, adem\u00e1s participaron \u00a0el jefe de Divisi\u00f3n para Am\u00e9rica del Sur de la UE, Adrianus Koetsenruijter y comitiva, quienes estuvieron acompa\u00f1ados por el embajador Alessandro Palmero, jefe de la Delegaci\u00f3n de la Uni\u00f3n Europea en Paraguay.<\/p>\n<p style=\"text-align: justify;\">Previamente, la comitiva visitante present\u00f3 sus saludos al canciller nacional, Embajador Eladio Loizaga, quien en el transcurso del cordial di\u00e1logo resalt\u00f3 las excelentes relaciones bilaterales existentes, y la muy buena disposici\u00f3n de las partes para seguir profundizando el v\u00ednculo, tanto en el \u00e1mbito comercial y los negocios, como en la cooperaci\u00f3n para el desarrollo.<\/p>\n<p style=\"text-align: justify;\">Temas como cooperaci\u00f3n, derechos humanos, temas pol\u00edticos y comerciales, lucha contra el tr\u00e1fico de drogas y seguridad, fueron algunos de los puntos abordados durante la reuni\u00f3n preparatoria, inform\u00f3 la Canciller\u00eda.<\/p>\n<p style=\"text-align: justify;\">Adem\u00e1s se resalt\u00f3 al activo flujo comercial existente y el inter\u00e9s de las partes en mejorar a\u00fan m\u00e1s el intercambio, teniendo en cuenta que la UE se mantiene como tercer socio comercial del Paraguay.<\/p>\n<p style=\"text-align: justify;\">Tambi\u00e9n se habl\u00f3 sobre el privilegio que Paraguay al ser el \u00fanico Estado Parte del Mercosur con acceso al Sistema Generalizado de Preferencia Plus (SGP+), cuyo usufructo ser\u00e1 promocionado a\u00fan m\u00e1s.<\/p>\n<p style=\"text-align: justify;\">Asimismo se consider\u00f3 la marcha de las negociaciones entre el Mercosur y la Uni\u00f3n Europea para la concreci\u00f3n de un Acuerdo Birregional de Libre Comercio. Para avanzar en este proyecto se realizar\u00e1 una reuni\u00f3n intersesional en Bruselas, del 13 al 17 de febrero pr\u00f3ximo, con la presencia de los delegados de los cuatro pa\u00edses fundadores del bloque (Argentina, Brasil, Paraguay y Uruguay).<\/p>\n","protected":false},"excerpt":{"rendered":"<p>Asunci\u00f3n, IP.- Contin\u00faan los preparativos para la \u201cX Reuni\u00f3n de la Comisi\u00f3n Mixta Bilateral Paraguay &#8211; Uni\u00f3n Europea\u201d, que se realizar\u00e1 en marzo pr\u00f3ximo en Asunci\u00f3n. La jornada de coordinaci\u00f3n de la agenda, tuvo lugar este viernes en el Palacio Benigno L\u00f3pez, sede de la Canciller\u00eda Nacional.<\/p>\n","protected":false},"author":7,"featured_media":142507,"comment_status":"closed","ping_status":"closed","sticky":false,"template":"","format":"standard","meta":{"_monsterinsights_skip_tracking":false,"_monsterinsights_sitenote_active":false,"_monsterinsights_sitenote_note":"","_monsterinsights_sitenote_category":0,"footnotes":""},"categories":[6],"tags":[],"class_list":{"0":"post-142506","1":"post","2":"type-post","3":"status-publish","4":"format-standard","5":"has-post-thumbnail","7":"category-politica"},"yoast_head":"<!-- This site is optimized with the Yoast SEO plugin v27.4 - https:\/\/yoast.com\/product\/yoast-seo-wordpress\/ -->\n<title>Ajustan detalles para la reuni\u00f3n bilateral de Paraguay y la Uni\u00f3n Europea - .::Agencia IP::.<\/title>\n<meta name=\"robots\" content=\"index, follow, max-snippet:-1, max-image-preview:large, max-video-preview:-1\" \/>\n<link rel=\"canonical\" href=\"https:\/\/www.ip.gov.py\/ip\/2017\/02\/04\/ajustan-detalles-para-la-reunion-bilateral-de-paraguay-y-la-union-europea\/\" \/>\n<meta property=\"og:locale\" content=\"es_ES\" \/>\n<meta property=\"og:type\" content=\"article\" \/>\n<meta property=\"og:title\" content=\"Ajustan detalles para la reuni\u00f3n bilateral de Paraguay y la Uni\u00f3n Europea - .::Agencia IP::.\" \/>\n<meta property=\"og:description\" content=\"Asunci\u00f3n, IP.- Contin\u00faan los preparativos para la \u201cX Reuni\u00f3n de la Comisi\u00f3n Mixta Bilateral Paraguay &#8211; Uni\u00f3n Europea\u201d, que se realizar\u00e1 en marzo pr\u00f3ximo en Asunci\u00f3n. La jornada de coordinaci\u00f3n de la agenda, tuvo lugar este viernes en el Palacio Benigno L\u00f3pez, sede de la Canciller\u00eda Nacional.\" \/>\n<meta property=\"og:url\" content=\"https:\/\/www.ip.gov.py\/ip\/2017\/02\/04\/ajustan-detalles-para-la-reunion-bilateral-de-paraguay-y-la-union-europea\/\" \/>\n<meta property=\"og:site_name\" content=\".::Agencia IP::.\" \/>\n<meta property=\"article:publisher\" content=\"https:\/\/www.facebook.com\/IPParaguay\/\" \/>\n<meta property=\"article:published_time\" content=\"2017-02-04T11:50:50+00:00\" \/>\n<meta property=\"og:image\" content=\"https:\/\/www.ip.gov.py\/ip\/wp-content\/uploads\/2017\/02\/reunion-para-union-europea-y-paraguay.jpg\" \/>\n\t<meta property=\"og:image:width\" content=\"1028\" \/>\n\t<meta property=\"og:image:height\" content=\"686\" \/>\n\t<meta property=\"og:image:type\" content=\"image\/jpeg\" \/>\n<meta name=\"author\" content=\"Karina L\u00f3pez\" \/>\n<meta name=\"twitter:card\" content=\"summary_large_image\" \/>\n<meta name=\"twitter:creator\" content=\"@IPParaguay\" \/>\n<meta name=\"twitter:site\" content=\"@IPParaguay\" \/>\n<meta name=\"twitter:label1\" content=\"Escrito por\" \/>\n\t<meta name=\"twitter:data1\" content=\"Karina L\u00f3pez\" \/>\n\t<meta name=\"twitter:label2\" content=\"Tiempo de lectura\" \/>\n\t<meta name=\"twitter:data2\" content=\"2 minutos\" \/>\n<script type=\"application\/ld+json\" class=\"yoast-schema-graph\">{\"@context\":\"https:\\\/\\\/schema.org\",\"@graph\":[{\"@type\":\"Article\",\"@id\":\"https:\\\/\\\/www.ip.gov.py\\\/ip\\\/2017\\\/02\\\/04\\\/ajustan-detalles-para-la-reunion-bilateral-de-paraguay-y-la-union-europea\\\/#article\",\"isPartOf\":{\"@id\":\"https:\\\/\\\/www.ip.gov.py\\\/ip\\\/2017\\\/02\\\/04\\\/ajustan-detalles-para-la-reunion-bilateral-de-paraguay-y-la-union-europea\\\/\"},\"author\":{\"name\":\"Karina L\u00f3pez\",\"@id\":\"https:\\\/\\\/www.ip.gov.py\\\/ip\\\/#\\\/schema\\\/person\\\/613765cf13d420d448042e6802220539\"},\"headline\":\"Ajustan detalles para la reuni\u00f3n bilateral de Paraguay y la Uni\u00f3n Europea\",\"datePublished\":\"2017-02-04T11:50:50+00:00\",\"mainEntityOfPage\":{\"@id\":\"https:\\\/\\\/www.ip.gov.py\\\/ip\\\/2017\\\/02\\\/04\\\/ajustan-detalles-para-la-reunion-bilateral-de-paraguay-y-la-union-europea\\\/\"},\"wordCount\":365,\"publisher\":{\"@id\":\"https:\\\/\\\/www.ip.gov.py\\\/ip\\\/#organization\"},\"image\":{\"@id\":\"https:\\\/\\\/www.ip.gov.py\\\/ip\\\/2017\\\/02\\\/04\\\/ajustan-detalles-para-la-reunion-bilateral-de-paraguay-y-la-union-europea\\\/#primaryimage\"},\"thumbnailUrl\":\"https:\\\/\\\/www.ip.gov.py\\\/ip\\\/wp-content\\\/uploads\\\/2017\\\/02\\\/reunion-para-union-europea-y-paraguay.jpg\",\"articleSection\":[\"Pol\u00edtica\"],\"inLanguage\":\"es\"},{\"@type\":\"WebPage\",\"@id\":\"https:\\\/\\\/www.ip.gov.py\\\/ip\\\/2017\\\/02\\\/04\\\/ajustan-detalles-para-la-reunion-bilateral-de-paraguay-y-la-union-europea\\\/\",\"url\":\"https:\\\/\\\/www.ip.gov.py\\\/ip\\\/2017\\\/02\\\/04\\\/ajustan-detalles-para-la-reunion-bilateral-de-paraguay-y-la-union-europea\\\/\",\"name\":\"Ajustan detalles para la reuni\u00f3n bilateral de Paraguay y la Uni\u00f3n Europea - .::Agencia IP::.\",\"isPartOf\":{\"@id\":\"https:\\\/\\\/www.ip.gov.py\\\/ip\\\/#website\"},\"primaryImageOfPage\":{\"@id\":\"https:\\\/\\\/www.ip.gov.py\\\/ip\\\/2017\\\/02\\\/04\\\/ajustan-detalles-para-la-reunion-bilateral-de-paraguay-y-la-union-europea\\\/#primaryimage\"},\"image\":{\"@id\":\"https:\\\/\\\/www.ip.gov.py\\\/ip\\\/2017\\\/02\\\/04\\\/ajustan-detalles-para-la-reunion-bilateral-de-paraguay-y-la-union-europea\\\/#primaryimage\"},\"thumbnailUrl\":\"https:\\\/\\\/www.ip.gov.py\\\/ip\\\/wp-content\\\/uploads\\\/2017\\\/02\\\/reunion-para-union-europea-y-paraguay.jpg\",\"datePublished\":\"2017-02-04T11:50:50+00:00\",\"breadcrumb\":{\"@id\":\"https:\\\/\\\/www.ip.gov.py\\\/ip\\\/2017\\\/02\\\/04\\\/ajustan-detalles-para-la-reunion-bilateral-de-paraguay-y-la-union-europea\\\/#breadcrumb\"},\"inLanguage\":\"es\",\"potentialAction\":[{\"@type\":\"ReadAction\",\"target\":[\"https:\\\/\\\/www.ip.gov.py\\\/ip\\\/2017\\\/02\\\/04\\\/ajustan-detalles-para-la-reunion-bilateral-de-paraguay-y-la-union-europea\\\/\"]}]},{\"@type\":\"ImageObject\",\"inLanguage\":\"es\",\"@id\":\"https:\\\/\\\/www.ip.gov.py\\\/ip\\\/2017\\\/02\\\/04\\\/ajustan-detalles-para-la-reunion-bilateral-de-paraguay-y-la-union-europea\\\/#primaryimage\",\"url\":\"https:\\\/\\\/www.ip.gov.py\\\/ip\\\/wp-content\\\/uploads\\\/2017\\\/02\\\/reunion-para-union-europea-y-paraguay.jpg\",\"contentUrl\":\"https:\\\/\\\/www.ip.gov.py\\\/ip\\\/wp-content\\\/uploads\\\/2017\\\/02\\\/reunion-para-union-europea-y-paraguay.jpg\",\"width\":1028,\"height\":686,\"caption\":\"Autoridades de la Uni\u00f3n Europea y el Ministerio de Relaciones Exteriores coordinan agenda. Foto gentileza\\\/Canciller\u00eda\"},{\"@type\":\"BreadcrumbList\",\"@id\":\"https:\\\/\\\/www.ip.gov.py\\\/ip\\\/2017\\\/02\\\/04\\\/ajustan-detalles-para-la-reunion-bilateral-de-paraguay-y-la-union-europea\\\/#breadcrumb\",\"itemListElement\":[{\"@type\":\"ListItem\",\"position\":1,\"name\":\"Portada\",\"item\":\"https:\\\/\\\/www.ip.gov.py\\\/ip\\\/\"},{\"@type\":\"ListItem\",\"position\":2,\"name\":\"Ajustan detalles para la reuni\u00f3n bilateral de Paraguay y la Uni\u00f3n Europea\"}]},{\"@type\":\"WebSite\",\"@id\":\"https:\\\/\\\/www.ip.gov.py\\\/ip\\\/#website\",\"url\":\"https:\\\/\\\/www.ip.gov.py\\\/ip\\\/\",\"name\":\".::Agencia IP::.\",\"description\":\"\",\"publisher\":{\"@id\":\"https:\\\/\\\/www.ip.gov.py\\\/ip\\\/#organization\"},\"potentialAction\":[{\"@type\":\"SearchAction\",\"target\":{\"@type\":\"EntryPoint\",\"urlTemplate\":\"https:\\\/\\\/www.ip.gov.py\\\/ip\\\/?s={search_term_string}\"},\"query-input\":{\"@type\":\"PropertyValueSpecification\",\"valueRequired\":true,\"valueName\":\"search_term_string\"}}],\"inLanguage\":\"es\"},{\"@type\":\"Organization\",\"@id\":\"https:\\\/\\\/www.ip.gov.py\\\/ip\\\/#organization\",\"name\":\"Agencia IP\",\"url\":\"https:\\\/\\\/www.ip.gov.py\\\/ip\\\/\",\"logo\":{\"@type\":\"ImageObject\",\"inLanguage\":\"es\",\"@id\":\"https:\\\/\\\/www.ip.gov.py\\\/ip\\\/#\\\/schema\\\/logo\\\/image\\\/\",\"url\":\"https:\\\/\\\/www.ip.gov.py\\\/ip\\\/wp-content\\\/uploads\\\/2018\\\/01\\\/Agencia-IP.jpg\",\"contentUrl\":\"https:\\\/\\\/www.ip.gov.py\\\/ip\\\/wp-content\\\/uploads\\\/2018\\\/01\\\/Agencia-IP.jpg\",\"width\":150,\"height\":150,\"caption\":\"Agencia IP\"},\"image\":{\"@id\":\"https:\\\/\\\/www.ip.gov.py\\\/ip\\\/#\\\/schema\\\/logo\\\/image\\\/\"},\"sameAs\":[\"https:\\\/\\\/www.facebook.com\\\/IPParaguay\\\/\",\"https:\\\/\\\/x.com\\\/IPParaguay\",\"https:\\\/\\\/www.instagram.com\\\/IPParaguay\"]},{\"@type\":\"Person\",\"@id\":\"https:\\\/\\\/www.ip.gov.py\\\/ip\\\/#\\\/schema\\\/person\\\/613765cf13d420d448042e6802220539\",\"name\":\"Karina L\u00f3pez\",\"url\":\"https:\\\/\\\/www.ip.gov.py\\\/ip\\\/author\\\/klopez\\\/\"}]}<\/script>\n<!-- \/ Yoast SEO plugin. -->","yoast_head_json":{"title":"Ajustan detalles para la reuni\u00f3n bilateral de Paraguay y la Uni\u00f3n Europea - .::Agencia IP::.","robots":{"index":"index","follow":"follow","max-snippet":"max-snippet:-1","max-image-preview":"max-image-preview:large","max-video-preview":"max-video-preview:-1"},"canonical":"https:\/\/www.ip.gov.py\/ip\/2017\/02\/04\/ajustan-detalles-para-la-reunion-bilateral-de-paraguay-y-la-union-europea\/","og_locale":"es_ES","og_type":"article","og_title":"Ajustan detalles para la reuni\u00f3n bilateral de Paraguay y la Uni\u00f3n Europea - .::Agencia IP::.","og_description":"Asunci\u00f3n, IP.- Contin\u00faan los preparativos para la \u201cX Reuni\u00f3n de la Comisi\u00f3n Mixta Bilateral Paraguay &#8211; Uni\u00f3n Europea\u201d, que se realizar\u00e1 en marzo pr\u00f3ximo en Asunci\u00f3n. La jornada de coordinaci\u00f3n de la agenda, tuvo lugar este viernes en el Palacio Benigno L\u00f3pez, sede de la Canciller\u00eda Nacional.","og_url":"https:\/\/www.ip.gov.py\/ip\/2017\/02\/04\/ajustan-detalles-para-la-reunion-bilateral-de-paraguay-y-la-union-europea\/","og_site_name":".::Agencia IP::.","article_publisher":"https:\/\/www.facebook.com\/IPParaguay\/","article_published_time":"2017-02-04T11:50:50+00:00","og_image":[{"width":1028,"height":686,"url":"https:\/\/www.ip.gov.py\/ip\/wp-content\/uploads\/2017\/02\/reunion-para-union-europea-y-paraguay.jpg","type":"image\/jpeg"}],"author":"Karina L\u00f3pez","twitter_card":"summary_large_image","twitter_creator":"@IPParaguay","twitter_site":"@IPParaguay","twitter_misc":{"Escrito por":"Karina L\u00f3pez","Tiempo de lectura":"2 minutos"},"schema":{"@context":"https:\/\/schema.org","@graph":[{"@type":"Article","@id":"https:\/\/www.ip.gov.py\/ip\/2017\/02\/04\/ajustan-detalles-para-la-reunion-bilateral-de-paraguay-y-la-union-europea\/#article","isPartOf":{"@id":"https:\/\/www.ip.gov.py\/ip\/2017\/02\/04\/ajustan-detalles-para-la-reunion-bilateral-de-paraguay-y-la-union-europea\/"},"author":{"name":"Karina L\u00f3pez","@id":"https:\/\/www.ip.gov.py\/ip\/#\/schema\/person\/613765cf13d420d448042e6802220539"},"headline":"Ajustan detalles para la reuni\u00f3n bilateral de Paraguay y la Uni\u00f3n Europea","datePublished":"2017-02-04T11:50:50+00:00","mainEntityOfPage":{"@id":"https:\/\/www.ip.gov.py\/ip\/2017\/02\/04\/ajustan-detalles-para-la-reunion-bilateral-de-paraguay-y-la-union-europea\/"},"wordCount":365,"publisher":{"@id":"https:\/\/www.ip.gov.py\/ip\/#organization"},"image":{"@id":"https:\/\/www.ip.gov.py\/ip\/2017\/02\/04\/ajustan-detalles-para-la-reunion-bilateral-de-paraguay-y-la-union-europea\/#primaryimage"},"thumbnailUrl":"https:\/\/www.ip.gov.py\/ip\/wp-content\/uploads\/2017\/02\/reunion-para-union-europea-y-paraguay.jpg","articleSection":["Pol\u00edtica"],"inLanguage":"es"},{"@type":"WebPage","@id":"https:\/\/www.ip.gov.py\/ip\/2017\/02\/04\/ajustan-detalles-para-la-reunion-bilateral-de-paraguay-y-la-union-europea\/","url":"https:\/\/www.ip.gov.py\/ip\/2017\/02\/04\/ajustan-detalles-para-la-reunion-bilateral-de-paraguay-y-la-union-europea\/","name":"Ajustan detalles para la reuni\u00f3n bilateral de Paraguay y la Uni\u00f3n Europea - .::Agencia IP::.","isPartOf":{"@id":"https:\/\/www.ip.gov.py\/ip\/#website"},"primaryImageOfPage":{"@id":"https:\/\/www.ip.gov.py\/ip\/2017\/02\/04\/ajustan-detalles-para-la-reunion-bilateral-de-paraguay-y-la-union-europea\/#primaryimage"},"image":{"@id":"https:\/\/www.ip.gov.py\/ip\/2017\/02\/04\/ajustan-detalles-para-la-reunion-bilateral-de-paraguay-y-la-union-europea\/#primaryimage"},"thumbnailUrl":"https:\/\/www.ip.gov.py\/ip\/wp-content\/uploads\/2017\/02\/reunion-para-union-europea-y-paraguay.jpg","datePublished":"2017-02-04T11:50:50+00:00","breadcrumb":{"@id":"https:\/\/www.ip.gov.py\/ip\/2017\/02\/04\/ajustan-detalles-para-la-reunion-bilateral-de-paraguay-y-la-union-europea\/#breadcrumb"},"inLanguage":"es","potentialAction":[{"@type":"ReadAction","target":["https:\/\/www.ip.gov.py\/ip\/2017\/02\/04\/ajustan-detalles-para-la-reunion-bilateral-de-paraguay-y-la-union-europea\/"]}]},{"@type":"ImageObject","inLanguage":"es","@id":"https:\/\/www.ip.gov.py\/ip\/2017\/02\/04\/ajustan-detalles-para-la-reunion-bilateral-de-paraguay-y-la-union-europea\/#primaryimage","url":"https:\/\/www.ip.gov.py\/ip\/wp-content\/uploads\/2017\/02\/reunion-para-union-europea-y-paraguay.jpg","contentUrl":"https:\/\/www.ip.gov.py\/ip\/wp-content\/uploads\/2017\/02\/reunion-para-union-europea-y-paraguay.jpg","width":1028,"height":686,"caption":"Autoridades de la Uni\u00f3n Europea y el Ministerio de Relaciones Exteriores coordinan agenda. Foto gentileza\/Canciller\u00eda"},{"@type":"BreadcrumbList","@id":"https:\/\/www.ip.gov.py\/ip\/2017\/02\/04\/ajustan-detalles-para-la-reunion-bilateral-de-paraguay-y-la-union-europea\/#breadcrumb","itemListElement":[{"@type":"ListItem","position":1,"name":"Portada","item":"https:\/\/www.ip.gov.py\/ip\/"},{"@type":"ListItem","position":2,"name":"Ajustan detalles para la reuni\u00f3n bilateral de Paraguay y la Uni\u00f3n Europea"}]},{"@type":"WebSite","@id":"https:\/\/www.ip.gov.py\/ip\/#website","url":"https:\/\/www.ip.gov.py\/ip\/","name":".::Agencia IP::.","description":"","publisher":{"@id":"https:\/\/www.ip.gov.py\/ip\/#organization"},"potentialAction":[{"@type":"SearchAction","target":{"@type":"EntryPoint","urlTemplate":"https:\/\/www.ip.gov.py\/ip\/?s={search_term_string}"},"query-input":{"@type":"PropertyValueSpecification","valueRequired":true,"valueName":"search_term_string"}}],"inLanguage":"es"},{"@type":"Organization","@id":"https:\/\/www.ip.gov.py\/ip\/#organization","name":"Agencia IP","url":"https:\/\/www.ip.gov.py\/ip\/","logo":{"@type":"ImageObject","inLanguage":"es","@id":"https:\/\/www.ip.gov.py\/ip\/#\/schema\/logo\/image\/","url":"https:\/\/www.ip.gov.py\/ip\/wp-content\/uploads\/2018\/01\/Agencia-IP.jpg","contentUrl":"https:\/\/www.ip.gov.py\/ip\/wp-content\/uploads\/2018\/01\/Agencia-IP.jpg","width":150,"height":150,"caption":"Agencia IP"},"image":{"@id":"https:\/\/www.ip.gov.py\/ip\/#\/schema\/logo\/image\/"},"sameAs":["https:\/\/www.facebook.com\/IPParaguay\/","https:\/\/x.com\/IPParaguay","https:\/\/www.instagram.com\/IPParaguay"]},{"@type":"Person","@id":"https:\/\/www.ip.gov.py\/ip\/#\/schema\/person\/613765cf13d420d448042e6802220539","name":"Karina L\u00f3pez","url":"https:\/\/www.ip.gov.py\/ip\/author\/klopez\/"}]}},"_links":{"self":[{"href":"https:\/\/www.ip.gov.py\/ip\/wp-json\/wp\/v2\/posts\/142506","targetHints":{"allow":["GET"]}}],"collection":[{"href":"https:\/\/www.ip.gov.py\/ip\/wp-json\/wp\/v2\/posts"}],"about":[{"href":"https:\/\/www.ip.gov.py\/ip\/wp-json\/wp\/v2\/types\/post"}],"author":[{"embeddable":true,"href":"https:\/\/www.ip.gov.py\/ip\/wp-json\/wp\/v2\/users\/7"}],"replies":[{"embeddable":true,"href":"https:\/\/www.ip.gov.py\/ip\/wp-json\/wp\/v2\/comments?post=142506"}],"version-history":[{"count":0,"href":"https:\/\/www.ip.gov.py\/ip\/wp-json\/wp\/v2\/posts\/142506\/revisions"}],"wp:featuredmedia":[{"embeddable":true,"href":"https:\/\/www.ip.gov.py\/ip\/wp-json\/wp\/v2\/media\/142507"}],"wp:attachment":[{"href":"https:\/\/www.ip.gov.py\/ip\/wp-json\/wp\/v2\/media?parent=142506"}],"wp:term":[{"taxonomy":"category","embeddable":true,"href":"https:\/\/www.ip.gov.py\/ip\/wp-json\/wp\/v2\/categories?post=142506"},{"taxonomy":"post_tag","embeddable":true,"href":"https:\/\/www.ip.gov.py\/ip\/wp-json\/wp\/v2\/tags?post=142506"}],"curies":[{"name":"wp","href":"https:\/\/api.w.org\/{rel}","templated":true}]}}