{"id":143182,"date":"2017-02-07T20:14:19","date_gmt":"2017-02-07T23:14:19","guid":{"rendered":"http:\/\/desarrollo.ip.gov.py\/ip\/?p=143182"},"modified":"2017-02-10T15:37:02","modified_gmt":"2017-02-10T18:37:02","slug":"paraguay-sera-sede-de-encuentro-regional-para-definir-politicas-de-acceso-a-internet","status":"publish","type":"post","link":"https:\/\/www.ip.gov.py\/ip\/2017\/02\/07\/paraguay-sera-sede-de-encuentro-regional-para-definir-politicas-de-acceso-a-internet\/","title":{"rendered":"Paraguay ser\u00e1 sede de encuentro regional para definir pol\u00edticas de acceso a internet"},"content":{"rendered":"<p style=\"text-align: justify;\"><strong><em>Asunci\u00f3n, IP.- <\/em><\/strong>Paraguay ser\u00e1 sede de una reuni\u00f3n preparatoria a nivel latinoamericano para la Conferencia Mundial de Telecomunicaciones, donde se tomar\u00e1n decisiones a nivel global para un acceso de internet que mejore la calidad de vida de las personas.<!--more--><\/p>\n<p style=\"text-align: justify;\">En el encuentro preparatorio se analizar\u00e1 la implementaci\u00f3n del protocolo de internet en su 6ta versi\u00f3n (IPv6), con lo que se espera una mejor experiencia del usuario.<\/p>\n<p style=\"text-align: justify;\">Al respecto, la Lacnic es la organizaci\u00f3n que supervisa la asignaci\u00f3n y el registro de recursos de n\u00fameros de internet para la regi\u00f3n de Am\u00e9rica Latina y el Caribe. Su director, Oscar Robles, se\u00f1al\u00f3 a Radio Nacional del Paraguay, que el encuentro a realizarse a finales de febrero es de gran importancia para la regi\u00f3n ya que se definir\u00e1n los pr\u00f3ximos cambios en la industria de telecomunicaciones con la presencia de los m\u00e1s importantes representantes de Latinoam\u00e9rica.<\/p>\n<p style=\"text-align: justify;\">\u201cLa idea es que las empresas ofrezcan ese internet con esa direcci\u00f3n (IPv6) y se pueda hacer realidad\u201d, pero se\u00f1al\u00f3 que \u201csi no se hace algo para que empiece a mover, el sue\u00f1o de aparatos inteligentes no va a llegar, por eso es necesario urgir\u00a0 a los representantes de los pa\u00edses para que pongan atenci\u00f3n sobre estos temas\u201d.<\/p>\n<p style=\"text-align: justify;\">La nueva versi\u00f3n del Protocolo de Internet (IP) busca asignar direcciones para la transmisi\u00f3n de datos a celdas telef\u00f3nicas y aparatos m\u00f3viles, con lo que aparatos de uso diario contar\u00e1n con sus propios protocolos de transporte de datos.<\/p>\n<p style=\"text-align: justify;\">Esto trae la innovaci\u00f3n en el mercado del \u201cinternet de las cosas\u201d, o <em>internet of things <\/em>\u00a0como es conocido en Estados Unidos, pa\u00eds en el que se est\u00e1 implementando de a poco. \u201cMiles de dispositivos necesitan del internet, ya\u00a0 que tienen decenas de sensores y\u00a0 est\u00e1n conectados permanentemente a la se\u00f1al para brindar soluciones industriales, soluciones al tr\u00e1fico de la ciudad, dispositivos m\u00e9dicos, para consumo en la casa con refrigeradores que te avisan que se acab\u00f3 la leche, por ejemplo\u201d, explic\u00f3 Robles.<\/p>\n<p style=\"text-align: justify;\">Otro de los cambios que se pretende generar desde la regi\u00f3n es la posibilidad de que cada vez m\u00e1s personas de Latinoam\u00e9rica tengan acceso a la banda ancha, con una mayor velocidad y otros servicios como videos voz sobre IP.<\/p>\n<p style=\"text-align: justify;\">Sobre la Conferencia Mundial de Telecomunicaciones, explic\u00f3, que cada a\u00f1o\u00a0se re\u00fanen los ministerios de telecomunicaciones de cada pa\u00eds para tomar decisiones relacionadas a las industrias y al desarrollo de\u00a0 las comunicaciones. \u201cEstas decisiones se hacen de forma regional y\u00a0 se toman acciones en base a intereses de cada regi\u00f3n\u201d dijo el representante del organismo a cargo para Latinoam\u00e9rica y el Caribe.<\/p>\n<p style=\"text-align: justify;\">Desde el Lacnic existen puntos en com\u00fan con la conferencia mundial en lo que hace al desarrollo de las telecomunicaciones y el internet. \u201cLa importancia de este encuentro es justamente llegar a principios de acuerdo, sobre ciertos puntos fundamentales para un desarrollo adecuado y redunde en beneficio de la sociedad y no solo innovaci\u00f3n tecnol\u00f3gica\u201d, se\u00f1al\u00f3 el experto.<\/p>\n<p style=\"text-align: justify;\">Robles llega al Paraguay y participar\u00e1 de dos eventos, en primer lugar la reuni\u00f3n preparatoria Regional de la Comisi\u00f3n para las Am\u00e9ricas, entre el 22 y el 24 febrero, y por otro lado, la realizaci\u00f3n del\u00a0 IV Taller Regional de Regulaci\u00f3n de Telecomunicaciones, el 20 febrero en el Hotel Sheraton de Asunci\u00f3n.<\/p>\n","protected":false},"excerpt":{"rendered":"<p>Asunci\u00f3n, IP.- Paraguay ser\u00e1 sede de una reuni\u00f3n preparatoria a nivel latinoamericano para la Conferencia Mundial de Telecomunicaciones, donde se tomar\u00e1n decisiones a nivel global para un acceso de internet que mejore la calidad de vida de las personas.<\/p>\n","protected":false},"author":22,"featured_media":143183,"comment_status":"closed","ping_status":"closed","sticky":false,"template":"","format":"standard","meta":{"_monsterinsights_skip_tracking":false,"_monsterinsights_sitenote_active":false,"_monsterinsights_sitenote_note":"","_monsterinsights_sitenote_category":0,"footnotes":""},"categories":[4],"tags":[],"class_list":{"0":"post-143182","1":"post","2":"type-post","3":"status-publish","4":"format-standard","5":"has-post-thumbnail","7":"category-nacionales"},"yoast_head":"<!-- This site is optimized with the Yoast SEO plugin v27.5 - https:\/\/yoast.com\/product\/yoast-seo-wordpress\/ -->\n<title>Paraguay ser\u00e1 sede de encuentro regional para definir pol\u00edticas de acceso a internet - .::Agencia IP::.<\/title>\n<meta name=\"robots\" content=\"index, follow, max-snippet:-1, max-image-preview:large, max-video-preview:-1\" \/>\n<link rel=\"canonical\" href=\"https:\/\/www.ip.gov.py\/ip\/2017\/02\/07\/paraguay-sera-sede-de-encuentro-regional-para-definir-politicas-de-acceso-a-internet\/\" \/>\n<meta property=\"og:locale\" content=\"es_ES\" \/>\n<meta property=\"og:type\" content=\"article\" \/>\n<meta property=\"og:title\" content=\"Paraguay ser\u00e1 sede de encuentro regional para definir pol\u00edticas de acceso a internet - .::Agencia IP::.\" \/>\n<meta property=\"og:description\" content=\"Asunci\u00f3n, IP.- Paraguay ser\u00e1 sede de una reuni\u00f3n preparatoria a nivel latinoamericano para la Conferencia Mundial de Telecomunicaciones, donde se tomar\u00e1n decisiones a nivel global para un acceso de internet que mejore la calidad de vida de las personas.\" \/>\n<meta property=\"og:url\" content=\"https:\/\/www.ip.gov.py\/ip\/2017\/02\/07\/paraguay-sera-sede-de-encuentro-regional-para-definir-politicas-de-acceso-a-internet\/\" \/>\n<meta property=\"og:site_name\" content=\".::Agencia IP::.\" \/>\n<meta property=\"article:publisher\" content=\"https:\/\/www.facebook.com\/IPParaguay\/\" \/>\n<meta property=\"article:published_time\" content=\"2017-02-07T23:14:19+00:00\" \/>\n<meta property=\"article:modified_time\" content=\"2017-02-10T18:37:02+00:00\" \/>\n<meta property=\"og:image\" content=\"https:\/\/www.ip.gov.py\/ip\/wp-content\/uploads\/2017\/02\/oscar-robles-lacnic-internet.jpg\" \/>\n\t<meta property=\"og:image:width\" content=\"533\" \/>\n\t<meta property=\"og:image:height\" content=\"800\" \/>\n\t<meta property=\"og:image:type\" content=\"image\/jpeg\" \/>\n<meta name=\"author\" content=\"Alberto C\" \/>\n<meta name=\"twitter:card\" content=\"summary_large_image\" \/>\n<meta name=\"twitter:creator\" content=\"@IPParaguay\" \/>\n<meta name=\"twitter:site\" content=\"@IPParaguay\" \/>\n<meta name=\"twitter:label1\" content=\"Escrito por\" \/>\n\t<meta name=\"twitter:data1\" content=\"Alberto C\" \/>\n\t<meta name=\"twitter:label2\" content=\"Tiempo de lectura\" \/>\n\t<meta name=\"twitter:data2\" content=\"3 minutos\" \/>\n<script type=\"application\/ld+json\" class=\"yoast-schema-graph\">{\"@context\":\"https:\\\/\\\/schema.org\",\"@graph\":[{\"@type\":\"Article\",\"@id\":\"https:\\\/\\\/www.ip.gov.py\\\/ip\\\/2017\\\/02\\\/07\\\/paraguay-sera-sede-de-encuentro-regional-para-definir-politicas-de-acceso-a-internet\\\/#article\",\"isPartOf\":{\"@id\":\"https:\\\/\\\/www.ip.gov.py\\\/ip\\\/2017\\\/02\\\/07\\\/paraguay-sera-sede-de-encuentro-regional-para-definir-politicas-de-acceso-a-internet\\\/\"},\"author\":{\"name\":\"Alberto C\",\"@id\":\"https:\\\/\\\/www.ip.gov.py\\\/ip\\\/#\\\/schema\\\/person\\\/369fedd28420fad35e23b10a9df16fb8\"},\"headline\":\"Paraguay ser\u00e1 sede de encuentro regional para definir pol\u00edticas de acceso a internet\",\"datePublished\":\"2017-02-07T23:14:19+00:00\",\"dateModified\":\"2017-02-10T18:37:02+00:00\",\"mainEntityOfPage\":{\"@id\":\"https:\\\/\\\/www.ip.gov.py\\\/ip\\\/2017\\\/02\\\/07\\\/paraguay-sera-sede-de-encuentro-regional-para-definir-politicas-de-acceso-a-internet\\\/\"},\"wordCount\":595,\"publisher\":{\"@id\":\"https:\\\/\\\/www.ip.gov.py\\\/ip\\\/#organization\"},\"image\":{\"@id\":\"https:\\\/\\\/www.ip.gov.py\\\/ip\\\/2017\\\/02\\\/07\\\/paraguay-sera-sede-de-encuentro-regional-para-definir-politicas-de-acceso-a-internet\\\/#primaryimage\"},\"thumbnailUrl\":\"https:\\\/\\\/www.ip.gov.py\\\/ip\\\/wp-content\\\/uploads\\\/2017\\\/02\\\/oscar-robles-lacnic-internet.jpg\",\"articleSection\":[\"Nacionales\"],\"inLanguage\":\"es\"},{\"@type\":\"WebPage\",\"@id\":\"https:\\\/\\\/www.ip.gov.py\\\/ip\\\/2017\\\/02\\\/07\\\/paraguay-sera-sede-de-encuentro-regional-para-definir-politicas-de-acceso-a-internet\\\/\",\"url\":\"https:\\\/\\\/www.ip.gov.py\\\/ip\\\/2017\\\/02\\\/07\\\/paraguay-sera-sede-de-encuentro-regional-para-definir-politicas-de-acceso-a-internet\\\/\",\"name\":\"Paraguay ser\u00e1 sede de encuentro regional para definir pol\u00edticas de acceso a internet - .::Agencia IP::.\",\"isPartOf\":{\"@id\":\"https:\\\/\\\/www.ip.gov.py\\\/ip\\\/#website\"},\"primaryImageOfPage\":{\"@id\":\"https:\\\/\\\/www.ip.gov.py\\\/ip\\\/2017\\\/02\\\/07\\\/paraguay-sera-sede-de-encuentro-regional-para-definir-politicas-de-acceso-a-internet\\\/#primaryimage\"},\"image\":{\"@id\":\"https:\\\/\\\/www.ip.gov.py\\\/ip\\\/2017\\\/02\\\/07\\\/paraguay-sera-sede-de-encuentro-regional-para-definir-politicas-de-acceso-a-internet\\\/#primaryimage\"},\"thumbnailUrl\":\"https:\\\/\\\/www.ip.gov.py\\\/ip\\\/wp-content\\\/uploads\\\/2017\\\/02\\\/oscar-robles-lacnic-internet.jpg\",\"datePublished\":\"2017-02-07T23:14:19+00:00\",\"dateModified\":\"2017-02-10T18:37:02+00:00\",\"breadcrumb\":{\"@id\":\"https:\\\/\\\/www.ip.gov.py\\\/ip\\\/2017\\\/02\\\/07\\\/paraguay-sera-sede-de-encuentro-regional-para-definir-politicas-de-acceso-a-internet\\\/#breadcrumb\"},\"inLanguage\":\"es\",\"potentialAction\":[{\"@type\":\"ReadAction\",\"target\":[\"https:\\\/\\\/www.ip.gov.py\\\/ip\\\/2017\\\/02\\\/07\\\/paraguay-sera-sede-de-encuentro-regional-para-definir-politicas-de-acceso-a-internet\\\/\"]}]},{\"@type\":\"ImageObject\",\"inLanguage\":\"es\",\"@id\":\"https:\\\/\\\/www.ip.gov.py\\\/ip\\\/2017\\\/02\\\/07\\\/paraguay-sera-sede-de-encuentro-regional-para-definir-politicas-de-acceso-a-internet\\\/#primaryimage\",\"url\":\"https:\\\/\\\/www.ip.gov.py\\\/ip\\\/wp-content\\\/uploads\\\/2017\\\/02\\\/oscar-robles-lacnic-internet.jpg\",\"contentUrl\":\"https:\\\/\\\/www.ip.gov.py\\\/ip\\\/wp-content\\\/uploads\\\/2017\\\/02\\\/oscar-robles-lacnic-internet.jpg\",\"width\":533,\"height\":800,\"caption\":\"El director ejecutivo del Lacnic, Oscar Robles. Foto gentileza.\"},{\"@type\":\"BreadcrumbList\",\"@id\":\"https:\\\/\\\/www.ip.gov.py\\\/ip\\\/2017\\\/02\\\/07\\\/paraguay-sera-sede-de-encuentro-regional-para-definir-politicas-de-acceso-a-internet\\\/#breadcrumb\",\"itemListElement\":[{\"@type\":\"ListItem\",\"position\":1,\"name\":\"Portada\",\"item\":\"https:\\\/\\\/www.ip.gov.py\\\/ip\\\/\"},{\"@type\":\"ListItem\",\"position\":2,\"name\":\"Paraguay ser\u00e1 sede de encuentro regional para definir pol\u00edticas de acceso a internet\"}]},{\"@type\":\"WebSite\",\"@id\":\"https:\\\/\\\/www.ip.gov.py\\\/ip\\\/#website\",\"url\":\"https:\\\/\\\/www.ip.gov.py\\\/ip\\\/\",\"name\":\".::Agencia IP::.\",\"description\":\"\",\"publisher\":{\"@id\":\"https:\\\/\\\/www.ip.gov.py\\\/ip\\\/#organization\"},\"potentialAction\":[{\"@type\":\"SearchAction\",\"target\":{\"@type\":\"EntryPoint\",\"urlTemplate\":\"https:\\\/\\\/www.ip.gov.py\\\/ip\\\/?s={search_term_string}\"},\"query-input\":{\"@type\":\"PropertyValueSpecification\",\"valueRequired\":true,\"valueName\":\"search_term_string\"}}],\"inLanguage\":\"es\"},{\"@type\":\"Organization\",\"@id\":\"https:\\\/\\\/www.ip.gov.py\\\/ip\\\/#organization\",\"name\":\"Agencia IP\",\"url\":\"https:\\\/\\\/www.ip.gov.py\\\/ip\\\/\",\"logo\":{\"@type\":\"ImageObject\",\"inLanguage\":\"es\",\"@id\":\"https:\\\/\\\/www.ip.gov.py\\\/ip\\\/#\\\/schema\\\/logo\\\/image\\\/\",\"url\":\"https:\\\/\\\/www.ip.gov.py\\\/ip\\\/wp-content\\\/uploads\\\/2018\\\/01\\\/Agencia-IP.jpg\",\"contentUrl\":\"https:\\\/\\\/www.ip.gov.py\\\/ip\\\/wp-content\\\/uploads\\\/2018\\\/01\\\/Agencia-IP.jpg\",\"width\":150,\"height\":150,\"caption\":\"Agencia IP\"},\"image\":{\"@id\":\"https:\\\/\\\/www.ip.gov.py\\\/ip\\\/#\\\/schema\\\/logo\\\/image\\\/\"},\"sameAs\":[\"https:\\\/\\\/www.facebook.com\\\/IPParaguay\\\/\",\"https:\\\/\\\/x.com\\\/IPParaguay\",\"https:\\\/\\\/www.instagram.com\\\/IPParaguay\"]},{\"@type\":\"Person\",\"@id\":\"https:\\\/\\\/www.ip.gov.py\\\/ip\\\/#\\\/schema\\\/person\\\/369fedd28420fad35e23b10a9df16fb8\",\"name\":\"Alberto C\",\"sameAs\":[\"https:\\\/\\\/www.ip.gov.py\"],\"url\":\"https:\\\/\\\/www.ip.gov.py\\\/ip\\\/author\\\/acelma\\\/\"}]}<\/script>\n<!-- \/ Yoast SEO plugin. -->","yoast_head_json":{"title":"Paraguay ser\u00e1 sede de encuentro regional para definir pol\u00edticas de acceso a internet - .::Agencia IP::.","robots":{"index":"index","follow":"follow","max-snippet":"max-snippet:-1","max-image-preview":"max-image-preview:large","max-video-preview":"max-video-preview:-1"},"canonical":"https:\/\/www.ip.gov.py\/ip\/2017\/02\/07\/paraguay-sera-sede-de-encuentro-regional-para-definir-politicas-de-acceso-a-internet\/","og_locale":"es_ES","og_type":"article","og_title":"Paraguay ser\u00e1 sede de encuentro regional para definir pol\u00edticas de acceso a internet - .::Agencia IP::.","og_description":"Asunci\u00f3n, IP.- Paraguay ser\u00e1 sede de una reuni\u00f3n preparatoria a nivel latinoamericano para la Conferencia Mundial de Telecomunicaciones, donde se tomar\u00e1n decisiones a nivel global para un acceso de internet que mejore la calidad de vida de las personas.","og_url":"https:\/\/www.ip.gov.py\/ip\/2017\/02\/07\/paraguay-sera-sede-de-encuentro-regional-para-definir-politicas-de-acceso-a-internet\/","og_site_name":".::Agencia IP::.","article_publisher":"https:\/\/www.facebook.com\/IPParaguay\/","article_published_time":"2017-02-07T23:14:19+00:00","article_modified_time":"2017-02-10T18:37:02+00:00","og_image":[{"width":533,"height":800,"url":"https:\/\/www.ip.gov.py\/ip\/wp-content\/uploads\/2017\/02\/oscar-robles-lacnic-internet.jpg","type":"image\/jpeg"}],"author":"Alberto C","twitter_card":"summary_large_image","twitter_creator":"@IPParaguay","twitter_site":"@IPParaguay","twitter_misc":{"Escrito por":"Alberto C","Tiempo de lectura":"3 minutos"},"schema":{"@context":"https:\/\/schema.org","@graph":[{"@type":"Article","@id":"https:\/\/www.ip.gov.py\/ip\/2017\/02\/07\/paraguay-sera-sede-de-encuentro-regional-para-definir-politicas-de-acceso-a-internet\/#article","isPartOf":{"@id":"https:\/\/www.ip.gov.py\/ip\/2017\/02\/07\/paraguay-sera-sede-de-encuentro-regional-para-definir-politicas-de-acceso-a-internet\/"},"author":{"name":"Alberto C","@id":"https:\/\/www.ip.gov.py\/ip\/#\/schema\/person\/369fedd28420fad35e23b10a9df16fb8"},"headline":"Paraguay ser\u00e1 sede de encuentro regional para definir pol\u00edticas de acceso a internet","datePublished":"2017-02-07T23:14:19+00:00","dateModified":"2017-02-10T18:37:02+00:00","mainEntityOfPage":{"@id":"https:\/\/www.ip.gov.py\/ip\/2017\/02\/07\/paraguay-sera-sede-de-encuentro-regional-para-definir-politicas-de-acceso-a-internet\/"},"wordCount":595,"publisher":{"@id":"https:\/\/www.ip.gov.py\/ip\/#organization"},"image":{"@id":"https:\/\/www.ip.gov.py\/ip\/2017\/02\/07\/paraguay-sera-sede-de-encuentro-regional-para-definir-politicas-de-acceso-a-internet\/#primaryimage"},"thumbnailUrl":"https:\/\/www.ip.gov.py\/ip\/wp-content\/uploads\/2017\/02\/oscar-robles-lacnic-internet.jpg","articleSection":["Nacionales"],"inLanguage":"es"},{"@type":"WebPage","@id":"https:\/\/www.ip.gov.py\/ip\/2017\/02\/07\/paraguay-sera-sede-de-encuentro-regional-para-definir-politicas-de-acceso-a-internet\/","url":"https:\/\/www.ip.gov.py\/ip\/2017\/02\/07\/paraguay-sera-sede-de-encuentro-regional-para-definir-politicas-de-acceso-a-internet\/","name":"Paraguay ser\u00e1 sede de encuentro regional para definir pol\u00edticas de acceso a internet - .::Agencia IP::.","isPartOf":{"@id":"https:\/\/www.ip.gov.py\/ip\/#website"},"primaryImageOfPage":{"@id":"https:\/\/www.ip.gov.py\/ip\/2017\/02\/07\/paraguay-sera-sede-de-encuentro-regional-para-definir-politicas-de-acceso-a-internet\/#primaryimage"},"image":{"@id":"https:\/\/www.ip.gov.py\/ip\/2017\/02\/07\/paraguay-sera-sede-de-encuentro-regional-para-definir-politicas-de-acceso-a-internet\/#primaryimage"},"thumbnailUrl":"https:\/\/www.ip.gov.py\/ip\/wp-content\/uploads\/2017\/02\/oscar-robles-lacnic-internet.jpg","datePublished":"2017-02-07T23:14:19+00:00","dateModified":"2017-02-10T18:37:02+00:00","breadcrumb":{"@id":"https:\/\/www.ip.gov.py\/ip\/2017\/02\/07\/paraguay-sera-sede-de-encuentro-regional-para-definir-politicas-de-acceso-a-internet\/#breadcrumb"},"inLanguage":"es","potentialAction":[{"@type":"ReadAction","target":["https:\/\/www.ip.gov.py\/ip\/2017\/02\/07\/paraguay-sera-sede-de-encuentro-regional-para-definir-politicas-de-acceso-a-internet\/"]}]},{"@type":"ImageObject","inLanguage":"es","@id":"https:\/\/www.ip.gov.py\/ip\/2017\/02\/07\/paraguay-sera-sede-de-encuentro-regional-para-definir-politicas-de-acceso-a-internet\/#primaryimage","url":"https:\/\/www.ip.gov.py\/ip\/wp-content\/uploads\/2017\/02\/oscar-robles-lacnic-internet.jpg","contentUrl":"https:\/\/www.ip.gov.py\/ip\/wp-content\/uploads\/2017\/02\/oscar-robles-lacnic-internet.jpg","width":533,"height":800,"caption":"El director ejecutivo del Lacnic, Oscar Robles. Foto gentileza."},{"@type":"BreadcrumbList","@id":"https:\/\/www.ip.gov.py\/ip\/2017\/02\/07\/paraguay-sera-sede-de-encuentro-regional-para-definir-politicas-de-acceso-a-internet\/#breadcrumb","itemListElement":[{"@type":"ListItem","position":1,"name":"Portada","item":"https:\/\/www.ip.gov.py\/ip\/"},{"@type":"ListItem","position":2,"name":"Paraguay ser\u00e1 sede de encuentro regional para definir pol\u00edticas de acceso a internet"}]},{"@type":"WebSite","@id":"https:\/\/www.ip.gov.py\/ip\/#website","url":"https:\/\/www.ip.gov.py\/ip\/","name":".::Agencia IP::.","description":"","publisher":{"@id":"https:\/\/www.ip.gov.py\/ip\/#organization"},"potentialAction":[{"@type":"SearchAction","target":{"@type":"EntryPoint","urlTemplate":"https:\/\/www.ip.gov.py\/ip\/?s={search_term_string}"},"query-input":{"@type":"PropertyValueSpecification","valueRequired":true,"valueName":"search_term_string"}}],"inLanguage":"es"},{"@type":"Organization","@id":"https:\/\/www.ip.gov.py\/ip\/#organization","name":"Agencia IP","url":"https:\/\/www.ip.gov.py\/ip\/","logo":{"@type":"ImageObject","inLanguage":"es","@id":"https:\/\/www.ip.gov.py\/ip\/#\/schema\/logo\/image\/","url":"https:\/\/www.ip.gov.py\/ip\/wp-content\/uploads\/2018\/01\/Agencia-IP.jpg","contentUrl":"https:\/\/www.ip.gov.py\/ip\/wp-content\/uploads\/2018\/01\/Agencia-IP.jpg","width":150,"height":150,"caption":"Agencia IP"},"image":{"@id":"https:\/\/www.ip.gov.py\/ip\/#\/schema\/logo\/image\/"},"sameAs":["https:\/\/www.facebook.com\/IPParaguay\/","https:\/\/x.com\/IPParaguay","https:\/\/www.instagram.com\/IPParaguay"]},{"@type":"Person","@id":"https:\/\/www.ip.gov.py\/ip\/#\/schema\/person\/369fedd28420fad35e23b10a9df16fb8","name":"Alberto C","sameAs":["https:\/\/www.ip.gov.py"],"url":"https:\/\/www.ip.gov.py\/ip\/author\/acelma\/"}]}},"_links":{"self":[{"href":"https:\/\/www.ip.gov.py\/ip\/wp-json\/wp\/v2\/posts\/143182","targetHints":{"allow":["GET"]}}],"collection":[{"href":"https:\/\/www.ip.gov.py\/ip\/wp-json\/wp\/v2\/posts"}],"about":[{"href":"https:\/\/www.ip.gov.py\/ip\/wp-json\/wp\/v2\/types\/post"}],"author":[{"embeddable":true,"href":"https:\/\/www.ip.gov.py\/ip\/wp-json\/wp\/v2\/users\/22"}],"replies":[{"embeddable":true,"href":"https:\/\/www.ip.gov.py\/ip\/wp-json\/wp\/v2\/comments?post=143182"}],"version-history":[{"count":0,"href":"https:\/\/www.ip.gov.py\/ip\/wp-json\/wp\/v2\/posts\/143182\/revisions"}],"wp:featuredmedia":[{"embeddable":true,"href":"https:\/\/www.ip.gov.py\/ip\/wp-json\/wp\/v2\/media\/143183"}],"wp:attachment":[{"href":"https:\/\/www.ip.gov.py\/ip\/wp-json\/wp\/v2\/media?parent=143182"}],"wp:term":[{"taxonomy":"category","embeddable":true,"href":"https:\/\/www.ip.gov.py\/ip\/wp-json\/wp\/v2\/categories?post=143182"},{"taxonomy":"post_tag","embeddable":true,"href":"https:\/\/www.ip.gov.py\/ip\/wp-json\/wp\/v2\/tags?post=143182"}],"curies":[{"name":"wp","href":"https:\/\/api.w.org\/{rel}","templated":true}]}}