{"id":144469,"date":"2017-02-15T20:24:05","date_gmt":"2017-02-15T23:24:05","guid":{"rendered":"http:\/\/desarrollo.ip.gov.py\/ip\/?p=144469"},"modified":"2017-02-15T20:35:15","modified_gmt":"2017-02-15T23:35:15","slug":"rusia-afirma-que-no-devolvera-crimea-a-ucrania","status":"publish","type":"post","link":"https:\/\/www.ip.gov.py\/ip\/2017\/02\/15\/rusia-afirma-que-no-devolvera-crimea-a-ucrania\/","title":{"rendered":"Rusia afirma que no devolver\u00e1 Crimea a Ucrania"},"content":{"rendered":"<p style=\"text-align: justify;\"><strong><em>Asunci\u00f3n, IP.- <\/em><\/strong>\u00a0El Gobierno de Rusia afirm\u00f3 este mi\u00e9rcoles que no devolver\u00e1 la pen\u00ednsula de Crimea a Ucrania, luego de su anexaci\u00f3n en el 2014, por considerar que forma parte de su territorio y que no puede renunciar a su soberan\u00eda. <!--more--><\/p>\n<p style=\"text-align: justify;\">El mensaje llego a trav\u00e9s del Ministerio de Relaciones Exteriores Ruso, cuya portavoz, Mar\u00eda Zaj\u00e1rova, afirm\u00f3 que Rusia \u201cno devolver\u00e1 territorio propio\u201d. Dicho anuncio fue motivado por declaraciones de que el gobierno de Trump espera que Rusia renuncie al control que ejerce sobre la pen\u00ednsula.<\/p>\n<p style=\"text-align: justify;\">Este territorio forma parte de Rusia luego de la crisis pol\u00edtica en Ucrania tras la destituci\u00f3n del ex presidente Viktor Yanukovych en febrero de 2014, algo que Rusia considera un golpe de Estado.<\/p>\n<p style=\"text-align: justify;\">Las posteriores manifestaciones pro-rusas de sectores de la poblaci\u00f3n de la provincia y choques con fuerzas de seguridad del nuevo gobierno, llevaron a Rusia a intervenir militarmente la provincia que finalmente fue anexada a su territorio con la realizaci\u00f3n de un referendo, que no es reconocido por la comunidad internacional.<\/p>\n<p style=\"text-align: justify;\">El gobierno actual de Ucrania afirma que el referendo fue una farsa realizada a punta de pistola y sostiene que la destituci\u00f3n del ex presidente Yanukovych fue una manifestaci\u00f3n del poder popular, por tanto Mosc\u00fa deber\u00eda devolver Crimea.<\/p>\n<p style=\"text-align: justify;\">La anexi\u00f3n de Crimea llev\u00f3 a Estados Unidos y a la Uni\u00f3n Europea a imponer sanciones contra Rusia, lo que coloc\u00f3 a las relaciones occidentales con el Kremlin en su peor nivel desde la Guerra Fr\u00eda, se\u00f1al\u00f3 la agencia Reuters.<\/p>\n<p style=\"text-align: justify;\">Al ser consultado sobre la situaci\u00f3n, el portavoz del Kremlin, Dmitry Peskov, dijo que el presidente Vladimir Putin ya explic\u00f3 por qu\u00e9 la gente de Crimea recurri\u00f3 a Rusia, contin\u00faa el informe de Reuters.<\/p>\n<p style=\"text-align: justify;\">\u00abEl tema de devolver a Crimea no ser\u00e1 discutido (&#8230;) Rusia no discute sobre su integridad territorial con socios extranjeros\u00bb, afirm\u00f3 Peskov en una teleconferencia con periodistas.<\/p>\n","protected":false},"excerpt":{"rendered":"<p>Asunci\u00f3n, IP.- \u00a0El Gobierno de Rusia afirm\u00f3 este mi\u00e9rcoles que no devolver\u00e1 la pen\u00ednsula de Crimea a Ucrania, luego de su anexaci\u00f3n en el 2014, por considerar que forma parte de su territorio y que no puede renunciar a su soberan\u00eda.<\/p>\n","protected":false},"author":22,"featured_media":144470,"comment_status":"closed","ping_status":"closed","sticky":false,"template":"","format":"standard","meta":{"_monsterinsights_skip_tracking":false,"_monsterinsights_sitenote_active":false,"_monsterinsights_sitenote_note":"","_monsterinsights_sitenote_category":0,"footnotes":""},"categories":[5],"tags":[],"class_list":{"0":"post-144469","1":"post","2":"type-post","3":"status-publish","4":"format-standard","5":"has-post-thumbnail","7":"category-internacionales"},"yoast_head":"<!-- This site is optimized with the Yoast SEO plugin v27.4 - https:\/\/yoast.com\/product\/yoast-seo-wordpress\/ -->\n<title>Rusia afirma que no devolver\u00e1 Crimea a Ucrania - .::Agencia IP::.<\/title>\n<meta name=\"robots\" content=\"index, follow, max-snippet:-1, max-image-preview:large, max-video-preview:-1\" \/>\n<link rel=\"canonical\" href=\"https:\/\/www.ip.gov.py\/ip\/2017\/02\/15\/rusia-afirma-que-no-devolvera-crimea-a-ucrania\/\" \/>\n<meta property=\"og:locale\" content=\"es_ES\" \/>\n<meta property=\"og:type\" content=\"article\" \/>\n<meta property=\"og:title\" content=\"Rusia afirma que no devolver\u00e1 Crimea a Ucrania - .::Agencia IP::.\" \/>\n<meta property=\"og:description\" content=\"Asunci\u00f3n, IP.- \u00a0El Gobierno de Rusia afirm\u00f3 este mi\u00e9rcoles que no devolver\u00e1 la pen\u00ednsula de Crimea a Ucrania, luego de su anexaci\u00f3n en el 2014, por considerar que forma parte de su territorio y que no puede renunciar a su soberan\u00eda.\" \/>\n<meta property=\"og:url\" content=\"https:\/\/www.ip.gov.py\/ip\/2017\/02\/15\/rusia-afirma-que-no-devolvera-crimea-a-ucrania\/\" \/>\n<meta property=\"og:site_name\" content=\".::Agencia IP::.\" \/>\n<meta property=\"article:publisher\" content=\"https:\/\/www.facebook.com\/IPParaguay\/\" \/>\n<meta property=\"article:published_time\" content=\"2017-02-15T23:24:05+00:00\" \/>\n<meta property=\"article:modified_time\" content=\"2017-02-15T23:35:15+00:00\" \/>\n<meta property=\"og:image\" content=\"https:\/\/www.ip.gov.py\/ip\/wp-content\/uploads\/2017\/02\/crimea-submarino-ruso-reuters.jpg\" \/>\n\t<meta property=\"og:image:width\" content=\"780\" \/>\n\t<meta property=\"og:image:height\" content=\"485\" \/>\n\t<meta property=\"og:image:type\" content=\"image\/jpeg\" \/>\n<meta name=\"author\" content=\"Alberto C\" \/>\n<meta name=\"twitter:card\" content=\"summary_large_image\" \/>\n<meta name=\"twitter:creator\" content=\"@IPParaguay\" \/>\n<meta name=\"twitter:site\" content=\"@IPParaguay\" \/>\n<meta name=\"twitter:label1\" content=\"Escrito por\" \/>\n\t<meta name=\"twitter:data1\" content=\"Alberto C\" \/>\n\t<meta name=\"twitter:label2\" content=\"Tiempo de lectura\" \/>\n\t<meta name=\"twitter:data2\" content=\"2 minutos\" \/>\n<script type=\"application\/ld+json\" class=\"yoast-schema-graph\">{\"@context\":\"https:\\\/\\\/schema.org\",\"@graph\":[{\"@type\":\"Article\",\"@id\":\"https:\\\/\\\/www.ip.gov.py\\\/ip\\\/2017\\\/02\\\/15\\\/rusia-afirma-que-no-devolvera-crimea-a-ucrania\\\/#article\",\"isPartOf\":{\"@id\":\"https:\\\/\\\/www.ip.gov.py\\\/ip\\\/2017\\\/02\\\/15\\\/rusia-afirma-que-no-devolvera-crimea-a-ucrania\\\/\"},\"author\":{\"name\":\"Alberto C\",\"@id\":\"https:\\\/\\\/www.ip.gov.py\\\/ip\\\/#\\\/schema\\\/person\\\/369fedd28420fad35e23b10a9df16fb8\"},\"headline\":\"Rusia afirma que no devolver\u00e1 Crimea a Ucrania\",\"datePublished\":\"2017-02-15T23:24:05+00:00\",\"dateModified\":\"2017-02-15T23:35:15+00:00\",\"mainEntityOfPage\":{\"@id\":\"https:\\\/\\\/www.ip.gov.py\\\/ip\\\/2017\\\/02\\\/15\\\/rusia-afirma-que-no-devolvera-crimea-a-ucrania\\\/\"},\"wordCount\":336,\"publisher\":{\"@id\":\"https:\\\/\\\/www.ip.gov.py\\\/ip\\\/#organization\"},\"image\":{\"@id\":\"https:\\\/\\\/www.ip.gov.py\\\/ip\\\/2017\\\/02\\\/15\\\/rusia-afirma-que-no-devolvera-crimea-a-ucrania\\\/#primaryimage\"},\"thumbnailUrl\":\"https:\\\/\\\/www.ip.gov.py\\\/ip\\\/wp-content\\\/uploads\\\/2017\\\/02\\\/crimea-submarino-ruso-reuters.jpg\",\"articleSection\":[\"Internacionales\"],\"inLanguage\":\"es\"},{\"@type\":\"WebPage\",\"@id\":\"https:\\\/\\\/www.ip.gov.py\\\/ip\\\/2017\\\/02\\\/15\\\/rusia-afirma-que-no-devolvera-crimea-a-ucrania\\\/\",\"url\":\"https:\\\/\\\/www.ip.gov.py\\\/ip\\\/2017\\\/02\\\/15\\\/rusia-afirma-que-no-devolvera-crimea-a-ucrania\\\/\",\"name\":\"Rusia afirma que no devolver\u00e1 Crimea a Ucrania - .::Agencia IP::.\",\"isPartOf\":{\"@id\":\"https:\\\/\\\/www.ip.gov.py\\\/ip\\\/#website\"},\"primaryImageOfPage\":{\"@id\":\"https:\\\/\\\/www.ip.gov.py\\\/ip\\\/2017\\\/02\\\/15\\\/rusia-afirma-que-no-devolvera-crimea-a-ucrania\\\/#primaryimage\"},\"image\":{\"@id\":\"https:\\\/\\\/www.ip.gov.py\\\/ip\\\/2017\\\/02\\\/15\\\/rusia-afirma-que-no-devolvera-crimea-a-ucrania\\\/#primaryimage\"},\"thumbnailUrl\":\"https:\\\/\\\/www.ip.gov.py\\\/ip\\\/wp-content\\\/uploads\\\/2017\\\/02\\\/crimea-submarino-ruso-reuters.jpg\",\"datePublished\":\"2017-02-15T23:24:05+00:00\",\"dateModified\":\"2017-02-15T23:35:15+00:00\",\"breadcrumb\":{\"@id\":\"https:\\\/\\\/www.ip.gov.py\\\/ip\\\/2017\\\/02\\\/15\\\/rusia-afirma-que-no-devolvera-crimea-a-ucrania\\\/#breadcrumb\"},\"inLanguage\":\"es\",\"potentialAction\":[{\"@type\":\"ReadAction\",\"target\":[\"https:\\\/\\\/www.ip.gov.py\\\/ip\\\/2017\\\/02\\\/15\\\/rusia-afirma-que-no-devolvera-crimea-a-ucrania\\\/\"]}]},{\"@type\":\"ImageObject\",\"inLanguage\":\"es\",\"@id\":\"https:\\\/\\\/www.ip.gov.py\\\/ip\\\/2017\\\/02\\\/15\\\/rusia-afirma-que-no-devolvera-crimea-a-ucrania\\\/#primaryimage\",\"url\":\"https:\\\/\\\/www.ip.gov.py\\\/ip\\\/wp-content\\\/uploads\\\/2017\\\/02\\\/crimea-submarino-ruso-reuters.jpg\",\"contentUrl\":\"https:\\\/\\\/www.ip.gov.py\\\/ip\\\/wp-content\\\/uploads\\\/2017\\\/02\\\/crimea-submarino-ruso-reuters.jpg\",\"width\":780,\"height\":485,\"caption\":\"Armamento naval ruso durante la celebraci\u00f3n por el D\u00eda de la Marina en la regi\u00f3n de Crimea. Foto archivo Reuters.\"},{\"@type\":\"BreadcrumbList\",\"@id\":\"https:\\\/\\\/www.ip.gov.py\\\/ip\\\/2017\\\/02\\\/15\\\/rusia-afirma-que-no-devolvera-crimea-a-ucrania\\\/#breadcrumb\",\"itemListElement\":[{\"@type\":\"ListItem\",\"position\":1,\"name\":\"Portada\",\"item\":\"https:\\\/\\\/www.ip.gov.py\\\/ip\\\/\"},{\"@type\":\"ListItem\",\"position\":2,\"name\":\"Rusia afirma que no devolver\u00e1 Crimea a Ucrania\"}]},{\"@type\":\"WebSite\",\"@id\":\"https:\\\/\\\/www.ip.gov.py\\\/ip\\\/#website\",\"url\":\"https:\\\/\\\/www.ip.gov.py\\\/ip\\\/\",\"name\":\".::Agencia IP::.\",\"description\":\"\",\"publisher\":{\"@id\":\"https:\\\/\\\/www.ip.gov.py\\\/ip\\\/#organization\"},\"potentialAction\":[{\"@type\":\"SearchAction\",\"target\":{\"@type\":\"EntryPoint\",\"urlTemplate\":\"https:\\\/\\\/www.ip.gov.py\\\/ip\\\/?s={search_term_string}\"},\"query-input\":{\"@type\":\"PropertyValueSpecification\",\"valueRequired\":true,\"valueName\":\"search_term_string\"}}],\"inLanguage\":\"es\"},{\"@type\":\"Organization\",\"@id\":\"https:\\\/\\\/www.ip.gov.py\\\/ip\\\/#organization\",\"name\":\"Agencia IP\",\"url\":\"https:\\\/\\\/www.ip.gov.py\\\/ip\\\/\",\"logo\":{\"@type\":\"ImageObject\",\"inLanguage\":\"es\",\"@id\":\"https:\\\/\\\/www.ip.gov.py\\\/ip\\\/#\\\/schema\\\/logo\\\/image\\\/\",\"url\":\"https:\\\/\\\/www.ip.gov.py\\\/ip\\\/wp-content\\\/uploads\\\/2018\\\/01\\\/Agencia-IP.jpg\",\"contentUrl\":\"https:\\\/\\\/www.ip.gov.py\\\/ip\\\/wp-content\\\/uploads\\\/2018\\\/01\\\/Agencia-IP.jpg\",\"width\":150,\"height\":150,\"caption\":\"Agencia IP\"},\"image\":{\"@id\":\"https:\\\/\\\/www.ip.gov.py\\\/ip\\\/#\\\/schema\\\/logo\\\/image\\\/\"},\"sameAs\":[\"https:\\\/\\\/www.facebook.com\\\/IPParaguay\\\/\",\"https:\\\/\\\/x.com\\\/IPParaguay\",\"https:\\\/\\\/www.instagram.com\\\/IPParaguay\"]},{\"@type\":\"Person\",\"@id\":\"https:\\\/\\\/www.ip.gov.py\\\/ip\\\/#\\\/schema\\\/person\\\/369fedd28420fad35e23b10a9df16fb8\",\"name\":\"Alberto C\",\"sameAs\":[\"https:\\\/\\\/www.ip.gov.py\"],\"url\":\"https:\\\/\\\/www.ip.gov.py\\\/ip\\\/author\\\/acelma\\\/\"}]}<\/script>\n<!-- \/ Yoast SEO plugin. -->","yoast_head_json":{"title":"Rusia afirma que no devolver\u00e1 Crimea a Ucrania - .::Agencia IP::.","robots":{"index":"index","follow":"follow","max-snippet":"max-snippet:-1","max-image-preview":"max-image-preview:large","max-video-preview":"max-video-preview:-1"},"canonical":"https:\/\/www.ip.gov.py\/ip\/2017\/02\/15\/rusia-afirma-que-no-devolvera-crimea-a-ucrania\/","og_locale":"es_ES","og_type":"article","og_title":"Rusia afirma que no devolver\u00e1 Crimea a Ucrania - .::Agencia IP::.","og_description":"Asunci\u00f3n, IP.- \u00a0El Gobierno de Rusia afirm\u00f3 este mi\u00e9rcoles que no devolver\u00e1 la pen\u00ednsula de Crimea a Ucrania, luego de su anexaci\u00f3n en el 2014, por considerar que forma parte de su territorio y que no puede renunciar a su soberan\u00eda.","og_url":"https:\/\/www.ip.gov.py\/ip\/2017\/02\/15\/rusia-afirma-que-no-devolvera-crimea-a-ucrania\/","og_site_name":".::Agencia IP::.","article_publisher":"https:\/\/www.facebook.com\/IPParaguay\/","article_published_time":"2017-02-15T23:24:05+00:00","article_modified_time":"2017-02-15T23:35:15+00:00","og_image":[{"width":780,"height":485,"url":"https:\/\/www.ip.gov.py\/ip\/wp-content\/uploads\/2017\/02\/crimea-submarino-ruso-reuters.jpg","type":"image\/jpeg"}],"author":"Alberto C","twitter_card":"summary_large_image","twitter_creator":"@IPParaguay","twitter_site":"@IPParaguay","twitter_misc":{"Escrito por":"Alberto C","Tiempo de lectura":"2 minutos"},"schema":{"@context":"https:\/\/schema.org","@graph":[{"@type":"Article","@id":"https:\/\/www.ip.gov.py\/ip\/2017\/02\/15\/rusia-afirma-que-no-devolvera-crimea-a-ucrania\/#article","isPartOf":{"@id":"https:\/\/www.ip.gov.py\/ip\/2017\/02\/15\/rusia-afirma-que-no-devolvera-crimea-a-ucrania\/"},"author":{"name":"Alberto C","@id":"https:\/\/www.ip.gov.py\/ip\/#\/schema\/person\/369fedd28420fad35e23b10a9df16fb8"},"headline":"Rusia afirma que no devolver\u00e1 Crimea a Ucrania","datePublished":"2017-02-15T23:24:05+00:00","dateModified":"2017-02-15T23:35:15+00:00","mainEntityOfPage":{"@id":"https:\/\/www.ip.gov.py\/ip\/2017\/02\/15\/rusia-afirma-que-no-devolvera-crimea-a-ucrania\/"},"wordCount":336,"publisher":{"@id":"https:\/\/www.ip.gov.py\/ip\/#organization"},"image":{"@id":"https:\/\/www.ip.gov.py\/ip\/2017\/02\/15\/rusia-afirma-que-no-devolvera-crimea-a-ucrania\/#primaryimage"},"thumbnailUrl":"https:\/\/www.ip.gov.py\/ip\/wp-content\/uploads\/2017\/02\/crimea-submarino-ruso-reuters.jpg","articleSection":["Internacionales"],"inLanguage":"es"},{"@type":"WebPage","@id":"https:\/\/www.ip.gov.py\/ip\/2017\/02\/15\/rusia-afirma-que-no-devolvera-crimea-a-ucrania\/","url":"https:\/\/www.ip.gov.py\/ip\/2017\/02\/15\/rusia-afirma-que-no-devolvera-crimea-a-ucrania\/","name":"Rusia afirma que no devolver\u00e1 Crimea a Ucrania - .::Agencia IP::.","isPartOf":{"@id":"https:\/\/www.ip.gov.py\/ip\/#website"},"primaryImageOfPage":{"@id":"https:\/\/www.ip.gov.py\/ip\/2017\/02\/15\/rusia-afirma-que-no-devolvera-crimea-a-ucrania\/#primaryimage"},"image":{"@id":"https:\/\/www.ip.gov.py\/ip\/2017\/02\/15\/rusia-afirma-que-no-devolvera-crimea-a-ucrania\/#primaryimage"},"thumbnailUrl":"https:\/\/www.ip.gov.py\/ip\/wp-content\/uploads\/2017\/02\/crimea-submarino-ruso-reuters.jpg","datePublished":"2017-02-15T23:24:05+00:00","dateModified":"2017-02-15T23:35:15+00:00","breadcrumb":{"@id":"https:\/\/www.ip.gov.py\/ip\/2017\/02\/15\/rusia-afirma-que-no-devolvera-crimea-a-ucrania\/#breadcrumb"},"inLanguage":"es","potentialAction":[{"@type":"ReadAction","target":["https:\/\/www.ip.gov.py\/ip\/2017\/02\/15\/rusia-afirma-que-no-devolvera-crimea-a-ucrania\/"]}]},{"@type":"ImageObject","inLanguage":"es","@id":"https:\/\/www.ip.gov.py\/ip\/2017\/02\/15\/rusia-afirma-que-no-devolvera-crimea-a-ucrania\/#primaryimage","url":"https:\/\/www.ip.gov.py\/ip\/wp-content\/uploads\/2017\/02\/crimea-submarino-ruso-reuters.jpg","contentUrl":"https:\/\/www.ip.gov.py\/ip\/wp-content\/uploads\/2017\/02\/crimea-submarino-ruso-reuters.jpg","width":780,"height":485,"caption":"Armamento naval ruso durante la celebraci\u00f3n por el D\u00eda de la Marina en la regi\u00f3n de Crimea. Foto archivo Reuters."},{"@type":"BreadcrumbList","@id":"https:\/\/www.ip.gov.py\/ip\/2017\/02\/15\/rusia-afirma-que-no-devolvera-crimea-a-ucrania\/#breadcrumb","itemListElement":[{"@type":"ListItem","position":1,"name":"Portada","item":"https:\/\/www.ip.gov.py\/ip\/"},{"@type":"ListItem","position":2,"name":"Rusia afirma que no devolver\u00e1 Crimea a Ucrania"}]},{"@type":"WebSite","@id":"https:\/\/www.ip.gov.py\/ip\/#website","url":"https:\/\/www.ip.gov.py\/ip\/","name":".::Agencia IP::.","description":"","publisher":{"@id":"https:\/\/www.ip.gov.py\/ip\/#organization"},"potentialAction":[{"@type":"SearchAction","target":{"@type":"EntryPoint","urlTemplate":"https:\/\/www.ip.gov.py\/ip\/?s={search_term_string}"},"query-input":{"@type":"PropertyValueSpecification","valueRequired":true,"valueName":"search_term_string"}}],"inLanguage":"es"},{"@type":"Organization","@id":"https:\/\/www.ip.gov.py\/ip\/#organization","name":"Agencia IP","url":"https:\/\/www.ip.gov.py\/ip\/","logo":{"@type":"ImageObject","inLanguage":"es","@id":"https:\/\/www.ip.gov.py\/ip\/#\/schema\/logo\/image\/","url":"https:\/\/www.ip.gov.py\/ip\/wp-content\/uploads\/2018\/01\/Agencia-IP.jpg","contentUrl":"https:\/\/www.ip.gov.py\/ip\/wp-content\/uploads\/2018\/01\/Agencia-IP.jpg","width":150,"height":150,"caption":"Agencia IP"},"image":{"@id":"https:\/\/www.ip.gov.py\/ip\/#\/schema\/logo\/image\/"},"sameAs":["https:\/\/www.facebook.com\/IPParaguay\/","https:\/\/x.com\/IPParaguay","https:\/\/www.instagram.com\/IPParaguay"]},{"@type":"Person","@id":"https:\/\/www.ip.gov.py\/ip\/#\/schema\/person\/369fedd28420fad35e23b10a9df16fb8","name":"Alberto C","sameAs":["https:\/\/www.ip.gov.py"],"url":"https:\/\/www.ip.gov.py\/ip\/author\/acelma\/"}]}},"_links":{"self":[{"href":"https:\/\/www.ip.gov.py\/ip\/wp-json\/wp\/v2\/posts\/144469","targetHints":{"allow":["GET"]}}],"collection":[{"href":"https:\/\/www.ip.gov.py\/ip\/wp-json\/wp\/v2\/posts"}],"about":[{"href":"https:\/\/www.ip.gov.py\/ip\/wp-json\/wp\/v2\/types\/post"}],"author":[{"embeddable":true,"href":"https:\/\/www.ip.gov.py\/ip\/wp-json\/wp\/v2\/users\/22"}],"replies":[{"embeddable":true,"href":"https:\/\/www.ip.gov.py\/ip\/wp-json\/wp\/v2\/comments?post=144469"}],"version-history":[{"count":0,"href":"https:\/\/www.ip.gov.py\/ip\/wp-json\/wp\/v2\/posts\/144469\/revisions"}],"wp:featuredmedia":[{"embeddable":true,"href":"https:\/\/www.ip.gov.py\/ip\/wp-json\/wp\/v2\/media\/144470"}],"wp:attachment":[{"href":"https:\/\/www.ip.gov.py\/ip\/wp-json\/wp\/v2\/media?parent=144469"}],"wp:term":[{"taxonomy":"category","embeddable":true,"href":"https:\/\/www.ip.gov.py\/ip\/wp-json\/wp\/v2\/categories?post=144469"},{"taxonomy":"post_tag","embeddable":true,"href":"https:\/\/www.ip.gov.py\/ip\/wp-json\/wp\/v2\/tags?post=144469"}],"curies":[{"name":"wp","href":"https:\/\/api.w.org\/{rel}","templated":true}]}}