{"id":148721,"date":"2017-03-10T07:49:20","date_gmt":"2017-03-10T10:49:20","guid":{"rendered":"http:\/\/desarrollo.ip.gov.py\/ip\/?p=148721"},"modified":"2017-03-10T07:49:20","modified_gmt":"2017-03-10T10:49:20","slug":"miles-de-surcoreanos-y-partidos-politicos-celebran-salida-de-park","status":"publish","type":"post","link":"https:\/\/www.ip.gov.py\/ip\/2017\/03\/10\/miles-de-surcoreanos-y-partidos-politicos-celebran-salida-de-park\/","title":{"rendered":"Miles de surcoreanos y partidos pol\u00edticos celebran salida de Park"},"content":{"rendered":"<p style=\"text-align: justify;\"><em><strong>Se\u00fal.-<\/strong><\/em> Miles de ciudadanos surcoreanos salieron a las calles este viernes para celebrar la decisi\u00f3n del Tribunal Constitucional de ratificar la destituci\u00f3n de la presidenta Park Geun-hye, mientras los partidos de oposici\u00f3n dieron la bienvenida al fallo.<!--more--><\/p>\n<p style=\"text-align: justify;\">Despu\u00e9s de m\u00e1s de 90 d\u00edas de investigaci\u00f3n en los que se han celebrado numerosas protestas pidiendo el cese de la mandataria, siempre los s\u00e1bados en varias ciudades, incluyendo Se\u00fal, los partidarios de la destituci\u00f3n estallaron de alegr\u00eda.<\/p>\n<p style=\"text-align: justify;\">Sin embargo, dos personas que participaban en una manifestaci\u00f3n en protesta por la decisi\u00f3n del Tribunal Constitucional murieron este viernes, seg\u00fan confirm\u00f3 la polic\u00eda.<\/p>\n<p style=\"text-align: justify;\">La polic\u00eda inform\u00f3 que uno de los fallecidos es un var\u00f3n de 72 a\u00f1os, quien fue identificado \u00fanicamente por su apellido, Kim.<\/p>\n<p style=\"text-align: justify;\">Del segundo fallecido, que tambi\u00e9n se apellida Kim, ha trascendido que se trata de otro var\u00f3n, de 60 a\u00f1os, que fue hallado inconsciente en una estaci\u00f3n de metro cercana a la sede del tribunal.<\/p>\n<p style=\"text-align: justify;\">Los diferentes partidos de la oposici\u00f3n de Corea del Sur, entre ellos el Bareun, la formaci\u00f3n escindida del gubernamental Saenuri, han dado la bienvenida este viernes a la decisi\u00f3n del Tribunal Constitucional de ratificar la destituci\u00f3n de Park.<\/p>\n<p style=\"text-align: justify;\">El primer ministro y presidente en funciones de Corea del Sur, Hwang Kyo Ahn, urgi\u00f3 este viernes al gobierno a mantener la estabilidad en el pa\u00eds tras la confirmaci\u00f3n por parte del tribunal del cese de la mandataria.<\/p>\n<p style=\"text-align: justify;\">Los partidarios de la destituci\u00f3n de Park, concentrados en las inmediaciones de la sede del \u00f3rgano de justicia desde primera hora de la ma\u00f1ana, manifestaron su benepl\u00e1cito tras conocerse que los ocho miembros de la corte han tomado la decisi\u00f3n por unanimidad.<\/p>\n<p style=\"text-align: justify;\">\u00abEstaba tan nervioso que no pod\u00eda quedarme en casa y verlo por televisi\u00f3n\u00bb, explic\u00f3 a la agencia surcoreana de noticias Yonhap uno de los que se han manifestado a favor del fallo del tribunal.<\/p>\n<p style=\"text-align: justify;\">\u00abSiento que nuestra democracia a dado un gran paso adelante\u00bb, a\u00f1adi\u00f3.<\/p>\n<p style=\"text-align: justify;\">Las autoridades han desplegado un importante operativo de seguridad durante la jornada, principalmente en las inmediaciones de las sedes del gobierno, entre ellas el Palacio Presidencial -o Cheong Wa Dae- y el Constitucional.<\/p>\n<p style=\"text-align: justify;\">M\u00e1s de 20 mil agentes se encargan de la seguridad en Se\u00fal, donde se han convocado para esta tarde m\u00e1s manifestaciones.<\/p>\n<p style=\"text-align: justify;\">A lo largo del &#8216;impeachment&#8217; contra Park, la capital surcoreana ha sido escenario de algunas de las protestas m\u00e1s multitudinarias que han tenido lugar en el pa\u00eds, donde fin de semana tras fin de semana, han exigido la salida de Park de la Presidencia.<\/p>\n<p style=\"text-align: justify;\">El dirigente del Partido Democr\u00e1tico, Choo Mi Ae, asegur\u00f3 que es el momento de \u00abponer fin a los actos irresponsables y al fomento de la divisi\u00f3n social\u00bb y, en su lugar, es \u00abnecesario unir fuerzas para recuperar los valores constitucionales\u00bb y \u00abnormalizar los asuntos estatales\u00bb.<\/p>\n<p style=\"text-align: justify;\">En este contexto, Choo ha instado a derogar todas las pol\u00edticas impulsadas por el gobierno de Park.<\/p>\n<p style=\"text-align: justify;\">Por su parte, el Partido Popular, que ha definido el fallo de la corte como una victoria del pueblo, subray\u00f3 que \u00abla ley y el orden\u00bb son \u00abel orgullo\u00bb de Corea del Sur, por lo que todo el mundo debe estar de acuerdo con el fallo.<\/p>\n<p style=\"text-align: justify;\">El secretario general de la formaci\u00f3n, Kim Kyung Jin, se ha comprometido a seguir luchando para ayudar a los menos privilegiados en el pa\u00eds, y ha instado a acabar con una situaci\u00f3n \u00aben la que la pol\u00edtica se vea como un problema\u00bb.<\/p>\n<p style=\"text-align: justify;\">El Partido de la Justicia, minoritario en el Parlamento, celebr\u00f3 la decisi\u00f3n del Constitucional, aunque lament\u00f3 que se haya excluido de la decisi\u00f3n de la corte el papel de Park en el hundimiento del ferry &#8216;Sewol&#8217; en 2014, que dej\u00f3 m\u00e1s de 300 muertos.<\/p>\n<p style=\"text-align: justify;\">Bareun, que se escindi\u00f3 del partido de Park tras ser \u00e9sta destituida por el Parlamento, pidi\u00f3 al resto de partidos que acepten la decisi\u00f3n del tribunal, que \u00abser\u00e1 recordada como el comienzo de una nueva era que rompe con el establishment de la corrupci\u00f3n\u00bb.Notimex.<\/p>\n","protected":false},"excerpt":{"rendered":"<p>Se\u00fal.- Miles de ciudadanos surcoreanos salieron a las calles este viernes para celebrar la decisi\u00f3n del Tribunal Constitucional de ratificar la destituci\u00f3n de la presidenta Park Geun-hye, mientras los partidos de oposici\u00f3n dieron la bienvenida al fallo.<\/p>\n","protected":false},"author":11,"featured_media":148722,"comment_status":"closed","ping_status":"closed","sticky":false,"template":"","format":"standard","meta":{"_monsterinsights_skip_tracking":false,"_monsterinsights_sitenote_active":false,"_monsterinsights_sitenote_note":"","_monsterinsights_sitenote_category":0,"footnotes":""},"categories":[5],"tags":[],"class_list":{"0":"post-148721","1":"post","2":"type-post","3":"status-publish","4":"format-standard","5":"has-post-thumbnail","7":"category-internacionales"},"yoast_head":"<!-- This site is optimized with the Yoast SEO plugin v27.5 - https:\/\/yoast.com\/product\/yoast-seo-wordpress\/ -->\n<title>Miles de surcoreanos y partidos pol\u00edticos celebran salida de Park - .::Agencia IP::.<\/title>\n<meta name=\"robots\" content=\"index, follow, max-snippet:-1, max-image-preview:large, max-video-preview:-1\" \/>\n<link rel=\"canonical\" href=\"https:\/\/www.ip.gov.py\/ip\/2017\/03\/10\/miles-de-surcoreanos-y-partidos-politicos-celebran-salida-de-park\/\" \/>\n<meta property=\"og:locale\" content=\"es_ES\" \/>\n<meta property=\"og:type\" content=\"article\" \/>\n<meta property=\"og:title\" content=\"Miles de surcoreanos y partidos pol\u00edticos celebran salida de Park - .::Agencia IP::.\" \/>\n<meta property=\"og:description\" content=\"Se\u00fal.- Miles de ciudadanos surcoreanos salieron a las calles este viernes para celebrar la decisi\u00f3n del Tribunal Constitucional de ratificar la destituci\u00f3n de la presidenta Park Geun-hye, mientras los partidos de oposici\u00f3n dieron la bienvenida al fallo.\" \/>\n<meta property=\"og:url\" content=\"https:\/\/www.ip.gov.py\/ip\/2017\/03\/10\/miles-de-surcoreanos-y-partidos-politicos-celebran-salida-de-park\/\" \/>\n<meta property=\"og:site_name\" content=\".::Agencia IP::.\" \/>\n<meta property=\"article:publisher\" content=\"https:\/\/www.facebook.com\/IPParaguay\/\" \/>\n<meta property=\"article:published_time\" content=\"2017-03-10T10:49:20+00:00\" \/>\n<meta property=\"og:image\" content=\"https:\/\/www.ip.gov.py\/ip\/wp-content\/uploads\/2017\/03\/Corea-del-Sur-1.jpg\" \/>\n\t<meta property=\"og:image:width\" content=\"616\" \/>\n\t<meta property=\"og:image:height\" content=\"424\" \/>\n\t<meta property=\"og:image:type\" content=\"image\/jpeg\" \/>\n<meta name=\"author\" content=\"vrios\" \/>\n<meta name=\"twitter:card\" content=\"summary_large_image\" \/>\n<meta name=\"twitter:creator\" content=\"@IPParaguay\" \/>\n<meta name=\"twitter:site\" content=\"@IPParaguay\" \/>\n<meta name=\"twitter:label1\" content=\"Escrito por\" \/>\n\t<meta name=\"twitter:data1\" content=\"vrios\" \/>\n\t<meta name=\"twitter:label2\" content=\"Tiempo de lectura\" \/>\n\t<meta name=\"twitter:data2\" content=\"4 minutos\" \/>\n<script type=\"application\/ld+json\" class=\"yoast-schema-graph\">{\"@context\":\"https:\\\/\\\/schema.org\",\"@graph\":[{\"@type\":\"Article\",\"@id\":\"https:\\\/\\\/www.ip.gov.py\\\/ip\\\/2017\\\/03\\\/10\\\/miles-de-surcoreanos-y-partidos-politicos-celebran-salida-de-park\\\/#article\",\"isPartOf\":{\"@id\":\"https:\\\/\\\/www.ip.gov.py\\\/ip\\\/2017\\\/03\\\/10\\\/miles-de-surcoreanos-y-partidos-politicos-celebran-salida-de-park\\\/\"},\"author\":{\"name\":\"vrios\",\"@id\":\"https:\\\/\\\/www.ip.gov.py\\\/ip\\\/#\\\/schema\\\/person\\\/fa3668852e893cb0423795330f919039\"},\"headline\":\"Miles de surcoreanos y partidos pol\u00edticos celebran salida de Park\",\"datePublished\":\"2017-03-10T10:49:20+00:00\",\"mainEntityOfPage\":{\"@id\":\"https:\\\/\\\/www.ip.gov.py\\\/ip\\\/2017\\\/03\\\/10\\\/miles-de-surcoreanos-y-partidos-politicos-celebran-salida-de-park\\\/\"},\"wordCount\":714,\"publisher\":{\"@id\":\"https:\\\/\\\/www.ip.gov.py\\\/ip\\\/#organization\"},\"image\":{\"@id\":\"https:\\\/\\\/www.ip.gov.py\\\/ip\\\/2017\\\/03\\\/10\\\/miles-de-surcoreanos-y-partidos-politicos-celebran-salida-de-park\\\/#primaryimage\"},\"thumbnailUrl\":\"https:\\\/\\\/www.ip.gov.py\\\/ip\\\/wp-content\\\/uploads\\\/2017\\\/03\\\/Corea-del-Sur-1.jpg\",\"articleSection\":[\"Internacionales\"],\"inLanguage\":\"es\"},{\"@type\":\"WebPage\",\"@id\":\"https:\\\/\\\/www.ip.gov.py\\\/ip\\\/2017\\\/03\\\/10\\\/miles-de-surcoreanos-y-partidos-politicos-celebran-salida-de-park\\\/\",\"url\":\"https:\\\/\\\/www.ip.gov.py\\\/ip\\\/2017\\\/03\\\/10\\\/miles-de-surcoreanos-y-partidos-politicos-celebran-salida-de-park\\\/\",\"name\":\"Miles de surcoreanos y partidos pol\u00edticos celebran salida de Park - .::Agencia IP::.\",\"isPartOf\":{\"@id\":\"https:\\\/\\\/www.ip.gov.py\\\/ip\\\/#website\"},\"primaryImageOfPage\":{\"@id\":\"https:\\\/\\\/www.ip.gov.py\\\/ip\\\/2017\\\/03\\\/10\\\/miles-de-surcoreanos-y-partidos-politicos-celebran-salida-de-park\\\/#primaryimage\"},\"image\":{\"@id\":\"https:\\\/\\\/www.ip.gov.py\\\/ip\\\/2017\\\/03\\\/10\\\/miles-de-surcoreanos-y-partidos-politicos-celebran-salida-de-park\\\/#primaryimage\"},\"thumbnailUrl\":\"https:\\\/\\\/www.ip.gov.py\\\/ip\\\/wp-content\\\/uploads\\\/2017\\\/03\\\/Corea-del-Sur-1.jpg\",\"datePublished\":\"2017-03-10T10:49:20+00:00\",\"breadcrumb\":{\"@id\":\"https:\\\/\\\/www.ip.gov.py\\\/ip\\\/2017\\\/03\\\/10\\\/miles-de-surcoreanos-y-partidos-politicos-celebran-salida-de-park\\\/#breadcrumb\"},\"inLanguage\":\"es\",\"potentialAction\":[{\"@type\":\"ReadAction\",\"target\":[\"https:\\\/\\\/www.ip.gov.py\\\/ip\\\/2017\\\/03\\\/10\\\/miles-de-surcoreanos-y-partidos-politicos-celebran-salida-de-park\\\/\"]}]},{\"@type\":\"ImageObject\",\"inLanguage\":\"es\",\"@id\":\"https:\\\/\\\/www.ip.gov.py\\\/ip\\\/2017\\\/03\\\/10\\\/miles-de-surcoreanos-y-partidos-politicos-celebran-salida-de-park\\\/#primaryimage\",\"url\":\"https:\\\/\\\/www.ip.gov.py\\\/ip\\\/wp-content\\\/uploads\\\/2017\\\/03\\\/Corea-del-Sur-1.jpg\",\"contentUrl\":\"https:\\\/\\\/www.ip.gov.py\\\/ip\\\/wp-content\\\/uploads\\\/2017\\\/03\\\/Corea-del-Sur-1.jpg\",\"width\":616,\"height\":424,\"caption\":\"La Rep\u00fablica EC\"},{\"@type\":\"BreadcrumbList\",\"@id\":\"https:\\\/\\\/www.ip.gov.py\\\/ip\\\/2017\\\/03\\\/10\\\/miles-de-surcoreanos-y-partidos-politicos-celebran-salida-de-park\\\/#breadcrumb\",\"itemListElement\":[{\"@type\":\"ListItem\",\"position\":1,\"name\":\"Portada\",\"item\":\"https:\\\/\\\/www.ip.gov.py\\\/ip\\\/\"},{\"@type\":\"ListItem\",\"position\":2,\"name\":\"Miles de surcoreanos y partidos pol\u00edticos celebran salida de Park\"}]},{\"@type\":\"WebSite\",\"@id\":\"https:\\\/\\\/www.ip.gov.py\\\/ip\\\/#website\",\"url\":\"https:\\\/\\\/www.ip.gov.py\\\/ip\\\/\",\"name\":\".::Agencia IP::.\",\"description\":\"\",\"publisher\":{\"@id\":\"https:\\\/\\\/www.ip.gov.py\\\/ip\\\/#organization\"},\"potentialAction\":[{\"@type\":\"SearchAction\",\"target\":{\"@type\":\"EntryPoint\",\"urlTemplate\":\"https:\\\/\\\/www.ip.gov.py\\\/ip\\\/?s={search_term_string}\"},\"query-input\":{\"@type\":\"PropertyValueSpecification\",\"valueRequired\":true,\"valueName\":\"search_term_string\"}}],\"inLanguage\":\"es\"},{\"@type\":\"Organization\",\"@id\":\"https:\\\/\\\/www.ip.gov.py\\\/ip\\\/#organization\",\"name\":\"Agencia IP\",\"url\":\"https:\\\/\\\/www.ip.gov.py\\\/ip\\\/\",\"logo\":{\"@type\":\"ImageObject\",\"inLanguage\":\"es\",\"@id\":\"https:\\\/\\\/www.ip.gov.py\\\/ip\\\/#\\\/schema\\\/logo\\\/image\\\/\",\"url\":\"https:\\\/\\\/www.ip.gov.py\\\/ip\\\/wp-content\\\/uploads\\\/2018\\\/01\\\/Agencia-IP.jpg\",\"contentUrl\":\"https:\\\/\\\/www.ip.gov.py\\\/ip\\\/wp-content\\\/uploads\\\/2018\\\/01\\\/Agencia-IP.jpg\",\"width\":150,\"height\":150,\"caption\":\"Agencia IP\"},\"image\":{\"@id\":\"https:\\\/\\\/www.ip.gov.py\\\/ip\\\/#\\\/schema\\\/logo\\\/image\\\/\"},\"sameAs\":[\"https:\\\/\\\/www.facebook.com\\\/IPParaguay\\\/\",\"https:\\\/\\\/x.com\\\/IPParaguay\",\"https:\\\/\\\/www.instagram.com\\\/IPParaguay\"]},{\"@type\":\"Person\",\"@id\":\"https:\\\/\\\/www.ip.gov.py\\\/ip\\\/#\\\/schema\\\/person\\\/fa3668852e893cb0423795330f919039\",\"name\":\"vrios\",\"url\":\"https:\\\/\\\/www.ip.gov.py\\\/ip\\\/author\\\/vrios\\\/\"}]}<\/script>\n<!-- \/ Yoast SEO plugin. -->","yoast_head_json":{"title":"Miles de surcoreanos y partidos pol\u00edticos celebran salida de Park - .::Agencia IP::.","robots":{"index":"index","follow":"follow","max-snippet":"max-snippet:-1","max-image-preview":"max-image-preview:large","max-video-preview":"max-video-preview:-1"},"canonical":"https:\/\/www.ip.gov.py\/ip\/2017\/03\/10\/miles-de-surcoreanos-y-partidos-politicos-celebran-salida-de-park\/","og_locale":"es_ES","og_type":"article","og_title":"Miles de surcoreanos y partidos pol\u00edticos celebran salida de Park - .::Agencia IP::.","og_description":"Se\u00fal.- Miles de ciudadanos surcoreanos salieron a las calles este viernes para celebrar la decisi\u00f3n del Tribunal Constitucional de ratificar la destituci\u00f3n de la presidenta Park Geun-hye, mientras los partidos de oposici\u00f3n dieron la bienvenida al fallo.","og_url":"https:\/\/www.ip.gov.py\/ip\/2017\/03\/10\/miles-de-surcoreanos-y-partidos-politicos-celebran-salida-de-park\/","og_site_name":".::Agencia IP::.","article_publisher":"https:\/\/www.facebook.com\/IPParaguay\/","article_published_time":"2017-03-10T10:49:20+00:00","og_image":[{"width":616,"height":424,"url":"https:\/\/www.ip.gov.py\/ip\/wp-content\/uploads\/2017\/03\/Corea-del-Sur-1.jpg","type":"image\/jpeg"}],"author":"vrios","twitter_card":"summary_large_image","twitter_creator":"@IPParaguay","twitter_site":"@IPParaguay","twitter_misc":{"Escrito por":"vrios","Tiempo de lectura":"4 minutos"},"schema":{"@context":"https:\/\/schema.org","@graph":[{"@type":"Article","@id":"https:\/\/www.ip.gov.py\/ip\/2017\/03\/10\/miles-de-surcoreanos-y-partidos-politicos-celebran-salida-de-park\/#article","isPartOf":{"@id":"https:\/\/www.ip.gov.py\/ip\/2017\/03\/10\/miles-de-surcoreanos-y-partidos-politicos-celebran-salida-de-park\/"},"author":{"name":"vrios","@id":"https:\/\/www.ip.gov.py\/ip\/#\/schema\/person\/fa3668852e893cb0423795330f919039"},"headline":"Miles de surcoreanos y partidos pol\u00edticos celebran salida de Park","datePublished":"2017-03-10T10:49:20+00:00","mainEntityOfPage":{"@id":"https:\/\/www.ip.gov.py\/ip\/2017\/03\/10\/miles-de-surcoreanos-y-partidos-politicos-celebran-salida-de-park\/"},"wordCount":714,"publisher":{"@id":"https:\/\/www.ip.gov.py\/ip\/#organization"},"image":{"@id":"https:\/\/www.ip.gov.py\/ip\/2017\/03\/10\/miles-de-surcoreanos-y-partidos-politicos-celebran-salida-de-park\/#primaryimage"},"thumbnailUrl":"https:\/\/www.ip.gov.py\/ip\/wp-content\/uploads\/2017\/03\/Corea-del-Sur-1.jpg","articleSection":["Internacionales"],"inLanguage":"es"},{"@type":"WebPage","@id":"https:\/\/www.ip.gov.py\/ip\/2017\/03\/10\/miles-de-surcoreanos-y-partidos-politicos-celebran-salida-de-park\/","url":"https:\/\/www.ip.gov.py\/ip\/2017\/03\/10\/miles-de-surcoreanos-y-partidos-politicos-celebran-salida-de-park\/","name":"Miles de surcoreanos y partidos pol\u00edticos celebran salida de Park - .::Agencia IP::.","isPartOf":{"@id":"https:\/\/www.ip.gov.py\/ip\/#website"},"primaryImageOfPage":{"@id":"https:\/\/www.ip.gov.py\/ip\/2017\/03\/10\/miles-de-surcoreanos-y-partidos-politicos-celebran-salida-de-park\/#primaryimage"},"image":{"@id":"https:\/\/www.ip.gov.py\/ip\/2017\/03\/10\/miles-de-surcoreanos-y-partidos-politicos-celebran-salida-de-park\/#primaryimage"},"thumbnailUrl":"https:\/\/www.ip.gov.py\/ip\/wp-content\/uploads\/2017\/03\/Corea-del-Sur-1.jpg","datePublished":"2017-03-10T10:49:20+00:00","breadcrumb":{"@id":"https:\/\/www.ip.gov.py\/ip\/2017\/03\/10\/miles-de-surcoreanos-y-partidos-politicos-celebran-salida-de-park\/#breadcrumb"},"inLanguage":"es","potentialAction":[{"@type":"ReadAction","target":["https:\/\/www.ip.gov.py\/ip\/2017\/03\/10\/miles-de-surcoreanos-y-partidos-politicos-celebran-salida-de-park\/"]}]},{"@type":"ImageObject","inLanguage":"es","@id":"https:\/\/www.ip.gov.py\/ip\/2017\/03\/10\/miles-de-surcoreanos-y-partidos-politicos-celebran-salida-de-park\/#primaryimage","url":"https:\/\/www.ip.gov.py\/ip\/wp-content\/uploads\/2017\/03\/Corea-del-Sur-1.jpg","contentUrl":"https:\/\/www.ip.gov.py\/ip\/wp-content\/uploads\/2017\/03\/Corea-del-Sur-1.jpg","width":616,"height":424,"caption":"La Rep\u00fablica EC"},{"@type":"BreadcrumbList","@id":"https:\/\/www.ip.gov.py\/ip\/2017\/03\/10\/miles-de-surcoreanos-y-partidos-politicos-celebran-salida-de-park\/#breadcrumb","itemListElement":[{"@type":"ListItem","position":1,"name":"Portada","item":"https:\/\/www.ip.gov.py\/ip\/"},{"@type":"ListItem","position":2,"name":"Miles de surcoreanos y partidos pol\u00edticos celebran salida de Park"}]},{"@type":"WebSite","@id":"https:\/\/www.ip.gov.py\/ip\/#website","url":"https:\/\/www.ip.gov.py\/ip\/","name":".::Agencia IP::.","description":"","publisher":{"@id":"https:\/\/www.ip.gov.py\/ip\/#organization"},"potentialAction":[{"@type":"SearchAction","target":{"@type":"EntryPoint","urlTemplate":"https:\/\/www.ip.gov.py\/ip\/?s={search_term_string}"},"query-input":{"@type":"PropertyValueSpecification","valueRequired":true,"valueName":"search_term_string"}}],"inLanguage":"es"},{"@type":"Organization","@id":"https:\/\/www.ip.gov.py\/ip\/#organization","name":"Agencia IP","url":"https:\/\/www.ip.gov.py\/ip\/","logo":{"@type":"ImageObject","inLanguage":"es","@id":"https:\/\/www.ip.gov.py\/ip\/#\/schema\/logo\/image\/","url":"https:\/\/www.ip.gov.py\/ip\/wp-content\/uploads\/2018\/01\/Agencia-IP.jpg","contentUrl":"https:\/\/www.ip.gov.py\/ip\/wp-content\/uploads\/2018\/01\/Agencia-IP.jpg","width":150,"height":150,"caption":"Agencia IP"},"image":{"@id":"https:\/\/www.ip.gov.py\/ip\/#\/schema\/logo\/image\/"},"sameAs":["https:\/\/www.facebook.com\/IPParaguay\/","https:\/\/x.com\/IPParaguay","https:\/\/www.instagram.com\/IPParaguay"]},{"@type":"Person","@id":"https:\/\/www.ip.gov.py\/ip\/#\/schema\/person\/fa3668852e893cb0423795330f919039","name":"vrios","url":"https:\/\/www.ip.gov.py\/ip\/author\/vrios\/"}]}},"_links":{"self":[{"href":"https:\/\/www.ip.gov.py\/ip\/wp-json\/wp\/v2\/posts\/148721","targetHints":{"allow":["GET"]}}],"collection":[{"href":"https:\/\/www.ip.gov.py\/ip\/wp-json\/wp\/v2\/posts"}],"about":[{"href":"https:\/\/www.ip.gov.py\/ip\/wp-json\/wp\/v2\/types\/post"}],"author":[{"embeddable":true,"href":"https:\/\/www.ip.gov.py\/ip\/wp-json\/wp\/v2\/users\/11"}],"replies":[{"embeddable":true,"href":"https:\/\/www.ip.gov.py\/ip\/wp-json\/wp\/v2\/comments?post=148721"}],"version-history":[{"count":0,"href":"https:\/\/www.ip.gov.py\/ip\/wp-json\/wp\/v2\/posts\/148721\/revisions"}],"wp:featuredmedia":[{"embeddable":true,"href":"https:\/\/www.ip.gov.py\/ip\/wp-json\/wp\/v2\/media\/148722"}],"wp:attachment":[{"href":"https:\/\/www.ip.gov.py\/ip\/wp-json\/wp\/v2\/media?parent=148721"}],"wp:term":[{"taxonomy":"category","embeddable":true,"href":"https:\/\/www.ip.gov.py\/ip\/wp-json\/wp\/v2\/categories?post=148721"},{"taxonomy":"post_tag","embeddable":true,"href":"https:\/\/www.ip.gov.py\/ip\/wp-json\/wp\/v2\/tags?post=148721"}],"curies":[{"name":"wp","href":"https:\/\/api.w.org\/{rel}","templated":true}]}}