{"id":149438,"date":"2017-03-14T08:45:21","date_gmt":"2017-03-14T11:45:21","guid":{"rendered":"http:\/\/desarrollo.ip.gov.py\/ip\/?p=149438"},"modified":"2017-03-14T11:45:43","modified_gmt":"2017-03-14T14:45:43","slug":"ministro-pena-participa-de-reunion-del-directorio-de-caf-en-panama","status":"publish","type":"post","link":"https:\/\/www.ip.gov.py\/ip\/2017\/03\/14\/ministro-pena-participa-de-reunion-del-directorio-de-caf-en-panama\/","title":{"rendered":"Ministro Pe\u00f1a participa de\u00a0reuni\u00f3n del directorio de CAF en Panam\u00e1"},"content":{"rendered":"<p style=\"text-align: justify;\"><em><strong>Panam\u00e1.-\u00a0<\/strong><\/em>El ministro de Hacienda, Santiago Pe\u00f1a, participa este martes de la 159\u00ba Reuni\u00f3n del Directorio del Banco de Desarrollo de Am\u00e9rica Latina (CAF), que se realiza en la ciudad de Panam\u00e1. Su\u00a0agenda contempla el encuentro de los directivos del mencionado organismo.<!--more--><\/p>\n<p style=\"text-align: justify;\">Entre los puntos a ser abordados figuran la asignaci\u00f3n de recursos a los Fondos Especiales a\u00f1o 2017; presentaci\u00f3n de informes de los Auditores Externos y consideraci\u00f3n del Balance General y del Estado de Ganancias y P\u00e9rdidas al 31 de diciembre de 2016; la presentaci\u00f3n del informe de Gesti\u00f3n 1991-2017 del Presidente Ejecutivo; y la aprobaci\u00f3n de las Actas de la 158\u00ba Reuni\u00f3n del Directorio y de la reuni\u00f3n extraordinaria del Directorio celebrada en diciembre de 2016.<\/p>\n<p style=\"text-align: justify;\">Igualmente, se prev\u00e9 la selecci\u00f3n del Presidente del Directorio y de la Asamblea de Accionistas para el per\u00edodo 1 de abril de 2017 al 31 de marzo de 2018; as\u00ed como analizar la propuesta de Reglamento del Fondo de Cooperaci\u00f3n T\u00e9cnica.<\/p>\n<p style=\"text-align: justify;\">En la oportunidad, dialogar\u00e1n con los asistentes el presidente del Directorio de CAF, Luis Caputo; presidente Ejecutivo de CAF, Enrique Garc\u00eda; y presidente Ejecutivo Electo de CAF, Luis Carranza.<\/p>\n<p style=\"text-align: justify;\">Cabe mencionar que CAF es un banco de desarrollo constituido en 1970 y conformado por 19 pa\u00edses, 17 de Am\u00e9rica Latina y el Caribe, Espa\u00f1a y Portugal, y 13 bancos privados de la regi\u00f3n. Busca promover un modelo de desarrollo sostenible, mediante operaciones de cr\u00e9dito, recursos no reembolsables y apoyo en la estructuraci\u00f3n t\u00e9cnica y financiera de proyectos de los sectores p\u00fablico y privado de Am\u00e9rica Latina. El mismo tiene sede en Caracas, Venezuela, y cuenta con oficinas en Buenos Aires, La Paz, Brasilia, Bogot\u00e1, Quito, Madrid, M\u00e9xico D.F, Ciudad de Panam\u00e1, Asunci\u00f3n, Lima, Montevideo y Puerto Espa\u00f1a.<\/p>\n","protected":false},"excerpt":{"rendered":"<p>Panam\u00e1.-\u00a0El ministro de Hacienda, Santiago Pe\u00f1a, participa este martes de la 159\u00ba Reuni\u00f3n del Directorio del Banco de Desarrollo de Am\u00e9rica Latina (CAF), que se realiza en la ciudad de Panam\u00e1. Su\u00a0agenda contempla el encuentro de los directivos del mencionado organismo.<\/p>\n","protected":false},"author":2,"featured_media":149254,"comment_status":"closed","ping_status":"closed","sticky":false,"template":"","format":"standard","meta":{"_monsterinsights_skip_tracking":false,"_monsterinsights_sitenote_active":false,"_monsterinsights_sitenote_note":"","_monsterinsights_sitenote_category":0,"footnotes":""},"categories":[9],"tags":[],"class_list":{"0":"post-149438","1":"post","2":"type-post","3":"status-publish","4":"format-standard","5":"has-post-thumbnail","7":"category-economia"},"yoast_head":"<!-- This site is optimized with the Yoast SEO plugin v27.4 - https:\/\/yoast.com\/product\/yoast-seo-wordpress\/ -->\n<title>Ministro Pe\u00f1a participa de\u00a0reuni\u00f3n del directorio de CAF en Panam\u00e1 - .::Agencia IP::.<\/title>\n<meta name=\"robots\" content=\"index, follow, max-snippet:-1, max-image-preview:large, max-video-preview:-1\" \/>\n<link rel=\"canonical\" href=\"https:\/\/www.ip.gov.py\/ip\/2017\/03\/14\/ministro-pena-participa-de-reunion-del-directorio-de-caf-en-panama\/\" \/>\n<meta property=\"og:locale\" content=\"es_ES\" \/>\n<meta property=\"og:type\" content=\"article\" \/>\n<meta property=\"og:title\" content=\"Ministro Pe\u00f1a participa de\u00a0reuni\u00f3n del directorio de CAF en Panam\u00e1 - .::Agencia IP::.\" \/>\n<meta property=\"og:description\" content=\"Panam\u00e1.-\u00a0El ministro de Hacienda, Santiago Pe\u00f1a, participa este martes de la 159\u00ba Reuni\u00f3n del Directorio del Banco de Desarrollo de Am\u00e9rica Latina (CAF), que se realiza en la ciudad de Panam\u00e1. Su\u00a0agenda contempla el encuentro de los directivos del mencionado organismo.\" \/>\n<meta property=\"og:url\" content=\"https:\/\/www.ip.gov.py\/ip\/2017\/03\/14\/ministro-pena-participa-de-reunion-del-directorio-de-caf-en-panama\/\" \/>\n<meta property=\"og:site_name\" content=\".::Agencia IP::.\" \/>\n<meta property=\"article:publisher\" content=\"https:\/\/www.facebook.com\/IPParaguay\/\" \/>\n<meta property=\"article:published_time\" content=\"2017-03-14T11:45:21+00:00\" \/>\n<meta property=\"article:modified_time\" content=\"2017-03-14T14:45:43+00:00\" \/>\n<meta property=\"og:image\" content=\"https:\/\/www.ip.gov.py\/ip\/wp-content\/uploads\/2017\/03\/Santiago-Pe\u00f1a-durante-lanzamiento-oficial-de-Asamblea-del-BID.jpg\" \/>\n\t<meta property=\"og:image:width\" content=\"758\" \/>\n\t<meta property=\"og:image:height\" content=\"489\" \/>\n\t<meta property=\"og:image:type\" content=\"image\/jpeg\" \/>\n<meta name=\"author\" content=\"Roque Mereles\" \/>\n<meta name=\"twitter:card\" content=\"summary_large_image\" \/>\n<meta name=\"twitter:creator\" content=\"@IPParaguay\" \/>\n<meta name=\"twitter:site\" content=\"@IPParaguay\" \/>\n<meta name=\"twitter:label1\" content=\"Escrito por\" \/>\n\t<meta name=\"twitter:data1\" content=\"Roque Mereles\" \/>\n\t<meta name=\"twitter:label2\" content=\"Tiempo de lectura\" \/>\n\t<meta name=\"twitter:data2\" content=\"2 minutos\" \/>\n<script type=\"application\/ld+json\" class=\"yoast-schema-graph\">{\"@context\":\"https:\\\/\\\/schema.org\",\"@graph\":[{\"@type\":\"Article\",\"@id\":\"https:\\\/\\\/www.ip.gov.py\\\/ip\\\/2017\\\/03\\\/14\\\/ministro-pena-participa-de-reunion-del-directorio-de-caf-en-panama\\\/#article\",\"isPartOf\":{\"@id\":\"https:\\\/\\\/www.ip.gov.py\\\/ip\\\/2017\\\/03\\\/14\\\/ministro-pena-participa-de-reunion-del-directorio-de-caf-en-panama\\\/\"},\"author\":{\"name\":\"Roque Mereles\",\"@id\":\"https:\\\/\\\/www.ip.gov.py\\\/ip\\\/#\\\/schema\\\/person\\\/7ec1ca00d0a9301ecc37fff902ff6741\"},\"headline\":\"Ministro Pe\u00f1a participa de\u00a0reuni\u00f3n del directorio de CAF en Panam\u00e1\",\"datePublished\":\"2017-03-14T11:45:21+00:00\",\"dateModified\":\"2017-03-14T14:45:43+00:00\",\"mainEntityOfPage\":{\"@id\":\"https:\\\/\\\/www.ip.gov.py\\\/ip\\\/2017\\\/03\\\/14\\\/ministro-pena-participa-de-reunion-del-directorio-de-caf-en-panama\\\/\"},\"wordCount\":319,\"publisher\":{\"@id\":\"https:\\\/\\\/www.ip.gov.py\\\/ip\\\/#organization\"},\"image\":{\"@id\":\"https:\\\/\\\/www.ip.gov.py\\\/ip\\\/2017\\\/03\\\/14\\\/ministro-pena-participa-de-reunion-del-directorio-de-caf-en-panama\\\/#primaryimage\"},\"thumbnailUrl\":\"https:\\\/\\\/www.ip.gov.py\\\/ip\\\/wp-content\\\/uploads\\\/2017\\\/03\\\/Santiago-Pe\u00f1a-durante-lanzamiento-oficial-de-Asamblea-del-BID.jpg\",\"articleSection\":[\"Econom\u00eda\"],\"inLanguage\":\"es\"},{\"@type\":\"WebPage\",\"@id\":\"https:\\\/\\\/www.ip.gov.py\\\/ip\\\/2017\\\/03\\\/14\\\/ministro-pena-participa-de-reunion-del-directorio-de-caf-en-panama\\\/\",\"url\":\"https:\\\/\\\/www.ip.gov.py\\\/ip\\\/2017\\\/03\\\/14\\\/ministro-pena-participa-de-reunion-del-directorio-de-caf-en-panama\\\/\",\"name\":\"Ministro Pe\u00f1a participa de\u00a0reuni\u00f3n del directorio de CAF en Panam\u00e1 - .::Agencia IP::.\",\"isPartOf\":{\"@id\":\"https:\\\/\\\/www.ip.gov.py\\\/ip\\\/#website\"},\"primaryImageOfPage\":{\"@id\":\"https:\\\/\\\/www.ip.gov.py\\\/ip\\\/2017\\\/03\\\/14\\\/ministro-pena-participa-de-reunion-del-directorio-de-caf-en-panama\\\/#primaryimage\"},\"image\":{\"@id\":\"https:\\\/\\\/www.ip.gov.py\\\/ip\\\/2017\\\/03\\\/14\\\/ministro-pena-participa-de-reunion-del-directorio-de-caf-en-panama\\\/#primaryimage\"},\"thumbnailUrl\":\"https:\\\/\\\/www.ip.gov.py\\\/ip\\\/wp-content\\\/uploads\\\/2017\\\/03\\\/Santiago-Pe\u00f1a-durante-lanzamiento-oficial-de-Asamblea-del-BID.jpg\",\"datePublished\":\"2017-03-14T11:45:21+00:00\",\"dateModified\":\"2017-03-14T14:45:43+00:00\",\"breadcrumb\":{\"@id\":\"https:\\\/\\\/www.ip.gov.py\\\/ip\\\/2017\\\/03\\\/14\\\/ministro-pena-participa-de-reunion-del-directorio-de-caf-en-panama\\\/#breadcrumb\"},\"inLanguage\":\"es\",\"potentialAction\":[{\"@type\":\"ReadAction\",\"target\":[\"https:\\\/\\\/www.ip.gov.py\\\/ip\\\/2017\\\/03\\\/14\\\/ministro-pena-participa-de-reunion-del-directorio-de-caf-en-panama\\\/\"]}]},{\"@type\":\"ImageObject\",\"inLanguage\":\"es\",\"@id\":\"https:\\\/\\\/www.ip.gov.py\\\/ip\\\/2017\\\/03\\\/14\\\/ministro-pena-participa-de-reunion-del-directorio-de-caf-en-panama\\\/#primaryimage\",\"url\":\"https:\\\/\\\/www.ip.gov.py\\\/ip\\\/wp-content\\\/uploads\\\/2017\\\/03\\\/Santiago-Pe\u00f1a-durante-lanzamiento-oficial-de-Asamblea-del-BID.jpg\",\"contentUrl\":\"https:\\\/\\\/www.ip.gov.py\\\/ip\\\/wp-content\\\/uploads\\\/2017\\\/03\\\/Santiago-Pe\u00f1a-durante-lanzamiento-oficial-de-Asamblea-del-BID.jpg\",\"width\":758,\"height\":489,\"caption\":\"Foto Ilustraci\u00f3n.\"},{\"@type\":\"BreadcrumbList\",\"@id\":\"https:\\\/\\\/www.ip.gov.py\\\/ip\\\/2017\\\/03\\\/14\\\/ministro-pena-participa-de-reunion-del-directorio-de-caf-en-panama\\\/#breadcrumb\",\"itemListElement\":[{\"@type\":\"ListItem\",\"position\":1,\"name\":\"Portada\",\"item\":\"https:\\\/\\\/www.ip.gov.py\\\/ip\\\/\"},{\"@type\":\"ListItem\",\"position\":2,\"name\":\"Ministro Pe\u00f1a participa de\u00a0reuni\u00f3n del directorio de CAF en Panam\u00e1\"}]},{\"@type\":\"WebSite\",\"@id\":\"https:\\\/\\\/www.ip.gov.py\\\/ip\\\/#website\",\"url\":\"https:\\\/\\\/www.ip.gov.py\\\/ip\\\/\",\"name\":\".::Agencia IP::.\",\"description\":\"\",\"publisher\":{\"@id\":\"https:\\\/\\\/www.ip.gov.py\\\/ip\\\/#organization\"},\"potentialAction\":[{\"@type\":\"SearchAction\",\"target\":{\"@type\":\"EntryPoint\",\"urlTemplate\":\"https:\\\/\\\/www.ip.gov.py\\\/ip\\\/?s={search_term_string}\"},\"query-input\":{\"@type\":\"PropertyValueSpecification\",\"valueRequired\":true,\"valueName\":\"search_term_string\"}}],\"inLanguage\":\"es\"},{\"@type\":\"Organization\",\"@id\":\"https:\\\/\\\/www.ip.gov.py\\\/ip\\\/#organization\",\"name\":\"Agencia IP\",\"url\":\"https:\\\/\\\/www.ip.gov.py\\\/ip\\\/\",\"logo\":{\"@type\":\"ImageObject\",\"inLanguage\":\"es\",\"@id\":\"https:\\\/\\\/www.ip.gov.py\\\/ip\\\/#\\\/schema\\\/logo\\\/image\\\/\",\"url\":\"https:\\\/\\\/www.ip.gov.py\\\/ip\\\/wp-content\\\/uploads\\\/2018\\\/01\\\/Agencia-IP.jpg\",\"contentUrl\":\"https:\\\/\\\/www.ip.gov.py\\\/ip\\\/wp-content\\\/uploads\\\/2018\\\/01\\\/Agencia-IP.jpg\",\"width\":150,\"height\":150,\"caption\":\"Agencia IP\"},\"image\":{\"@id\":\"https:\\\/\\\/www.ip.gov.py\\\/ip\\\/#\\\/schema\\\/logo\\\/image\\\/\"},\"sameAs\":[\"https:\\\/\\\/www.facebook.com\\\/IPParaguay\\\/\",\"https:\\\/\\\/x.com\\\/IPParaguay\",\"https:\\\/\\\/www.instagram.com\\\/IPParaguay\"]},{\"@type\":\"Person\",\"@id\":\"https:\\\/\\\/www.ip.gov.py\\\/ip\\\/#\\\/schema\\\/person\\\/7ec1ca00d0a9301ecc37fff902ff6741\",\"name\":\"Roque Mereles\",\"url\":\"https:\\\/\\\/www.ip.gov.py\\\/ip\\\/author\\\/rmereles\\\/\"}]}<\/script>\n<!-- \/ Yoast SEO plugin. -->","yoast_head_json":{"title":"Ministro Pe\u00f1a participa de\u00a0reuni\u00f3n del directorio de CAF en Panam\u00e1 - .::Agencia IP::.","robots":{"index":"index","follow":"follow","max-snippet":"max-snippet:-1","max-image-preview":"max-image-preview:large","max-video-preview":"max-video-preview:-1"},"canonical":"https:\/\/www.ip.gov.py\/ip\/2017\/03\/14\/ministro-pena-participa-de-reunion-del-directorio-de-caf-en-panama\/","og_locale":"es_ES","og_type":"article","og_title":"Ministro Pe\u00f1a participa de\u00a0reuni\u00f3n del directorio de CAF en Panam\u00e1 - .::Agencia IP::.","og_description":"Panam\u00e1.-\u00a0El ministro de Hacienda, Santiago Pe\u00f1a, participa este martes de la 159\u00ba Reuni\u00f3n del Directorio del Banco de Desarrollo de Am\u00e9rica Latina (CAF), que se realiza en la ciudad de Panam\u00e1. Su\u00a0agenda contempla el encuentro de los directivos del mencionado organismo.","og_url":"https:\/\/www.ip.gov.py\/ip\/2017\/03\/14\/ministro-pena-participa-de-reunion-del-directorio-de-caf-en-panama\/","og_site_name":".::Agencia IP::.","article_publisher":"https:\/\/www.facebook.com\/IPParaguay\/","article_published_time":"2017-03-14T11:45:21+00:00","article_modified_time":"2017-03-14T14:45:43+00:00","og_image":[{"width":758,"height":489,"url":"https:\/\/www.ip.gov.py\/ip\/wp-content\/uploads\/2017\/03\/Santiago-Pe\u00f1a-durante-lanzamiento-oficial-de-Asamblea-del-BID.jpg","type":"image\/jpeg"}],"author":"Roque Mereles","twitter_card":"summary_large_image","twitter_creator":"@IPParaguay","twitter_site":"@IPParaguay","twitter_misc":{"Escrito por":"Roque Mereles","Tiempo de lectura":"2 minutos"},"schema":{"@context":"https:\/\/schema.org","@graph":[{"@type":"Article","@id":"https:\/\/www.ip.gov.py\/ip\/2017\/03\/14\/ministro-pena-participa-de-reunion-del-directorio-de-caf-en-panama\/#article","isPartOf":{"@id":"https:\/\/www.ip.gov.py\/ip\/2017\/03\/14\/ministro-pena-participa-de-reunion-del-directorio-de-caf-en-panama\/"},"author":{"name":"Roque Mereles","@id":"https:\/\/www.ip.gov.py\/ip\/#\/schema\/person\/7ec1ca00d0a9301ecc37fff902ff6741"},"headline":"Ministro Pe\u00f1a participa de\u00a0reuni\u00f3n del directorio de CAF en Panam\u00e1","datePublished":"2017-03-14T11:45:21+00:00","dateModified":"2017-03-14T14:45:43+00:00","mainEntityOfPage":{"@id":"https:\/\/www.ip.gov.py\/ip\/2017\/03\/14\/ministro-pena-participa-de-reunion-del-directorio-de-caf-en-panama\/"},"wordCount":319,"publisher":{"@id":"https:\/\/www.ip.gov.py\/ip\/#organization"},"image":{"@id":"https:\/\/www.ip.gov.py\/ip\/2017\/03\/14\/ministro-pena-participa-de-reunion-del-directorio-de-caf-en-panama\/#primaryimage"},"thumbnailUrl":"https:\/\/www.ip.gov.py\/ip\/wp-content\/uploads\/2017\/03\/Santiago-Pe\u00f1a-durante-lanzamiento-oficial-de-Asamblea-del-BID.jpg","articleSection":["Econom\u00eda"],"inLanguage":"es"},{"@type":"WebPage","@id":"https:\/\/www.ip.gov.py\/ip\/2017\/03\/14\/ministro-pena-participa-de-reunion-del-directorio-de-caf-en-panama\/","url":"https:\/\/www.ip.gov.py\/ip\/2017\/03\/14\/ministro-pena-participa-de-reunion-del-directorio-de-caf-en-panama\/","name":"Ministro Pe\u00f1a participa de\u00a0reuni\u00f3n del directorio de CAF en Panam\u00e1 - .::Agencia IP::.","isPartOf":{"@id":"https:\/\/www.ip.gov.py\/ip\/#website"},"primaryImageOfPage":{"@id":"https:\/\/www.ip.gov.py\/ip\/2017\/03\/14\/ministro-pena-participa-de-reunion-del-directorio-de-caf-en-panama\/#primaryimage"},"image":{"@id":"https:\/\/www.ip.gov.py\/ip\/2017\/03\/14\/ministro-pena-participa-de-reunion-del-directorio-de-caf-en-panama\/#primaryimage"},"thumbnailUrl":"https:\/\/www.ip.gov.py\/ip\/wp-content\/uploads\/2017\/03\/Santiago-Pe\u00f1a-durante-lanzamiento-oficial-de-Asamblea-del-BID.jpg","datePublished":"2017-03-14T11:45:21+00:00","dateModified":"2017-03-14T14:45:43+00:00","breadcrumb":{"@id":"https:\/\/www.ip.gov.py\/ip\/2017\/03\/14\/ministro-pena-participa-de-reunion-del-directorio-de-caf-en-panama\/#breadcrumb"},"inLanguage":"es","potentialAction":[{"@type":"ReadAction","target":["https:\/\/www.ip.gov.py\/ip\/2017\/03\/14\/ministro-pena-participa-de-reunion-del-directorio-de-caf-en-panama\/"]}]},{"@type":"ImageObject","inLanguage":"es","@id":"https:\/\/www.ip.gov.py\/ip\/2017\/03\/14\/ministro-pena-participa-de-reunion-del-directorio-de-caf-en-panama\/#primaryimage","url":"https:\/\/www.ip.gov.py\/ip\/wp-content\/uploads\/2017\/03\/Santiago-Pe\u00f1a-durante-lanzamiento-oficial-de-Asamblea-del-BID.jpg","contentUrl":"https:\/\/www.ip.gov.py\/ip\/wp-content\/uploads\/2017\/03\/Santiago-Pe\u00f1a-durante-lanzamiento-oficial-de-Asamblea-del-BID.jpg","width":758,"height":489,"caption":"Foto Ilustraci\u00f3n."},{"@type":"BreadcrumbList","@id":"https:\/\/www.ip.gov.py\/ip\/2017\/03\/14\/ministro-pena-participa-de-reunion-del-directorio-de-caf-en-panama\/#breadcrumb","itemListElement":[{"@type":"ListItem","position":1,"name":"Portada","item":"https:\/\/www.ip.gov.py\/ip\/"},{"@type":"ListItem","position":2,"name":"Ministro Pe\u00f1a participa de\u00a0reuni\u00f3n del directorio de CAF en Panam\u00e1"}]},{"@type":"WebSite","@id":"https:\/\/www.ip.gov.py\/ip\/#website","url":"https:\/\/www.ip.gov.py\/ip\/","name":".::Agencia IP::.","description":"","publisher":{"@id":"https:\/\/www.ip.gov.py\/ip\/#organization"},"potentialAction":[{"@type":"SearchAction","target":{"@type":"EntryPoint","urlTemplate":"https:\/\/www.ip.gov.py\/ip\/?s={search_term_string}"},"query-input":{"@type":"PropertyValueSpecification","valueRequired":true,"valueName":"search_term_string"}}],"inLanguage":"es"},{"@type":"Organization","@id":"https:\/\/www.ip.gov.py\/ip\/#organization","name":"Agencia IP","url":"https:\/\/www.ip.gov.py\/ip\/","logo":{"@type":"ImageObject","inLanguage":"es","@id":"https:\/\/www.ip.gov.py\/ip\/#\/schema\/logo\/image\/","url":"https:\/\/www.ip.gov.py\/ip\/wp-content\/uploads\/2018\/01\/Agencia-IP.jpg","contentUrl":"https:\/\/www.ip.gov.py\/ip\/wp-content\/uploads\/2018\/01\/Agencia-IP.jpg","width":150,"height":150,"caption":"Agencia IP"},"image":{"@id":"https:\/\/www.ip.gov.py\/ip\/#\/schema\/logo\/image\/"},"sameAs":["https:\/\/www.facebook.com\/IPParaguay\/","https:\/\/x.com\/IPParaguay","https:\/\/www.instagram.com\/IPParaguay"]},{"@type":"Person","@id":"https:\/\/www.ip.gov.py\/ip\/#\/schema\/person\/7ec1ca00d0a9301ecc37fff902ff6741","name":"Roque Mereles","url":"https:\/\/www.ip.gov.py\/ip\/author\/rmereles\/"}]}},"_links":{"self":[{"href":"https:\/\/www.ip.gov.py\/ip\/wp-json\/wp\/v2\/posts\/149438","targetHints":{"allow":["GET"]}}],"collection":[{"href":"https:\/\/www.ip.gov.py\/ip\/wp-json\/wp\/v2\/posts"}],"about":[{"href":"https:\/\/www.ip.gov.py\/ip\/wp-json\/wp\/v2\/types\/post"}],"author":[{"embeddable":true,"href":"https:\/\/www.ip.gov.py\/ip\/wp-json\/wp\/v2\/users\/2"}],"replies":[{"embeddable":true,"href":"https:\/\/www.ip.gov.py\/ip\/wp-json\/wp\/v2\/comments?post=149438"}],"version-history":[{"count":0,"href":"https:\/\/www.ip.gov.py\/ip\/wp-json\/wp\/v2\/posts\/149438\/revisions"}],"wp:featuredmedia":[{"embeddable":true,"href":"https:\/\/www.ip.gov.py\/ip\/wp-json\/wp\/v2\/media\/149254"}],"wp:attachment":[{"href":"https:\/\/www.ip.gov.py\/ip\/wp-json\/wp\/v2\/media?parent=149438"}],"wp:term":[{"taxonomy":"category","embeddable":true,"href":"https:\/\/www.ip.gov.py\/ip\/wp-json\/wp\/v2\/categories?post=149438"},{"taxonomy":"post_tag","embeddable":true,"href":"https:\/\/www.ip.gov.py\/ip\/wp-json\/wp\/v2\/tags?post=149438"}],"curies":[{"name":"wp","href":"https:\/\/api.w.org\/{rel}","templated":true}]}}