{"id":1536,"date":"2015-02-05T15:57:04","date_gmt":"2015-02-05T15:57:04","guid":{"rendered":"http:\/\/desarrollo.ip.gov.py\/ip\/?p=1536"},"modified":"2015-02-05T16:20:21","modified_gmt":"2015-02-05T16:20:21","slug":"latas-vacias-sera-exhibido-este-viernes-en-estados-unidos","status":"publish","type":"post","link":"https:\/\/www.ip.gov.py\/ip\/2015\/02\/05\/latas-vacias-sera-exhibido-este-viernes-en-estados-unidos\/","title":{"rendered":"\u00abLatas Vacias\u00bb ser\u00e1 exhibido este viernes en Estados Unidos"},"content":{"rendered":"<p style=\"text-align: justify;\"><em><strong>Asunci\u00f3n, IP.-<\/strong> <\/em>Latas Vac\u00edas, primer largometraje filmado en Coronel Oviedo, distante a 138 kil\u00f3metros de la capital paraguaya, ciudad sin cines de Paraguay, se estrenar\u00e1 este mes con funciones especiales en Maryland, New York y New Jersey (Estados Unidos).\u00a0La primera funci\u00f3n ser\u00e1 este viernes a las 19:00 en el Takoma Park Community Center, de Maryland, donde habr\u00e1 comidas t\u00edpicas paraguayas.<br \/>\n<!--more--><\/p>\n<p style=\"text-align: justify;\">La pel\u00edcula est\u00e1 completamente hablada en guaran\u00ed\u00a0y aborda un mito popular llamado \u201cplata yvyguy\u201d, acerca de las riquezas enterradas durante la Guerra de la Triple Alianza (1865-1870), que son protegidas por fantasmas del conflicto b\u00e9lico. Su costo de producci\u00f3n fue de 6.000 d\u00f3lares aproximadamente.<\/p>\n<p style=\"text-align: justify;\">El largometraje narra sobre un buscador de los tesoros que el ej\u00e9rcito del Mariscal L\u00f3pez ocult\u00f3 hace 150 a\u00f1os, Alfonso es golpeado por la tragedia y sobrevive como reciclador de latas vac\u00edas. Pero la maldici\u00f3n sigue tras \u00e9l.<\/p>\n<p style=\"text-align: justify;\">El domingo 8 de febrero a las 16:00 se exhibir\u00e1 en el Main Street Cinemas, de Flushing (New York). Finalmente, en New Jersey, el jueves 12 de febrero a las 20:00 en el Manville 12 Plex (Reading Cinemas). Las entradas cuestan 20 d\u00f3lares.<\/p>\n<p style=\"text-align: justify;\">Las proyecciones, que se realizar\u00e1n con subt\u00edtulos en ingl\u00e9s, tendr\u00e1n la presencia del director de la pel\u00edcula, H\u00e9rib Godoy, acompa\u00f1ado por el productor Marcos Varela.<\/p>\n<p style=\"text-align: justify;\">Adem\u00e1s, est\u00e1 previsto que Godoy, quien prepara su siguiente pel\u00edcula, se re\u00fana con miembros de New York Film Academy, New York Foundation for the Arts y Washington DC International Film Festival.<\/p>\n<p style=\"text-align: justify;\">Cuenta con apoyo del Congreso de Paraguayos Migrantes en los Estados Unidos (Conparmusa) y la producci\u00f3n corresponde a Wilfrido Risso, productor ejecutivo de Talent USA Productions.<\/p>\n<p style=\"text-align: justify;\">Mas informaci\u00f3n sobre la pel\u00edcula y la producci\u00f3n del film ingresar al sitio oficial: http:\/\/www.latasvacias.com o al facebook: https:\/\/www.facebook.com\/pages\/Latas-Vac%C3%ADas\/503611199782680. El trailer de la pel\u00edcula se encuentra en http:\/\/youtu.be\/_7WiJcIdWBs .<\/p>\n","protected":false},"excerpt":{"rendered":"<p>Asunci\u00f3n, IP.- Latas Vac\u00edas, primer largometraje filmado en Coronel Oviedo, distante a 138 kil\u00f3metros de la capital paraguaya, ciudad sin cines de Paraguay, se estrenar\u00e1 este mes con funciones especiales en Maryland, New York y New Jersey (Estados Unidos).\u00a0La primera funci\u00f3n ser\u00e1 este viernes a las 19:00 en el Takoma Park Community Center, de Maryland, [&hellip;]<\/p>\n","protected":false},"author":13,"featured_media":1541,"comment_status":"closed","ping_status":"closed","sticky":false,"template":"","format":"standard","meta":{"_monsterinsights_skip_tracking":false,"_monsterinsights_sitenote_active":false,"_monsterinsights_sitenote_note":"","_monsterinsights_sitenote_category":0,"footnotes":""},"categories":[7],"tags":[],"class_list":{"0":"post-1536","1":"post","2":"type-post","3":"status-publish","4":"format-standard","5":"has-post-thumbnail","7":"category-cultura"},"yoast_head":"<!-- This site is optimized with the Yoast SEO plugin v27.5 - https:\/\/yoast.com\/product\/yoast-seo-wordpress\/ -->\n<title>&quot;Latas Vacias&quot; ser\u00e1 exhibido este viernes en Estados Unidos - .::Agencia IP::.<\/title>\n<meta name=\"robots\" content=\"index, follow, max-snippet:-1, max-image-preview:large, max-video-preview:-1\" \/>\n<link rel=\"canonical\" href=\"https:\/\/www.ip.gov.py\/ip\/2015\/02\/05\/latas-vacias-sera-exhibido-este-viernes-en-estados-unidos\/\" \/>\n<meta property=\"og:locale\" content=\"es_ES\" \/>\n<meta property=\"og:type\" content=\"article\" \/>\n<meta property=\"og:title\" content=\"&quot;Latas Vacias&quot; ser\u00e1 exhibido este viernes en Estados Unidos - .::Agencia IP::.\" \/>\n<meta property=\"og:description\" content=\"Asunci\u00f3n, IP.- Latas Vac\u00edas, primer largometraje filmado en Coronel Oviedo, distante a 138 kil\u00f3metros de la capital paraguaya, ciudad sin cines de Paraguay, se estrenar\u00e1 este mes con funciones especiales en Maryland, New York y New Jersey (Estados Unidos).\u00a0La primera funci\u00f3n ser\u00e1 este viernes a las 19:00 en el Takoma Park Community Center, de Maryland, [&hellip;]\" \/>\n<meta property=\"og:url\" content=\"https:\/\/www.ip.gov.py\/ip\/2015\/02\/05\/latas-vacias-sera-exhibido-este-viernes-en-estados-unidos\/\" \/>\n<meta property=\"og:site_name\" content=\".::Agencia IP::.\" \/>\n<meta property=\"article:publisher\" content=\"https:\/\/www.facebook.com\/IPParaguay\/\" \/>\n<meta property=\"article:published_time\" content=\"2015-02-05T15:57:04+00:00\" \/>\n<meta property=\"article:modified_time\" content=\"2015-02-05T16:20:21+00:00\" \/>\n<meta property=\"og:image\" content=\"https:\/\/www.ip.gov.py\/ip\/wp-content\/uploads\/2015\/02\/Imagen-de-LataS-Vacias.jpg\" \/>\n\t<meta property=\"og:image:width\" content=\"758\" \/>\n\t<meta property=\"og:image:height\" content=\"427\" \/>\n\t<meta property=\"og:image:type\" content=\"image\/jpeg\" \/>\n<meta name=\"author\" content=\"Lorena FLores\" \/>\n<meta name=\"twitter:card\" content=\"summary_large_image\" \/>\n<meta name=\"twitter:creator\" content=\"@IPParaguay\" \/>\n<meta name=\"twitter:site\" content=\"@IPParaguay\" \/>\n<meta name=\"twitter:label1\" content=\"Escrito por\" \/>\n\t<meta name=\"twitter:data1\" content=\"Lorena FLores\" \/>\n\t<meta name=\"twitter:label2\" content=\"Tiempo de lectura\" \/>\n\t<meta name=\"twitter:data2\" content=\"2 minutos\" \/>\n<script type=\"application\/ld+json\" class=\"yoast-schema-graph\">{\"@context\":\"https:\\\/\\\/schema.org\",\"@graph\":[{\"@type\":\"Article\",\"@id\":\"https:\\\/\\\/www.ip.gov.py\\\/ip\\\/2015\\\/02\\\/05\\\/latas-vacias-sera-exhibido-este-viernes-en-estados-unidos\\\/#article\",\"isPartOf\":{\"@id\":\"https:\\\/\\\/www.ip.gov.py\\\/ip\\\/2015\\\/02\\\/05\\\/latas-vacias-sera-exhibido-este-viernes-en-estados-unidos\\\/\"},\"author\":{\"name\":\"Lorena FLores\",\"@id\":\"https:\\\/\\\/www.ip.gov.py\\\/ip\\\/#\\\/schema\\\/person\\\/b6c3764e56c4e0180b10787cbf3f1294\"},\"headline\":\"\u00abLatas Vacias\u00bb ser\u00e1 exhibido este viernes en Estados Unidos\",\"datePublished\":\"2015-02-05T15:57:04+00:00\",\"dateModified\":\"2015-02-05T16:20:21+00:00\",\"mainEntityOfPage\":{\"@id\":\"https:\\\/\\\/www.ip.gov.py\\\/ip\\\/2015\\\/02\\\/05\\\/latas-vacias-sera-exhibido-este-viernes-en-estados-unidos\\\/\"},\"wordCount\":340,\"publisher\":{\"@id\":\"https:\\\/\\\/www.ip.gov.py\\\/ip\\\/#organization\"},\"image\":{\"@id\":\"https:\\\/\\\/www.ip.gov.py\\\/ip\\\/2015\\\/02\\\/05\\\/latas-vacias-sera-exhibido-este-viernes-en-estados-unidos\\\/#primaryimage\"},\"thumbnailUrl\":\"https:\\\/\\\/www.ip.gov.py\\\/ip\\\/wp-content\\\/uploads\\\/2015\\\/02\\\/Imagen-de-LataS-Vacias.jpg\",\"articleSection\":[\"Cultura\"],\"inLanguage\":\"es\"},{\"@type\":\"WebPage\",\"@id\":\"https:\\\/\\\/www.ip.gov.py\\\/ip\\\/2015\\\/02\\\/05\\\/latas-vacias-sera-exhibido-este-viernes-en-estados-unidos\\\/\",\"url\":\"https:\\\/\\\/www.ip.gov.py\\\/ip\\\/2015\\\/02\\\/05\\\/latas-vacias-sera-exhibido-este-viernes-en-estados-unidos\\\/\",\"name\":\"\\\"Latas Vacias\\\" ser\u00e1 exhibido este viernes en Estados Unidos - .::Agencia IP::.\",\"isPartOf\":{\"@id\":\"https:\\\/\\\/www.ip.gov.py\\\/ip\\\/#website\"},\"primaryImageOfPage\":{\"@id\":\"https:\\\/\\\/www.ip.gov.py\\\/ip\\\/2015\\\/02\\\/05\\\/latas-vacias-sera-exhibido-este-viernes-en-estados-unidos\\\/#primaryimage\"},\"image\":{\"@id\":\"https:\\\/\\\/www.ip.gov.py\\\/ip\\\/2015\\\/02\\\/05\\\/latas-vacias-sera-exhibido-este-viernes-en-estados-unidos\\\/#primaryimage\"},\"thumbnailUrl\":\"https:\\\/\\\/www.ip.gov.py\\\/ip\\\/wp-content\\\/uploads\\\/2015\\\/02\\\/Imagen-de-LataS-Vacias.jpg\",\"datePublished\":\"2015-02-05T15:57:04+00:00\",\"dateModified\":\"2015-02-05T16:20:21+00:00\",\"breadcrumb\":{\"@id\":\"https:\\\/\\\/www.ip.gov.py\\\/ip\\\/2015\\\/02\\\/05\\\/latas-vacias-sera-exhibido-este-viernes-en-estados-unidos\\\/#breadcrumb\"},\"inLanguage\":\"es\",\"potentialAction\":[{\"@type\":\"ReadAction\",\"target\":[\"https:\\\/\\\/www.ip.gov.py\\\/ip\\\/2015\\\/02\\\/05\\\/latas-vacias-sera-exhibido-este-viernes-en-estados-unidos\\\/\"]}]},{\"@type\":\"ImageObject\",\"inLanguage\":\"es\",\"@id\":\"https:\\\/\\\/www.ip.gov.py\\\/ip\\\/2015\\\/02\\\/05\\\/latas-vacias-sera-exhibido-este-viernes-en-estados-unidos\\\/#primaryimage\",\"url\":\"https:\\\/\\\/www.ip.gov.py\\\/ip\\\/wp-content\\\/uploads\\\/2015\\\/02\\\/Imagen-de-LataS-Vacias.jpg\",\"contentUrl\":\"https:\\\/\\\/www.ip.gov.py\\\/ip\\\/wp-content\\\/uploads\\\/2015\\\/02\\\/Imagen-de-LataS-Vacias.jpg\",\"width\":758,\"height\":427,\"caption\":\"Foto: escena de la pel\u00edcula.\"},{\"@type\":\"BreadcrumbList\",\"@id\":\"https:\\\/\\\/www.ip.gov.py\\\/ip\\\/2015\\\/02\\\/05\\\/latas-vacias-sera-exhibido-este-viernes-en-estados-unidos\\\/#breadcrumb\",\"itemListElement\":[{\"@type\":\"ListItem\",\"position\":1,\"name\":\"Portada\",\"item\":\"https:\\\/\\\/www.ip.gov.py\\\/ip\\\/\"},{\"@type\":\"ListItem\",\"position\":2,\"name\":\"\u00abLatas Vacias\u00bb ser\u00e1 exhibido este viernes en Estados Unidos\"}]},{\"@type\":\"WebSite\",\"@id\":\"https:\\\/\\\/www.ip.gov.py\\\/ip\\\/#website\",\"url\":\"https:\\\/\\\/www.ip.gov.py\\\/ip\\\/\",\"name\":\".::Agencia IP::.\",\"description\":\"\",\"publisher\":{\"@id\":\"https:\\\/\\\/www.ip.gov.py\\\/ip\\\/#organization\"},\"potentialAction\":[{\"@type\":\"SearchAction\",\"target\":{\"@type\":\"EntryPoint\",\"urlTemplate\":\"https:\\\/\\\/www.ip.gov.py\\\/ip\\\/?s={search_term_string}\"},\"query-input\":{\"@type\":\"PropertyValueSpecification\",\"valueRequired\":true,\"valueName\":\"search_term_string\"}}],\"inLanguage\":\"es\"},{\"@type\":\"Organization\",\"@id\":\"https:\\\/\\\/www.ip.gov.py\\\/ip\\\/#organization\",\"name\":\"Agencia IP\",\"url\":\"https:\\\/\\\/www.ip.gov.py\\\/ip\\\/\",\"logo\":{\"@type\":\"ImageObject\",\"inLanguage\":\"es\",\"@id\":\"https:\\\/\\\/www.ip.gov.py\\\/ip\\\/#\\\/schema\\\/logo\\\/image\\\/\",\"url\":\"https:\\\/\\\/www.ip.gov.py\\\/ip\\\/wp-content\\\/uploads\\\/2018\\\/01\\\/Agencia-IP.jpg\",\"contentUrl\":\"https:\\\/\\\/www.ip.gov.py\\\/ip\\\/wp-content\\\/uploads\\\/2018\\\/01\\\/Agencia-IP.jpg\",\"width\":150,\"height\":150,\"caption\":\"Agencia IP\"},\"image\":{\"@id\":\"https:\\\/\\\/www.ip.gov.py\\\/ip\\\/#\\\/schema\\\/logo\\\/image\\\/\"},\"sameAs\":[\"https:\\\/\\\/www.facebook.com\\\/IPParaguay\\\/\",\"https:\\\/\\\/x.com\\\/IPParaguay\",\"https:\\\/\\\/www.instagram.com\\\/IPParaguay\"]},{\"@type\":\"Person\",\"@id\":\"https:\\\/\\\/www.ip.gov.py\\\/ip\\\/#\\\/schema\\\/person\\\/b6c3764e56c4e0180b10787cbf3f1294\",\"name\":\"Lorena FLores\",\"url\":\"https:\\\/\\\/www.ip.gov.py\\\/ip\\\/author\\\/lflores\\\/\"}]}<\/script>\n<!-- \/ Yoast SEO plugin. -->","yoast_head_json":{"title":"\"Latas Vacias\" ser\u00e1 exhibido este viernes en Estados Unidos - .::Agencia IP::.","robots":{"index":"index","follow":"follow","max-snippet":"max-snippet:-1","max-image-preview":"max-image-preview:large","max-video-preview":"max-video-preview:-1"},"canonical":"https:\/\/www.ip.gov.py\/ip\/2015\/02\/05\/latas-vacias-sera-exhibido-este-viernes-en-estados-unidos\/","og_locale":"es_ES","og_type":"article","og_title":"\"Latas Vacias\" ser\u00e1 exhibido este viernes en Estados Unidos - .::Agencia IP::.","og_description":"Asunci\u00f3n, IP.- Latas Vac\u00edas, primer largometraje filmado en Coronel Oviedo, distante a 138 kil\u00f3metros de la capital paraguaya, ciudad sin cines de Paraguay, se estrenar\u00e1 este mes con funciones especiales en Maryland, New York y New Jersey (Estados Unidos).\u00a0La primera funci\u00f3n ser\u00e1 este viernes a las 19:00 en el Takoma Park Community Center, de Maryland, [&hellip;]","og_url":"https:\/\/www.ip.gov.py\/ip\/2015\/02\/05\/latas-vacias-sera-exhibido-este-viernes-en-estados-unidos\/","og_site_name":".::Agencia IP::.","article_publisher":"https:\/\/www.facebook.com\/IPParaguay\/","article_published_time":"2015-02-05T15:57:04+00:00","article_modified_time":"2015-02-05T16:20:21+00:00","og_image":[{"width":758,"height":427,"url":"https:\/\/www.ip.gov.py\/ip\/wp-content\/uploads\/2015\/02\/Imagen-de-LataS-Vacias.jpg","type":"image\/jpeg"}],"author":"Lorena FLores","twitter_card":"summary_large_image","twitter_creator":"@IPParaguay","twitter_site":"@IPParaguay","twitter_misc":{"Escrito por":"Lorena FLores","Tiempo de lectura":"2 minutos"},"schema":{"@context":"https:\/\/schema.org","@graph":[{"@type":"Article","@id":"https:\/\/www.ip.gov.py\/ip\/2015\/02\/05\/latas-vacias-sera-exhibido-este-viernes-en-estados-unidos\/#article","isPartOf":{"@id":"https:\/\/www.ip.gov.py\/ip\/2015\/02\/05\/latas-vacias-sera-exhibido-este-viernes-en-estados-unidos\/"},"author":{"name":"Lorena FLores","@id":"https:\/\/www.ip.gov.py\/ip\/#\/schema\/person\/b6c3764e56c4e0180b10787cbf3f1294"},"headline":"\u00abLatas Vacias\u00bb ser\u00e1 exhibido este viernes en Estados Unidos","datePublished":"2015-02-05T15:57:04+00:00","dateModified":"2015-02-05T16:20:21+00:00","mainEntityOfPage":{"@id":"https:\/\/www.ip.gov.py\/ip\/2015\/02\/05\/latas-vacias-sera-exhibido-este-viernes-en-estados-unidos\/"},"wordCount":340,"publisher":{"@id":"https:\/\/www.ip.gov.py\/ip\/#organization"},"image":{"@id":"https:\/\/www.ip.gov.py\/ip\/2015\/02\/05\/latas-vacias-sera-exhibido-este-viernes-en-estados-unidos\/#primaryimage"},"thumbnailUrl":"https:\/\/www.ip.gov.py\/ip\/wp-content\/uploads\/2015\/02\/Imagen-de-LataS-Vacias.jpg","articleSection":["Cultura"],"inLanguage":"es"},{"@type":"WebPage","@id":"https:\/\/www.ip.gov.py\/ip\/2015\/02\/05\/latas-vacias-sera-exhibido-este-viernes-en-estados-unidos\/","url":"https:\/\/www.ip.gov.py\/ip\/2015\/02\/05\/latas-vacias-sera-exhibido-este-viernes-en-estados-unidos\/","name":"\"Latas Vacias\" ser\u00e1 exhibido este viernes en Estados Unidos - .::Agencia IP::.","isPartOf":{"@id":"https:\/\/www.ip.gov.py\/ip\/#website"},"primaryImageOfPage":{"@id":"https:\/\/www.ip.gov.py\/ip\/2015\/02\/05\/latas-vacias-sera-exhibido-este-viernes-en-estados-unidos\/#primaryimage"},"image":{"@id":"https:\/\/www.ip.gov.py\/ip\/2015\/02\/05\/latas-vacias-sera-exhibido-este-viernes-en-estados-unidos\/#primaryimage"},"thumbnailUrl":"https:\/\/www.ip.gov.py\/ip\/wp-content\/uploads\/2015\/02\/Imagen-de-LataS-Vacias.jpg","datePublished":"2015-02-05T15:57:04+00:00","dateModified":"2015-02-05T16:20:21+00:00","breadcrumb":{"@id":"https:\/\/www.ip.gov.py\/ip\/2015\/02\/05\/latas-vacias-sera-exhibido-este-viernes-en-estados-unidos\/#breadcrumb"},"inLanguage":"es","potentialAction":[{"@type":"ReadAction","target":["https:\/\/www.ip.gov.py\/ip\/2015\/02\/05\/latas-vacias-sera-exhibido-este-viernes-en-estados-unidos\/"]}]},{"@type":"ImageObject","inLanguage":"es","@id":"https:\/\/www.ip.gov.py\/ip\/2015\/02\/05\/latas-vacias-sera-exhibido-este-viernes-en-estados-unidos\/#primaryimage","url":"https:\/\/www.ip.gov.py\/ip\/wp-content\/uploads\/2015\/02\/Imagen-de-LataS-Vacias.jpg","contentUrl":"https:\/\/www.ip.gov.py\/ip\/wp-content\/uploads\/2015\/02\/Imagen-de-LataS-Vacias.jpg","width":758,"height":427,"caption":"Foto: escena de la pel\u00edcula."},{"@type":"BreadcrumbList","@id":"https:\/\/www.ip.gov.py\/ip\/2015\/02\/05\/latas-vacias-sera-exhibido-este-viernes-en-estados-unidos\/#breadcrumb","itemListElement":[{"@type":"ListItem","position":1,"name":"Portada","item":"https:\/\/www.ip.gov.py\/ip\/"},{"@type":"ListItem","position":2,"name":"\u00abLatas Vacias\u00bb ser\u00e1 exhibido este viernes en Estados Unidos"}]},{"@type":"WebSite","@id":"https:\/\/www.ip.gov.py\/ip\/#website","url":"https:\/\/www.ip.gov.py\/ip\/","name":".::Agencia IP::.","description":"","publisher":{"@id":"https:\/\/www.ip.gov.py\/ip\/#organization"},"potentialAction":[{"@type":"SearchAction","target":{"@type":"EntryPoint","urlTemplate":"https:\/\/www.ip.gov.py\/ip\/?s={search_term_string}"},"query-input":{"@type":"PropertyValueSpecification","valueRequired":true,"valueName":"search_term_string"}}],"inLanguage":"es"},{"@type":"Organization","@id":"https:\/\/www.ip.gov.py\/ip\/#organization","name":"Agencia IP","url":"https:\/\/www.ip.gov.py\/ip\/","logo":{"@type":"ImageObject","inLanguage":"es","@id":"https:\/\/www.ip.gov.py\/ip\/#\/schema\/logo\/image\/","url":"https:\/\/www.ip.gov.py\/ip\/wp-content\/uploads\/2018\/01\/Agencia-IP.jpg","contentUrl":"https:\/\/www.ip.gov.py\/ip\/wp-content\/uploads\/2018\/01\/Agencia-IP.jpg","width":150,"height":150,"caption":"Agencia IP"},"image":{"@id":"https:\/\/www.ip.gov.py\/ip\/#\/schema\/logo\/image\/"},"sameAs":["https:\/\/www.facebook.com\/IPParaguay\/","https:\/\/x.com\/IPParaguay","https:\/\/www.instagram.com\/IPParaguay"]},{"@type":"Person","@id":"https:\/\/www.ip.gov.py\/ip\/#\/schema\/person\/b6c3764e56c4e0180b10787cbf3f1294","name":"Lorena FLores","url":"https:\/\/www.ip.gov.py\/ip\/author\/lflores\/"}]}},"_links":{"self":[{"href":"https:\/\/www.ip.gov.py\/ip\/wp-json\/wp\/v2\/posts\/1536","targetHints":{"allow":["GET"]}}],"collection":[{"href":"https:\/\/www.ip.gov.py\/ip\/wp-json\/wp\/v2\/posts"}],"about":[{"href":"https:\/\/www.ip.gov.py\/ip\/wp-json\/wp\/v2\/types\/post"}],"author":[{"embeddable":true,"href":"https:\/\/www.ip.gov.py\/ip\/wp-json\/wp\/v2\/users\/13"}],"replies":[{"embeddable":true,"href":"https:\/\/www.ip.gov.py\/ip\/wp-json\/wp\/v2\/comments?post=1536"}],"version-history":[{"count":0,"href":"https:\/\/www.ip.gov.py\/ip\/wp-json\/wp\/v2\/posts\/1536\/revisions"}],"wp:featuredmedia":[{"embeddable":true,"href":"https:\/\/www.ip.gov.py\/ip\/wp-json\/wp\/v2\/media\/1541"}],"wp:attachment":[{"href":"https:\/\/www.ip.gov.py\/ip\/wp-json\/wp\/v2\/media?parent=1536"}],"wp:term":[{"taxonomy":"category","embeddable":true,"href":"https:\/\/www.ip.gov.py\/ip\/wp-json\/wp\/v2\/categories?post=1536"},{"taxonomy":"post_tag","embeddable":true,"href":"https:\/\/www.ip.gov.py\/ip\/wp-json\/wp\/v2\/tags?post=1536"}],"curies":[{"name":"wp","href":"https:\/\/api.w.org\/{rel}","templated":true}]}}