{"id":180359,"date":"2017-08-23T09:10:08","date_gmt":"2017-08-23T13:10:08","guid":{"rendered":"http:\/\/desarrollo.ip.gov.py\/ip\/?p=180359"},"modified":"2017-08-23T09:10:08","modified_gmt":"2017-08-23T13:10:08","slug":"segun-capaco-la-expo-maquina-2017-evidencia-auge-de-obras-viales","status":"publish","type":"post","link":"https:\/\/www.ip.gov.py\/ip\/2017\/08\/23\/segun-capaco-la-expo-maquina-2017-evidencia-auge-de-obras-viales\/","title":{"rendered":"Seg\u00fan Capaco, la Expo M\u00e1quina 2017 evidencia auge de obras viales"},"content":{"rendered":"<p style=\"text-align: justify;\"><strong><em>Asunci\u00f3n, IP.- <\/em><\/strong>M\u00e1s de 70 empresas de Paraguay, Argentina, Brasil, Portugal y Canad\u00e1 estar\u00e1n presentes en la Expo M\u00e1quina 2017. Los organizadores precisan que la feria se realizar\u00e1 del jueves 24 al 27 de agosto, con iniciativa de la C\u00e1mara Paraguaya de la Industria de la Construcci\u00f3n (Capaco) con motivo de cumplir 50 a\u00f1os de fundaci\u00f3n.<\/p>\n<p><!--more--><\/p>\n<p style=\"text-align: justify;\">La exposici\u00f3n es realizada conjuntamente con la empresa Paraguay Film SRL y ser\u00e1 la mayor muestra de equipos, maquinarias y productos y servicios para la construcci\u00f3n. El encuentro tendr\u00e1 lugar en un predio de 12 hect\u00e1reas ubicado en Madame Lynch y Aviadores del Chaco al costado del nuevo superviaducto.<\/p>\n<p style=\"text-align: justify;\">\u201cPero esto no ser\u00e1 solamente una exposici\u00f3n sino que tambi\u00e9n es una feria, ser\u00e1 en realidad una expoferia, la idea es que se cierren negocios, para lo cual estar\u00e1n operando en el mismo predio instituciones bancarias y de seguros que facilitar\u00e1n las transacciones entre expositores y compradores. Esperamos que en esos d\u00edas se puedan realizar negocios por alrededor de 5 millones de d\u00f3lares\u201d, dijo Jos\u00e9 Luis Heisecke, presidente de la Capaco.<\/p>\n<p style=\"text-align: justify;\">El horario de visita a la expo es\u00a0 de 10 de la ma\u00f1ana a 21 horas, seg\u00fan los organizadores, la Expo M\u00e1quina 2017 ser\u00e1 din\u00e1mica, es decir, en la ocasi\u00f3n se podr\u00e1 apreciar las tareas que son capaces de realizar las maquinarias y como operarlas, para lo cual est\u00e1n viniendo operadores de distintos pa\u00edses.<\/p>\n<p style=\"text-align: justify;\">\u201cEl estado paraguayo viene aumentando considerablemente la inversi\u00f3n en materia de obras p\u00fablicas. La inversi\u00f3n en promedio se ha triplicado pasando de algo m\u00e1s de 200 millones de d\u00f3lares a algo m\u00e1s de 600 millones de d\u00f3lares y este a\u00f1o se prev\u00e9 invertir m\u00e1s de 800 millones de d\u00f3lares\u201d, dijo finalmente Heisecke.<\/p>\n<p style=\"text-align: justify;\">El empresario explic\u00f3 el incremento de los proyectos viales con la decisi\u00f3n de los empresarios de la construcci\u00f3n de aumentar el parque de maquinarias a ser destinadas a la ejecuci\u00f3n de obras viales, por lo que seg\u00fan el propio gremialista calific\u00f3, la Expo M\u00e1quina 2017 responde a una necesidad real del mercado.<\/p>\n","protected":false},"excerpt":{"rendered":"<p>Asunci\u00f3n, IP.- M\u00e1s de 70 empresas de Paraguay, Argentina, Brasil, Portugal y Canad\u00e1 estar\u00e1n presentes en la Expo M\u00e1quina 2017. Los organizadores precisan que la feria se realizar\u00e1 del jueves 24 al 27 de agosto, con iniciativa de la C\u00e1mara Paraguaya de la Industria de la Construcci\u00f3n (Capaco) con motivo de cumplir 50 a\u00f1os de [&hellip;]<\/p>\n","protected":false},"author":1,"featured_media":30014,"comment_status":"closed","ping_status":"closed","sticky":false,"template":"","format":"standard","meta":{"_monsterinsights_skip_tracking":false,"_monsterinsights_sitenote_active":false,"_monsterinsights_sitenote_note":"","_monsterinsights_sitenote_category":0,"footnotes":""},"categories":[9],"tags":[71,72,73],"class_list":{"0":"post-180359","1":"post","2":"type-post","3":"status-publish","4":"format-standard","5":"has-post-thumbnail","7":"category-economia","8":"tag-capaco","9":"tag-expo-maquinas","10":"tag-obras-viales"},"yoast_head":"<!-- This site is optimized with the Yoast SEO plugin v27.5 - https:\/\/yoast.com\/product\/yoast-seo-wordpress\/ -->\n<title>Seg\u00fan Capaco, la Expo M\u00e1quina 2017 evidencia auge de obras viales - .::Agencia IP::.<\/title>\n<meta name=\"robots\" content=\"index, follow, max-snippet:-1, max-image-preview:large, max-video-preview:-1\" \/>\n<link rel=\"canonical\" href=\"https:\/\/www.ip.gov.py\/ip\/2017\/08\/23\/segun-capaco-la-expo-maquina-2017-evidencia-auge-de-obras-viales\/\" \/>\n<meta property=\"og:locale\" content=\"es_ES\" \/>\n<meta property=\"og:type\" content=\"article\" \/>\n<meta property=\"og:title\" content=\"Seg\u00fan Capaco, la Expo M\u00e1quina 2017 evidencia auge de obras viales - .::Agencia IP::.\" \/>\n<meta property=\"og:description\" content=\"Asunci\u00f3n, IP.- M\u00e1s de 70 empresas de Paraguay, Argentina, Brasil, Portugal y Canad\u00e1 estar\u00e1n presentes en la Expo M\u00e1quina 2017. Los organizadores precisan que la feria se realizar\u00e1 del jueves 24 al 27 de agosto, con iniciativa de la C\u00e1mara Paraguaya de la Industria de la Construcci\u00f3n (Capaco) con motivo de cumplir 50 a\u00f1os de [&hellip;]\" \/>\n<meta property=\"og:url\" content=\"https:\/\/www.ip.gov.py\/ip\/2017\/08\/23\/segun-capaco-la-expo-maquina-2017-evidencia-auge-de-obras-viales\/\" \/>\n<meta property=\"og:site_name\" content=\".::Agencia IP::.\" \/>\n<meta property=\"article:publisher\" content=\"https:\/\/www.facebook.com\/IPParaguay\/\" \/>\n<meta property=\"article:published_time\" content=\"2017-08-23T13:10:08+00:00\" \/>\n<meta property=\"og:image\" content=\"https:\/\/www.ip.gov.py\/ip\/wp-content\/uploads\/2015\/06\/A-VILLETA-_PLANTA-_MAQUINAS_NUEVAS-72.jpg\" \/>\n\t<meta property=\"og:image:width\" content=\"1000\" \/>\n\t<meta property=\"og:image:height\" content=\"722\" \/>\n\t<meta property=\"og:image:type\" content=\"image\/jpeg\" \/>\n<meta name=\"author\" content=\"@dm1n\" \/>\n<meta name=\"twitter:card\" content=\"summary_large_image\" \/>\n<meta name=\"twitter:creator\" content=\"@IPParaguay\" \/>\n<meta name=\"twitter:site\" content=\"@IPParaguay\" \/>\n<meta name=\"twitter:label1\" content=\"Escrito por\" \/>\n\t<meta name=\"twitter:data1\" content=\"@dm1n\" \/>\n\t<meta name=\"twitter:label2\" content=\"Tiempo de lectura\" \/>\n\t<meta name=\"twitter:data2\" content=\"2 minutos\" \/>\n<script type=\"application\/ld+json\" class=\"yoast-schema-graph\">{\"@context\":\"https:\\\/\\\/schema.org\",\"@graph\":[{\"@type\":\"Article\",\"@id\":\"https:\\\/\\\/www.ip.gov.py\\\/ip\\\/2017\\\/08\\\/23\\\/segun-capaco-la-expo-maquina-2017-evidencia-auge-de-obras-viales\\\/#article\",\"isPartOf\":{\"@id\":\"https:\\\/\\\/www.ip.gov.py\\\/ip\\\/2017\\\/08\\\/23\\\/segun-capaco-la-expo-maquina-2017-evidencia-auge-de-obras-viales\\\/\"},\"author\":{\"name\":\"@dm1n\",\"@id\":\"https:\\\/\\\/www.ip.gov.py\\\/ip\\\/#\\\/schema\\\/person\\\/a1d87c4a65d7fd4ede9132995e2576d7\"},\"headline\":\"Seg\u00fan Capaco, la Expo M\u00e1quina 2017 evidencia auge de obras viales\",\"datePublished\":\"2017-08-23T13:10:08+00:00\",\"mainEntityOfPage\":{\"@id\":\"https:\\\/\\\/www.ip.gov.py\\\/ip\\\/2017\\\/08\\\/23\\\/segun-capaco-la-expo-maquina-2017-evidencia-auge-de-obras-viales\\\/\"},\"wordCount\":372,\"publisher\":{\"@id\":\"https:\\\/\\\/www.ip.gov.py\\\/ip\\\/#organization\"},\"image\":{\"@id\":\"https:\\\/\\\/www.ip.gov.py\\\/ip\\\/2017\\\/08\\\/23\\\/segun-capaco-la-expo-maquina-2017-evidencia-auge-de-obras-viales\\\/#primaryimage\"},\"thumbnailUrl\":\"https:\\\/\\\/www.ip.gov.py\\\/ip\\\/wp-content\\\/uploads\\\/2015\\\/06\\\/A-VILLETA-_PLANTA-_MAQUINAS_NUEVAS-72.jpg\",\"keywords\":[\"Capaco\",\"Expo M\u00e1quinas\",\"obras viales\"],\"articleSection\":[\"Econom\u00eda\"],\"inLanguage\":\"es\"},{\"@type\":\"WebPage\",\"@id\":\"https:\\\/\\\/www.ip.gov.py\\\/ip\\\/2017\\\/08\\\/23\\\/segun-capaco-la-expo-maquina-2017-evidencia-auge-de-obras-viales\\\/\",\"url\":\"https:\\\/\\\/www.ip.gov.py\\\/ip\\\/2017\\\/08\\\/23\\\/segun-capaco-la-expo-maquina-2017-evidencia-auge-de-obras-viales\\\/\",\"name\":\"Seg\u00fan Capaco, la Expo M\u00e1quina 2017 evidencia auge de obras viales - .::Agencia IP::.\",\"isPartOf\":{\"@id\":\"https:\\\/\\\/www.ip.gov.py\\\/ip\\\/#website\"},\"primaryImageOfPage\":{\"@id\":\"https:\\\/\\\/www.ip.gov.py\\\/ip\\\/2017\\\/08\\\/23\\\/segun-capaco-la-expo-maquina-2017-evidencia-auge-de-obras-viales\\\/#primaryimage\"},\"image\":{\"@id\":\"https:\\\/\\\/www.ip.gov.py\\\/ip\\\/2017\\\/08\\\/23\\\/segun-capaco-la-expo-maquina-2017-evidencia-auge-de-obras-viales\\\/#primaryimage\"},\"thumbnailUrl\":\"https:\\\/\\\/www.ip.gov.py\\\/ip\\\/wp-content\\\/uploads\\\/2015\\\/06\\\/A-VILLETA-_PLANTA-_MAQUINAS_NUEVAS-72.jpg\",\"datePublished\":\"2017-08-23T13:10:08+00:00\",\"breadcrumb\":{\"@id\":\"https:\\\/\\\/www.ip.gov.py\\\/ip\\\/2017\\\/08\\\/23\\\/segun-capaco-la-expo-maquina-2017-evidencia-auge-de-obras-viales\\\/#breadcrumb\"},\"inLanguage\":\"es\",\"potentialAction\":[{\"@type\":\"ReadAction\",\"target\":[\"https:\\\/\\\/www.ip.gov.py\\\/ip\\\/2017\\\/08\\\/23\\\/segun-capaco-la-expo-maquina-2017-evidencia-auge-de-obras-viales\\\/\"]}]},{\"@type\":\"ImageObject\",\"inLanguage\":\"es\",\"@id\":\"https:\\\/\\\/www.ip.gov.py\\\/ip\\\/2017\\\/08\\\/23\\\/segun-capaco-la-expo-maquina-2017-evidencia-auge-de-obras-viales\\\/#primaryimage\",\"url\":\"https:\\\/\\\/www.ip.gov.py\\\/ip\\\/wp-content\\\/uploads\\\/2015\\\/06\\\/A-VILLETA-_PLANTA-_MAQUINAS_NUEVAS-72.jpg\",\"contentUrl\":\"https:\\\/\\\/www.ip.gov.py\\\/ip\\\/wp-content\\\/uploads\\\/2015\\\/06\\\/A-VILLETA-_PLANTA-_MAQUINAS_NUEVAS-72.jpg\",\"width\":1000,\"height\":722,\"caption\":\"Foto Ilustraci\u00f3n- IP\"},{\"@type\":\"BreadcrumbList\",\"@id\":\"https:\\\/\\\/www.ip.gov.py\\\/ip\\\/2017\\\/08\\\/23\\\/segun-capaco-la-expo-maquina-2017-evidencia-auge-de-obras-viales\\\/#breadcrumb\",\"itemListElement\":[{\"@type\":\"ListItem\",\"position\":1,\"name\":\"Portada\",\"item\":\"https:\\\/\\\/www.ip.gov.py\\\/ip\\\/\"},{\"@type\":\"ListItem\",\"position\":2,\"name\":\"Seg\u00fan Capaco, la Expo M\u00e1quina 2017 evidencia auge de obras viales\"}]},{\"@type\":\"WebSite\",\"@id\":\"https:\\\/\\\/www.ip.gov.py\\\/ip\\\/#website\",\"url\":\"https:\\\/\\\/www.ip.gov.py\\\/ip\\\/\",\"name\":\".::Agencia IP::.\",\"description\":\"\",\"publisher\":{\"@id\":\"https:\\\/\\\/www.ip.gov.py\\\/ip\\\/#organization\"},\"potentialAction\":[{\"@type\":\"SearchAction\",\"target\":{\"@type\":\"EntryPoint\",\"urlTemplate\":\"https:\\\/\\\/www.ip.gov.py\\\/ip\\\/?s={search_term_string}\"},\"query-input\":{\"@type\":\"PropertyValueSpecification\",\"valueRequired\":true,\"valueName\":\"search_term_string\"}}],\"inLanguage\":\"es\"},{\"@type\":\"Organization\",\"@id\":\"https:\\\/\\\/www.ip.gov.py\\\/ip\\\/#organization\",\"name\":\"Agencia IP\",\"url\":\"https:\\\/\\\/www.ip.gov.py\\\/ip\\\/\",\"logo\":{\"@type\":\"ImageObject\",\"inLanguage\":\"es\",\"@id\":\"https:\\\/\\\/www.ip.gov.py\\\/ip\\\/#\\\/schema\\\/logo\\\/image\\\/\",\"url\":\"https:\\\/\\\/www.ip.gov.py\\\/ip\\\/wp-content\\\/uploads\\\/2018\\\/01\\\/Agencia-IP.jpg\",\"contentUrl\":\"https:\\\/\\\/www.ip.gov.py\\\/ip\\\/wp-content\\\/uploads\\\/2018\\\/01\\\/Agencia-IP.jpg\",\"width\":150,\"height\":150,\"caption\":\"Agencia IP\"},\"image\":{\"@id\":\"https:\\\/\\\/www.ip.gov.py\\\/ip\\\/#\\\/schema\\\/logo\\\/image\\\/\"},\"sameAs\":[\"https:\\\/\\\/www.facebook.com\\\/IPParaguay\\\/\",\"https:\\\/\\\/x.com\\\/IPParaguay\",\"https:\\\/\\\/www.instagram.com\\\/IPParaguay\"]},{\"@type\":\"Person\",\"@id\":\"https:\\\/\\\/www.ip.gov.py\\\/ip\\\/#\\\/schema\\\/person\\\/a1d87c4a65d7fd4ede9132995e2576d7\",\"name\":\"@dm1n\",\"url\":\"https:\\\/\\\/www.ip.gov.py\\\/ip\\\/author\\\/dm1n\\\/\"}]}<\/script>\n<!-- \/ Yoast SEO plugin. -->","yoast_head_json":{"title":"Seg\u00fan Capaco, la Expo M\u00e1quina 2017 evidencia auge de obras viales - .::Agencia IP::.","robots":{"index":"index","follow":"follow","max-snippet":"max-snippet:-1","max-image-preview":"max-image-preview:large","max-video-preview":"max-video-preview:-1"},"canonical":"https:\/\/www.ip.gov.py\/ip\/2017\/08\/23\/segun-capaco-la-expo-maquina-2017-evidencia-auge-de-obras-viales\/","og_locale":"es_ES","og_type":"article","og_title":"Seg\u00fan Capaco, la Expo M\u00e1quina 2017 evidencia auge de obras viales - .::Agencia IP::.","og_description":"Asunci\u00f3n, IP.- M\u00e1s de 70 empresas de Paraguay, Argentina, Brasil, Portugal y Canad\u00e1 estar\u00e1n presentes en la Expo M\u00e1quina 2017. Los organizadores precisan que la feria se realizar\u00e1 del jueves 24 al 27 de agosto, con iniciativa de la C\u00e1mara Paraguaya de la Industria de la Construcci\u00f3n (Capaco) con motivo de cumplir 50 a\u00f1os de [&hellip;]","og_url":"https:\/\/www.ip.gov.py\/ip\/2017\/08\/23\/segun-capaco-la-expo-maquina-2017-evidencia-auge-de-obras-viales\/","og_site_name":".::Agencia IP::.","article_publisher":"https:\/\/www.facebook.com\/IPParaguay\/","article_published_time":"2017-08-23T13:10:08+00:00","og_image":[{"width":1000,"height":722,"url":"https:\/\/www.ip.gov.py\/ip\/wp-content\/uploads\/2015\/06\/A-VILLETA-_PLANTA-_MAQUINAS_NUEVAS-72.jpg","type":"image\/jpeg"}],"author":"@dm1n","twitter_card":"summary_large_image","twitter_creator":"@IPParaguay","twitter_site":"@IPParaguay","twitter_misc":{"Escrito por":"@dm1n","Tiempo de lectura":"2 minutos"},"schema":{"@context":"https:\/\/schema.org","@graph":[{"@type":"Article","@id":"https:\/\/www.ip.gov.py\/ip\/2017\/08\/23\/segun-capaco-la-expo-maquina-2017-evidencia-auge-de-obras-viales\/#article","isPartOf":{"@id":"https:\/\/www.ip.gov.py\/ip\/2017\/08\/23\/segun-capaco-la-expo-maquina-2017-evidencia-auge-de-obras-viales\/"},"author":{"name":"@dm1n","@id":"https:\/\/www.ip.gov.py\/ip\/#\/schema\/person\/a1d87c4a65d7fd4ede9132995e2576d7"},"headline":"Seg\u00fan Capaco, la Expo M\u00e1quina 2017 evidencia auge de obras viales","datePublished":"2017-08-23T13:10:08+00:00","mainEntityOfPage":{"@id":"https:\/\/www.ip.gov.py\/ip\/2017\/08\/23\/segun-capaco-la-expo-maquina-2017-evidencia-auge-de-obras-viales\/"},"wordCount":372,"publisher":{"@id":"https:\/\/www.ip.gov.py\/ip\/#organization"},"image":{"@id":"https:\/\/www.ip.gov.py\/ip\/2017\/08\/23\/segun-capaco-la-expo-maquina-2017-evidencia-auge-de-obras-viales\/#primaryimage"},"thumbnailUrl":"https:\/\/www.ip.gov.py\/ip\/wp-content\/uploads\/2015\/06\/A-VILLETA-_PLANTA-_MAQUINAS_NUEVAS-72.jpg","keywords":["Capaco","Expo M\u00e1quinas","obras viales"],"articleSection":["Econom\u00eda"],"inLanguage":"es"},{"@type":"WebPage","@id":"https:\/\/www.ip.gov.py\/ip\/2017\/08\/23\/segun-capaco-la-expo-maquina-2017-evidencia-auge-de-obras-viales\/","url":"https:\/\/www.ip.gov.py\/ip\/2017\/08\/23\/segun-capaco-la-expo-maquina-2017-evidencia-auge-de-obras-viales\/","name":"Seg\u00fan Capaco, la Expo M\u00e1quina 2017 evidencia auge de obras viales - .::Agencia IP::.","isPartOf":{"@id":"https:\/\/www.ip.gov.py\/ip\/#website"},"primaryImageOfPage":{"@id":"https:\/\/www.ip.gov.py\/ip\/2017\/08\/23\/segun-capaco-la-expo-maquina-2017-evidencia-auge-de-obras-viales\/#primaryimage"},"image":{"@id":"https:\/\/www.ip.gov.py\/ip\/2017\/08\/23\/segun-capaco-la-expo-maquina-2017-evidencia-auge-de-obras-viales\/#primaryimage"},"thumbnailUrl":"https:\/\/www.ip.gov.py\/ip\/wp-content\/uploads\/2015\/06\/A-VILLETA-_PLANTA-_MAQUINAS_NUEVAS-72.jpg","datePublished":"2017-08-23T13:10:08+00:00","breadcrumb":{"@id":"https:\/\/www.ip.gov.py\/ip\/2017\/08\/23\/segun-capaco-la-expo-maquina-2017-evidencia-auge-de-obras-viales\/#breadcrumb"},"inLanguage":"es","potentialAction":[{"@type":"ReadAction","target":["https:\/\/www.ip.gov.py\/ip\/2017\/08\/23\/segun-capaco-la-expo-maquina-2017-evidencia-auge-de-obras-viales\/"]}]},{"@type":"ImageObject","inLanguage":"es","@id":"https:\/\/www.ip.gov.py\/ip\/2017\/08\/23\/segun-capaco-la-expo-maquina-2017-evidencia-auge-de-obras-viales\/#primaryimage","url":"https:\/\/www.ip.gov.py\/ip\/wp-content\/uploads\/2015\/06\/A-VILLETA-_PLANTA-_MAQUINAS_NUEVAS-72.jpg","contentUrl":"https:\/\/www.ip.gov.py\/ip\/wp-content\/uploads\/2015\/06\/A-VILLETA-_PLANTA-_MAQUINAS_NUEVAS-72.jpg","width":1000,"height":722,"caption":"Foto Ilustraci\u00f3n- IP"},{"@type":"BreadcrumbList","@id":"https:\/\/www.ip.gov.py\/ip\/2017\/08\/23\/segun-capaco-la-expo-maquina-2017-evidencia-auge-de-obras-viales\/#breadcrumb","itemListElement":[{"@type":"ListItem","position":1,"name":"Portada","item":"https:\/\/www.ip.gov.py\/ip\/"},{"@type":"ListItem","position":2,"name":"Seg\u00fan Capaco, la Expo M\u00e1quina 2017 evidencia auge de obras viales"}]},{"@type":"WebSite","@id":"https:\/\/www.ip.gov.py\/ip\/#website","url":"https:\/\/www.ip.gov.py\/ip\/","name":".::Agencia IP::.","description":"","publisher":{"@id":"https:\/\/www.ip.gov.py\/ip\/#organization"},"potentialAction":[{"@type":"SearchAction","target":{"@type":"EntryPoint","urlTemplate":"https:\/\/www.ip.gov.py\/ip\/?s={search_term_string}"},"query-input":{"@type":"PropertyValueSpecification","valueRequired":true,"valueName":"search_term_string"}}],"inLanguage":"es"},{"@type":"Organization","@id":"https:\/\/www.ip.gov.py\/ip\/#organization","name":"Agencia IP","url":"https:\/\/www.ip.gov.py\/ip\/","logo":{"@type":"ImageObject","inLanguage":"es","@id":"https:\/\/www.ip.gov.py\/ip\/#\/schema\/logo\/image\/","url":"https:\/\/www.ip.gov.py\/ip\/wp-content\/uploads\/2018\/01\/Agencia-IP.jpg","contentUrl":"https:\/\/www.ip.gov.py\/ip\/wp-content\/uploads\/2018\/01\/Agencia-IP.jpg","width":150,"height":150,"caption":"Agencia IP"},"image":{"@id":"https:\/\/www.ip.gov.py\/ip\/#\/schema\/logo\/image\/"},"sameAs":["https:\/\/www.facebook.com\/IPParaguay\/","https:\/\/x.com\/IPParaguay","https:\/\/www.instagram.com\/IPParaguay"]},{"@type":"Person","@id":"https:\/\/www.ip.gov.py\/ip\/#\/schema\/person\/a1d87c4a65d7fd4ede9132995e2576d7","name":"@dm1n","url":"https:\/\/www.ip.gov.py\/ip\/author\/dm1n\/"}]}},"_links":{"self":[{"href":"https:\/\/www.ip.gov.py\/ip\/wp-json\/wp\/v2\/posts\/180359","targetHints":{"allow":["GET"]}}],"collection":[{"href":"https:\/\/www.ip.gov.py\/ip\/wp-json\/wp\/v2\/posts"}],"about":[{"href":"https:\/\/www.ip.gov.py\/ip\/wp-json\/wp\/v2\/types\/post"}],"author":[{"embeddable":true,"href":"https:\/\/www.ip.gov.py\/ip\/wp-json\/wp\/v2\/users\/1"}],"replies":[{"embeddable":true,"href":"https:\/\/www.ip.gov.py\/ip\/wp-json\/wp\/v2\/comments?post=180359"}],"version-history":[{"count":0,"href":"https:\/\/www.ip.gov.py\/ip\/wp-json\/wp\/v2\/posts\/180359\/revisions"}],"wp:featuredmedia":[{"embeddable":true,"href":"https:\/\/www.ip.gov.py\/ip\/wp-json\/wp\/v2\/media\/30014"}],"wp:attachment":[{"href":"https:\/\/www.ip.gov.py\/ip\/wp-json\/wp\/v2\/media?parent=180359"}],"wp:term":[{"taxonomy":"category","embeddable":true,"href":"https:\/\/www.ip.gov.py\/ip\/wp-json\/wp\/v2\/categories?post=180359"},{"taxonomy":"post_tag","embeddable":true,"href":"https:\/\/www.ip.gov.py\/ip\/wp-json\/wp\/v2\/tags?post=180359"}],"curies":[{"name":"wp","href":"https:\/\/api.w.org\/{rel}","templated":true}]}}