{"id":184999,"date":"2017-09-15T07:09:25","date_gmt":"2017-09-15T11:09:25","guid":{"rendered":"http:\/\/desarrollo.ip.gov.py\/ip\/?p=184999"},"modified":"2017-09-15T07:09:25","modified_gmt":"2017-09-15T11:09:25","slug":"jefe-de-estado-desarrollara-nutrida-agenda-en-alto-parana","status":"publish","type":"post","link":"https:\/\/www.ip.gov.py\/ip\/2017\/09\/15\/jefe-de-estado-desarrollara-nutrida-agenda-en-alto-parana\/","title":{"rendered":"Jefe de Estado desarrollar\u00e1 nutrida agenda en Alto Paran\u00e1"},"content":{"rendered":"<p style=\"text-align: justify;\"><em><strong>Asunci\u00f3n, IP.-<\/strong><\/em> El presidente de la Rep\u00fablica, Horacio Cartes se trasladar\u00e1 esta ma\u00f1ana al departamento de Alto Paran\u00e1, donde inaugurar\u00e1 viviendas y obras viales, adem\u00e1s de entregar aportes a los pobladores de la zona.<\/p>\n<p style=\"text-align: justify;\"><!--more--><\/p>\n<p style=\"text-align: justify;\">A las 08:15, estar\u00e1 en la inauguraci\u00f3n de 130 viviendas sociales en el marco del Proyecto San Isidro II, construidas a trav\u00e9s de la Secretar\u00eda Nacional de la Vivienda y el H\u00e1bitat (Senavitat), en la ciudad de Hernandarias.<\/p>\n<p style=\"text-align: justify;\">Seguidamente a las 09:00, har\u00e1 lo mismo pero en este caso ser\u00e1n mejoras edilicias del Colegio Fe y Alegr\u00eda, construidas con apoyo del Gobierno Nacional con fondos de la Itaipu Binacional, ser\u00e1 en el Barrio Virgen de F\u00e1tima, Ciudad del Este.<\/p>\n<p style=\"text-align: justify;\">Luego a las 09:40, inaugurar\u00e1\u00a0 el pavimento asf\u00e1ltico Tramo: Calle 14 \u2013 Rio Monday, obra del Gobierno Nacional ejecutada por el Ministerio de Obras Publicas y Comunicaciones, ubicado en la Calle 14, Rio Monday, Minga Guaz\u00fa, km 26.<\/p>\n<p style=\"text-align: justify;\">En tanto que a las 10:00, tambi\u00e9n inaugurar\u00e1 el pavimento asf\u00e1ltico tramo: Calle 16 camino a Cedrales, obra del Gobierno Nacional Ejecutadas con Fondos de la Itaipu Binacional. Ser\u00e1 en la Avenida 16 Acaray y Carlos Antonio L\u00f3pez, Minga Guaz\u00fa.<\/p>\n<p style=\"text-align: justify;\">Asimismo a las 10:20, en el presidente encabezar\u00e1 el acto central de inauguraci\u00f3n de obras de infraestructura vial, 1280 viviendas sociales y entrega de aportes del Gobierno Nacional. La actividad se har\u00e1 en\u00a0 Las Mercedes, Minga Guaz\u00fa, km 26.<\/p>\n<p style=\"text-align: justify;\">Posteriormente a las 11:20, verificar\u00e1 el avance de ejecuci\u00f3n de la obra duplicaci\u00f3n de la Ruta 7 \u201cDr. Gaspar Rodr\u00edguez de Francia \u2013 Tape Pora, ser\u00e1 en el Km 30, Minga Guaz\u00fa.<\/p>\n<p style=\"text-align: justify;\">Finalmente a las 11:40, Cartes inaugurar\u00e1 81 viviendas sociales Proyecto 21 de Setiembre, construidas por la Senavitat, en la ciudad de Minga Guaz\u00fa.<\/p>\n","protected":false},"excerpt":{"rendered":"<p>Asunci\u00f3n, IP.- El presidente de la Rep\u00fablica, Horacio Cartes se trasladar\u00e1 esta ma\u00f1ana al departamento de Alto Paran\u00e1, donde inaugurar\u00e1 viviendas y obras viales, adem\u00e1s de entregar aportes a los pobladores de la zona.<\/p>\n","protected":false},"author":1,"featured_media":138518,"comment_status":"closed","ping_status":"closed","sticky":false,"template":"","format":"standard","meta":{"_monsterinsights_skip_tracking":false,"_monsterinsights_sitenote_active":false,"_monsterinsights_sitenote_note":"","_monsterinsights_sitenote_category":0,"footnotes":""},"categories":[6],"tags":[122,42,620],"class_list":{"0":"post-184999","1":"post","2":"type-post","3":"status-publish","4":"format-standard","5":"has-post-thumbnail","7":"category-politica","8":"tag-alto-parana","9":"tag-cartes","10":"tag-jornada-de-gobierno"},"yoast_head":"<!-- This site is optimized with the Yoast SEO plugin v27.5 - https:\/\/yoast.com\/product\/yoast-seo-wordpress\/ -->\n<title>Jefe de Estado desarrollar\u00e1 nutrida agenda en Alto Paran\u00e1 - .::Agencia IP::.<\/title>\n<meta name=\"robots\" content=\"index, follow, max-snippet:-1, max-image-preview:large, max-video-preview:-1\" \/>\n<link rel=\"canonical\" href=\"https:\/\/www.ip.gov.py\/ip\/2017\/09\/15\/jefe-de-estado-desarrollara-nutrida-agenda-en-alto-parana\/\" \/>\n<meta property=\"og:locale\" content=\"es_ES\" \/>\n<meta property=\"og:type\" content=\"article\" \/>\n<meta property=\"og:title\" content=\"Jefe de Estado desarrollar\u00e1 nutrida agenda en Alto Paran\u00e1 - .::Agencia IP::.\" \/>\n<meta property=\"og:description\" content=\"Asunci\u00f3n, IP.- El presidente de la Rep\u00fablica, Horacio Cartes se trasladar\u00e1 esta ma\u00f1ana al departamento de Alto Paran\u00e1, donde inaugurar\u00e1 viviendas y obras viales, adem\u00e1s de entregar aportes a los pobladores de la zona.\" \/>\n<meta property=\"og:url\" content=\"https:\/\/www.ip.gov.py\/ip\/2017\/09\/15\/jefe-de-estado-desarrollara-nutrida-agenda-en-alto-parana\/\" \/>\n<meta property=\"og:site_name\" content=\".::Agencia IP::.\" \/>\n<meta property=\"article:publisher\" content=\"https:\/\/www.facebook.com\/IPParaguay\/\" \/>\n<meta property=\"article:published_time\" content=\"2017-09-15T11:09:25+00:00\" \/>\n<meta property=\"og:image\" content=\"https:\/\/www.ip.gov.py\/ip\/wp-content\/uploads\/2017\/01\/Crtes-d\u00eda-de-gobierno-San-Pedro-16.jpg\" \/>\n\t<meta property=\"og:image:width\" content=\"1059\" \/>\n\t<meta property=\"og:image:height\" content=\"797\" \/>\n\t<meta property=\"og:image:type\" content=\"image\/jpeg\" \/>\n<meta name=\"author\" content=\"@dm1n\" \/>\n<meta name=\"twitter:card\" content=\"summary_large_image\" \/>\n<meta name=\"twitter:creator\" content=\"@IPParaguay\" \/>\n<meta name=\"twitter:site\" content=\"@IPParaguay\" \/>\n<meta name=\"twitter:label1\" content=\"Escrito por\" \/>\n\t<meta name=\"twitter:data1\" content=\"@dm1n\" \/>\n\t<meta name=\"twitter:label2\" content=\"Tiempo de lectura\" \/>\n\t<meta name=\"twitter:data2\" content=\"1 minuto\" \/>\n<script type=\"application\/ld+json\" class=\"yoast-schema-graph\">{\"@context\":\"https:\\\/\\\/schema.org\",\"@graph\":[{\"@type\":\"Article\",\"@id\":\"https:\\\/\\\/www.ip.gov.py\\\/ip\\\/2017\\\/09\\\/15\\\/jefe-de-estado-desarrollara-nutrida-agenda-en-alto-parana\\\/#article\",\"isPartOf\":{\"@id\":\"https:\\\/\\\/www.ip.gov.py\\\/ip\\\/2017\\\/09\\\/15\\\/jefe-de-estado-desarrollara-nutrida-agenda-en-alto-parana\\\/\"},\"author\":{\"name\":\"@dm1n\",\"@id\":\"https:\\\/\\\/www.ip.gov.py\\\/ip\\\/#\\\/schema\\\/person\\\/a1d87c4a65d7fd4ede9132995e2576d7\"},\"headline\":\"Jefe de Estado desarrollar\u00e1 nutrida agenda en Alto Paran\u00e1\",\"datePublished\":\"2017-09-15T11:09:25+00:00\",\"mainEntityOfPage\":{\"@id\":\"https:\\\/\\\/www.ip.gov.py\\\/ip\\\/2017\\\/09\\\/15\\\/jefe-de-estado-desarrollara-nutrida-agenda-en-alto-parana\\\/\"},\"wordCount\":293,\"publisher\":{\"@id\":\"https:\\\/\\\/www.ip.gov.py\\\/ip\\\/#organization\"},\"image\":{\"@id\":\"https:\\\/\\\/www.ip.gov.py\\\/ip\\\/2017\\\/09\\\/15\\\/jefe-de-estado-desarrollara-nutrida-agenda-en-alto-parana\\\/#primaryimage\"},\"thumbnailUrl\":\"https:\\\/\\\/www.ip.gov.py\\\/ip\\\/wp-content\\\/uploads\\\/2017\\\/01\\\/Crtes-d\u00eda-de-gobierno-San-Pedro-16.jpg\",\"keywords\":[\"Alto Paran\u00e1\",\"Cartes\",\"Jornada de Gobierno\"],\"articleSection\":[\"Pol\u00edtica\"],\"inLanguage\":\"es\"},{\"@type\":\"WebPage\",\"@id\":\"https:\\\/\\\/www.ip.gov.py\\\/ip\\\/2017\\\/09\\\/15\\\/jefe-de-estado-desarrollara-nutrida-agenda-en-alto-parana\\\/\",\"url\":\"https:\\\/\\\/www.ip.gov.py\\\/ip\\\/2017\\\/09\\\/15\\\/jefe-de-estado-desarrollara-nutrida-agenda-en-alto-parana\\\/\",\"name\":\"Jefe de Estado desarrollar\u00e1 nutrida agenda en Alto Paran\u00e1 - .::Agencia IP::.\",\"isPartOf\":{\"@id\":\"https:\\\/\\\/www.ip.gov.py\\\/ip\\\/#website\"},\"primaryImageOfPage\":{\"@id\":\"https:\\\/\\\/www.ip.gov.py\\\/ip\\\/2017\\\/09\\\/15\\\/jefe-de-estado-desarrollara-nutrida-agenda-en-alto-parana\\\/#primaryimage\"},\"image\":{\"@id\":\"https:\\\/\\\/www.ip.gov.py\\\/ip\\\/2017\\\/09\\\/15\\\/jefe-de-estado-desarrollara-nutrida-agenda-en-alto-parana\\\/#primaryimage\"},\"thumbnailUrl\":\"https:\\\/\\\/www.ip.gov.py\\\/ip\\\/wp-content\\\/uploads\\\/2017\\\/01\\\/Crtes-d\u00eda-de-gobierno-San-Pedro-16.jpg\",\"datePublished\":\"2017-09-15T11:09:25+00:00\",\"breadcrumb\":{\"@id\":\"https:\\\/\\\/www.ip.gov.py\\\/ip\\\/2017\\\/09\\\/15\\\/jefe-de-estado-desarrollara-nutrida-agenda-en-alto-parana\\\/#breadcrumb\"},\"inLanguage\":\"es\",\"potentialAction\":[{\"@type\":\"ReadAction\",\"target\":[\"https:\\\/\\\/www.ip.gov.py\\\/ip\\\/2017\\\/09\\\/15\\\/jefe-de-estado-desarrollara-nutrida-agenda-en-alto-parana\\\/\"]}]},{\"@type\":\"ImageObject\",\"inLanguage\":\"es\",\"@id\":\"https:\\\/\\\/www.ip.gov.py\\\/ip\\\/2017\\\/09\\\/15\\\/jefe-de-estado-desarrollara-nutrida-agenda-en-alto-parana\\\/#primaryimage\",\"url\":\"https:\\\/\\\/www.ip.gov.py\\\/ip\\\/wp-content\\\/uploads\\\/2017\\\/01\\\/Crtes-d\u00eda-de-gobierno-San-Pedro-16.jpg\",\"contentUrl\":\"https:\\\/\\\/www.ip.gov.py\\\/ip\\\/wp-content\\\/uploads\\\/2017\\\/01\\\/Crtes-d\u00eda-de-gobierno-San-Pedro-16.jpg\",\"width\":1059,\"height\":797},{\"@type\":\"BreadcrumbList\",\"@id\":\"https:\\\/\\\/www.ip.gov.py\\\/ip\\\/2017\\\/09\\\/15\\\/jefe-de-estado-desarrollara-nutrida-agenda-en-alto-parana\\\/#breadcrumb\",\"itemListElement\":[{\"@type\":\"ListItem\",\"position\":1,\"name\":\"Portada\",\"item\":\"https:\\\/\\\/www.ip.gov.py\\\/ip\\\/\"},{\"@type\":\"ListItem\",\"position\":2,\"name\":\"Jefe de Estado desarrollar\u00e1 nutrida agenda en Alto Paran\u00e1\"}]},{\"@type\":\"WebSite\",\"@id\":\"https:\\\/\\\/www.ip.gov.py\\\/ip\\\/#website\",\"url\":\"https:\\\/\\\/www.ip.gov.py\\\/ip\\\/\",\"name\":\".::Agencia IP::.\",\"description\":\"\",\"publisher\":{\"@id\":\"https:\\\/\\\/www.ip.gov.py\\\/ip\\\/#organization\"},\"potentialAction\":[{\"@type\":\"SearchAction\",\"target\":{\"@type\":\"EntryPoint\",\"urlTemplate\":\"https:\\\/\\\/www.ip.gov.py\\\/ip\\\/?s={search_term_string}\"},\"query-input\":{\"@type\":\"PropertyValueSpecification\",\"valueRequired\":true,\"valueName\":\"search_term_string\"}}],\"inLanguage\":\"es\"},{\"@type\":\"Organization\",\"@id\":\"https:\\\/\\\/www.ip.gov.py\\\/ip\\\/#organization\",\"name\":\"Agencia IP\",\"url\":\"https:\\\/\\\/www.ip.gov.py\\\/ip\\\/\",\"logo\":{\"@type\":\"ImageObject\",\"inLanguage\":\"es\",\"@id\":\"https:\\\/\\\/www.ip.gov.py\\\/ip\\\/#\\\/schema\\\/logo\\\/image\\\/\",\"url\":\"https:\\\/\\\/www.ip.gov.py\\\/ip\\\/wp-content\\\/uploads\\\/2018\\\/01\\\/Agencia-IP.jpg\",\"contentUrl\":\"https:\\\/\\\/www.ip.gov.py\\\/ip\\\/wp-content\\\/uploads\\\/2018\\\/01\\\/Agencia-IP.jpg\",\"width\":150,\"height\":150,\"caption\":\"Agencia IP\"},\"image\":{\"@id\":\"https:\\\/\\\/www.ip.gov.py\\\/ip\\\/#\\\/schema\\\/logo\\\/image\\\/\"},\"sameAs\":[\"https:\\\/\\\/www.facebook.com\\\/IPParaguay\\\/\",\"https:\\\/\\\/x.com\\\/IPParaguay\",\"https:\\\/\\\/www.instagram.com\\\/IPParaguay\"]},{\"@type\":\"Person\",\"@id\":\"https:\\\/\\\/www.ip.gov.py\\\/ip\\\/#\\\/schema\\\/person\\\/a1d87c4a65d7fd4ede9132995e2576d7\",\"name\":\"@dm1n\",\"url\":\"https:\\\/\\\/www.ip.gov.py\\\/ip\\\/author\\\/dm1n\\\/\"}]}<\/script>\n<!-- \/ Yoast SEO plugin. -->","yoast_head_json":{"title":"Jefe de Estado desarrollar\u00e1 nutrida agenda en Alto Paran\u00e1 - .::Agencia IP::.","robots":{"index":"index","follow":"follow","max-snippet":"max-snippet:-1","max-image-preview":"max-image-preview:large","max-video-preview":"max-video-preview:-1"},"canonical":"https:\/\/www.ip.gov.py\/ip\/2017\/09\/15\/jefe-de-estado-desarrollara-nutrida-agenda-en-alto-parana\/","og_locale":"es_ES","og_type":"article","og_title":"Jefe de Estado desarrollar\u00e1 nutrida agenda en Alto Paran\u00e1 - .::Agencia IP::.","og_description":"Asunci\u00f3n, IP.- El presidente de la Rep\u00fablica, Horacio Cartes se trasladar\u00e1 esta ma\u00f1ana al departamento de Alto Paran\u00e1, donde inaugurar\u00e1 viviendas y obras viales, adem\u00e1s de entregar aportes a los pobladores de la zona.","og_url":"https:\/\/www.ip.gov.py\/ip\/2017\/09\/15\/jefe-de-estado-desarrollara-nutrida-agenda-en-alto-parana\/","og_site_name":".::Agencia IP::.","article_publisher":"https:\/\/www.facebook.com\/IPParaguay\/","article_published_time":"2017-09-15T11:09:25+00:00","og_image":[{"width":1059,"height":797,"url":"https:\/\/www.ip.gov.py\/ip\/wp-content\/uploads\/2017\/01\/Crtes-d\u00eda-de-gobierno-San-Pedro-16.jpg","type":"image\/jpeg"}],"author":"@dm1n","twitter_card":"summary_large_image","twitter_creator":"@IPParaguay","twitter_site":"@IPParaguay","twitter_misc":{"Escrito por":"@dm1n","Tiempo de lectura":"1 minuto"},"schema":{"@context":"https:\/\/schema.org","@graph":[{"@type":"Article","@id":"https:\/\/www.ip.gov.py\/ip\/2017\/09\/15\/jefe-de-estado-desarrollara-nutrida-agenda-en-alto-parana\/#article","isPartOf":{"@id":"https:\/\/www.ip.gov.py\/ip\/2017\/09\/15\/jefe-de-estado-desarrollara-nutrida-agenda-en-alto-parana\/"},"author":{"name":"@dm1n","@id":"https:\/\/www.ip.gov.py\/ip\/#\/schema\/person\/a1d87c4a65d7fd4ede9132995e2576d7"},"headline":"Jefe de Estado desarrollar\u00e1 nutrida agenda en Alto Paran\u00e1","datePublished":"2017-09-15T11:09:25+00:00","mainEntityOfPage":{"@id":"https:\/\/www.ip.gov.py\/ip\/2017\/09\/15\/jefe-de-estado-desarrollara-nutrida-agenda-en-alto-parana\/"},"wordCount":293,"publisher":{"@id":"https:\/\/www.ip.gov.py\/ip\/#organization"},"image":{"@id":"https:\/\/www.ip.gov.py\/ip\/2017\/09\/15\/jefe-de-estado-desarrollara-nutrida-agenda-en-alto-parana\/#primaryimage"},"thumbnailUrl":"https:\/\/www.ip.gov.py\/ip\/wp-content\/uploads\/2017\/01\/Crtes-d\u00eda-de-gobierno-San-Pedro-16.jpg","keywords":["Alto Paran\u00e1","Cartes","Jornada de Gobierno"],"articleSection":["Pol\u00edtica"],"inLanguage":"es"},{"@type":"WebPage","@id":"https:\/\/www.ip.gov.py\/ip\/2017\/09\/15\/jefe-de-estado-desarrollara-nutrida-agenda-en-alto-parana\/","url":"https:\/\/www.ip.gov.py\/ip\/2017\/09\/15\/jefe-de-estado-desarrollara-nutrida-agenda-en-alto-parana\/","name":"Jefe de Estado desarrollar\u00e1 nutrida agenda en Alto Paran\u00e1 - .::Agencia IP::.","isPartOf":{"@id":"https:\/\/www.ip.gov.py\/ip\/#website"},"primaryImageOfPage":{"@id":"https:\/\/www.ip.gov.py\/ip\/2017\/09\/15\/jefe-de-estado-desarrollara-nutrida-agenda-en-alto-parana\/#primaryimage"},"image":{"@id":"https:\/\/www.ip.gov.py\/ip\/2017\/09\/15\/jefe-de-estado-desarrollara-nutrida-agenda-en-alto-parana\/#primaryimage"},"thumbnailUrl":"https:\/\/www.ip.gov.py\/ip\/wp-content\/uploads\/2017\/01\/Crtes-d\u00eda-de-gobierno-San-Pedro-16.jpg","datePublished":"2017-09-15T11:09:25+00:00","breadcrumb":{"@id":"https:\/\/www.ip.gov.py\/ip\/2017\/09\/15\/jefe-de-estado-desarrollara-nutrida-agenda-en-alto-parana\/#breadcrumb"},"inLanguage":"es","potentialAction":[{"@type":"ReadAction","target":["https:\/\/www.ip.gov.py\/ip\/2017\/09\/15\/jefe-de-estado-desarrollara-nutrida-agenda-en-alto-parana\/"]}]},{"@type":"ImageObject","inLanguage":"es","@id":"https:\/\/www.ip.gov.py\/ip\/2017\/09\/15\/jefe-de-estado-desarrollara-nutrida-agenda-en-alto-parana\/#primaryimage","url":"https:\/\/www.ip.gov.py\/ip\/wp-content\/uploads\/2017\/01\/Crtes-d\u00eda-de-gobierno-San-Pedro-16.jpg","contentUrl":"https:\/\/www.ip.gov.py\/ip\/wp-content\/uploads\/2017\/01\/Crtes-d\u00eda-de-gobierno-San-Pedro-16.jpg","width":1059,"height":797},{"@type":"BreadcrumbList","@id":"https:\/\/www.ip.gov.py\/ip\/2017\/09\/15\/jefe-de-estado-desarrollara-nutrida-agenda-en-alto-parana\/#breadcrumb","itemListElement":[{"@type":"ListItem","position":1,"name":"Portada","item":"https:\/\/www.ip.gov.py\/ip\/"},{"@type":"ListItem","position":2,"name":"Jefe de Estado desarrollar\u00e1 nutrida agenda en Alto Paran\u00e1"}]},{"@type":"WebSite","@id":"https:\/\/www.ip.gov.py\/ip\/#website","url":"https:\/\/www.ip.gov.py\/ip\/","name":".::Agencia IP::.","description":"","publisher":{"@id":"https:\/\/www.ip.gov.py\/ip\/#organization"},"potentialAction":[{"@type":"SearchAction","target":{"@type":"EntryPoint","urlTemplate":"https:\/\/www.ip.gov.py\/ip\/?s={search_term_string}"},"query-input":{"@type":"PropertyValueSpecification","valueRequired":true,"valueName":"search_term_string"}}],"inLanguage":"es"},{"@type":"Organization","@id":"https:\/\/www.ip.gov.py\/ip\/#organization","name":"Agencia IP","url":"https:\/\/www.ip.gov.py\/ip\/","logo":{"@type":"ImageObject","inLanguage":"es","@id":"https:\/\/www.ip.gov.py\/ip\/#\/schema\/logo\/image\/","url":"https:\/\/www.ip.gov.py\/ip\/wp-content\/uploads\/2018\/01\/Agencia-IP.jpg","contentUrl":"https:\/\/www.ip.gov.py\/ip\/wp-content\/uploads\/2018\/01\/Agencia-IP.jpg","width":150,"height":150,"caption":"Agencia IP"},"image":{"@id":"https:\/\/www.ip.gov.py\/ip\/#\/schema\/logo\/image\/"},"sameAs":["https:\/\/www.facebook.com\/IPParaguay\/","https:\/\/x.com\/IPParaguay","https:\/\/www.instagram.com\/IPParaguay"]},{"@type":"Person","@id":"https:\/\/www.ip.gov.py\/ip\/#\/schema\/person\/a1d87c4a65d7fd4ede9132995e2576d7","name":"@dm1n","url":"https:\/\/www.ip.gov.py\/ip\/author\/dm1n\/"}]}},"_links":{"self":[{"href":"https:\/\/www.ip.gov.py\/ip\/wp-json\/wp\/v2\/posts\/184999","targetHints":{"allow":["GET"]}}],"collection":[{"href":"https:\/\/www.ip.gov.py\/ip\/wp-json\/wp\/v2\/posts"}],"about":[{"href":"https:\/\/www.ip.gov.py\/ip\/wp-json\/wp\/v2\/types\/post"}],"author":[{"embeddable":true,"href":"https:\/\/www.ip.gov.py\/ip\/wp-json\/wp\/v2\/users\/1"}],"replies":[{"embeddable":true,"href":"https:\/\/www.ip.gov.py\/ip\/wp-json\/wp\/v2\/comments?post=184999"}],"version-history":[{"count":0,"href":"https:\/\/www.ip.gov.py\/ip\/wp-json\/wp\/v2\/posts\/184999\/revisions"}],"wp:featuredmedia":[{"embeddable":true,"href":"https:\/\/www.ip.gov.py\/ip\/wp-json\/wp\/v2\/media\/138518"}],"wp:attachment":[{"href":"https:\/\/www.ip.gov.py\/ip\/wp-json\/wp\/v2\/media?parent=184999"}],"wp:term":[{"taxonomy":"category","embeddable":true,"href":"https:\/\/www.ip.gov.py\/ip\/wp-json\/wp\/v2\/categories?post=184999"},{"taxonomy":"post_tag","embeddable":true,"href":"https:\/\/www.ip.gov.py\/ip\/wp-json\/wp\/v2\/tags?post=184999"}],"curies":[{"name":"wp","href":"https:\/\/api.w.org\/{rel}","templated":true}]}}