{"id":186658,"date":"2017-09-26T07:37:37","date_gmt":"2017-09-26T11:37:37","guid":{"rendered":"http:\/\/desarrollo.ip.gov.py\/ip\/?p=186658"},"modified":"2017-09-26T07:37:37","modified_gmt":"2017-09-26T11:37:37","slug":"ftc-asegura-que-son-los-primeros-en-apoyar-marchas-por-la-paz-en-el-norte","status":"publish","type":"post","link":"https:\/\/www.ip.gov.py\/ip\/2017\/09\/26\/ftc-asegura-que-son-los-primeros-en-apoyar-marchas-por-la-paz-en-el-norte\/","title":{"rendered":"FTC asegura que son los primeros en apoyar marchas por la paz en el norte"},"content":{"rendered":"<p style=\"text-align: justify;\"><em><strong>Asunci\u00f3n, IP.-<\/strong><\/em> El vocero de la Fuerza de Tarea Conjunta (FTC), V\u00edctor Urdapilleta, desminti\u00f3 que hayan realizado una campa\u00f1a para desprestigiar la marcha que realizar\u00e1n esta ma\u00f1ana los pobladores del norte del pa\u00eds, pidiendo por la paz en la zona y la liberaci\u00f3n de los secuestrados por el grupo EPP, por el contrario dijo que son los primeros en apoyar este tipo de iniciativas.\u00a0<!--more--><\/p>\n<p style=\"text-align: justify;\">Esta ma\u00f1ana en el patio de la iglesia de Santa Rosa del Aguaray, departamento de San Pedro, pobladores del norte realizar\u00e1n una marcha pac\u00edfica pidiendo por la paz en la zona y la liberaci\u00f3n de los secuestrados Edelio Morinigo, Abraham Fehr, F\u00e9lix Urbieta, Franz Hiebert, Bernhard Blatz.<\/p>\n<p style=\"text-align: justify;\">\u201cEs totalmente falso que la Fuerza de Tarea Conjunta intente desprestigiar la movilizaci\u00f3n. Desde las FTC nos mantenemos en una situaci\u00f3n de expectativa en relaci\u00f3n a la denuncia del cura p\u00e1rroco, se lleg\u00f3 a decir que recorr\u00edamos los asentamientos para inducir a la gente a que no participe\u201d, explic\u00f3 Urdapilleta en declaraciones a la 780 AM.<\/p>\n<p style=\"text-align: justify;\">Asegur\u00f3 que los miembros de la FTC son los primeros en apoyar este tipo de acciones ciudadanas. \u201cApoyamos y acompa\u00f1amos cualquier manifestaci\u00f3n ciudadana que pida la paz en el Norte, porque es nuestra meta\u201d, reiter\u00f3 al respecto.<\/p>\n<p style=\"text-align: justify;\">Mencion\u00f3 que efectivos de la Polic\u00eda Nacional acompa\u00f1ar\u00e1n la marcha, al tiempo de aclarar que en caso de que se precise asistencia de la FTC para el operativo de seguridad, est\u00e1n en condiciones de responder.<\/p>\n<p style=\"text-align: justify;\">Consultado sobre los datos que manejan en relaci\u00f3n a los secuestrados sostuvo que no tienen ninguna novedad, sin embargo dijo que siguen trabajando para recuperarlos con vida.<\/p>\n<p style=\"text-align: justify;\">\u201cTenemos una \u00fanica misi\u00f3n, las operaciones se realizan de acuerdo a las circunstancias. La \u00faltima informaci\u00f3n veraz que tuvimos de Edelio Mor\u00ednigo fue el v\u00eddeo en el que estaba junto a Arlan Fick. No tenemos novedades, todo lo que se dice sobre \u00e9l es leyenda urbana\u201d, detall\u00f3.<\/p>\n<p style=\"text-align: justify;\">Asimismo reconoci\u00f3 que existe un pedido de rescate por Abraham Fehr, sin embargo hasta ahora\u00a0 los secuestradores no presentaron una prueba de vida. En cuanto a F\u00e9lix Urbieta, lo \u00faltimo que se tiene es el v\u00eddeo en el que aparece con barba, puntualiz\u00f3 finalmente.<\/p>\n","protected":false},"excerpt":{"rendered":"<p>Asunci\u00f3n, IP.- El vocero de la Fuerza de Tarea Conjunta (FTC), V\u00edctor Urdapilleta, desminti\u00f3 que hayan realizado una campa\u00f1a para desprestigiar la marcha que realizar\u00e1n esta ma\u00f1ana los pobladores del norte del pa\u00eds, pidiendo por la paz en la zona y la liberaci\u00f3n de los secuestrados por el grupo EPP, por el contrario dijo que [&hellip;]<\/p>\n","protected":false},"author":1,"featured_media":37916,"comment_status":"closed","ping_status":"closed","sticky":false,"template":"","format":"standard","meta":{"_monsterinsights_skip_tracking":false,"_monsterinsights_sitenote_active":false,"_monsterinsights_sitenote_note":"","_monsterinsights_sitenote_category":0,"footnotes":""},"categories":[4],"tags":[539,46,1268,1269],"class_list":{"0":"post-186658","1":"post","2":"type-post","3":"status-publish","4":"format-standard","5":"has-post-thumbnail","7":"category-nacionales","8":"tag-epp","9":"tag-ftc","10":"tag-marcha-en-el-norte","11":"tag-secuestrados"},"yoast_head":"<!-- This site is optimized with the Yoast SEO plugin v27.5 - https:\/\/yoast.com\/product\/yoast-seo-wordpress\/ -->\n<title>FTC asegura que son los primeros en apoyar marchas por la paz en el norte - .::Agencia IP::.<\/title>\n<meta name=\"robots\" content=\"index, follow, max-snippet:-1, max-image-preview:large, max-video-preview:-1\" \/>\n<link rel=\"canonical\" href=\"https:\/\/www.ip.gov.py\/ip\/2017\/09\/26\/ftc-asegura-que-son-los-primeros-en-apoyar-marchas-por-la-paz-en-el-norte\/\" \/>\n<meta property=\"og:locale\" content=\"es_ES\" \/>\n<meta property=\"og:type\" content=\"article\" \/>\n<meta property=\"og:title\" content=\"FTC asegura que son los primeros en apoyar marchas por la paz en el norte - .::Agencia IP::.\" \/>\n<meta property=\"og:description\" content=\"Asunci\u00f3n, IP.- El vocero de la Fuerza de Tarea Conjunta (FTC), V\u00edctor Urdapilleta, desminti\u00f3 que hayan realizado una campa\u00f1a para desprestigiar la marcha que realizar\u00e1n esta ma\u00f1ana los pobladores del norte del pa\u00eds, pidiendo por la paz en la zona y la liberaci\u00f3n de los secuestrados por el grupo EPP, por el contrario dijo que [&hellip;]\" \/>\n<meta property=\"og:url\" content=\"https:\/\/www.ip.gov.py\/ip\/2017\/09\/26\/ftc-asegura-que-son-los-primeros-en-apoyar-marchas-por-la-paz-en-el-norte\/\" \/>\n<meta property=\"og:site_name\" content=\".::Agencia IP::.\" \/>\n<meta property=\"article:publisher\" content=\"https:\/\/www.facebook.com\/IPParaguay\/\" \/>\n<meta property=\"article:published_time\" content=\"2017-09-26T11:37:37+00:00\" \/>\n<meta property=\"og:image\" content=\"https:\/\/www.ip.gov.py\/ip\/wp-content\/uploads\/2015\/07\/fuerzas-tarea_conjunta_epp_Concepci\u00f3n1.jpg\" \/>\n\t<meta property=\"og:image:width\" content=\"960\" \/>\n\t<meta property=\"og:image:height\" content=\"639\" \/>\n\t<meta property=\"og:image:type\" content=\"image\/jpeg\" \/>\n<meta name=\"author\" content=\"@dm1n\" \/>\n<meta name=\"twitter:card\" content=\"summary_large_image\" \/>\n<meta name=\"twitter:creator\" content=\"@IPParaguay\" \/>\n<meta name=\"twitter:site\" content=\"@IPParaguay\" \/>\n<meta name=\"twitter:label1\" content=\"Escrito por\" \/>\n\t<meta name=\"twitter:data1\" content=\"@dm1n\" \/>\n\t<meta name=\"twitter:label2\" content=\"Tiempo de lectura\" \/>\n\t<meta name=\"twitter:data2\" content=\"2 minutos\" \/>\n<script type=\"application\/ld+json\" class=\"yoast-schema-graph\">{\"@context\":\"https:\\\/\\\/schema.org\",\"@graph\":[{\"@type\":\"Article\",\"@id\":\"https:\\\/\\\/www.ip.gov.py\\\/ip\\\/2017\\\/09\\\/26\\\/ftc-asegura-que-son-los-primeros-en-apoyar-marchas-por-la-paz-en-el-norte\\\/#article\",\"isPartOf\":{\"@id\":\"https:\\\/\\\/www.ip.gov.py\\\/ip\\\/2017\\\/09\\\/26\\\/ftc-asegura-que-son-los-primeros-en-apoyar-marchas-por-la-paz-en-el-norte\\\/\"},\"author\":{\"name\":\"@dm1n\",\"@id\":\"https:\\\/\\\/www.ip.gov.py\\\/ip\\\/#\\\/schema\\\/person\\\/a1d87c4a65d7fd4ede9132995e2576d7\"},\"headline\":\"FTC asegura que son los primeros en apoyar marchas por la paz en el norte\",\"datePublished\":\"2017-09-26T11:37:37+00:00\",\"mainEntityOfPage\":{\"@id\":\"https:\\\/\\\/www.ip.gov.py\\\/ip\\\/2017\\\/09\\\/26\\\/ftc-asegura-que-son-los-primeros-en-apoyar-marchas-por-la-paz-en-el-norte\\\/\"},\"wordCount\":402,\"publisher\":{\"@id\":\"https:\\\/\\\/www.ip.gov.py\\\/ip\\\/#organization\"},\"image\":{\"@id\":\"https:\\\/\\\/www.ip.gov.py\\\/ip\\\/2017\\\/09\\\/26\\\/ftc-asegura-que-son-los-primeros-en-apoyar-marchas-por-la-paz-en-el-norte\\\/#primaryimage\"},\"thumbnailUrl\":\"https:\\\/\\\/www.ip.gov.py\\\/ip\\\/wp-content\\\/uploads\\\/2015\\\/07\\\/fuerzas-tarea_conjunta_epp_Concepci\u00f3n1.jpg\",\"keywords\":[\"epp\",\"FTC\",\"Marcha en el norte\",\"Secuestrados\"],\"articleSection\":[\"Nacionales\"],\"inLanguage\":\"es\"},{\"@type\":\"WebPage\",\"@id\":\"https:\\\/\\\/www.ip.gov.py\\\/ip\\\/2017\\\/09\\\/26\\\/ftc-asegura-que-son-los-primeros-en-apoyar-marchas-por-la-paz-en-el-norte\\\/\",\"url\":\"https:\\\/\\\/www.ip.gov.py\\\/ip\\\/2017\\\/09\\\/26\\\/ftc-asegura-que-son-los-primeros-en-apoyar-marchas-por-la-paz-en-el-norte\\\/\",\"name\":\"FTC asegura que son los primeros en apoyar marchas por la paz en el norte - .::Agencia IP::.\",\"isPartOf\":{\"@id\":\"https:\\\/\\\/www.ip.gov.py\\\/ip\\\/#website\"},\"primaryImageOfPage\":{\"@id\":\"https:\\\/\\\/www.ip.gov.py\\\/ip\\\/2017\\\/09\\\/26\\\/ftc-asegura-que-son-los-primeros-en-apoyar-marchas-por-la-paz-en-el-norte\\\/#primaryimage\"},\"image\":{\"@id\":\"https:\\\/\\\/www.ip.gov.py\\\/ip\\\/2017\\\/09\\\/26\\\/ftc-asegura-que-son-los-primeros-en-apoyar-marchas-por-la-paz-en-el-norte\\\/#primaryimage\"},\"thumbnailUrl\":\"https:\\\/\\\/www.ip.gov.py\\\/ip\\\/wp-content\\\/uploads\\\/2015\\\/07\\\/fuerzas-tarea_conjunta_epp_Concepci\u00f3n1.jpg\",\"datePublished\":\"2017-09-26T11:37:37+00:00\",\"breadcrumb\":{\"@id\":\"https:\\\/\\\/www.ip.gov.py\\\/ip\\\/2017\\\/09\\\/26\\\/ftc-asegura-que-son-los-primeros-en-apoyar-marchas-por-la-paz-en-el-norte\\\/#breadcrumb\"},\"inLanguage\":\"es\",\"potentialAction\":[{\"@type\":\"ReadAction\",\"target\":[\"https:\\\/\\\/www.ip.gov.py\\\/ip\\\/2017\\\/09\\\/26\\\/ftc-asegura-que-son-los-primeros-en-apoyar-marchas-por-la-paz-en-el-norte\\\/\"]}]},{\"@type\":\"ImageObject\",\"inLanguage\":\"es\",\"@id\":\"https:\\\/\\\/www.ip.gov.py\\\/ip\\\/2017\\\/09\\\/26\\\/ftc-asegura-que-son-los-primeros-en-apoyar-marchas-por-la-paz-en-el-norte\\\/#primaryimage\",\"url\":\"https:\\\/\\\/www.ip.gov.py\\\/ip\\\/wp-content\\\/uploads\\\/2015\\\/07\\\/fuerzas-tarea_conjunta_epp_Concepci\u00f3n1.jpg\",\"contentUrl\":\"https:\\\/\\\/www.ip.gov.py\\\/ip\\\/wp-content\\\/uploads\\\/2015\\\/07\\\/fuerzas-tarea_conjunta_epp_Concepci\u00f3n1.jpg\",\"width\":960,\"height\":639,\"caption\":\"Foto: Ilustraci\u00f3n\"},{\"@type\":\"BreadcrumbList\",\"@id\":\"https:\\\/\\\/www.ip.gov.py\\\/ip\\\/2017\\\/09\\\/26\\\/ftc-asegura-que-son-los-primeros-en-apoyar-marchas-por-la-paz-en-el-norte\\\/#breadcrumb\",\"itemListElement\":[{\"@type\":\"ListItem\",\"position\":1,\"name\":\"Portada\",\"item\":\"https:\\\/\\\/www.ip.gov.py\\\/ip\\\/\"},{\"@type\":\"ListItem\",\"position\":2,\"name\":\"FTC asegura que son los primeros en apoyar marchas por la paz en el norte\"}]},{\"@type\":\"WebSite\",\"@id\":\"https:\\\/\\\/www.ip.gov.py\\\/ip\\\/#website\",\"url\":\"https:\\\/\\\/www.ip.gov.py\\\/ip\\\/\",\"name\":\".::Agencia IP::.\",\"description\":\"\",\"publisher\":{\"@id\":\"https:\\\/\\\/www.ip.gov.py\\\/ip\\\/#organization\"},\"potentialAction\":[{\"@type\":\"SearchAction\",\"target\":{\"@type\":\"EntryPoint\",\"urlTemplate\":\"https:\\\/\\\/www.ip.gov.py\\\/ip\\\/?s={search_term_string}\"},\"query-input\":{\"@type\":\"PropertyValueSpecification\",\"valueRequired\":true,\"valueName\":\"search_term_string\"}}],\"inLanguage\":\"es\"},{\"@type\":\"Organization\",\"@id\":\"https:\\\/\\\/www.ip.gov.py\\\/ip\\\/#organization\",\"name\":\"Agencia IP\",\"url\":\"https:\\\/\\\/www.ip.gov.py\\\/ip\\\/\",\"logo\":{\"@type\":\"ImageObject\",\"inLanguage\":\"es\",\"@id\":\"https:\\\/\\\/www.ip.gov.py\\\/ip\\\/#\\\/schema\\\/logo\\\/image\\\/\",\"url\":\"https:\\\/\\\/www.ip.gov.py\\\/ip\\\/wp-content\\\/uploads\\\/2018\\\/01\\\/Agencia-IP.jpg\",\"contentUrl\":\"https:\\\/\\\/www.ip.gov.py\\\/ip\\\/wp-content\\\/uploads\\\/2018\\\/01\\\/Agencia-IP.jpg\",\"width\":150,\"height\":150,\"caption\":\"Agencia IP\"},\"image\":{\"@id\":\"https:\\\/\\\/www.ip.gov.py\\\/ip\\\/#\\\/schema\\\/logo\\\/image\\\/\"},\"sameAs\":[\"https:\\\/\\\/www.facebook.com\\\/IPParaguay\\\/\",\"https:\\\/\\\/x.com\\\/IPParaguay\",\"https:\\\/\\\/www.instagram.com\\\/IPParaguay\"]},{\"@type\":\"Person\",\"@id\":\"https:\\\/\\\/www.ip.gov.py\\\/ip\\\/#\\\/schema\\\/person\\\/a1d87c4a65d7fd4ede9132995e2576d7\",\"name\":\"@dm1n\",\"url\":\"https:\\\/\\\/www.ip.gov.py\\\/ip\\\/author\\\/dm1n\\\/\"}]}<\/script>\n<!-- \/ Yoast SEO plugin. -->","yoast_head_json":{"title":"FTC asegura que son los primeros en apoyar marchas por la paz en el norte - .::Agencia IP::.","robots":{"index":"index","follow":"follow","max-snippet":"max-snippet:-1","max-image-preview":"max-image-preview:large","max-video-preview":"max-video-preview:-1"},"canonical":"https:\/\/www.ip.gov.py\/ip\/2017\/09\/26\/ftc-asegura-que-son-los-primeros-en-apoyar-marchas-por-la-paz-en-el-norte\/","og_locale":"es_ES","og_type":"article","og_title":"FTC asegura que son los primeros en apoyar marchas por la paz en el norte - .::Agencia IP::.","og_description":"Asunci\u00f3n, IP.- El vocero de la Fuerza de Tarea Conjunta (FTC), V\u00edctor Urdapilleta, desminti\u00f3 que hayan realizado una campa\u00f1a para desprestigiar la marcha que realizar\u00e1n esta ma\u00f1ana los pobladores del norte del pa\u00eds, pidiendo por la paz en la zona y la liberaci\u00f3n de los secuestrados por el grupo EPP, por el contrario dijo que [&hellip;]","og_url":"https:\/\/www.ip.gov.py\/ip\/2017\/09\/26\/ftc-asegura-que-son-los-primeros-en-apoyar-marchas-por-la-paz-en-el-norte\/","og_site_name":".::Agencia IP::.","article_publisher":"https:\/\/www.facebook.com\/IPParaguay\/","article_published_time":"2017-09-26T11:37:37+00:00","og_image":[{"width":960,"height":639,"url":"https:\/\/www.ip.gov.py\/ip\/wp-content\/uploads\/2015\/07\/fuerzas-tarea_conjunta_epp_Concepci\u00f3n1.jpg","type":"image\/jpeg"}],"author":"@dm1n","twitter_card":"summary_large_image","twitter_creator":"@IPParaguay","twitter_site":"@IPParaguay","twitter_misc":{"Escrito por":"@dm1n","Tiempo de lectura":"2 minutos"},"schema":{"@context":"https:\/\/schema.org","@graph":[{"@type":"Article","@id":"https:\/\/www.ip.gov.py\/ip\/2017\/09\/26\/ftc-asegura-que-son-los-primeros-en-apoyar-marchas-por-la-paz-en-el-norte\/#article","isPartOf":{"@id":"https:\/\/www.ip.gov.py\/ip\/2017\/09\/26\/ftc-asegura-que-son-los-primeros-en-apoyar-marchas-por-la-paz-en-el-norte\/"},"author":{"name":"@dm1n","@id":"https:\/\/www.ip.gov.py\/ip\/#\/schema\/person\/a1d87c4a65d7fd4ede9132995e2576d7"},"headline":"FTC asegura que son los primeros en apoyar marchas por la paz en el norte","datePublished":"2017-09-26T11:37:37+00:00","mainEntityOfPage":{"@id":"https:\/\/www.ip.gov.py\/ip\/2017\/09\/26\/ftc-asegura-que-son-los-primeros-en-apoyar-marchas-por-la-paz-en-el-norte\/"},"wordCount":402,"publisher":{"@id":"https:\/\/www.ip.gov.py\/ip\/#organization"},"image":{"@id":"https:\/\/www.ip.gov.py\/ip\/2017\/09\/26\/ftc-asegura-que-son-los-primeros-en-apoyar-marchas-por-la-paz-en-el-norte\/#primaryimage"},"thumbnailUrl":"https:\/\/www.ip.gov.py\/ip\/wp-content\/uploads\/2015\/07\/fuerzas-tarea_conjunta_epp_Concepci\u00f3n1.jpg","keywords":["epp","FTC","Marcha en el norte","Secuestrados"],"articleSection":["Nacionales"],"inLanguage":"es"},{"@type":"WebPage","@id":"https:\/\/www.ip.gov.py\/ip\/2017\/09\/26\/ftc-asegura-que-son-los-primeros-en-apoyar-marchas-por-la-paz-en-el-norte\/","url":"https:\/\/www.ip.gov.py\/ip\/2017\/09\/26\/ftc-asegura-que-son-los-primeros-en-apoyar-marchas-por-la-paz-en-el-norte\/","name":"FTC asegura que son los primeros en apoyar marchas por la paz en el norte - .::Agencia IP::.","isPartOf":{"@id":"https:\/\/www.ip.gov.py\/ip\/#website"},"primaryImageOfPage":{"@id":"https:\/\/www.ip.gov.py\/ip\/2017\/09\/26\/ftc-asegura-que-son-los-primeros-en-apoyar-marchas-por-la-paz-en-el-norte\/#primaryimage"},"image":{"@id":"https:\/\/www.ip.gov.py\/ip\/2017\/09\/26\/ftc-asegura-que-son-los-primeros-en-apoyar-marchas-por-la-paz-en-el-norte\/#primaryimage"},"thumbnailUrl":"https:\/\/www.ip.gov.py\/ip\/wp-content\/uploads\/2015\/07\/fuerzas-tarea_conjunta_epp_Concepci\u00f3n1.jpg","datePublished":"2017-09-26T11:37:37+00:00","breadcrumb":{"@id":"https:\/\/www.ip.gov.py\/ip\/2017\/09\/26\/ftc-asegura-que-son-los-primeros-en-apoyar-marchas-por-la-paz-en-el-norte\/#breadcrumb"},"inLanguage":"es","potentialAction":[{"@type":"ReadAction","target":["https:\/\/www.ip.gov.py\/ip\/2017\/09\/26\/ftc-asegura-que-son-los-primeros-en-apoyar-marchas-por-la-paz-en-el-norte\/"]}]},{"@type":"ImageObject","inLanguage":"es","@id":"https:\/\/www.ip.gov.py\/ip\/2017\/09\/26\/ftc-asegura-que-son-los-primeros-en-apoyar-marchas-por-la-paz-en-el-norte\/#primaryimage","url":"https:\/\/www.ip.gov.py\/ip\/wp-content\/uploads\/2015\/07\/fuerzas-tarea_conjunta_epp_Concepci\u00f3n1.jpg","contentUrl":"https:\/\/www.ip.gov.py\/ip\/wp-content\/uploads\/2015\/07\/fuerzas-tarea_conjunta_epp_Concepci\u00f3n1.jpg","width":960,"height":639,"caption":"Foto: Ilustraci\u00f3n"},{"@type":"BreadcrumbList","@id":"https:\/\/www.ip.gov.py\/ip\/2017\/09\/26\/ftc-asegura-que-son-los-primeros-en-apoyar-marchas-por-la-paz-en-el-norte\/#breadcrumb","itemListElement":[{"@type":"ListItem","position":1,"name":"Portada","item":"https:\/\/www.ip.gov.py\/ip\/"},{"@type":"ListItem","position":2,"name":"FTC asegura que son los primeros en apoyar marchas por la paz en el norte"}]},{"@type":"WebSite","@id":"https:\/\/www.ip.gov.py\/ip\/#website","url":"https:\/\/www.ip.gov.py\/ip\/","name":".::Agencia IP::.","description":"","publisher":{"@id":"https:\/\/www.ip.gov.py\/ip\/#organization"},"potentialAction":[{"@type":"SearchAction","target":{"@type":"EntryPoint","urlTemplate":"https:\/\/www.ip.gov.py\/ip\/?s={search_term_string}"},"query-input":{"@type":"PropertyValueSpecification","valueRequired":true,"valueName":"search_term_string"}}],"inLanguage":"es"},{"@type":"Organization","@id":"https:\/\/www.ip.gov.py\/ip\/#organization","name":"Agencia IP","url":"https:\/\/www.ip.gov.py\/ip\/","logo":{"@type":"ImageObject","inLanguage":"es","@id":"https:\/\/www.ip.gov.py\/ip\/#\/schema\/logo\/image\/","url":"https:\/\/www.ip.gov.py\/ip\/wp-content\/uploads\/2018\/01\/Agencia-IP.jpg","contentUrl":"https:\/\/www.ip.gov.py\/ip\/wp-content\/uploads\/2018\/01\/Agencia-IP.jpg","width":150,"height":150,"caption":"Agencia IP"},"image":{"@id":"https:\/\/www.ip.gov.py\/ip\/#\/schema\/logo\/image\/"},"sameAs":["https:\/\/www.facebook.com\/IPParaguay\/","https:\/\/x.com\/IPParaguay","https:\/\/www.instagram.com\/IPParaguay"]},{"@type":"Person","@id":"https:\/\/www.ip.gov.py\/ip\/#\/schema\/person\/a1d87c4a65d7fd4ede9132995e2576d7","name":"@dm1n","url":"https:\/\/www.ip.gov.py\/ip\/author\/dm1n\/"}]}},"_links":{"self":[{"href":"https:\/\/www.ip.gov.py\/ip\/wp-json\/wp\/v2\/posts\/186658","targetHints":{"allow":["GET"]}}],"collection":[{"href":"https:\/\/www.ip.gov.py\/ip\/wp-json\/wp\/v2\/posts"}],"about":[{"href":"https:\/\/www.ip.gov.py\/ip\/wp-json\/wp\/v2\/types\/post"}],"author":[{"embeddable":true,"href":"https:\/\/www.ip.gov.py\/ip\/wp-json\/wp\/v2\/users\/1"}],"replies":[{"embeddable":true,"href":"https:\/\/www.ip.gov.py\/ip\/wp-json\/wp\/v2\/comments?post=186658"}],"version-history":[{"count":0,"href":"https:\/\/www.ip.gov.py\/ip\/wp-json\/wp\/v2\/posts\/186658\/revisions"}],"wp:featuredmedia":[{"embeddable":true,"href":"https:\/\/www.ip.gov.py\/ip\/wp-json\/wp\/v2\/media\/37916"}],"wp:attachment":[{"href":"https:\/\/www.ip.gov.py\/ip\/wp-json\/wp\/v2\/media?parent=186658"}],"wp:term":[{"taxonomy":"category","embeddable":true,"href":"https:\/\/www.ip.gov.py\/ip\/wp-json\/wp\/v2\/categories?post=186658"},{"taxonomy":"post_tag","embeddable":true,"href":"https:\/\/www.ip.gov.py\/ip\/wp-json\/wp\/v2\/tags?post=186658"}],"curies":[{"name":"wp","href":"https:\/\/api.w.org\/{rel}","templated":true}]}}