{"id":189699,"date":"2017-10-13T19:48:28","date_gmt":"2017-10-13T22:48:28","guid":{"rendered":"http:\/\/desarrollo.ip.gov.py\/ip\/?p=189699"},"modified":"2017-10-13T19:48:28","modified_gmt":"2017-10-13T22:48:28","slug":"productores-afectados-por-danos-climaticos-recibieron-aportes-del-gobierno","status":"publish","type":"post","link":"https:\/\/www.ip.gov.py\/ip\/2017\/10\/13\/productores-afectados-por-danos-climaticos-recibieron-aportes-del-gobierno\/","title":{"rendered":"Productores afectados por da\u00f1os clim\u00e1ticos recibieron aportes"},"content":{"rendered":"<p style=\"text-align: justify;\"><strong><em>Asunci\u00f3n, IP.- <\/em><\/strong>Durante la jornada de gobierno del presidente Horacio Cartes fueron entregados aportes financieros a 628 familias del departamento de Cordillera, como apoyo a los productores afectados por da\u00f1os clim\u00e1ticos.<!--more--><\/p>\n<p style=\"text-align: justify;\">Fueron entregados aportes por m\u00e1s de Gs. 2.917 mil millones, que tambi\u00e9n servir\u00e1n como inversi\u00f3n para planes comunitarios, impulsados a trav\u00e9s del Ministerio de Agricultura y Ganader\u00eda (MAG).<\/p>\n<p style=\"text-align: justify;\">El Gobierno Nacional, a trav\u00e9s del Proyecto de Desarrollo Rural Sostenible, (PRODERS) dependiente del MAG, benefici\u00f3 a 354 familias pertenecientes a 8 organizaciones de productores de la Agricultura Familiar de los distritos de Juan de Mena, Atyr\u00e1, Valenzuela, Isla Puc\u00fa, Altos, con la entrega de certificados para la ejecuci\u00f3n de inversiones previstas en el Plan de Inversi\u00f3n Comunitario, con 2.614.715.862 guaran\u00edes. As\u00ed tambi\u00e9n, mediante el Proyecto Paraguay Inclusivo (PPI), benefici\u00f3 a 164 Familias del departamento, como parte del Plan de Micro Capitalizaci\u00f3n, con una inversi\u00f3n de 253.880.000 guaran\u00edes.<\/p>\n<p>Otras 100 familias aglutinadas en 7 organizaciones de productores de la Agricultura Familiar del distrito de Eusebio Ayala, recibieron 100 kits de herramientas menores (palas, azadas, machetes, rastrillos y carretilla de metal, por valor de 48.686.000 guaran\u00edes.<\/p>\n<p style=\"text-align: justify;\">El presidente Horacio Cartes desarroll\u00f3 este viernes una jornada de gobierno en el departamento de Cordillera, donde fueron entregadas 309 viviendas, inaugurada una escuela en Emboscada y se entregaron t\u00edtulos de tierra y diversos aportes en el acto central en la ciudad de Eusebio Ayala.<\/p>\n","protected":false},"excerpt":{"rendered":"<p>Asunci\u00f3n, IP.- Durante la jornada de gobierno del presidente Horacio Cartes fueron entregados aportes financieros a 628 familias del departamento de Cordillera, como apoyo a los productores afectados por da\u00f1os clim\u00e1ticos.<\/p>\n","protected":false},"author":1,"featured_media":189700,"comment_status":"closed","ping_status":"closed","sticky":false,"template":"","format":"standard","meta":{"_monsterinsights_skip_tracking":false,"_monsterinsights_sitenote_active":false,"_monsterinsights_sitenote_note":"","_monsterinsights_sitenote_category":0,"footnotes":""},"categories":[9],"tags":[620,59],"class_list":{"0":"post-189699","1":"post","2":"type-post","3":"status-publish","4":"format-standard","5":"has-post-thumbnail","7":"category-economia","8":"tag-jornada-de-gobierno","9":"tag-mag"},"yoast_head":"<!-- This site is optimized with the Yoast SEO plugin v27.5 - https:\/\/yoast.com\/product\/yoast-seo-wordpress\/ -->\n<title>Productores afectados por da\u00f1os clim\u00e1ticos recibieron aportes - .::Agencia IP::.<\/title>\n<meta name=\"robots\" content=\"index, follow, max-snippet:-1, max-image-preview:large, max-video-preview:-1\" \/>\n<link rel=\"canonical\" href=\"https:\/\/www.ip.gov.py\/ip\/2017\/10\/13\/productores-afectados-por-danos-climaticos-recibieron-aportes-del-gobierno\/\" \/>\n<meta property=\"og:locale\" content=\"es_ES\" \/>\n<meta property=\"og:type\" content=\"article\" \/>\n<meta property=\"og:title\" content=\"Productores afectados por da\u00f1os clim\u00e1ticos recibieron aportes - .::Agencia IP::.\" \/>\n<meta property=\"og:description\" content=\"Asunci\u00f3n, IP.- Durante la jornada de gobierno del presidente Horacio Cartes fueron entregados aportes financieros a 628 familias del departamento de Cordillera, como apoyo a los productores afectados por da\u00f1os clim\u00e1ticos.\" \/>\n<meta property=\"og:url\" content=\"https:\/\/www.ip.gov.py\/ip\/2017\/10\/13\/productores-afectados-por-danos-climaticos-recibieron-aportes-del-gobierno\/\" \/>\n<meta property=\"og:site_name\" content=\".::Agencia IP::.\" \/>\n<meta property=\"article:publisher\" content=\"https:\/\/www.facebook.com\/IPParaguay\/\" \/>\n<meta property=\"article:published_time\" content=\"2017-10-13T22:48:28+00:00\" \/>\n<meta property=\"og:image\" content=\"https:\/\/www.ip.gov.py\/ip\/wp-content\/uploads\/2017\/10\/cartes-baruja-aportes-jornada-gobierno.jpg\" \/>\n\t<meta property=\"og:image:width\" content=\"600\" \/>\n\t<meta property=\"og:image:height\" content=\"399\" \/>\n\t<meta property=\"og:image:type\" content=\"image\/jpeg\" \/>\n<meta name=\"author\" content=\"@dm1n\" \/>\n<meta name=\"twitter:card\" content=\"summary_large_image\" \/>\n<meta name=\"twitter:creator\" content=\"@IPParaguay\" \/>\n<meta name=\"twitter:site\" content=\"@IPParaguay\" \/>\n<meta name=\"twitter:label1\" content=\"Escrito por\" \/>\n\t<meta name=\"twitter:data1\" content=\"@dm1n\" \/>\n\t<meta name=\"twitter:label2\" content=\"Tiempo de lectura\" \/>\n\t<meta name=\"twitter:data2\" content=\"1 minuto\" \/>\n<script type=\"application\/ld+json\" class=\"yoast-schema-graph\">{\"@context\":\"https:\\\/\\\/schema.org\",\"@graph\":[{\"@type\":\"Article\",\"@id\":\"https:\\\/\\\/www.ip.gov.py\\\/ip\\\/2017\\\/10\\\/13\\\/productores-afectados-por-danos-climaticos-recibieron-aportes-del-gobierno\\\/#article\",\"isPartOf\":{\"@id\":\"https:\\\/\\\/www.ip.gov.py\\\/ip\\\/2017\\\/10\\\/13\\\/productores-afectados-por-danos-climaticos-recibieron-aportes-del-gobierno\\\/\"},\"author\":{\"name\":\"@dm1n\",\"@id\":\"https:\\\/\\\/www.ip.gov.py\\\/ip\\\/#\\\/schema\\\/person\\\/a1d87c4a65d7fd4ede9132995e2576d7\"},\"headline\":\"Productores afectados por da\u00f1os clim\u00e1ticos recibieron aportes\",\"datePublished\":\"2017-10-13T22:48:28+00:00\",\"mainEntityOfPage\":{\"@id\":\"https:\\\/\\\/www.ip.gov.py\\\/ip\\\/2017\\\/10\\\/13\\\/productores-afectados-por-danos-climaticos-recibieron-aportes-del-gobierno\\\/\"},\"wordCount\":246,\"publisher\":{\"@id\":\"https:\\\/\\\/www.ip.gov.py\\\/ip\\\/#organization\"},\"image\":{\"@id\":\"https:\\\/\\\/www.ip.gov.py\\\/ip\\\/2017\\\/10\\\/13\\\/productores-afectados-por-danos-climaticos-recibieron-aportes-del-gobierno\\\/#primaryimage\"},\"thumbnailUrl\":\"https:\\\/\\\/www.ip.gov.py\\\/ip\\\/wp-content\\\/uploads\\\/2017\\\/10\\\/cartes-baruja-aportes-jornada-gobierno.jpg\",\"keywords\":[\"Jornada de Gobierno\",\"MAG\"],\"articleSection\":[\"Econom\u00eda\"],\"inLanguage\":\"es\"},{\"@type\":\"WebPage\",\"@id\":\"https:\\\/\\\/www.ip.gov.py\\\/ip\\\/2017\\\/10\\\/13\\\/productores-afectados-por-danos-climaticos-recibieron-aportes-del-gobierno\\\/\",\"url\":\"https:\\\/\\\/www.ip.gov.py\\\/ip\\\/2017\\\/10\\\/13\\\/productores-afectados-por-danos-climaticos-recibieron-aportes-del-gobierno\\\/\",\"name\":\"Productores afectados por da\u00f1os clim\u00e1ticos recibieron aportes - .::Agencia IP::.\",\"isPartOf\":{\"@id\":\"https:\\\/\\\/www.ip.gov.py\\\/ip\\\/#website\"},\"primaryImageOfPage\":{\"@id\":\"https:\\\/\\\/www.ip.gov.py\\\/ip\\\/2017\\\/10\\\/13\\\/productores-afectados-por-danos-climaticos-recibieron-aportes-del-gobierno\\\/#primaryimage\"},\"image\":{\"@id\":\"https:\\\/\\\/www.ip.gov.py\\\/ip\\\/2017\\\/10\\\/13\\\/productores-afectados-por-danos-climaticos-recibieron-aportes-del-gobierno\\\/#primaryimage\"},\"thumbnailUrl\":\"https:\\\/\\\/www.ip.gov.py\\\/ip\\\/wp-content\\\/uploads\\\/2017\\\/10\\\/cartes-baruja-aportes-jornada-gobierno.jpg\",\"datePublished\":\"2017-10-13T22:48:28+00:00\",\"breadcrumb\":{\"@id\":\"https:\\\/\\\/www.ip.gov.py\\\/ip\\\/2017\\\/10\\\/13\\\/productores-afectados-por-danos-climaticos-recibieron-aportes-del-gobierno\\\/#breadcrumb\"},\"inLanguage\":\"es\",\"potentialAction\":[{\"@type\":\"ReadAction\",\"target\":[\"https:\\\/\\\/www.ip.gov.py\\\/ip\\\/2017\\\/10\\\/13\\\/productores-afectados-por-danos-climaticos-recibieron-aportes-del-gobierno\\\/\"]}]},{\"@type\":\"ImageObject\",\"inLanguage\":\"es\",\"@id\":\"https:\\\/\\\/www.ip.gov.py\\\/ip\\\/2017\\\/10\\\/13\\\/productores-afectados-por-danos-climaticos-recibieron-aportes-del-gobierno\\\/#primaryimage\",\"url\":\"https:\\\/\\\/www.ip.gov.py\\\/ip\\\/wp-content\\\/uploads\\\/2017\\\/10\\\/cartes-baruja-aportes-jornada-gobierno.jpg\",\"contentUrl\":\"https:\\\/\\\/www.ip.gov.py\\\/ip\\\/wp-content\\\/uploads\\\/2017\\\/10\\\/cartes-baruja-aportes-jornada-gobierno.jpg\",\"width\":600,\"height\":399,\"caption\":\"Foto Presidencia.\"},{\"@type\":\"BreadcrumbList\",\"@id\":\"https:\\\/\\\/www.ip.gov.py\\\/ip\\\/2017\\\/10\\\/13\\\/productores-afectados-por-danos-climaticos-recibieron-aportes-del-gobierno\\\/#breadcrumb\",\"itemListElement\":[{\"@type\":\"ListItem\",\"position\":1,\"name\":\"Portada\",\"item\":\"https:\\\/\\\/www.ip.gov.py\\\/ip\\\/\"},{\"@type\":\"ListItem\",\"position\":2,\"name\":\"Productores afectados por da\u00f1os clim\u00e1ticos recibieron aportes\"}]},{\"@type\":\"WebSite\",\"@id\":\"https:\\\/\\\/www.ip.gov.py\\\/ip\\\/#website\",\"url\":\"https:\\\/\\\/www.ip.gov.py\\\/ip\\\/\",\"name\":\".::Agencia IP::.\",\"description\":\"\",\"publisher\":{\"@id\":\"https:\\\/\\\/www.ip.gov.py\\\/ip\\\/#organization\"},\"potentialAction\":[{\"@type\":\"SearchAction\",\"target\":{\"@type\":\"EntryPoint\",\"urlTemplate\":\"https:\\\/\\\/www.ip.gov.py\\\/ip\\\/?s={search_term_string}\"},\"query-input\":{\"@type\":\"PropertyValueSpecification\",\"valueRequired\":true,\"valueName\":\"search_term_string\"}}],\"inLanguage\":\"es\"},{\"@type\":\"Organization\",\"@id\":\"https:\\\/\\\/www.ip.gov.py\\\/ip\\\/#organization\",\"name\":\"Agencia IP\",\"url\":\"https:\\\/\\\/www.ip.gov.py\\\/ip\\\/\",\"logo\":{\"@type\":\"ImageObject\",\"inLanguage\":\"es\",\"@id\":\"https:\\\/\\\/www.ip.gov.py\\\/ip\\\/#\\\/schema\\\/logo\\\/image\\\/\",\"url\":\"https:\\\/\\\/www.ip.gov.py\\\/ip\\\/wp-content\\\/uploads\\\/2018\\\/01\\\/Agencia-IP.jpg\",\"contentUrl\":\"https:\\\/\\\/www.ip.gov.py\\\/ip\\\/wp-content\\\/uploads\\\/2018\\\/01\\\/Agencia-IP.jpg\",\"width\":150,\"height\":150,\"caption\":\"Agencia IP\"},\"image\":{\"@id\":\"https:\\\/\\\/www.ip.gov.py\\\/ip\\\/#\\\/schema\\\/logo\\\/image\\\/\"},\"sameAs\":[\"https:\\\/\\\/www.facebook.com\\\/IPParaguay\\\/\",\"https:\\\/\\\/x.com\\\/IPParaguay\",\"https:\\\/\\\/www.instagram.com\\\/IPParaguay\"]},{\"@type\":\"Person\",\"@id\":\"https:\\\/\\\/www.ip.gov.py\\\/ip\\\/#\\\/schema\\\/person\\\/a1d87c4a65d7fd4ede9132995e2576d7\",\"name\":\"@dm1n\",\"url\":\"https:\\\/\\\/www.ip.gov.py\\\/ip\\\/author\\\/dm1n\\\/\"}]}<\/script>\n<!-- \/ Yoast SEO plugin. -->","yoast_head_json":{"title":"Productores afectados por da\u00f1os clim\u00e1ticos recibieron aportes - .::Agencia IP::.","robots":{"index":"index","follow":"follow","max-snippet":"max-snippet:-1","max-image-preview":"max-image-preview:large","max-video-preview":"max-video-preview:-1"},"canonical":"https:\/\/www.ip.gov.py\/ip\/2017\/10\/13\/productores-afectados-por-danos-climaticos-recibieron-aportes-del-gobierno\/","og_locale":"es_ES","og_type":"article","og_title":"Productores afectados por da\u00f1os clim\u00e1ticos recibieron aportes - .::Agencia IP::.","og_description":"Asunci\u00f3n, IP.- Durante la jornada de gobierno del presidente Horacio Cartes fueron entregados aportes financieros a 628 familias del departamento de Cordillera, como apoyo a los productores afectados por da\u00f1os clim\u00e1ticos.","og_url":"https:\/\/www.ip.gov.py\/ip\/2017\/10\/13\/productores-afectados-por-danos-climaticos-recibieron-aportes-del-gobierno\/","og_site_name":".::Agencia IP::.","article_publisher":"https:\/\/www.facebook.com\/IPParaguay\/","article_published_time":"2017-10-13T22:48:28+00:00","og_image":[{"width":600,"height":399,"url":"https:\/\/www.ip.gov.py\/ip\/wp-content\/uploads\/2017\/10\/cartes-baruja-aportes-jornada-gobierno.jpg","type":"image\/jpeg"}],"author":"@dm1n","twitter_card":"summary_large_image","twitter_creator":"@IPParaguay","twitter_site":"@IPParaguay","twitter_misc":{"Escrito por":"@dm1n","Tiempo de lectura":"1 minuto"},"schema":{"@context":"https:\/\/schema.org","@graph":[{"@type":"Article","@id":"https:\/\/www.ip.gov.py\/ip\/2017\/10\/13\/productores-afectados-por-danos-climaticos-recibieron-aportes-del-gobierno\/#article","isPartOf":{"@id":"https:\/\/www.ip.gov.py\/ip\/2017\/10\/13\/productores-afectados-por-danos-climaticos-recibieron-aportes-del-gobierno\/"},"author":{"name":"@dm1n","@id":"https:\/\/www.ip.gov.py\/ip\/#\/schema\/person\/a1d87c4a65d7fd4ede9132995e2576d7"},"headline":"Productores afectados por da\u00f1os clim\u00e1ticos recibieron aportes","datePublished":"2017-10-13T22:48:28+00:00","mainEntityOfPage":{"@id":"https:\/\/www.ip.gov.py\/ip\/2017\/10\/13\/productores-afectados-por-danos-climaticos-recibieron-aportes-del-gobierno\/"},"wordCount":246,"publisher":{"@id":"https:\/\/www.ip.gov.py\/ip\/#organization"},"image":{"@id":"https:\/\/www.ip.gov.py\/ip\/2017\/10\/13\/productores-afectados-por-danos-climaticos-recibieron-aportes-del-gobierno\/#primaryimage"},"thumbnailUrl":"https:\/\/www.ip.gov.py\/ip\/wp-content\/uploads\/2017\/10\/cartes-baruja-aportes-jornada-gobierno.jpg","keywords":["Jornada de Gobierno","MAG"],"articleSection":["Econom\u00eda"],"inLanguage":"es"},{"@type":"WebPage","@id":"https:\/\/www.ip.gov.py\/ip\/2017\/10\/13\/productores-afectados-por-danos-climaticos-recibieron-aportes-del-gobierno\/","url":"https:\/\/www.ip.gov.py\/ip\/2017\/10\/13\/productores-afectados-por-danos-climaticos-recibieron-aportes-del-gobierno\/","name":"Productores afectados por da\u00f1os clim\u00e1ticos recibieron aportes - .::Agencia IP::.","isPartOf":{"@id":"https:\/\/www.ip.gov.py\/ip\/#website"},"primaryImageOfPage":{"@id":"https:\/\/www.ip.gov.py\/ip\/2017\/10\/13\/productores-afectados-por-danos-climaticos-recibieron-aportes-del-gobierno\/#primaryimage"},"image":{"@id":"https:\/\/www.ip.gov.py\/ip\/2017\/10\/13\/productores-afectados-por-danos-climaticos-recibieron-aportes-del-gobierno\/#primaryimage"},"thumbnailUrl":"https:\/\/www.ip.gov.py\/ip\/wp-content\/uploads\/2017\/10\/cartes-baruja-aportes-jornada-gobierno.jpg","datePublished":"2017-10-13T22:48:28+00:00","breadcrumb":{"@id":"https:\/\/www.ip.gov.py\/ip\/2017\/10\/13\/productores-afectados-por-danos-climaticos-recibieron-aportes-del-gobierno\/#breadcrumb"},"inLanguage":"es","potentialAction":[{"@type":"ReadAction","target":["https:\/\/www.ip.gov.py\/ip\/2017\/10\/13\/productores-afectados-por-danos-climaticos-recibieron-aportes-del-gobierno\/"]}]},{"@type":"ImageObject","inLanguage":"es","@id":"https:\/\/www.ip.gov.py\/ip\/2017\/10\/13\/productores-afectados-por-danos-climaticos-recibieron-aportes-del-gobierno\/#primaryimage","url":"https:\/\/www.ip.gov.py\/ip\/wp-content\/uploads\/2017\/10\/cartes-baruja-aportes-jornada-gobierno.jpg","contentUrl":"https:\/\/www.ip.gov.py\/ip\/wp-content\/uploads\/2017\/10\/cartes-baruja-aportes-jornada-gobierno.jpg","width":600,"height":399,"caption":"Foto Presidencia."},{"@type":"BreadcrumbList","@id":"https:\/\/www.ip.gov.py\/ip\/2017\/10\/13\/productores-afectados-por-danos-climaticos-recibieron-aportes-del-gobierno\/#breadcrumb","itemListElement":[{"@type":"ListItem","position":1,"name":"Portada","item":"https:\/\/www.ip.gov.py\/ip\/"},{"@type":"ListItem","position":2,"name":"Productores afectados por da\u00f1os clim\u00e1ticos recibieron aportes"}]},{"@type":"WebSite","@id":"https:\/\/www.ip.gov.py\/ip\/#website","url":"https:\/\/www.ip.gov.py\/ip\/","name":".::Agencia IP::.","description":"","publisher":{"@id":"https:\/\/www.ip.gov.py\/ip\/#organization"},"potentialAction":[{"@type":"SearchAction","target":{"@type":"EntryPoint","urlTemplate":"https:\/\/www.ip.gov.py\/ip\/?s={search_term_string}"},"query-input":{"@type":"PropertyValueSpecification","valueRequired":true,"valueName":"search_term_string"}}],"inLanguage":"es"},{"@type":"Organization","@id":"https:\/\/www.ip.gov.py\/ip\/#organization","name":"Agencia IP","url":"https:\/\/www.ip.gov.py\/ip\/","logo":{"@type":"ImageObject","inLanguage":"es","@id":"https:\/\/www.ip.gov.py\/ip\/#\/schema\/logo\/image\/","url":"https:\/\/www.ip.gov.py\/ip\/wp-content\/uploads\/2018\/01\/Agencia-IP.jpg","contentUrl":"https:\/\/www.ip.gov.py\/ip\/wp-content\/uploads\/2018\/01\/Agencia-IP.jpg","width":150,"height":150,"caption":"Agencia IP"},"image":{"@id":"https:\/\/www.ip.gov.py\/ip\/#\/schema\/logo\/image\/"},"sameAs":["https:\/\/www.facebook.com\/IPParaguay\/","https:\/\/x.com\/IPParaguay","https:\/\/www.instagram.com\/IPParaguay"]},{"@type":"Person","@id":"https:\/\/www.ip.gov.py\/ip\/#\/schema\/person\/a1d87c4a65d7fd4ede9132995e2576d7","name":"@dm1n","url":"https:\/\/www.ip.gov.py\/ip\/author\/dm1n\/"}]}},"_links":{"self":[{"href":"https:\/\/www.ip.gov.py\/ip\/wp-json\/wp\/v2\/posts\/189699","targetHints":{"allow":["GET"]}}],"collection":[{"href":"https:\/\/www.ip.gov.py\/ip\/wp-json\/wp\/v2\/posts"}],"about":[{"href":"https:\/\/www.ip.gov.py\/ip\/wp-json\/wp\/v2\/types\/post"}],"author":[{"embeddable":true,"href":"https:\/\/www.ip.gov.py\/ip\/wp-json\/wp\/v2\/users\/1"}],"replies":[{"embeddable":true,"href":"https:\/\/www.ip.gov.py\/ip\/wp-json\/wp\/v2\/comments?post=189699"}],"version-history":[{"count":0,"href":"https:\/\/www.ip.gov.py\/ip\/wp-json\/wp\/v2\/posts\/189699\/revisions"}],"wp:featuredmedia":[{"embeddable":true,"href":"https:\/\/www.ip.gov.py\/ip\/wp-json\/wp\/v2\/media\/189700"}],"wp:attachment":[{"href":"https:\/\/www.ip.gov.py\/ip\/wp-json\/wp\/v2\/media?parent=189699"}],"wp:term":[{"taxonomy":"category","embeddable":true,"href":"https:\/\/www.ip.gov.py\/ip\/wp-json\/wp\/v2\/categories?post=189699"},{"taxonomy":"post_tag","embeddable":true,"href":"https:\/\/www.ip.gov.py\/ip\/wp-json\/wp\/v2\/tags?post=189699"}],"curies":[{"name":"wp","href":"https:\/\/api.w.org\/{rel}","templated":true}]}}