{"id":191284,"date":"2017-10-24T11:09:33","date_gmt":"2017-10-24T14:09:33","guid":{"rendered":"http:\/\/desarrollo.ip.gov.py\/ip\/?p=191284"},"modified":"2017-10-24T11:09:33","modified_gmt":"2017-10-24T14:09:33","slug":"mas-de-300-nativos-de-presidente-hayes-se-suman-a-las-miles-de-familias-que-reciben-la-casa-propia","status":"publish","type":"post","link":"https:\/\/www.ip.gov.py\/ip\/2017\/10\/24\/mas-de-300-nativos-de-presidente-hayes-se-suman-a-las-miles-de-familias-que-reciben-la-casa-propia\/","title":{"rendered":"M\u00e1s de 300 nativos de Presidente Hayes se suman a las miles de familias que reciben la casa propia"},"content":{"rendered":"<p style=\"text-align: justify;\"><em><strong>Cerrito, IP.-<\/strong> <\/em>Tres comunidades ind\u00edgenas del departamento de Presidente Hayes recibieron oficialmente, este martes, la casa propia. Son 309 familias beneficiadas\u00a0 con las viviendas construidas por la Secretar\u00eda Nacional de la Vivienda y el H\u00e1bitat (Senavitat).<\/p>\n<p><!--more--><\/p>\n<p style=\"text-align: justify;\">El presidente de la Rep\u00fablica, Horacio Cartes, inaugur\u00f3 las viviendas sociales junto con la ministra de la Senavitat, Soledad N\u00fa\u00f1ez.<\/p>\n<p style=\"text-align: justify;\">\u00abEstamos haciendo la inauguraci\u00f3n oficial de varios proyectos que tenemos en el departamento de Presidente Hayes, m\u00e1s de 300 viviendas en total financiadas tanto por el Fondo de la Vivienda Social como por el programa Che Tapyi\u00bb, explic\u00f3 la secretaria de Estado.<\/p>\n<p style=\"text-align: justify;\">Destac\u00f3 que todo lo que respecta al Chaco la Senavitat hizo una inversi\u00f3n importante en vivienda social, por primera vez en la historia.<\/p>\n<p style=\"text-align: justify;\">\u00abSolo en este departamento hablamos de m\u00e1s de 1.300 viviendas, si tomamos todo el Chaco estamos hablando de m\u00e1s de 2.000 viviendas en donde principalmente las comunidades ind\u00edgenas son las beneficiadas\u00bb, refiri\u00f3 la ministra.<\/p>\n<p style=\"text-align: justify;\">Las 309 viviendas demandaron una inversi\u00f3n social de 18.485.170.837 guaran\u00edes. De ellas, 40 viviendas fueron construidas a trav\u00e9s del Fondo Nacional de la Vivienda Social (Fonavis) para la etnia Toba Qom en Benjam\u00edn Aceval, y otras 144 viviendas fueron concedidas a\u00a0 la comunidad ind\u00edgena denominada Nicha Toyish en la localidad de\u00a0 Manuel Irala Fern\u00e1ndez, ambos en el distrito de Villa Hayes.<\/p>\n<p style=\"text-align: justify;\">En tanto que 125 viviendas fueron destinadas a los miembros de la etnia Mak\u00e1 en la comunidad de Quemkuket, en la localidad de\u00a0 Puerto Falc\u00f3n. Estas fueron ejecutadas a trav\u00e9s del Proyecto Che Tap\u00fdi con donaciones de la Rep\u00fablica de China (Taiw\u00e1n). Este programa de mejoramiento del h\u00e1bitat adem\u00e1s de la casas permiti\u00f3 la construcci\u00f3n de infraestructura b\u00e1sica (sistema de mejoramiento de agua potable, el\u00e9ctrica energ\u00eda y red vial), m\u00e1s la edificaci\u00f3n de un centro comunitario y consultorio ambulatorio<\/p>\n","protected":false},"excerpt":{"rendered":"<p>Cerrito, IP.- Tres comunidades ind\u00edgenas del departamento de Presidente Hayes recibieron oficialmente, este martes, la casa propia. Son 309 familias beneficiadas\u00a0 con las viviendas construidas por la Secretar\u00eda Nacional de la Vivienda y el H\u00e1bitat (Senavitat).<\/p>\n","protected":false},"author":1,"featured_media":191251,"comment_status":"closed","ping_status":"closed","sticky":false,"template":"","format":"standard","meta":{"_monsterinsights_skip_tracking":false,"_monsterinsights_sitenote_active":false,"_monsterinsights_sitenote_note":"","_monsterinsights_sitenote_category":0,"footnotes":""},"categories":[6],"tags":[620,2028,2029],"class_list":{"0":"post-191284","1":"post","2":"type-post","3":"status-publish","4":"format-standard","5":"has-post-thumbnail","7":"category-politica","8":"tag-jornada-de-gobierno","9":"tag-nativos","10":"tag-presidente-hayes"},"yoast_head":"<!-- This site is optimized with the Yoast SEO plugin v27.5 - https:\/\/yoast.com\/product\/yoast-seo-wordpress\/ -->\n<title>M\u00e1s de 300 nativos de Presidente Hayes se suman a las miles de familias que reciben la casa propia - .::Agencia IP::.<\/title>\n<meta name=\"robots\" content=\"index, follow, max-snippet:-1, max-image-preview:large, max-video-preview:-1\" \/>\n<link rel=\"canonical\" href=\"https:\/\/www.ip.gov.py\/ip\/2017\/10\/24\/mas-de-300-nativos-de-presidente-hayes-se-suman-a-las-miles-de-familias-que-reciben-la-casa-propia\/\" \/>\n<meta property=\"og:locale\" content=\"es_ES\" \/>\n<meta property=\"og:type\" content=\"article\" \/>\n<meta property=\"og:title\" content=\"M\u00e1s de 300 nativos de Presidente Hayes se suman a las miles de familias que reciben la casa propia - .::Agencia IP::.\" \/>\n<meta property=\"og:description\" content=\"Cerrito, IP.- Tres comunidades ind\u00edgenas del departamento de Presidente Hayes recibieron oficialmente, este martes, la casa propia. Son 309 familias beneficiadas\u00a0 con las viviendas construidas por la Secretar\u00eda Nacional de la Vivienda y el H\u00e1bitat (Senavitat).\" \/>\n<meta property=\"og:url\" content=\"https:\/\/www.ip.gov.py\/ip\/2017\/10\/24\/mas-de-300-nativos-de-presidente-hayes-se-suman-a-las-miles-de-familias-que-reciben-la-casa-propia\/\" \/>\n<meta property=\"og:site_name\" content=\".::Agencia IP::.\" \/>\n<meta property=\"article:publisher\" content=\"https:\/\/www.facebook.com\/IPParaguay\/\" \/>\n<meta property=\"article:published_time\" content=\"2017-10-24T14:09:33+00:00\" \/>\n<meta property=\"og:image\" content=\"https:\/\/www.ip.gov.py\/ip\/wp-content\/uploads\/2017\/10\/Cartes-Villa-Hayes-1.jpeg\" \/>\n\t<meta property=\"og:image:width\" content=\"1280\" \/>\n\t<meta property=\"og:image:height\" content=\"853\" \/>\n\t<meta property=\"og:image:type\" content=\"image\/jpeg\" \/>\n<meta name=\"author\" content=\"@dm1n\" \/>\n<meta name=\"twitter:card\" content=\"summary_large_image\" \/>\n<meta name=\"twitter:creator\" content=\"@IPParaguay\" \/>\n<meta name=\"twitter:site\" content=\"@IPParaguay\" \/>\n<meta name=\"twitter:label1\" content=\"Escrito por\" \/>\n\t<meta name=\"twitter:data1\" content=\"@dm1n\" \/>\n\t<meta name=\"twitter:label2\" content=\"Tiempo de lectura\" \/>\n\t<meta name=\"twitter:data2\" content=\"2 minutos\" \/>\n<script type=\"application\/ld+json\" class=\"yoast-schema-graph\">{\"@context\":\"https:\\\/\\\/schema.org\",\"@graph\":[{\"@type\":\"Article\",\"@id\":\"https:\\\/\\\/www.ip.gov.py\\\/ip\\\/2017\\\/10\\\/24\\\/mas-de-300-nativos-de-presidente-hayes-se-suman-a-las-miles-de-familias-que-reciben-la-casa-propia\\\/#article\",\"isPartOf\":{\"@id\":\"https:\\\/\\\/www.ip.gov.py\\\/ip\\\/2017\\\/10\\\/24\\\/mas-de-300-nativos-de-presidente-hayes-se-suman-a-las-miles-de-familias-que-reciben-la-casa-propia\\\/\"},\"author\":{\"name\":\"@dm1n\",\"@id\":\"https:\\\/\\\/www.ip.gov.py\\\/ip\\\/#\\\/schema\\\/person\\\/a1d87c4a65d7fd4ede9132995e2576d7\"},\"headline\":\"M\u00e1s de 300 nativos de Presidente Hayes se suman a las miles de familias que reciben la casa propia\",\"datePublished\":\"2017-10-24T14:09:33+00:00\",\"mainEntityOfPage\":{\"@id\":\"https:\\\/\\\/www.ip.gov.py\\\/ip\\\/2017\\\/10\\\/24\\\/mas-de-300-nativos-de-presidente-hayes-se-suman-a-las-miles-de-familias-que-reciben-la-casa-propia\\\/\"},\"wordCount\":336,\"publisher\":{\"@id\":\"https:\\\/\\\/www.ip.gov.py\\\/ip\\\/#organization\"},\"image\":{\"@id\":\"https:\\\/\\\/www.ip.gov.py\\\/ip\\\/2017\\\/10\\\/24\\\/mas-de-300-nativos-de-presidente-hayes-se-suman-a-las-miles-de-familias-que-reciben-la-casa-propia\\\/#primaryimage\"},\"thumbnailUrl\":\"https:\\\/\\\/www.ip.gov.py\\\/ip\\\/wp-content\\\/uploads\\\/2017\\\/10\\\/Cartes-Villa-Hayes-1.jpeg\",\"keywords\":[\"Jornada de Gobierno\",\"Nativos\",\"Presidente Hayes\"],\"articleSection\":[\"Pol\u00edtica\"],\"inLanguage\":\"es\"},{\"@type\":\"WebPage\",\"@id\":\"https:\\\/\\\/www.ip.gov.py\\\/ip\\\/2017\\\/10\\\/24\\\/mas-de-300-nativos-de-presidente-hayes-se-suman-a-las-miles-de-familias-que-reciben-la-casa-propia\\\/\",\"url\":\"https:\\\/\\\/www.ip.gov.py\\\/ip\\\/2017\\\/10\\\/24\\\/mas-de-300-nativos-de-presidente-hayes-se-suman-a-las-miles-de-familias-que-reciben-la-casa-propia\\\/\",\"name\":\"M\u00e1s de 300 nativos de Presidente Hayes se suman a las miles de familias que reciben la casa propia - .::Agencia IP::.\",\"isPartOf\":{\"@id\":\"https:\\\/\\\/www.ip.gov.py\\\/ip\\\/#website\"},\"primaryImageOfPage\":{\"@id\":\"https:\\\/\\\/www.ip.gov.py\\\/ip\\\/2017\\\/10\\\/24\\\/mas-de-300-nativos-de-presidente-hayes-se-suman-a-las-miles-de-familias-que-reciben-la-casa-propia\\\/#primaryimage\"},\"image\":{\"@id\":\"https:\\\/\\\/www.ip.gov.py\\\/ip\\\/2017\\\/10\\\/24\\\/mas-de-300-nativos-de-presidente-hayes-se-suman-a-las-miles-de-familias-que-reciben-la-casa-propia\\\/#primaryimage\"},\"thumbnailUrl\":\"https:\\\/\\\/www.ip.gov.py\\\/ip\\\/wp-content\\\/uploads\\\/2017\\\/10\\\/Cartes-Villa-Hayes-1.jpeg\",\"datePublished\":\"2017-10-24T14:09:33+00:00\",\"breadcrumb\":{\"@id\":\"https:\\\/\\\/www.ip.gov.py\\\/ip\\\/2017\\\/10\\\/24\\\/mas-de-300-nativos-de-presidente-hayes-se-suman-a-las-miles-de-familias-que-reciben-la-casa-propia\\\/#breadcrumb\"},\"inLanguage\":\"es\",\"potentialAction\":[{\"@type\":\"ReadAction\",\"target\":[\"https:\\\/\\\/www.ip.gov.py\\\/ip\\\/2017\\\/10\\\/24\\\/mas-de-300-nativos-de-presidente-hayes-se-suman-a-las-miles-de-familias-que-reciben-la-casa-propia\\\/\"]}]},{\"@type\":\"ImageObject\",\"inLanguage\":\"es\",\"@id\":\"https:\\\/\\\/www.ip.gov.py\\\/ip\\\/2017\\\/10\\\/24\\\/mas-de-300-nativos-de-presidente-hayes-se-suman-a-las-miles-de-familias-que-reciben-la-casa-propia\\\/#primaryimage\",\"url\":\"https:\\\/\\\/www.ip.gov.py\\\/ip\\\/wp-content\\\/uploads\\\/2017\\\/10\\\/Cartes-Villa-Hayes-1.jpeg\",\"contentUrl\":\"https:\\\/\\\/www.ip.gov.py\\\/ip\\\/wp-content\\\/uploads\\\/2017\\\/10\\\/Cartes-Villa-Hayes-1.jpeg\",\"width\":1280,\"height\":853},{\"@type\":\"BreadcrumbList\",\"@id\":\"https:\\\/\\\/www.ip.gov.py\\\/ip\\\/2017\\\/10\\\/24\\\/mas-de-300-nativos-de-presidente-hayes-se-suman-a-las-miles-de-familias-que-reciben-la-casa-propia\\\/#breadcrumb\",\"itemListElement\":[{\"@type\":\"ListItem\",\"position\":1,\"name\":\"Portada\",\"item\":\"https:\\\/\\\/www.ip.gov.py\\\/ip\\\/\"},{\"@type\":\"ListItem\",\"position\":2,\"name\":\"M\u00e1s de 300 nativos de Presidente Hayes se suman a las miles de familias que reciben la casa propia\"}]},{\"@type\":\"WebSite\",\"@id\":\"https:\\\/\\\/www.ip.gov.py\\\/ip\\\/#website\",\"url\":\"https:\\\/\\\/www.ip.gov.py\\\/ip\\\/\",\"name\":\".::Agencia IP::.\",\"description\":\"\",\"publisher\":{\"@id\":\"https:\\\/\\\/www.ip.gov.py\\\/ip\\\/#organization\"},\"potentialAction\":[{\"@type\":\"SearchAction\",\"target\":{\"@type\":\"EntryPoint\",\"urlTemplate\":\"https:\\\/\\\/www.ip.gov.py\\\/ip\\\/?s={search_term_string}\"},\"query-input\":{\"@type\":\"PropertyValueSpecification\",\"valueRequired\":true,\"valueName\":\"search_term_string\"}}],\"inLanguage\":\"es\"},{\"@type\":\"Organization\",\"@id\":\"https:\\\/\\\/www.ip.gov.py\\\/ip\\\/#organization\",\"name\":\"Agencia IP\",\"url\":\"https:\\\/\\\/www.ip.gov.py\\\/ip\\\/\",\"logo\":{\"@type\":\"ImageObject\",\"inLanguage\":\"es\",\"@id\":\"https:\\\/\\\/www.ip.gov.py\\\/ip\\\/#\\\/schema\\\/logo\\\/image\\\/\",\"url\":\"https:\\\/\\\/www.ip.gov.py\\\/ip\\\/wp-content\\\/uploads\\\/2018\\\/01\\\/Agencia-IP.jpg\",\"contentUrl\":\"https:\\\/\\\/www.ip.gov.py\\\/ip\\\/wp-content\\\/uploads\\\/2018\\\/01\\\/Agencia-IP.jpg\",\"width\":150,\"height\":150,\"caption\":\"Agencia IP\"},\"image\":{\"@id\":\"https:\\\/\\\/www.ip.gov.py\\\/ip\\\/#\\\/schema\\\/logo\\\/image\\\/\"},\"sameAs\":[\"https:\\\/\\\/www.facebook.com\\\/IPParaguay\\\/\",\"https:\\\/\\\/x.com\\\/IPParaguay\",\"https:\\\/\\\/www.instagram.com\\\/IPParaguay\"]},{\"@type\":\"Person\",\"@id\":\"https:\\\/\\\/www.ip.gov.py\\\/ip\\\/#\\\/schema\\\/person\\\/a1d87c4a65d7fd4ede9132995e2576d7\",\"name\":\"@dm1n\",\"url\":\"https:\\\/\\\/www.ip.gov.py\\\/ip\\\/author\\\/dm1n\\\/\"}]}<\/script>\n<!-- \/ Yoast SEO plugin. -->","yoast_head_json":{"title":"M\u00e1s de 300 nativos de Presidente Hayes se suman a las miles de familias que reciben la casa propia - .::Agencia IP::.","robots":{"index":"index","follow":"follow","max-snippet":"max-snippet:-1","max-image-preview":"max-image-preview:large","max-video-preview":"max-video-preview:-1"},"canonical":"https:\/\/www.ip.gov.py\/ip\/2017\/10\/24\/mas-de-300-nativos-de-presidente-hayes-se-suman-a-las-miles-de-familias-que-reciben-la-casa-propia\/","og_locale":"es_ES","og_type":"article","og_title":"M\u00e1s de 300 nativos de Presidente Hayes se suman a las miles de familias que reciben la casa propia - .::Agencia IP::.","og_description":"Cerrito, IP.- Tres comunidades ind\u00edgenas del departamento de Presidente Hayes recibieron oficialmente, este martes, la casa propia. Son 309 familias beneficiadas\u00a0 con las viviendas construidas por la Secretar\u00eda Nacional de la Vivienda y el H\u00e1bitat (Senavitat).","og_url":"https:\/\/www.ip.gov.py\/ip\/2017\/10\/24\/mas-de-300-nativos-de-presidente-hayes-se-suman-a-las-miles-de-familias-que-reciben-la-casa-propia\/","og_site_name":".::Agencia IP::.","article_publisher":"https:\/\/www.facebook.com\/IPParaguay\/","article_published_time":"2017-10-24T14:09:33+00:00","og_image":[{"width":1280,"height":853,"url":"https:\/\/www.ip.gov.py\/ip\/wp-content\/uploads\/2017\/10\/Cartes-Villa-Hayes-1.jpeg","type":"image\/jpeg"}],"author":"@dm1n","twitter_card":"summary_large_image","twitter_creator":"@IPParaguay","twitter_site":"@IPParaguay","twitter_misc":{"Escrito por":"@dm1n","Tiempo de lectura":"2 minutos"},"schema":{"@context":"https:\/\/schema.org","@graph":[{"@type":"Article","@id":"https:\/\/www.ip.gov.py\/ip\/2017\/10\/24\/mas-de-300-nativos-de-presidente-hayes-se-suman-a-las-miles-de-familias-que-reciben-la-casa-propia\/#article","isPartOf":{"@id":"https:\/\/www.ip.gov.py\/ip\/2017\/10\/24\/mas-de-300-nativos-de-presidente-hayes-se-suman-a-las-miles-de-familias-que-reciben-la-casa-propia\/"},"author":{"name":"@dm1n","@id":"https:\/\/www.ip.gov.py\/ip\/#\/schema\/person\/a1d87c4a65d7fd4ede9132995e2576d7"},"headline":"M\u00e1s de 300 nativos de Presidente Hayes se suman a las miles de familias que reciben la casa propia","datePublished":"2017-10-24T14:09:33+00:00","mainEntityOfPage":{"@id":"https:\/\/www.ip.gov.py\/ip\/2017\/10\/24\/mas-de-300-nativos-de-presidente-hayes-se-suman-a-las-miles-de-familias-que-reciben-la-casa-propia\/"},"wordCount":336,"publisher":{"@id":"https:\/\/www.ip.gov.py\/ip\/#organization"},"image":{"@id":"https:\/\/www.ip.gov.py\/ip\/2017\/10\/24\/mas-de-300-nativos-de-presidente-hayes-se-suman-a-las-miles-de-familias-que-reciben-la-casa-propia\/#primaryimage"},"thumbnailUrl":"https:\/\/www.ip.gov.py\/ip\/wp-content\/uploads\/2017\/10\/Cartes-Villa-Hayes-1.jpeg","keywords":["Jornada de Gobierno","Nativos","Presidente Hayes"],"articleSection":["Pol\u00edtica"],"inLanguage":"es"},{"@type":"WebPage","@id":"https:\/\/www.ip.gov.py\/ip\/2017\/10\/24\/mas-de-300-nativos-de-presidente-hayes-se-suman-a-las-miles-de-familias-que-reciben-la-casa-propia\/","url":"https:\/\/www.ip.gov.py\/ip\/2017\/10\/24\/mas-de-300-nativos-de-presidente-hayes-se-suman-a-las-miles-de-familias-que-reciben-la-casa-propia\/","name":"M\u00e1s de 300 nativos de Presidente Hayes se suman a las miles de familias que reciben la casa propia - .::Agencia IP::.","isPartOf":{"@id":"https:\/\/www.ip.gov.py\/ip\/#website"},"primaryImageOfPage":{"@id":"https:\/\/www.ip.gov.py\/ip\/2017\/10\/24\/mas-de-300-nativos-de-presidente-hayes-se-suman-a-las-miles-de-familias-que-reciben-la-casa-propia\/#primaryimage"},"image":{"@id":"https:\/\/www.ip.gov.py\/ip\/2017\/10\/24\/mas-de-300-nativos-de-presidente-hayes-se-suman-a-las-miles-de-familias-que-reciben-la-casa-propia\/#primaryimage"},"thumbnailUrl":"https:\/\/www.ip.gov.py\/ip\/wp-content\/uploads\/2017\/10\/Cartes-Villa-Hayes-1.jpeg","datePublished":"2017-10-24T14:09:33+00:00","breadcrumb":{"@id":"https:\/\/www.ip.gov.py\/ip\/2017\/10\/24\/mas-de-300-nativos-de-presidente-hayes-se-suman-a-las-miles-de-familias-que-reciben-la-casa-propia\/#breadcrumb"},"inLanguage":"es","potentialAction":[{"@type":"ReadAction","target":["https:\/\/www.ip.gov.py\/ip\/2017\/10\/24\/mas-de-300-nativos-de-presidente-hayes-se-suman-a-las-miles-de-familias-que-reciben-la-casa-propia\/"]}]},{"@type":"ImageObject","inLanguage":"es","@id":"https:\/\/www.ip.gov.py\/ip\/2017\/10\/24\/mas-de-300-nativos-de-presidente-hayes-se-suman-a-las-miles-de-familias-que-reciben-la-casa-propia\/#primaryimage","url":"https:\/\/www.ip.gov.py\/ip\/wp-content\/uploads\/2017\/10\/Cartes-Villa-Hayes-1.jpeg","contentUrl":"https:\/\/www.ip.gov.py\/ip\/wp-content\/uploads\/2017\/10\/Cartes-Villa-Hayes-1.jpeg","width":1280,"height":853},{"@type":"BreadcrumbList","@id":"https:\/\/www.ip.gov.py\/ip\/2017\/10\/24\/mas-de-300-nativos-de-presidente-hayes-se-suman-a-las-miles-de-familias-que-reciben-la-casa-propia\/#breadcrumb","itemListElement":[{"@type":"ListItem","position":1,"name":"Portada","item":"https:\/\/www.ip.gov.py\/ip\/"},{"@type":"ListItem","position":2,"name":"M\u00e1s de 300 nativos de Presidente Hayes se suman a las miles de familias que reciben la casa propia"}]},{"@type":"WebSite","@id":"https:\/\/www.ip.gov.py\/ip\/#website","url":"https:\/\/www.ip.gov.py\/ip\/","name":".::Agencia IP::.","description":"","publisher":{"@id":"https:\/\/www.ip.gov.py\/ip\/#organization"},"potentialAction":[{"@type":"SearchAction","target":{"@type":"EntryPoint","urlTemplate":"https:\/\/www.ip.gov.py\/ip\/?s={search_term_string}"},"query-input":{"@type":"PropertyValueSpecification","valueRequired":true,"valueName":"search_term_string"}}],"inLanguage":"es"},{"@type":"Organization","@id":"https:\/\/www.ip.gov.py\/ip\/#organization","name":"Agencia IP","url":"https:\/\/www.ip.gov.py\/ip\/","logo":{"@type":"ImageObject","inLanguage":"es","@id":"https:\/\/www.ip.gov.py\/ip\/#\/schema\/logo\/image\/","url":"https:\/\/www.ip.gov.py\/ip\/wp-content\/uploads\/2018\/01\/Agencia-IP.jpg","contentUrl":"https:\/\/www.ip.gov.py\/ip\/wp-content\/uploads\/2018\/01\/Agencia-IP.jpg","width":150,"height":150,"caption":"Agencia IP"},"image":{"@id":"https:\/\/www.ip.gov.py\/ip\/#\/schema\/logo\/image\/"},"sameAs":["https:\/\/www.facebook.com\/IPParaguay\/","https:\/\/x.com\/IPParaguay","https:\/\/www.instagram.com\/IPParaguay"]},{"@type":"Person","@id":"https:\/\/www.ip.gov.py\/ip\/#\/schema\/person\/a1d87c4a65d7fd4ede9132995e2576d7","name":"@dm1n","url":"https:\/\/www.ip.gov.py\/ip\/author\/dm1n\/"}]}},"_links":{"self":[{"href":"https:\/\/www.ip.gov.py\/ip\/wp-json\/wp\/v2\/posts\/191284","targetHints":{"allow":["GET"]}}],"collection":[{"href":"https:\/\/www.ip.gov.py\/ip\/wp-json\/wp\/v2\/posts"}],"about":[{"href":"https:\/\/www.ip.gov.py\/ip\/wp-json\/wp\/v2\/types\/post"}],"author":[{"embeddable":true,"href":"https:\/\/www.ip.gov.py\/ip\/wp-json\/wp\/v2\/users\/1"}],"replies":[{"embeddable":true,"href":"https:\/\/www.ip.gov.py\/ip\/wp-json\/wp\/v2\/comments?post=191284"}],"version-history":[{"count":0,"href":"https:\/\/www.ip.gov.py\/ip\/wp-json\/wp\/v2\/posts\/191284\/revisions"}],"wp:featuredmedia":[{"embeddable":true,"href":"https:\/\/www.ip.gov.py\/ip\/wp-json\/wp\/v2\/media\/191251"}],"wp:attachment":[{"href":"https:\/\/www.ip.gov.py\/ip\/wp-json\/wp\/v2\/media?parent=191284"}],"wp:term":[{"taxonomy":"category","embeddable":true,"href":"https:\/\/www.ip.gov.py\/ip\/wp-json\/wp\/v2\/categories?post=191284"},{"taxonomy":"post_tag","embeddable":true,"href":"https:\/\/www.ip.gov.py\/ip\/wp-json\/wp\/v2\/tags?post=191284"}],"curies":[{"name":"wp","href":"https:\/\/api.w.org\/{rel}","templated":true}]}}