{"id":193435,"date":"2017-11-06T13:59:05","date_gmt":"2017-11-06T16:59:05","guid":{"rendered":"http:\/\/desarrollo.ip.gov.py\/ip\/?p=193435"},"modified":"2017-11-06T13:59:05","modified_gmt":"2017-11-06T16:59:05","slug":"investigacion-sobre-viviendas-para-indigenas-podra-ser-incluida-en-las-politicas-publicas","status":"publish","type":"post","link":"https:\/\/www.ip.gov.py\/ip\/2017\/11\/06\/investigacion-sobre-viviendas-para-indigenas-podra-ser-incluida-en-las-politicas-publicas\/","title":{"rendered":"Estudio sobre viviendas ind\u00edgenas plantea desaf\u00edos a pol\u00edtica p\u00fablica habitacional"},"content":{"rendered":"<p style=\"text-align: justify;\"><em><strong>Asunci\u00f3n, IP.-<\/strong> <\/em>El proyecto \u201cRescate de la arquitectura vern\u00e1cula Guaran\u00ed para el desarrollo de propuestas sustentables\u00bb, impulsado por el programa Prociencia del Consejo Nacional de Ciencia y Tecnolog\u00eda (Conacyt), busca idear prototipos habitacionales coherentes con la cultura ind\u00edgena y el medio ambiente, y que las mismas puedan llegar a ser incluidas\u00a0en las pol\u00edticas p\u00fablicas del Paraguay.<\/p>\n<p style=\"text-align: justify;\"><!--more--><\/p>\n<p style=\"text-align: justify;\">La Conacyt inform\u00f3 mediante una de las investigadoras del proyecto, Mabel Villalba, que el proyecto fue necesario a causa de la acelerada destrucci\u00f3n de los bienes naturales y la p\u00e9rdida de los recursos materiales adecuados para la construcci\u00f3n de viviendas ind\u00edgenas.<\/p>\n<p style=\"text-align: justify;\">La mencionada necesidad deriv\u00f3 en la proliferaci\u00f3n de estructuras habitacionales inapropiadas que incit\u00f3 a que los pueblos ind\u00edgenas, mediante la Federaci\u00f3n de los Pueblos Guaran\u00edes, reaccionar\u00e1n y propusieran prototipos coherentes con su cultura y el medio ambiente.<\/p>\n<figure id=\"attachment_193452\" aria-describedby=\"caption-attachment-193452\" style=\"width: 351px\" class=\"wp-caption alignright\"><img loading=\"lazy\" decoding=\"async\" class=\" wp-image-193452\" src=\"https:\/\/www.ip.gov.py\/ip\/wp-content\/uploads\/2017\/11\/conacyt-vivienda--600x338.jpeg\" alt=\"\" width=\"351\" height=\"198\" srcset=\"https:\/\/www.ip.gov.py\/ip\/wp-content\/uploads\/2017\/11\/conacyt-vivienda--600x338.jpeg 600w, https:\/\/www.ip.gov.py\/ip\/wp-content\/uploads\/2017\/11\/conacyt-vivienda--768x432.jpeg 768w, https:\/\/www.ip.gov.py\/ip\/wp-content\/uploads\/2017\/11\/conacyt-vivienda--696x392.jpeg 696w, https:\/\/www.ip.gov.py\/ip\/wp-content\/uploads\/2017\/11\/conacyt-vivienda--746x420.jpeg 746w, https:\/\/www.ip.gov.py\/ip\/wp-content\/uploads\/2017\/11\/conacyt-vivienda-.jpeg 947w\" sizes=\"auto, (max-width: 351px) 100vw, 351px\" \/><figcaption id=\"caption-attachment-193452\" class=\"wp-caption-text\">Los investigadores buscan que los resultados de la investigaciones sean introducidas en las pol\u00edticas p\u00fablicas del Estado Foto: gentileza<\/figcaption><\/figure>\n<p style=\"text-align: justify;\">El proyecto financiado por el Conacyt a trav\u00e9s del programa Prociencia, ha constatado que, tradicionalmente, los materiales necesarios para la edificaci\u00f3n de las viviendas ind\u00edgenas provienen de los recursos naturales de su entorno. Como se ha podido verificar en el proceso del proyecto, en las comunidades guaran\u00edes todav\u00eda persiste esta pr\u00e1ctica.<\/p>\n<p style=\"text-align: justify;\">As\u00ed tambi\u00e9n la deforestaci\u00f3n ha provocado la mengua de materiales de construcci\u00f3n, lo cual a su vez ha producido modificaciones en los modelos de viviendas guaran\u00edes actuales y la sustituci\u00f3n de especies naturales por materiales sint\u00e9ticos, en general de menor calidad y durabilidad.<\/p>\n<p style=\"text-align: justify;\">\u201cLa investigaci\u00f3n busca identificar patrones de la arquitectura guaran\u00ed mediante el relevamiento de datos generando nuevas propuestas edilicias, sustentables y acordes al ecosistema actual de los pueblos guaran\u00edes. Quisimos disminuir en lo posible la imposici\u00f3n de formatos y materiales nocivos o ajenos a su cultura\u201d, sostuvo Villalba.<\/p>\n<figure id=\"attachment_193455\" aria-describedby=\"caption-attachment-193455\" style=\"width: 464px\" class=\"wp-caption alignleft\"><img loading=\"lazy\" decoding=\"async\" class=\" wp-image-193455\" src=\"https:\/\/www.ip.gov.py\/ip\/wp-content\/uploads\/2017\/11\/conacyt-vivienda-2jpeg-600x309.jpeg\" alt=\"\" width=\"464\" height=\"239\" srcset=\"https:\/\/www.ip.gov.py\/ip\/wp-content\/uploads\/2017\/11\/conacyt-vivienda-2jpeg-600x309.jpeg 600w, https:\/\/www.ip.gov.py\/ip\/wp-content\/uploads\/2017\/11\/conacyt-vivienda-2jpeg-768x395.jpeg 768w, https:\/\/www.ip.gov.py\/ip\/wp-content\/uploads\/2017\/11\/conacyt-vivienda-2jpeg-696x358.jpeg 696w, https:\/\/www.ip.gov.py\/ip\/wp-content\/uploads\/2017\/11\/conacyt-vivienda-2jpeg-816x420.jpeg 816w, https:\/\/www.ip.gov.py\/ip\/wp-content\/uploads\/2017\/11\/conacyt-vivienda-2jpeg.jpeg 909w\" sizes=\"auto, (max-width: 464px) 100vw, 464px\" \/><figcaption id=\"caption-attachment-193455\" class=\"wp-caption-text\">Una de las maquetas que resultaron de las investigaciones \/ gentileza<\/figcaption><\/figure>\n<p style=\"text-align: justify;\">El proyecto busca adem\u00e1s dotar de herramientas fundadas social y antropol\u00f3gicamente, de acuerdo a las necesidades medioambientales y cumpliendo t\u00e9cnicas arquitect\u00f3nicas de los pueblos guaran\u00edes de la regi\u00f3n oriental del pa\u00eds como son los Ava guaran\u00ed, Mbya apytere, Pa\u00ee tavyter\u00e1 y Ache.<\/p>\n<p style=\"text-align: justify;\">La investigadora sostiene que se debe reclamar a las instituciones pertinentes, la debida atenci\u00f3n de las propuestas y consideraciones ind\u00edgenas en cuanto a mecanismos de participaci\u00f3n efectiva y propia de sus comunidades.<\/p>\n<p style=\"text-align: justify;\">La investigaci\u00f3n ha permitido identificar las principales caracter\u00edsticas de la arquitectura vern\u00e1cula guaran\u00ed y ha posibilitado una comparaci\u00f3n con los rasgos de las viviendas actuales de los pueblos Av\u00e1 Guaran\u00ed, Mby\u00e1 y Pa\u0129 Tavyter\u00e3. \u201cHemos conseguido la concepci\u00f3n e instalaci\u00f3n de protocolos y prototipos de construcci\u00f3n de viviendas ind\u00edgenas guaran\u00ed, fundados en una investigaci\u00f3n cient\u00edfica de las ciencias sociales, y dispuestos en un proyecto arquitect\u00f3nico\u201d, afirm\u00f3 Villalba.<\/p>\n<figure id=\"attachment_193457\" aria-describedby=\"caption-attachment-193457\" style=\"width: 464px\" class=\"wp-caption alignright\"><img loading=\"lazy\" decoding=\"async\" class=\" wp-image-193457\" src=\"https:\/\/www.ip.gov.py\/ip\/wp-content\/uploads\/2017\/11\/conacyt-vivienda-3jpeg-600x309.jpeg\" alt=\"\" width=\"464\" height=\"239\" srcset=\"https:\/\/www.ip.gov.py\/ip\/wp-content\/uploads\/2017\/11\/conacyt-vivienda-3jpeg-600x309.jpeg 600w, https:\/\/www.ip.gov.py\/ip\/wp-content\/uploads\/2017\/11\/conacyt-vivienda-3jpeg-768x396.jpeg 768w, https:\/\/www.ip.gov.py\/ip\/wp-content\/uploads\/2017\/11\/conacyt-vivienda-3jpeg-696x359.jpeg 696w, https:\/\/www.ip.gov.py\/ip\/wp-content\/uploads\/2017\/11\/conacyt-vivienda-3jpeg-815x420.jpeg 815w, https:\/\/www.ip.gov.py\/ip\/wp-content\/uploads\/2017\/11\/conacyt-vivienda-3jpeg.jpeg 929w\" sizes=\"auto, (max-width: 464px) 100vw, 464px\" \/><figcaption id=\"caption-attachment-193457\" class=\"wp-caption-text\">Gentileza<\/figcaption><\/figure>\n<p style=\"text-align: justify;\">El proyecto parti\u00f3 de la necesidad expresa de la Federaci\u00f3n de la regi\u00f3n oriental del pa\u00eds; tiene adem\u00e1s la peculiaridad de poder beneficiar a otros pueblos ind\u00edgenas de Paraguay por contener una concepci\u00f3n socio cultural y ambiental adaptable a otros pueblos.<\/p>\n<p style=\"text-align: justify;\">Se espera que esta investigaci\u00f3n se constituya en un punto de partida para la formulaci\u00f3n de m\u00e1s investigaciones participativas e interculturales que permitan abordar otros aspectos sobre las necesidades habitacionales de los pueblos ind\u00edgenas.<\/p>\n<p style=\"text-align: justify;\">Los responsables del proyecto destacan el hecho de haber logrado por primera vez en el pa\u00eds una herramienta metodol\u00f3gica y cient\u00edfica aplicada para su inserci\u00f3n en las pol\u00edticas p\u00fablicas del Estado en un \u00e1mbito tan sensible para la sobrevivencia digna de los pueblos ind\u00edgenas en materia de calidad de vida saludable y sostenida de salud humana y no regresi\u00f3n demogr\u00e1fica.<\/p>\n<p style=\"text-align: justify;\">Con esta propuesta las instituciones colocar\u00edan este reclamo ind\u00edgena guaran\u00ed en la aplicaci\u00f3n de sus pol\u00edticas p\u00fablicas en materia de habitabilidad\/vivienda, digna, saludable, sustentable y de no regresi\u00f3n demogr\u00e1fica por razones de calidad de vida y salud humana.<\/p>\n","protected":false},"excerpt":{"rendered":"<p>Asunci\u00f3n, IP.- El proyecto \u201cRescate de la arquitectura vern\u00e1cula Guaran\u00ed para el desarrollo de propuestas sustentables\u00bb, impulsado por el programa Prociencia del Consejo Nacional de Ciencia y Tecnolog\u00eda (Conacyt), busca idear prototipos habitacionales coherentes con la cultura ind\u00edgena y el medio ambiente, y que las mismas puedan llegar a ser incluidas\u00a0en las pol\u00edticas p\u00fablicas del [&hellip;]<\/p>\n","protected":false},"author":1,"featured_media":193441,"comment_status":"closed","ping_status":"closed","sticky":false,"template":"","format":"standard","meta":{"_monsterinsights_skip_tracking":false,"_monsterinsights_sitenote_active":false,"_monsterinsights_sitenote_note":"","_monsterinsights_sitenote_category":0,"footnotes":""},"categories":[4],"tags":[1105,113,2357],"class_list":{"0":"post-193435","1":"post","2":"type-post","3":"status-publish","4":"format-standard","5":"has-post-thumbnail","7":"category-nacionales","8":"tag-conacyt","9":"tag-indigenas","10":"tag-proyecto-habitacional"},"yoast_head":"<!-- This site is optimized with the Yoast SEO plugin v27.5 - https:\/\/yoast.com\/product\/yoast-seo-wordpress\/ -->\n<title>Estudio sobre viviendas ind\u00edgenas plantea desaf\u00edos a pol\u00edtica p\u00fablica habitacional - .::Agencia IP::.<\/title>\n<meta name=\"robots\" content=\"index, follow, max-snippet:-1, max-image-preview:large, max-video-preview:-1\" \/>\n<link rel=\"canonical\" href=\"https:\/\/www.ip.gov.py\/ip\/2017\/11\/06\/investigacion-sobre-viviendas-para-indigenas-podra-ser-incluida-en-las-politicas-publicas\/\" \/>\n<meta property=\"og:locale\" content=\"es_ES\" \/>\n<meta property=\"og:type\" content=\"article\" \/>\n<meta property=\"og:title\" content=\"Estudio sobre viviendas ind\u00edgenas plantea desaf\u00edos a pol\u00edtica p\u00fablica habitacional - .::Agencia IP::.\" \/>\n<meta property=\"og:description\" content=\"Asunci\u00f3n, IP.- El proyecto \u201cRescate de la arquitectura vern\u00e1cula Guaran\u00ed para el desarrollo de propuestas sustentables\u00bb, impulsado por el programa Prociencia del Consejo Nacional de Ciencia y Tecnolog\u00eda (Conacyt), busca idear prototipos habitacionales coherentes con la cultura ind\u00edgena y el medio ambiente, y que las mismas puedan llegar a ser incluidas\u00a0en las pol\u00edticas p\u00fablicas del [&hellip;]\" \/>\n<meta property=\"og:url\" content=\"https:\/\/www.ip.gov.py\/ip\/2017\/11\/06\/investigacion-sobre-viviendas-para-indigenas-podra-ser-incluida-en-las-politicas-publicas\/\" \/>\n<meta property=\"og:site_name\" content=\".::Agencia IP::.\" \/>\n<meta property=\"article:publisher\" content=\"https:\/\/www.facebook.com\/IPParaguay\/\" \/>\n<meta property=\"article:published_time\" content=\"2017-11-06T16:59:05+00:00\" \/>\n<meta property=\"og:image\" content=\"https:\/\/www.ip.gov.py\/ip\/wp-content\/uploads\/2017\/11\/conacyt-vivienda-1-jpeg.jpeg\" \/>\n\t<meta property=\"og:image:width\" content=\"463\" \/>\n\t<meta property=\"og:image:height\" content=\"281\" \/>\n\t<meta property=\"og:image:type\" content=\"image\/jpeg\" \/>\n<meta name=\"author\" content=\"@dm1n\" \/>\n<meta name=\"twitter:card\" content=\"summary_large_image\" \/>\n<meta name=\"twitter:creator\" content=\"@IPParaguay\" \/>\n<meta name=\"twitter:site\" content=\"@IPParaguay\" \/>\n<meta name=\"twitter:label1\" content=\"Escrito por\" \/>\n\t<meta name=\"twitter:data1\" content=\"@dm1n\" \/>\n\t<meta name=\"twitter:label2\" content=\"Tiempo de lectura\" \/>\n\t<meta name=\"twitter:data2\" content=\"4 minutos\" \/>\n<script type=\"application\/ld+json\" class=\"yoast-schema-graph\">{\"@context\":\"https:\\\/\\\/schema.org\",\"@graph\":[{\"@type\":\"Article\",\"@id\":\"https:\\\/\\\/www.ip.gov.py\\\/ip\\\/2017\\\/11\\\/06\\\/investigacion-sobre-viviendas-para-indigenas-podra-ser-incluida-en-las-politicas-publicas\\\/#article\",\"isPartOf\":{\"@id\":\"https:\\\/\\\/www.ip.gov.py\\\/ip\\\/2017\\\/11\\\/06\\\/investigacion-sobre-viviendas-para-indigenas-podra-ser-incluida-en-las-politicas-publicas\\\/\"},\"author\":{\"name\":\"@dm1n\",\"@id\":\"https:\\\/\\\/www.ip.gov.py\\\/ip\\\/#\\\/schema\\\/person\\\/a1d87c4a65d7fd4ede9132995e2576d7\"},\"headline\":\"Estudio sobre viviendas ind\u00edgenas plantea desaf\u00edos a pol\u00edtica p\u00fablica habitacional\",\"datePublished\":\"2017-11-06T16:59:05+00:00\",\"mainEntityOfPage\":{\"@id\":\"https:\\\/\\\/www.ip.gov.py\\\/ip\\\/2017\\\/11\\\/06\\\/investigacion-sobre-viviendas-para-indigenas-podra-ser-incluida-en-las-politicas-publicas\\\/\"},\"wordCount\":736,\"publisher\":{\"@id\":\"https:\\\/\\\/www.ip.gov.py\\\/ip\\\/#organization\"},\"image\":{\"@id\":\"https:\\\/\\\/www.ip.gov.py\\\/ip\\\/2017\\\/11\\\/06\\\/investigacion-sobre-viviendas-para-indigenas-podra-ser-incluida-en-las-politicas-publicas\\\/#primaryimage\"},\"thumbnailUrl\":\"https:\\\/\\\/www.ip.gov.py\\\/ip\\\/wp-content\\\/uploads\\\/2017\\\/11\\\/conacyt-vivienda-1-jpeg.jpeg\",\"keywords\":[\"Conacyt\",\"Ind\u00edgenas\",\"Proyecto Habitacional\"],\"articleSection\":[\"Nacionales\"],\"inLanguage\":\"es\"},{\"@type\":\"WebPage\",\"@id\":\"https:\\\/\\\/www.ip.gov.py\\\/ip\\\/2017\\\/11\\\/06\\\/investigacion-sobre-viviendas-para-indigenas-podra-ser-incluida-en-las-politicas-publicas\\\/\",\"url\":\"https:\\\/\\\/www.ip.gov.py\\\/ip\\\/2017\\\/11\\\/06\\\/investigacion-sobre-viviendas-para-indigenas-podra-ser-incluida-en-las-politicas-publicas\\\/\",\"name\":\"Estudio sobre viviendas ind\u00edgenas plantea desaf\u00edos a pol\u00edtica p\u00fablica habitacional - .::Agencia IP::.\",\"isPartOf\":{\"@id\":\"https:\\\/\\\/www.ip.gov.py\\\/ip\\\/#website\"},\"primaryImageOfPage\":{\"@id\":\"https:\\\/\\\/www.ip.gov.py\\\/ip\\\/2017\\\/11\\\/06\\\/investigacion-sobre-viviendas-para-indigenas-podra-ser-incluida-en-las-politicas-publicas\\\/#primaryimage\"},\"image\":{\"@id\":\"https:\\\/\\\/www.ip.gov.py\\\/ip\\\/2017\\\/11\\\/06\\\/investigacion-sobre-viviendas-para-indigenas-podra-ser-incluida-en-las-politicas-publicas\\\/#primaryimage\"},\"thumbnailUrl\":\"https:\\\/\\\/www.ip.gov.py\\\/ip\\\/wp-content\\\/uploads\\\/2017\\\/11\\\/conacyt-vivienda-1-jpeg.jpeg\",\"datePublished\":\"2017-11-06T16:59:05+00:00\",\"breadcrumb\":{\"@id\":\"https:\\\/\\\/www.ip.gov.py\\\/ip\\\/2017\\\/11\\\/06\\\/investigacion-sobre-viviendas-para-indigenas-podra-ser-incluida-en-las-politicas-publicas\\\/#breadcrumb\"},\"inLanguage\":\"es\",\"potentialAction\":[{\"@type\":\"ReadAction\",\"target\":[\"https:\\\/\\\/www.ip.gov.py\\\/ip\\\/2017\\\/11\\\/06\\\/investigacion-sobre-viviendas-para-indigenas-podra-ser-incluida-en-las-politicas-publicas\\\/\"]}]},{\"@type\":\"ImageObject\",\"inLanguage\":\"es\",\"@id\":\"https:\\\/\\\/www.ip.gov.py\\\/ip\\\/2017\\\/11\\\/06\\\/investigacion-sobre-viviendas-para-indigenas-podra-ser-incluida-en-las-politicas-publicas\\\/#primaryimage\",\"url\":\"https:\\\/\\\/www.ip.gov.py\\\/ip\\\/wp-content\\\/uploads\\\/2017\\\/11\\\/conacyt-vivienda-1-jpeg.jpeg\",\"contentUrl\":\"https:\\\/\\\/www.ip.gov.py\\\/ip\\\/wp-content\\\/uploads\\\/2017\\\/11\\\/conacyt-vivienda-1-jpeg.jpeg\",\"width\":463,\"height\":281,\"caption\":\"El proyecto busca que las familias ind\u00edgenas no pierdan su identidad, con viviendas que no propias de su cultura Foto: gentileza\"},{\"@type\":\"BreadcrumbList\",\"@id\":\"https:\\\/\\\/www.ip.gov.py\\\/ip\\\/2017\\\/11\\\/06\\\/investigacion-sobre-viviendas-para-indigenas-podra-ser-incluida-en-las-politicas-publicas\\\/#breadcrumb\",\"itemListElement\":[{\"@type\":\"ListItem\",\"position\":1,\"name\":\"Portada\",\"item\":\"https:\\\/\\\/www.ip.gov.py\\\/ip\\\/\"},{\"@type\":\"ListItem\",\"position\":2,\"name\":\"Estudio sobre viviendas ind\u00edgenas plantea desaf\u00edos a pol\u00edtica p\u00fablica habitacional\"}]},{\"@type\":\"WebSite\",\"@id\":\"https:\\\/\\\/www.ip.gov.py\\\/ip\\\/#website\",\"url\":\"https:\\\/\\\/www.ip.gov.py\\\/ip\\\/\",\"name\":\".::Agencia IP::.\",\"description\":\"\",\"publisher\":{\"@id\":\"https:\\\/\\\/www.ip.gov.py\\\/ip\\\/#organization\"},\"potentialAction\":[{\"@type\":\"SearchAction\",\"target\":{\"@type\":\"EntryPoint\",\"urlTemplate\":\"https:\\\/\\\/www.ip.gov.py\\\/ip\\\/?s={search_term_string}\"},\"query-input\":{\"@type\":\"PropertyValueSpecification\",\"valueRequired\":true,\"valueName\":\"search_term_string\"}}],\"inLanguage\":\"es\"},{\"@type\":\"Organization\",\"@id\":\"https:\\\/\\\/www.ip.gov.py\\\/ip\\\/#organization\",\"name\":\"Agencia IP\",\"url\":\"https:\\\/\\\/www.ip.gov.py\\\/ip\\\/\",\"logo\":{\"@type\":\"ImageObject\",\"inLanguage\":\"es\",\"@id\":\"https:\\\/\\\/www.ip.gov.py\\\/ip\\\/#\\\/schema\\\/logo\\\/image\\\/\",\"url\":\"https:\\\/\\\/www.ip.gov.py\\\/ip\\\/wp-content\\\/uploads\\\/2018\\\/01\\\/Agencia-IP.jpg\",\"contentUrl\":\"https:\\\/\\\/www.ip.gov.py\\\/ip\\\/wp-content\\\/uploads\\\/2018\\\/01\\\/Agencia-IP.jpg\",\"width\":150,\"height\":150,\"caption\":\"Agencia IP\"},\"image\":{\"@id\":\"https:\\\/\\\/www.ip.gov.py\\\/ip\\\/#\\\/schema\\\/logo\\\/image\\\/\"},\"sameAs\":[\"https:\\\/\\\/www.facebook.com\\\/IPParaguay\\\/\",\"https:\\\/\\\/x.com\\\/IPParaguay\",\"https:\\\/\\\/www.instagram.com\\\/IPParaguay\"]},{\"@type\":\"Person\",\"@id\":\"https:\\\/\\\/www.ip.gov.py\\\/ip\\\/#\\\/schema\\\/person\\\/a1d87c4a65d7fd4ede9132995e2576d7\",\"name\":\"@dm1n\",\"url\":\"https:\\\/\\\/www.ip.gov.py\\\/ip\\\/author\\\/dm1n\\\/\"}]}<\/script>\n<!-- \/ Yoast SEO plugin. -->","yoast_head_json":{"title":"Estudio sobre viviendas ind\u00edgenas plantea desaf\u00edos a pol\u00edtica p\u00fablica habitacional - .::Agencia IP::.","robots":{"index":"index","follow":"follow","max-snippet":"max-snippet:-1","max-image-preview":"max-image-preview:large","max-video-preview":"max-video-preview:-1"},"canonical":"https:\/\/www.ip.gov.py\/ip\/2017\/11\/06\/investigacion-sobre-viviendas-para-indigenas-podra-ser-incluida-en-las-politicas-publicas\/","og_locale":"es_ES","og_type":"article","og_title":"Estudio sobre viviendas ind\u00edgenas plantea desaf\u00edos a pol\u00edtica p\u00fablica habitacional - .::Agencia IP::.","og_description":"Asunci\u00f3n, IP.- El proyecto \u201cRescate de la arquitectura vern\u00e1cula Guaran\u00ed para el desarrollo de propuestas sustentables\u00bb, impulsado por el programa Prociencia del Consejo Nacional de Ciencia y Tecnolog\u00eda (Conacyt), busca idear prototipos habitacionales coherentes con la cultura ind\u00edgena y el medio ambiente, y que las mismas puedan llegar a ser incluidas\u00a0en las pol\u00edticas p\u00fablicas del [&hellip;]","og_url":"https:\/\/www.ip.gov.py\/ip\/2017\/11\/06\/investigacion-sobre-viviendas-para-indigenas-podra-ser-incluida-en-las-politicas-publicas\/","og_site_name":".::Agencia IP::.","article_publisher":"https:\/\/www.facebook.com\/IPParaguay\/","article_published_time":"2017-11-06T16:59:05+00:00","og_image":[{"width":463,"height":281,"url":"https:\/\/www.ip.gov.py\/ip\/wp-content\/uploads\/2017\/11\/conacyt-vivienda-1-jpeg.jpeg","type":"image\/jpeg"}],"author":"@dm1n","twitter_card":"summary_large_image","twitter_creator":"@IPParaguay","twitter_site":"@IPParaguay","twitter_misc":{"Escrito por":"@dm1n","Tiempo de lectura":"4 minutos"},"schema":{"@context":"https:\/\/schema.org","@graph":[{"@type":"Article","@id":"https:\/\/www.ip.gov.py\/ip\/2017\/11\/06\/investigacion-sobre-viviendas-para-indigenas-podra-ser-incluida-en-las-politicas-publicas\/#article","isPartOf":{"@id":"https:\/\/www.ip.gov.py\/ip\/2017\/11\/06\/investigacion-sobre-viviendas-para-indigenas-podra-ser-incluida-en-las-politicas-publicas\/"},"author":{"name":"@dm1n","@id":"https:\/\/www.ip.gov.py\/ip\/#\/schema\/person\/a1d87c4a65d7fd4ede9132995e2576d7"},"headline":"Estudio sobre viviendas ind\u00edgenas plantea desaf\u00edos a pol\u00edtica p\u00fablica habitacional","datePublished":"2017-11-06T16:59:05+00:00","mainEntityOfPage":{"@id":"https:\/\/www.ip.gov.py\/ip\/2017\/11\/06\/investigacion-sobre-viviendas-para-indigenas-podra-ser-incluida-en-las-politicas-publicas\/"},"wordCount":736,"publisher":{"@id":"https:\/\/www.ip.gov.py\/ip\/#organization"},"image":{"@id":"https:\/\/www.ip.gov.py\/ip\/2017\/11\/06\/investigacion-sobre-viviendas-para-indigenas-podra-ser-incluida-en-las-politicas-publicas\/#primaryimage"},"thumbnailUrl":"https:\/\/www.ip.gov.py\/ip\/wp-content\/uploads\/2017\/11\/conacyt-vivienda-1-jpeg.jpeg","keywords":["Conacyt","Ind\u00edgenas","Proyecto Habitacional"],"articleSection":["Nacionales"],"inLanguage":"es"},{"@type":"WebPage","@id":"https:\/\/www.ip.gov.py\/ip\/2017\/11\/06\/investigacion-sobre-viviendas-para-indigenas-podra-ser-incluida-en-las-politicas-publicas\/","url":"https:\/\/www.ip.gov.py\/ip\/2017\/11\/06\/investigacion-sobre-viviendas-para-indigenas-podra-ser-incluida-en-las-politicas-publicas\/","name":"Estudio sobre viviendas ind\u00edgenas plantea desaf\u00edos a pol\u00edtica p\u00fablica habitacional - .::Agencia IP::.","isPartOf":{"@id":"https:\/\/www.ip.gov.py\/ip\/#website"},"primaryImageOfPage":{"@id":"https:\/\/www.ip.gov.py\/ip\/2017\/11\/06\/investigacion-sobre-viviendas-para-indigenas-podra-ser-incluida-en-las-politicas-publicas\/#primaryimage"},"image":{"@id":"https:\/\/www.ip.gov.py\/ip\/2017\/11\/06\/investigacion-sobre-viviendas-para-indigenas-podra-ser-incluida-en-las-politicas-publicas\/#primaryimage"},"thumbnailUrl":"https:\/\/www.ip.gov.py\/ip\/wp-content\/uploads\/2017\/11\/conacyt-vivienda-1-jpeg.jpeg","datePublished":"2017-11-06T16:59:05+00:00","breadcrumb":{"@id":"https:\/\/www.ip.gov.py\/ip\/2017\/11\/06\/investigacion-sobre-viviendas-para-indigenas-podra-ser-incluida-en-las-politicas-publicas\/#breadcrumb"},"inLanguage":"es","potentialAction":[{"@type":"ReadAction","target":["https:\/\/www.ip.gov.py\/ip\/2017\/11\/06\/investigacion-sobre-viviendas-para-indigenas-podra-ser-incluida-en-las-politicas-publicas\/"]}]},{"@type":"ImageObject","inLanguage":"es","@id":"https:\/\/www.ip.gov.py\/ip\/2017\/11\/06\/investigacion-sobre-viviendas-para-indigenas-podra-ser-incluida-en-las-politicas-publicas\/#primaryimage","url":"https:\/\/www.ip.gov.py\/ip\/wp-content\/uploads\/2017\/11\/conacyt-vivienda-1-jpeg.jpeg","contentUrl":"https:\/\/www.ip.gov.py\/ip\/wp-content\/uploads\/2017\/11\/conacyt-vivienda-1-jpeg.jpeg","width":463,"height":281,"caption":"El proyecto busca que las familias ind\u00edgenas no pierdan su identidad, con viviendas que no propias de su cultura Foto: gentileza"},{"@type":"BreadcrumbList","@id":"https:\/\/www.ip.gov.py\/ip\/2017\/11\/06\/investigacion-sobre-viviendas-para-indigenas-podra-ser-incluida-en-las-politicas-publicas\/#breadcrumb","itemListElement":[{"@type":"ListItem","position":1,"name":"Portada","item":"https:\/\/www.ip.gov.py\/ip\/"},{"@type":"ListItem","position":2,"name":"Estudio sobre viviendas ind\u00edgenas plantea desaf\u00edos a pol\u00edtica p\u00fablica habitacional"}]},{"@type":"WebSite","@id":"https:\/\/www.ip.gov.py\/ip\/#website","url":"https:\/\/www.ip.gov.py\/ip\/","name":".::Agencia IP::.","description":"","publisher":{"@id":"https:\/\/www.ip.gov.py\/ip\/#organization"},"potentialAction":[{"@type":"SearchAction","target":{"@type":"EntryPoint","urlTemplate":"https:\/\/www.ip.gov.py\/ip\/?s={search_term_string}"},"query-input":{"@type":"PropertyValueSpecification","valueRequired":true,"valueName":"search_term_string"}}],"inLanguage":"es"},{"@type":"Organization","@id":"https:\/\/www.ip.gov.py\/ip\/#organization","name":"Agencia IP","url":"https:\/\/www.ip.gov.py\/ip\/","logo":{"@type":"ImageObject","inLanguage":"es","@id":"https:\/\/www.ip.gov.py\/ip\/#\/schema\/logo\/image\/","url":"https:\/\/www.ip.gov.py\/ip\/wp-content\/uploads\/2018\/01\/Agencia-IP.jpg","contentUrl":"https:\/\/www.ip.gov.py\/ip\/wp-content\/uploads\/2018\/01\/Agencia-IP.jpg","width":150,"height":150,"caption":"Agencia IP"},"image":{"@id":"https:\/\/www.ip.gov.py\/ip\/#\/schema\/logo\/image\/"},"sameAs":["https:\/\/www.facebook.com\/IPParaguay\/","https:\/\/x.com\/IPParaguay","https:\/\/www.instagram.com\/IPParaguay"]},{"@type":"Person","@id":"https:\/\/www.ip.gov.py\/ip\/#\/schema\/person\/a1d87c4a65d7fd4ede9132995e2576d7","name":"@dm1n","url":"https:\/\/www.ip.gov.py\/ip\/author\/dm1n\/"}]}},"_links":{"self":[{"href":"https:\/\/www.ip.gov.py\/ip\/wp-json\/wp\/v2\/posts\/193435","targetHints":{"allow":["GET"]}}],"collection":[{"href":"https:\/\/www.ip.gov.py\/ip\/wp-json\/wp\/v2\/posts"}],"about":[{"href":"https:\/\/www.ip.gov.py\/ip\/wp-json\/wp\/v2\/types\/post"}],"author":[{"embeddable":true,"href":"https:\/\/www.ip.gov.py\/ip\/wp-json\/wp\/v2\/users\/1"}],"replies":[{"embeddable":true,"href":"https:\/\/www.ip.gov.py\/ip\/wp-json\/wp\/v2\/comments?post=193435"}],"version-history":[{"count":0,"href":"https:\/\/www.ip.gov.py\/ip\/wp-json\/wp\/v2\/posts\/193435\/revisions"}],"wp:featuredmedia":[{"embeddable":true,"href":"https:\/\/www.ip.gov.py\/ip\/wp-json\/wp\/v2\/media\/193441"}],"wp:attachment":[{"href":"https:\/\/www.ip.gov.py\/ip\/wp-json\/wp\/v2\/media?parent=193435"}],"wp:term":[{"taxonomy":"category","embeddable":true,"href":"https:\/\/www.ip.gov.py\/ip\/wp-json\/wp\/v2\/categories?post=193435"},{"taxonomy":"post_tag","embeddable":true,"href":"https:\/\/www.ip.gov.py\/ip\/wp-json\/wp\/v2\/tags?post=193435"}],"curies":[{"name":"wp","href":"https:\/\/api.w.org\/{rel}","templated":true}]}}