{"id":194334,"date":"2017-11-10T18:57:35","date_gmt":"2017-11-10T21:57:35","guid":{"rendered":"http:\/\/desarrollo.ip.gov.py\/ip\/?p=194334"},"modified":"2017-11-10T18:57:35","modified_gmt":"2017-11-10T21:57:35","slug":"periodistas-y-agentes-de-viajes-europeos-realizaran-tour-por-atractivos-turisticos-del-pais","status":"publish","type":"post","link":"https:\/\/www.ip.gov.py\/ip\/2017\/11\/10\/periodistas-y-agentes-de-viajes-europeos-realizaran-tour-por-atractivos-turisticos-del-pais\/","title":{"rendered":"Periodistas y agentes de viajes europeos recorrer\u00e1n atractivos tur\u00edsticos del pa\u00eds"},"content":{"rendered":"<p style=\"text-align: justify;\"><strong><em>Asunci\u00f3n, IP.- <\/em><\/strong>Periodistas y agentes de viajes de Alemania e Italia har\u00e1n un tour de familiarizaci\u00f3n (fam press) por diferentes circuitos tur\u00edsticos, naturales, culturales y gastron\u00f3micos que ofrece el pa\u00eds.<!--more--><\/p>\n<p style=\"text-align: justify;\">La visita se da con el objetivo de posicionar al Paraguay como un destino de inter\u00e9s para los turistas de ambos pa\u00edses, que recorrer\u00e1n el pa\u00eds del 11 al 16 de noviembre. La delegaci\u00f3n est\u00e1 integrada por periodistas de la Deutsche Welle, medio conocido como la voz multimedia de Alemania, el canal ZDF, la agencia de viajes Der Touristik GmbH, la revista Dove de Italia.<\/p>\n<p style=\"text-align: justify;\">La nueva comitiva de periodistas y agentes de viajes se suma al contingente de periodistas espa\u00f1oles que se encuentra realizando un recorrido por diversos destinos tur\u00edsticos del Paraguay, desde el 4 de noviembre pasado.<\/p>\n<p style=\"text-align: justify;\">Su presencia es una iniciativa de la Secretar\u00eda Nacional de Turismo (Senatur), la Secretar\u00eda de Informaci\u00f3n y Comunicaci\u00f3n (Sicom), las embajadas de Alemania e Italia, y la Entidad\u00a0 Binacional Itaip\u00fa.<\/p>\n<p style=\"text-align: justify;\">La primera actividad para los invitados ser\u00e1 un City Tour por la ciudad de Asunci\u00f3n, donde podr\u00e1n conocer la historia, los edificios emblem\u00e1ticos y la artesan\u00eda,.<\/p>\n<p style=\"text-align: justify;\">Posteriormente se trasladar\u00e1n al departamento de Alto Paran\u00e1, visitando en Hernandarias la entidad Itaip\u00fa Binacional y su museo de la Tierra Guaran\u00ed; en Presidente Franco,\u00a0 el Monumento Cient\u00edfico Mois\u00e9s Bertoni y los Saltos del Monday y en Ciudad del Este el Museo 3 D del Shopping Paris y otros locales comerciales para compras.<\/p>\n<p style=\"text-align: justify;\">El martes 14 llegar\u00e1n al departamento de Itap\u00faa donde conocer\u00e1n el Ka\u00b4a Rape, recorriendo Mate R\u00f3ga y la Yerbatera Selecta en Bella Vista. Adem\u00e1s, en Encarnaci\u00f3n visitar\u00e1n los Patrimonios Unesco de la Humanidad, las misiones jesu\u00edticas de Jes\u00fas de Tavarang\u00fce y Trinidad del Paran\u00e1.<\/p>\n<p style=\"text-align: justify;\">La comitiva finalizar\u00e1 su recorrido en Paraguay conociendo parte del Camino Franciscano en la ciudad de Yaguar\u00f3n, para luego trasladarse a la ciudad de Piray\u00fa, con un guiado a cargo del grupo Turismo Joven de la localidad.<\/p>\n<p style=\"text-align: justify;\"><strong>Presencia de las delegaciones<\/strong><\/p>\n<p style=\"text-align: justify;\">La llegada de representantes del sector de comunicaciones y turismo de Alemania se asocia a la destacada presencia que tuvo nuestro pa\u00eds en la mayor feria l\u00edder de la industria tur\u00edstica mundial Bolsa Internacional de Turismo (ITB) realizada en la ciudad de Berl\u00edn en marzo pasado; donde la ministra Marcela Bacigalupo present\u00f3 el destino Paraguay en una actividad denominada \u201cDesayuno guaran\u00ed\u201d.<\/p>\n<p style=\"text-align: justify;\">Por otra parte, la presencia italiana da continuidad a una anterior visita de operadores tur\u00edsticos italianos que llegaron a Paraguay con el fin de promover el Turismo Religioso y de Naturaleza. Como parte de las gestiones que realiz\u00f3 la Senatur en lo relacionado al Turismo Religioso est\u00e1 la inclusi\u00f3n de nuestro pa\u00eds en el cat\u00e1logo de la operadora mayorista de turismo del Vaticano,\u00a0 Opera Romana Pellegrinaggi.<\/p>\n","protected":false},"excerpt":{"rendered":"<p>Asunci\u00f3n, IP.- Periodistas y agentes de viajes de Alemania e Italia har\u00e1n un tour de familiarizaci\u00f3n (fam press) por diferentes circuitos tur\u00edsticos, naturales, culturales y gastron\u00f3micos que ofrece el pa\u00eds.<\/p>\n","protected":false},"author":1,"featured_media":194335,"comment_status":"closed","ping_status":"closed","sticky":false,"template":"","format":"standard","meta":{"_monsterinsights_skip_tracking":false,"_monsterinsights_sitenote_active":false,"_monsterinsights_sitenote_note":"","_monsterinsights_sitenote_category":0,"footnotes":""},"categories":[4],"tags":[111,1984],"class_list":{"0":"post-194334","1":"post","2":"type-post","3":"status-publish","4":"format-standard","5":"has-post-thumbnail","7":"category-nacionales","8":"tag-senatur","9":"tag-tour"},"yoast_head":"<!-- This site is optimized with the Yoast SEO plugin v27.5 - https:\/\/yoast.com\/product\/yoast-seo-wordpress\/ -->\n<title>Periodistas y agentes de viajes europeos recorrer\u00e1n atractivos tur\u00edsticos del pa\u00eds - .::Agencia IP::.<\/title>\n<meta name=\"robots\" content=\"index, follow, max-snippet:-1, max-image-preview:large, max-video-preview:-1\" \/>\n<link rel=\"canonical\" href=\"https:\/\/www.ip.gov.py\/ip\/2017\/11\/10\/periodistas-y-agentes-de-viajes-europeos-realizaran-tour-por-atractivos-turisticos-del-pais\/\" \/>\n<meta property=\"og:locale\" content=\"es_ES\" \/>\n<meta property=\"og:type\" content=\"article\" \/>\n<meta property=\"og:title\" content=\"Periodistas y agentes de viajes europeos recorrer\u00e1n atractivos tur\u00edsticos del pa\u00eds - .::Agencia IP::.\" \/>\n<meta property=\"og:description\" content=\"Asunci\u00f3n, IP.- Periodistas y agentes de viajes de Alemania e Italia har\u00e1n un tour de familiarizaci\u00f3n (fam press) por diferentes circuitos tur\u00edsticos, naturales, culturales y gastron\u00f3micos que ofrece el pa\u00eds.\" \/>\n<meta property=\"og:url\" content=\"https:\/\/www.ip.gov.py\/ip\/2017\/11\/10\/periodistas-y-agentes-de-viajes-europeos-realizaran-tour-por-atractivos-turisticos-del-pais\/\" \/>\n<meta property=\"og:site_name\" content=\".::Agencia IP::.\" \/>\n<meta property=\"article:publisher\" content=\"https:\/\/www.facebook.com\/IPParaguay\/\" \/>\n<meta property=\"article:published_time\" content=\"2017-11-10T21:57:35+00:00\" \/>\n<meta property=\"og:image\" content=\"https:\/\/www.ip.gov.py\/ip\/wp-content\/uploads\/2017\/11\/ruinas-jesuiticas.jpg\" \/>\n\t<meta property=\"og:image:width\" content=\"1200\" \/>\n\t<meta property=\"og:image:height\" content=\"800\" \/>\n\t<meta property=\"og:image:type\" content=\"image\/jpeg\" \/>\n<meta name=\"author\" content=\"@dm1n\" \/>\n<meta name=\"twitter:card\" content=\"summary_large_image\" \/>\n<meta name=\"twitter:creator\" content=\"@IPParaguay\" \/>\n<meta name=\"twitter:site\" content=\"@IPParaguay\" \/>\n<meta name=\"twitter:label1\" content=\"Escrito por\" \/>\n\t<meta name=\"twitter:data1\" content=\"@dm1n\" \/>\n\t<meta name=\"twitter:label2\" content=\"Tiempo de lectura\" \/>\n\t<meta name=\"twitter:data2\" content=\"2 minutos\" \/>\n<script type=\"application\/ld+json\" class=\"yoast-schema-graph\">{\"@context\":\"https:\\\/\\\/schema.org\",\"@graph\":[{\"@type\":\"Article\",\"@id\":\"https:\\\/\\\/www.ip.gov.py\\\/ip\\\/2017\\\/11\\\/10\\\/periodistas-y-agentes-de-viajes-europeos-realizaran-tour-por-atractivos-turisticos-del-pais\\\/#article\",\"isPartOf\":{\"@id\":\"https:\\\/\\\/www.ip.gov.py\\\/ip\\\/2017\\\/11\\\/10\\\/periodistas-y-agentes-de-viajes-europeos-realizaran-tour-por-atractivos-turisticos-del-pais\\\/\"},\"author\":{\"name\":\"@dm1n\",\"@id\":\"https:\\\/\\\/www.ip.gov.py\\\/ip\\\/#\\\/schema\\\/person\\\/a1d87c4a65d7fd4ede9132995e2576d7\"},\"headline\":\"Periodistas y agentes de viajes europeos recorrer\u00e1n atractivos tur\u00edsticos del pa\u00eds\",\"datePublished\":\"2017-11-10T21:57:35+00:00\",\"mainEntityOfPage\":{\"@id\":\"https:\\\/\\\/www.ip.gov.py\\\/ip\\\/2017\\\/11\\\/10\\\/periodistas-y-agentes-de-viajes-europeos-realizaran-tour-por-atractivos-turisticos-del-pais\\\/\"},\"wordCount\":504,\"publisher\":{\"@id\":\"https:\\\/\\\/www.ip.gov.py\\\/ip\\\/#organization\"},\"image\":{\"@id\":\"https:\\\/\\\/www.ip.gov.py\\\/ip\\\/2017\\\/11\\\/10\\\/periodistas-y-agentes-de-viajes-europeos-realizaran-tour-por-atractivos-turisticos-del-pais\\\/#primaryimage\"},\"thumbnailUrl\":\"https:\\\/\\\/www.ip.gov.py\\\/ip\\\/wp-content\\\/uploads\\\/2017\\\/11\\\/ruinas-jesuiticas.jpg\",\"keywords\":[\"Senatur\",\"Tour\"],\"articleSection\":[\"Nacionales\"],\"inLanguage\":\"es\"},{\"@type\":\"WebPage\",\"@id\":\"https:\\\/\\\/www.ip.gov.py\\\/ip\\\/2017\\\/11\\\/10\\\/periodistas-y-agentes-de-viajes-europeos-realizaran-tour-por-atractivos-turisticos-del-pais\\\/\",\"url\":\"https:\\\/\\\/www.ip.gov.py\\\/ip\\\/2017\\\/11\\\/10\\\/periodistas-y-agentes-de-viajes-europeos-realizaran-tour-por-atractivos-turisticos-del-pais\\\/\",\"name\":\"Periodistas y agentes de viajes europeos recorrer\u00e1n atractivos tur\u00edsticos del pa\u00eds - .::Agencia IP::.\",\"isPartOf\":{\"@id\":\"https:\\\/\\\/www.ip.gov.py\\\/ip\\\/#website\"},\"primaryImageOfPage\":{\"@id\":\"https:\\\/\\\/www.ip.gov.py\\\/ip\\\/2017\\\/11\\\/10\\\/periodistas-y-agentes-de-viajes-europeos-realizaran-tour-por-atractivos-turisticos-del-pais\\\/#primaryimage\"},\"image\":{\"@id\":\"https:\\\/\\\/www.ip.gov.py\\\/ip\\\/2017\\\/11\\\/10\\\/periodistas-y-agentes-de-viajes-europeos-realizaran-tour-por-atractivos-turisticos-del-pais\\\/#primaryimage\"},\"thumbnailUrl\":\"https:\\\/\\\/www.ip.gov.py\\\/ip\\\/wp-content\\\/uploads\\\/2017\\\/11\\\/ruinas-jesuiticas.jpg\",\"datePublished\":\"2017-11-10T21:57:35+00:00\",\"breadcrumb\":{\"@id\":\"https:\\\/\\\/www.ip.gov.py\\\/ip\\\/2017\\\/11\\\/10\\\/periodistas-y-agentes-de-viajes-europeos-realizaran-tour-por-atractivos-turisticos-del-pais\\\/#breadcrumb\"},\"inLanguage\":\"es\",\"potentialAction\":[{\"@type\":\"ReadAction\",\"target\":[\"https:\\\/\\\/www.ip.gov.py\\\/ip\\\/2017\\\/11\\\/10\\\/periodistas-y-agentes-de-viajes-europeos-realizaran-tour-por-atractivos-turisticos-del-pais\\\/\"]}]},{\"@type\":\"ImageObject\",\"inLanguage\":\"es\",\"@id\":\"https:\\\/\\\/www.ip.gov.py\\\/ip\\\/2017\\\/11\\\/10\\\/periodistas-y-agentes-de-viajes-europeos-realizaran-tour-por-atractivos-turisticos-del-pais\\\/#primaryimage\",\"url\":\"https:\\\/\\\/www.ip.gov.py\\\/ip\\\/wp-content\\\/uploads\\\/2017\\\/11\\\/ruinas-jesuiticas.jpg\",\"contentUrl\":\"https:\\\/\\\/www.ip.gov.py\\\/ip\\\/wp-content\\\/uploads\\\/2017\\\/11\\\/ruinas-jesuiticas.jpg\",\"width\":1200,\"height\":800,\"caption\":\"Reducciones Jesu\u00edticas en el departamento de Itap\u00faa. Foto Senatur.\"},{\"@type\":\"BreadcrumbList\",\"@id\":\"https:\\\/\\\/www.ip.gov.py\\\/ip\\\/2017\\\/11\\\/10\\\/periodistas-y-agentes-de-viajes-europeos-realizaran-tour-por-atractivos-turisticos-del-pais\\\/#breadcrumb\",\"itemListElement\":[{\"@type\":\"ListItem\",\"position\":1,\"name\":\"Portada\",\"item\":\"https:\\\/\\\/www.ip.gov.py\\\/ip\\\/\"},{\"@type\":\"ListItem\",\"position\":2,\"name\":\"Periodistas y agentes de viajes europeos recorrer\u00e1n atractivos tur\u00edsticos del pa\u00eds\"}]},{\"@type\":\"WebSite\",\"@id\":\"https:\\\/\\\/www.ip.gov.py\\\/ip\\\/#website\",\"url\":\"https:\\\/\\\/www.ip.gov.py\\\/ip\\\/\",\"name\":\".::Agencia IP::.\",\"description\":\"\",\"publisher\":{\"@id\":\"https:\\\/\\\/www.ip.gov.py\\\/ip\\\/#organization\"},\"potentialAction\":[{\"@type\":\"SearchAction\",\"target\":{\"@type\":\"EntryPoint\",\"urlTemplate\":\"https:\\\/\\\/www.ip.gov.py\\\/ip\\\/?s={search_term_string}\"},\"query-input\":{\"@type\":\"PropertyValueSpecification\",\"valueRequired\":true,\"valueName\":\"search_term_string\"}}],\"inLanguage\":\"es\"},{\"@type\":\"Organization\",\"@id\":\"https:\\\/\\\/www.ip.gov.py\\\/ip\\\/#organization\",\"name\":\"Agencia IP\",\"url\":\"https:\\\/\\\/www.ip.gov.py\\\/ip\\\/\",\"logo\":{\"@type\":\"ImageObject\",\"inLanguage\":\"es\",\"@id\":\"https:\\\/\\\/www.ip.gov.py\\\/ip\\\/#\\\/schema\\\/logo\\\/image\\\/\",\"url\":\"https:\\\/\\\/www.ip.gov.py\\\/ip\\\/wp-content\\\/uploads\\\/2018\\\/01\\\/Agencia-IP.jpg\",\"contentUrl\":\"https:\\\/\\\/www.ip.gov.py\\\/ip\\\/wp-content\\\/uploads\\\/2018\\\/01\\\/Agencia-IP.jpg\",\"width\":150,\"height\":150,\"caption\":\"Agencia IP\"},\"image\":{\"@id\":\"https:\\\/\\\/www.ip.gov.py\\\/ip\\\/#\\\/schema\\\/logo\\\/image\\\/\"},\"sameAs\":[\"https:\\\/\\\/www.facebook.com\\\/IPParaguay\\\/\",\"https:\\\/\\\/x.com\\\/IPParaguay\",\"https:\\\/\\\/www.instagram.com\\\/IPParaguay\"]},{\"@type\":\"Person\",\"@id\":\"https:\\\/\\\/www.ip.gov.py\\\/ip\\\/#\\\/schema\\\/person\\\/a1d87c4a65d7fd4ede9132995e2576d7\",\"name\":\"@dm1n\",\"url\":\"https:\\\/\\\/www.ip.gov.py\\\/ip\\\/author\\\/dm1n\\\/\"}]}<\/script>\n<!-- \/ Yoast SEO plugin. -->","yoast_head_json":{"title":"Periodistas y agentes de viajes europeos recorrer\u00e1n atractivos tur\u00edsticos del pa\u00eds - .::Agencia IP::.","robots":{"index":"index","follow":"follow","max-snippet":"max-snippet:-1","max-image-preview":"max-image-preview:large","max-video-preview":"max-video-preview:-1"},"canonical":"https:\/\/www.ip.gov.py\/ip\/2017\/11\/10\/periodistas-y-agentes-de-viajes-europeos-realizaran-tour-por-atractivos-turisticos-del-pais\/","og_locale":"es_ES","og_type":"article","og_title":"Periodistas y agentes de viajes europeos recorrer\u00e1n atractivos tur\u00edsticos del pa\u00eds - .::Agencia IP::.","og_description":"Asunci\u00f3n, IP.- Periodistas y agentes de viajes de Alemania e Italia har\u00e1n un tour de familiarizaci\u00f3n (fam press) por diferentes circuitos tur\u00edsticos, naturales, culturales y gastron\u00f3micos que ofrece el pa\u00eds.","og_url":"https:\/\/www.ip.gov.py\/ip\/2017\/11\/10\/periodistas-y-agentes-de-viajes-europeos-realizaran-tour-por-atractivos-turisticos-del-pais\/","og_site_name":".::Agencia IP::.","article_publisher":"https:\/\/www.facebook.com\/IPParaguay\/","article_published_time":"2017-11-10T21:57:35+00:00","og_image":[{"width":1200,"height":800,"url":"https:\/\/www.ip.gov.py\/ip\/wp-content\/uploads\/2017\/11\/ruinas-jesuiticas.jpg","type":"image\/jpeg"}],"author":"@dm1n","twitter_card":"summary_large_image","twitter_creator":"@IPParaguay","twitter_site":"@IPParaguay","twitter_misc":{"Escrito por":"@dm1n","Tiempo de lectura":"2 minutos"},"schema":{"@context":"https:\/\/schema.org","@graph":[{"@type":"Article","@id":"https:\/\/www.ip.gov.py\/ip\/2017\/11\/10\/periodistas-y-agentes-de-viajes-europeos-realizaran-tour-por-atractivos-turisticos-del-pais\/#article","isPartOf":{"@id":"https:\/\/www.ip.gov.py\/ip\/2017\/11\/10\/periodistas-y-agentes-de-viajes-europeos-realizaran-tour-por-atractivos-turisticos-del-pais\/"},"author":{"name":"@dm1n","@id":"https:\/\/www.ip.gov.py\/ip\/#\/schema\/person\/a1d87c4a65d7fd4ede9132995e2576d7"},"headline":"Periodistas y agentes de viajes europeos recorrer\u00e1n atractivos tur\u00edsticos del pa\u00eds","datePublished":"2017-11-10T21:57:35+00:00","mainEntityOfPage":{"@id":"https:\/\/www.ip.gov.py\/ip\/2017\/11\/10\/periodistas-y-agentes-de-viajes-europeos-realizaran-tour-por-atractivos-turisticos-del-pais\/"},"wordCount":504,"publisher":{"@id":"https:\/\/www.ip.gov.py\/ip\/#organization"},"image":{"@id":"https:\/\/www.ip.gov.py\/ip\/2017\/11\/10\/periodistas-y-agentes-de-viajes-europeos-realizaran-tour-por-atractivos-turisticos-del-pais\/#primaryimage"},"thumbnailUrl":"https:\/\/www.ip.gov.py\/ip\/wp-content\/uploads\/2017\/11\/ruinas-jesuiticas.jpg","keywords":["Senatur","Tour"],"articleSection":["Nacionales"],"inLanguage":"es"},{"@type":"WebPage","@id":"https:\/\/www.ip.gov.py\/ip\/2017\/11\/10\/periodistas-y-agentes-de-viajes-europeos-realizaran-tour-por-atractivos-turisticos-del-pais\/","url":"https:\/\/www.ip.gov.py\/ip\/2017\/11\/10\/periodistas-y-agentes-de-viajes-europeos-realizaran-tour-por-atractivos-turisticos-del-pais\/","name":"Periodistas y agentes de viajes europeos recorrer\u00e1n atractivos tur\u00edsticos del pa\u00eds - .::Agencia IP::.","isPartOf":{"@id":"https:\/\/www.ip.gov.py\/ip\/#website"},"primaryImageOfPage":{"@id":"https:\/\/www.ip.gov.py\/ip\/2017\/11\/10\/periodistas-y-agentes-de-viajes-europeos-realizaran-tour-por-atractivos-turisticos-del-pais\/#primaryimage"},"image":{"@id":"https:\/\/www.ip.gov.py\/ip\/2017\/11\/10\/periodistas-y-agentes-de-viajes-europeos-realizaran-tour-por-atractivos-turisticos-del-pais\/#primaryimage"},"thumbnailUrl":"https:\/\/www.ip.gov.py\/ip\/wp-content\/uploads\/2017\/11\/ruinas-jesuiticas.jpg","datePublished":"2017-11-10T21:57:35+00:00","breadcrumb":{"@id":"https:\/\/www.ip.gov.py\/ip\/2017\/11\/10\/periodistas-y-agentes-de-viajes-europeos-realizaran-tour-por-atractivos-turisticos-del-pais\/#breadcrumb"},"inLanguage":"es","potentialAction":[{"@type":"ReadAction","target":["https:\/\/www.ip.gov.py\/ip\/2017\/11\/10\/periodistas-y-agentes-de-viajes-europeos-realizaran-tour-por-atractivos-turisticos-del-pais\/"]}]},{"@type":"ImageObject","inLanguage":"es","@id":"https:\/\/www.ip.gov.py\/ip\/2017\/11\/10\/periodistas-y-agentes-de-viajes-europeos-realizaran-tour-por-atractivos-turisticos-del-pais\/#primaryimage","url":"https:\/\/www.ip.gov.py\/ip\/wp-content\/uploads\/2017\/11\/ruinas-jesuiticas.jpg","contentUrl":"https:\/\/www.ip.gov.py\/ip\/wp-content\/uploads\/2017\/11\/ruinas-jesuiticas.jpg","width":1200,"height":800,"caption":"Reducciones Jesu\u00edticas en el departamento de Itap\u00faa. Foto Senatur."},{"@type":"BreadcrumbList","@id":"https:\/\/www.ip.gov.py\/ip\/2017\/11\/10\/periodistas-y-agentes-de-viajes-europeos-realizaran-tour-por-atractivos-turisticos-del-pais\/#breadcrumb","itemListElement":[{"@type":"ListItem","position":1,"name":"Portada","item":"https:\/\/www.ip.gov.py\/ip\/"},{"@type":"ListItem","position":2,"name":"Periodistas y agentes de viajes europeos recorrer\u00e1n atractivos tur\u00edsticos del pa\u00eds"}]},{"@type":"WebSite","@id":"https:\/\/www.ip.gov.py\/ip\/#website","url":"https:\/\/www.ip.gov.py\/ip\/","name":".::Agencia IP::.","description":"","publisher":{"@id":"https:\/\/www.ip.gov.py\/ip\/#organization"},"potentialAction":[{"@type":"SearchAction","target":{"@type":"EntryPoint","urlTemplate":"https:\/\/www.ip.gov.py\/ip\/?s={search_term_string}"},"query-input":{"@type":"PropertyValueSpecification","valueRequired":true,"valueName":"search_term_string"}}],"inLanguage":"es"},{"@type":"Organization","@id":"https:\/\/www.ip.gov.py\/ip\/#organization","name":"Agencia IP","url":"https:\/\/www.ip.gov.py\/ip\/","logo":{"@type":"ImageObject","inLanguage":"es","@id":"https:\/\/www.ip.gov.py\/ip\/#\/schema\/logo\/image\/","url":"https:\/\/www.ip.gov.py\/ip\/wp-content\/uploads\/2018\/01\/Agencia-IP.jpg","contentUrl":"https:\/\/www.ip.gov.py\/ip\/wp-content\/uploads\/2018\/01\/Agencia-IP.jpg","width":150,"height":150,"caption":"Agencia IP"},"image":{"@id":"https:\/\/www.ip.gov.py\/ip\/#\/schema\/logo\/image\/"},"sameAs":["https:\/\/www.facebook.com\/IPParaguay\/","https:\/\/x.com\/IPParaguay","https:\/\/www.instagram.com\/IPParaguay"]},{"@type":"Person","@id":"https:\/\/www.ip.gov.py\/ip\/#\/schema\/person\/a1d87c4a65d7fd4ede9132995e2576d7","name":"@dm1n","url":"https:\/\/www.ip.gov.py\/ip\/author\/dm1n\/"}]}},"_links":{"self":[{"href":"https:\/\/www.ip.gov.py\/ip\/wp-json\/wp\/v2\/posts\/194334","targetHints":{"allow":["GET"]}}],"collection":[{"href":"https:\/\/www.ip.gov.py\/ip\/wp-json\/wp\/v2\/posts"}],"about":[{"href":"https:\/\/www.ip.gov.py\/ip\/wp-json\/wp\/v2\/types\/post"}],"author":[{"embeddable":true,"href":"https:\/\/www.ip.gov.py\/ip\/wp-json\/wp\/v2\/users\/1"}],"replies":[{"embeddable":true,"href":"https:\/\/www.ip.gov.py\/ip\/wp-json\/wp\/v2\/comments?post=194334"}],"version-history":[{"count":0,"href":"https:\/\/www.ip.gov.py\/ip\/wp-json\/wp\/v2\/posts\/194334\/revisions"}],"wp:featuredmedia":[{"embeddable":true,"href":"https:\/\/www.ip.gov.py\/ip\/wp-json\/wp\/v2\/media\/194335"}],"wp:attachment":[{"href":"https:\/\/www.ip.gov.py\/ip\/wp-json\/wp\/v2\/media?parent=194334"}],"wp:term":[{"taxonomy":"category","embeddable":true,"href":"https:\/\/www.ip.gov.py\/ip\/wp-json\/wp\/v2\/categories?post=194334"},{"taxonomy":"post_tag","embeddable":true,"href":"https:\/\/www.ip.gov.py\/ip\/wp-json\/wp\/v2\/tags?post=194334"}],"curies":[{"name":"wp","href":"https:\/\/api.w.org\/{rel}","templated":true}]}}