{"id":194341,"date":"2017-11-10T20:25:38","date_gmt":"2017-11-10T23:25:38","guid":{"rendered":"http:\/\/desarrollo.ip.gov.py\/ip\/?p=194341"},"modified":"2017-11-10T20:25:38","modified_gmt":"2017-11-10T23:25:38","slug":"periodistas-espanoles-destacan-potencial-turistico-de-naturaleza-del-pais","status":"publish","type":"post","link":"https:\/\/www.ip.gov.py\/ip\/2017\/11\/10\/periodistas-espanoles-destacan-potencial-turistico-de-naturaleza-del-pais\/","title":{"rendered":"Periodistas espa\u00f1oles destacan potencial tur\u00edstico de naturaleza del pa\u00eds"},"content":{"rendered":"<p><strong><em>Asunci\u00f3n, IP.- <\/em><\/strong>Una comitiva de ocho comunicadores de importantes medios de Espa\u00f1a finalizaron este viernes un tour por los principales atractivos tur\u00edsticos que ofrece el Paraguay. <!--more--><\/p>\n<p>Los periodistas coincidieron que la visibilidad de Paraguay para captar turistas puede puede ser potenciada con un mayor desarrollo de los atractivos naturales, inform\u00f3 la Secretar\u00eda de Turismo (Senatur).<\/p>\n<p>Los visitantes coincidieron en que el abundante verde y la gran cantidad de agua, complementados con la riqueza cultural con fuerte presencia del legado guaran\u00ed, m\u00e1s el desarrollo de la gastronom\u00eda, pueden generar \u201cel elemento diferenciador\u201d para dar a conocer Paraguay a los turistas espa\u00f1oles y de otros sitios de Europa.<\/p>\n<p>La comitiva estuvo en el pa\u00eds desde el 4 de noviembre pasado, donde recorrieron la ciudad de Asunci\u00f3n, y luego se trasladaron hasta los departamentos de Alto Paran\u00e1 e Itap\u00faa, para conocer el Complejo Tur\u00edstico de Itaip\u00fa, las misiones jesu\u00edticas de Trinidad del Paran\u00e1 y Jes\u00fas de Tavarang\u00fce, entre otros circuitos tur\u00edsticos.<\/p>\n<p>Finalizaron el recorrido con el Circuito de Oro de la Senatur por la ciudad de Yaguar\u00f3n y localidades cercanas a la ciudad capital.<\/p>\n<p>Los comunicadores llegaron hasta el pa\u00eds en una iniciativa de la Senatur para intensificar la difusi\u00f3n en medios europeos de las oportunidades que representa el Paraguay. La iniciativa cuenta con el apoyo de la Secretar\u00eda Nacional de Informaci\u00f3n y Comunicaci\u00f3n (Sicom) y la Itaip\u00fa Binacional.<\/p>\n<p>Este viernes fue a<a href=\"https:\/\/www.ip.gov.py\/ip\/periodistas-y-agentes-de-viajes-europeos-realizaran-tour-por-atractivos-turisticos-del-pais\/\">nunciado que una comitiva de periodistas y agentes de viaje de Alemania e Italia<\/a> realizar\u00e1n un recorrido similar desde este lunes 13 de noviembre.<\/p>\n<p>La delegaci\u00f3n de ocho comunicadores estuvo conformada por Amelia Castilla del diario El Pa\u00eds,\u00a0 V\u00edctor Mart\u00ednez del diario El Mundo, Romualdo Maestre de ABC Sevilla, Ignacio de las Heras del diario Expansi\u00f3n, Iv\u00e1n Gil de Confidencial.com, Pedro Cruz del Diario de C\u00e1diz, Sergio Alonso de La Raz\u00f3n y Laura Ferrer del Diario de Ibiza.<\/p>\n","protected":false},"excerpt":{"rendered":"<p>Asunci\u00f3n, IP.- Una comitiva de ocho comunicadores de importantes medios de Espa\u00f1a finalizaron este viernes un tour por los principales atractivos tur\u00edsticos que ofrece el Paraguay.<\/p>\n","protected":false},"author":1,"featured_media":194342,"comment_status":"closed","ping_status":"closed","sticky":false,"template":"","format":"standard","meta":{"_monsterinsights_skip_tracking":false,"_monsterinsights_sitenote_active":false,"_monsterinsights_sitenote_note":"","_monsterinsights_sitenote_category":0,"footnotes":""},"categories":[2],"tags":[2500,111,1984],"class_list":{"0":"post-194341","1":"post","2":"type-post","3":"status-publish","4":"format-standard","5":"has-post-thumbnail","7":"category-destacado","8":"tag-fam-press","9":"tag-senatur","10":"tag-tour"},"yoast_head":"<!-- This site is optimized with the Yoast SEO plugin v27.5 - https:\/\/yoast.com\/product\/yoast-seo-wordpress\/ -->\n<title>Periodistas espa\u00f1oles destacan potencial tur\u00edstico de naturaleza del pa\u00eds - .::Agencia IP::.<\/title>\n<meta name=\"robots\" content=\"index, follow, max-snippet:-1, max-image-preview:large, max-video-preview:-1\" \/>\n<link rel=\"canonical\" href=\"https:\/\/www.ip.gov.py\/ip\/2017\/11\/10\/periodistas-espanoles-destacan-potencial-turistico-de-naturaleza-del-pais\/\" \/>\n<meta property=\"og:locale\" content=\"es_ES\" \/>\n<meta property=\"og:type\" content=\"article\" \/>\n<meta property=\"og:title\" content=\"Periodistas espa\u00f1oles destacan potencial tur\u00edstico de naturaleza del pa\u00eds - .::Agencia IP::.\" \/>\n<meta property=\"og:description\" content=\"Asunci\u00f3n, IP.- Una comitiva de ocho comunicadores de importantes medios de Espa\u00f1a finalizaron este viernes un tour por los principales atractivos tur\u00edsticos que ofrece el Paraguay.\" \/>\n<meta property=\"og:url\" content=\"https:\/\/www.ip.gov.py\/ip\/2017\/11\/10\/periodistas-espanoles-destacan-potencial-turistico-de-naturaleza-del-pais\/\" \/>\n<meta property=\"og:site_name\" content=\".::Agencia IP::.\" \/>\n<meta property=\"article:publisher\" content=\"https:\/\/www.facebook.com\/IPParaguay\/\" \/>\n<meta property=\"article:published_time\" content=\"2017-11-10T23:25:38+00:00\" \/>\n<meta property=\"og:image\" content=\"https:\/\/www.ip.gov.py\/ip\/wp-content\/uploads\/2017\/11\/periodistas-espa\u00f1oles-turismo-jesuiticas.jpg\" \/>\n\t<meta property=\"og:image:width\" content=\"1024\" \/>\n\t<meta property=\"og:image:height\" content=\"683\" \/>\n\t<meta property=\"og:image:type\" content=\"image\/jpeg\" \/>\n<meta name=\"author\" content=\"@dm1n\" \/>\n<meta name=\"twitter:card\" content=\"summary_large_image\" \/>\n<meta name=\"twitter:creator\" content=\"@IPParaguay\" \/>\n<meta name=\"twitter:site\" content=\"@IPParaguay\" \/>\n<meta name=\"twitter:label1\" content=\"Escrito por\" \/>\n\t<meta name=\"twitter:data1\" content=\"@dm1n\" \/>\n\t<meta name=\"twitter:label2\" content=\"Tiempo de lectura\" \/>\n\t<meta name=\"twitter:data2\" content=\"2 minutos\" \/>\n<script type=\"application\/ld+json\" class=\"yoast-schema-graph\">{\"@context\":\"https:\\\/\\\/schema.org\",\"@graph\":[{\"@type\":\"Article\",\"@id\":\"https:\\\/\\\/www.ip.gov.py\\\/ip\\\/2017\\\/11\\\/10\\\/periodistas-espanoles-destacan-potencial-turistico-de-naturaleza-del-pais\\\/#article\",\"isPartOf\":{\"@id\":\"https:\\\/\\\/www.ip.gov.py\\\/ip\\\/2017\\\/11\\\/10\\\/periodistas-espanoles-destacan-potencial-turistico-de-naturaleza-del-pais\\\/\"},\"author\":{\"name\":\"@dm1n\",\"@id\":\"https:\\\/\\\/www.ip.gov.py\\\/ip\\\/#\\\/schema\\\/person\\\/a1d87c4a65d7fd4ede9132995e2576d7\"},\"headline\":\"Periodistas espa\u00f1oles destacan potencial tur\u00edstico de naturaleza del pa\u00eds\",\"datePublished\":\"2017-11-10T23:25:38+00:00\",\"mainEntityOfPage\":{\"@id\":\"https:\\\/\\\/www.ip.gov.py\\\/ip\\\/2017\\\/11\\\/10\\\/periodistas-espanoles-destacan-potencial-turistico-de-naturaleza-del-pais\\\/\"},\"wordCount\":349,\"publisher\":{\"@id\":\"https:\\\/\\\/www.ip.gov.py\\\/ip\\\/#organization\"},\"image\":{\"@id\":\"https:\\\/\\\/www.ip.gov.py\\\/ip\\\/2017\\\/11\\\/10\\\/periodistas-espanoles-destacan-potencial-turistico-de-naturaleza-del-pais\\\/#primaryimage\"},\"thumbnailUrl\":\"https:\\\/\\\/www.ip.gov.py\\\/ip\\\/wp-content\\\/uploads\\\/2017\\\/11\\\/periodistas-espa\u00f1oles-turismo-jesuiticas.jpg\",\"keywords\":[\"Fam press\",\"Senatur\",\"Tour\"],\"articleSection\":[\"Destacado\"],\"inLanguage\":\"es\"},{\"@type\":\"WebPage\",\"@id\":\"https:\\\/\\\/www.ip.gov.py\\\/ip\\\/2017\\\/11\\\/10\\\/periodistas-espanoles-destacan-potencial-turistico-de-naturaleza-del-pais\\\/\",\"url\":\"https:\\\/\\\/www.ip.gov.py\\\/ip\\\/2017\\\/11\\\/10\\\/periodistas-espanoles-destacan-potencial-turistico-de-naturaleza-del-pais\\\/\",\"name\":\"Periodistas espa\u00f1oles destacan potencial tur\u00edstico de naturaleza del pa\u00eds - .::Agencia IP::.\",\"isPartOf\":{\"@id\":\"https:\\\/\\\/www.ip.gov.py\\\/ip\\\/#website\"},\"primaryImageOfPage\":{\"@id\":\"https:\\\/\\\/www.ip.gov.py\\\/ip\\\/2017\\\/11\\\/10\\\/periodistas-espanoles-destacan-potencial-turistico-de-naturaleza-del-pais\\\/#primaryimage\"},\"image\":{\"@id\":\"https:\\\/\\\/www.ip.gov.py\\\/ip\\\/2017\\\/11\\\/10\\\/periodistas-espanoles-destacan-potencial-turistico-de-naturaleza-del-pais\\\/#primaryimage\"},\"thumbnailUrl\":\"https:\\\/\\\/www.ip.gov.py\\\/ip\\\/wp-content\\\/uploads\\\/2017\\\/11\\\/periodistas-espa\u00f1oles-turismo-jesuiticas.jpg\",\"datePublished\":\"2017-11-10T23:25:38+00:00\",\"breadcrumb\":{\"@id\":\"https:\\\/\\\/www.ip.gov.py\\\/ip\\\/2017\\\/11\\\/10\\\/periodistas-espanoles-destacan-potencial-turistico-de-naturaleza-del-pais\\\/#breadcrumb\"},\"inLanguage\":\"es\",\"potentialAction\":[{\"@type\":\"ReadAction\",\"target\":[\"https:\\\/\\\/www.ip.gov.py\\\/ip\\\/2017\\\/11\\\/10\\\/periodistas-espanoles-destacan-potencial-turistico-de-naturaleza-del-pais\\\/\"]}]},{\"@type\":\"ImageObject\",\"inLanguage\":\"es\",\"@id\":\"https:\\\/\\\/www.ip.gov.py\\\/ip\\\/2017\\\/11\\\/10\\\/periodistas-espanoles-destacan-potencial-turistico-de-naturaleza-del-pais\\\/#primaryimage\",\"url\":\"https:\\\/\\\/www.ip.gov.py\\\/ip\\\/wp-content\\\/uploads\\\/2017\\\/11\\\/periodistas-espa\u00f1oles-turismo-jesuiticas.jpg\",\"contentUrl\":\"https:\\\/\\\/www.ip.gov.py\\\/ip\\\/wp-content\\\/uploads\\\/2017\\\/11\\\/periodistas-espa\u00f1oles-turismo-jesuiticas.jpg\",\"width\":1024,\"height\":683,\"caption\":\"Comitiva de turistas espa\u00f1oles durante su recorrido por los atractivos tur\u00edsticos del Paraguay. Foto Senatur\"},{\"@type\":\"BreadcrumbList\",\"@id\":\"https:\\\/\\\/www.ip.gov.py\\\/ip\\\/2017\\\/11\\\/10\\\/periodistas-espanoles-destacan-potencial-turistico-de-naturaleza-del-pais\\\/#breadcrumb\",\"itemListElement\":[{\"@type\":\"ListItem\",\"position\":1,\"name\":\"Portada\",\"item\":\"https:\\\/\\\/www.ip.gov.py\\\/ip\\\/\"},{\"@type\":\"ListItem\",\"position\":2,\"name\":\"Periodistas espa\u00f1oles destacan potencial tur\u00edstico de naturaleza del pa\u00eds\"}]},{\"@type\":\"WebSite\",\"@id\":\"https:\\\/\\\/www.ip.gov.py\\\/ip\\\/#website\",\"url\":\"https:\\\/\\\/www.ip.gov.py\\\/ip\\\/\",\"name\":\".::Agencia IP::.\",\"description\":\"\",\"publisher\":{\"@id\":\"https:\\\/\\\/www.ip.gov.py\\\/ip\\\/#organization\"},\"potentialAction\":[{\"@type\":\"SearchAction\",\"target\":{\"@type\":\"EntryPoint\",\"urlTemplate\":\"https:\\\/\\\/www.ip.gov.py\\\/ip\\\/?s={search_term_string}\"},\"query-input\":{\"@type\":\"PropertyValueSpecification\",\"valueRequired\":true,\"valueName\":\"search_term_string\"}}],\"inLanguage\":\"es\"},{\"@type\":\"Organization\",\"@id\":\"https:\\\/\\\/www.ip.gov.py\\\/ip\\\/#organization\",\"name\":\"Agencia IP\",\"url\":\"https:\\\/\\\/www.ip.gov.py\\\/ip\\\/\",\"logo\":{\"@type\":\"ImageObject\",\"inLanguage\":\"es\",\"@id\":\"https:\\\/\\\/www.ip.gov.py\\\/ip\\\/#\\\/schema\\\/logo\\\/image\\\/\",\"url\":\"https:\\\/\\\/www.ip.gov.py\\\/ip\\\/wp-content\\\/uploads\\\/2018\\\/01\\\/Agencia-IP.jpg\",\"contentUrl\":\"https:\\\/\\\/www.ip.gov.py\\\/ip\\\/wp-content\\\/uploads\\\/2018\\\/01\\\/Agencia-IP.jpg\",\"width\":150,\"height\":150,\"caption\":\"Agencia IP\"},\"image\":{\"@id\":\"https:\\\/\\\/www.ip.gov.py\\\/ip\\\/#\\\/schema\\\/logo\\\/image\\\/\"},\"sameAs\":[\"https:\\\/\\\/www.facebook.com\\\/IPParaguay\\\/\",\"https:\\\/\\\/x.com\\\/IPParaguay\",\"https:\\\/\\\/www.instagram.com\\\/IPParaguay\"]},{\"@type\":\"Person\",\"@id\":\"https:\\\/\\\/www.ip.gov.py\\\/ip\\\/#\\\/schema\\\/person\\\/a1d87c4a65d7fd4ede9132995e2576d7\",\"name\":\"@dm1n\",\"url\":\"https:\\\/\\\/www.ip.gov.py\\\/ip\\\/author\\\/dm1n\\\/\"}]}<\/script>\n<!-- \/ Yoast SEO plugin. -->","yoast_head_json":{"title":"Periodistas espa\u00f1oles destacan potencial tur\u00edstico de naturaleza del pa\u00eds - .::Agencia IP::.","robots":{"index":"index","follow":"follow","max-snippet":"max-snippet:-1","max-image-preview":"max-image-preview:large","max-video-preview":"max-video-preview:-1"},"canonical":"https:\/\/www.ip.gov.py\/ip\/2017\/11\/10\/periodistas-espanoles-destacan-potencial-turistico-de-naturaleza-del-pais\/","og_locale":"es_ES","og_type":"article","og_title":"Periodistas espa\u00f1oles destacan potencial tur\u00edstico de naturaleza del pa\u00eds - .::Agencia IP::.","og_description":"Asunci\u00f3n, IP.- Una comitiva de ocho comunicadores de importantes medios de Espa\u00f1a finalizaron este viernes un tour por los principales atractivos tur\u00edsticos que ofrece el Paraguay.","og_url":"https:\/\/www.ip.gov.py\/ip\/2017\/11\/10\/periodistas-espanoles-destacan-potencial-turistico-de-naturaleza-del-pais\/","og_site_name":".::Agencia IP::.","article_publisher":"https:\/\/www.facebook.com\/IPParaguay\/","article_published_time":"2017-11-10T23:25:38+00:00","og_image":[{"width":1024,"height":683,"url":"https:\/\/www.ip.gov.py\/ip\/wp-content\/uploads\/2017\/11\/periodistas-espa\u00f1oles-turismo-jesuiticas.jpg","type":"image\/jpeg"}],"author":"@dm1n","twitter_card":"summary_large_image","twitter_creator":"@IPParaguay","twitter_site":"@IPParaguay","twitter_misc":{"Escrito por":"@dm1n","Tiempo de lectura":"2 minutos"},"schema":{"@context":"https:\/\/schema.org","@graph":[{"@type":"Article","@id":"https:\/\/www.ip.gov.py\/ip\/2017\/11\/10\/periodistas-espanoles-destacan-potencial-turistico-de-naturaleza-del-pais\/#article","isPartOf":{"@id":"https:\/\/www.ip.gov.py\/ip\/2017\/11\/10\/periodistas-espanoles-destacan-potencial-turistico-de-naturaleza-del-pais\/"},"author":{"name":"@dm1n","@id":"https:\/\/www.ip.gov.py\/ip\/#\/schema\/person\/a1d87c4a65d7fd4ede9132995e2576d7"},"headline":"Periodistas espa\u00f1oles destacan potencial tur\u00edstico de naturaleza del pa\u00eds","datePublished":"2017-11-10T23:25:38+00:00","mainEntityOfPage":{"@id":"https:\/\/www.ip.gov.py\/ip\/2017\/11\/10\/periodistas-espanoles-destacan-potencial-turistico-de-naturaleza-del-pais\/"},"wordCount":349,"publisher":{"@id":"https:\/\/www.ip.gov.py\/ip\/#organization"},"image":{"@id":"https:\/\/www.ip.gov.py\/ip\/2017\/11\/10\/periodistas-espanoles-destacan-potencial-turistico-de-naturaleza-del-pais\/#primaryimage"},"thumbnailUrl":"https:\/\/www.ip.gov.py\/ip\/wp-content\/uploads\/2017\/11\/periodistas-espa\u00f1oles-turismo-jesuiticas.jpg","keywords":["Fam press","Senatur","Tour"],"articleSection":["Destacado"],"inLanguage":"es"},{"@type":"WebPage","@id":"https:\/\/www.ip.gov.py\/ip\/2017\/11\/10\/periodistas-espanoles-destacan-potencial-turistico-de-naturaleza-del-pais\/","url":"https:\/\/www.ip.gov.py\/ip\/2017\/11\/10\/periodistas-espanoles-destacan-potencial-turistico-de-naturaleza-del-pais\/","name":"Periodistas espa\u00f1oles destacan potencial tur\u00edstico de naturaleza del pa\u00eds - .::Agencia IP::.","isPartOf":{"@id":"https:\/\/www.ip.gov.py\/ip\/#website"},"primaryImageOfPage":{"@id":"https:\/\/www.ip.gov.py\/ip\/2017\/11\/10\/periodistas-espanoles-destacan-potencial-turistico-de-naturaleza-del-pais\/#primaryimage"},"image":{"@id":"https:\/\/www.ip.gov.py\/ip\/2017\/11\/10\/periodistas-espanoles-destacan-potencial-turistico-de-naturaleza-del-pais\/#primaryimage"},"thumbnailUrl":"https:\/\/www.ip.gov.py\/ip\/wp-content\/uploads\/2017\/11\/periodistas-espa\u00f1oles-turismo-jesuiticas.jpg","datePublished":"2017-11-10T23:25:38+00:00","breadcrumb":{"@id":"https:\/\/www.ip.gov.py\/ip\/2017\/11\/10\/periodistas-espanoles-destacan-potencial-turistico-de-naturaleza-del-pais\/#breadcrumb"},"inLanguage":"es","potentialAction":[{"@type":"ReadAction","target":["https:\/\/www.ip.gov.py\/ip\/2017\/11\/10\/periodistas-espanoles-destacan-potencial-turistico-de-naturaleza-del-pais\/"]}]},{"@type":"ImageObject","inLanguage":"es","@id":"https:\/\/www.ip.gov.py\/ip\/2017\/11\/10\/periodistas-espanoles-destacan-potencial-turistico-de-naturaleza-del-pais\/#primaryimage","url":"https:\/\/www.ip.gov.py\/ip\/wp-content\/uploads\/2017\/11\/periodistas-espa\u00f1oles-turismo-jesuiticas.jpg","contentUrl":"https:\/\/www.ip.gov.py\/ip\/wp-content\/uploads\/2017\/11\/periodistas-espa\u00f1oles-turismo-jesuiticas.jpg","width":1024,"height":683,"caption":"Comitiva de turistas espa\u00f1oles durante su recorrido por los atractivos tur\u00edsticos del Paraguay. Foto Senatur"},{"@type":"BreadcrumbList","@id":"https:\/\/www.ip.gov.py\/ip\/2017\/11\/10\/periodistas-espanoles-destacan-potencial-turistico-de-naturaleza-del-pais\/#breadcrumb","itemListElement":[{"@type":"ListItem","position":1,"name":"Portada","item":"https:\/\/www.ip.gov.py\/ip\/"},{"@type":"ListItem","position":2,"name":"Periodistas espa\u00f1oles destacan potencial tur\u00edstico de naturaleza del pa\u00eds"}]},{"@type":"WebSite","@id":"https:\/\/www.ip.gov.py\/ip\/#website","url":"https:\/\/www.ip.gov.py\/ip\/","name":".::Agencia IP::.","description":"","publisher":{"@id":"https:\/\/www.ip.gov.py\/ip\/#organization"},"potentialAction":[{"@type":"SearchAction","target":{"@type":"EntryPoint","urlTemplate":"https:\/\/www.ip.gov.py\/ip\/?s={search_term_string}"},"query-input":{"@type":"PropertyValueSpecification","valueRequired":true,"valueName":"search_term_string"}}],"inLanguage":"es"},{"@type":"Organization","@id":"https:\/\/www.ip.gov.py\/ip\/#organization","name":"Agencia IP","url":"https:\/\/www.ip.gov.py\/ip\/","logo":{"@type":"ImageObject","inLanguage":"es","@id":"https:\/\/www.ip.gov.py\/ip\/#\/schema\/logo\/image\/","url":"https:\/\/www.ip.gov.py\/ip\/wp-content\/uploads\/2018\/01\/Agencia-IP.jpg","contentUrl":"https:\/\/www.ip.gov.py\/ip\/wp-content\/uploads\/2018\/01\/Agencia-IP.jpg","width":150,"height":150,"caption":"Agencia IP"},"image":{"@id":"https:\/\/www.ip.gov.py\/ip\/#\/schema\/logo\/image\/"},"sameAs":["https:\/\/www.facebook.com\/IPParaguay\/","https:\/\/x.com\/IPParaguay","https:\/\/www.instagram.com\/IPParaguay"]},{"@type":"Person","@id":"https:\/\/www.ip.gov.py\/ip\/#\/schema\/person\/a1d87c4a65d7fd4ede9132995e2576d7","name":"@dm1n","url":"https:\/\/www.ip.gov.py\/ip\/author\/dm1n\/"}]}},"_links":{"self":[{"href":"https:\/\/www.ip.gov.py\/ip\/wp-json\/wp\/v2\/posts\/194341","targetHints":{"allow":["GET"]}}],"collection":[{"href":"https:\/\/www.ip.gov.py\/ip\/wp-json\/wp\/v2\/posts"}],"about":[{"href":"https:\/\/www.ip.gov.py\/ip\/wp-json\/wp\/v2\/types\/post"}],"author":[{"embeddable":true,"href":"https:\/\/www.ip.gov.py\/ip\/wp-json\/wp\/v2\/users\/1"}],"replies":[{"embeddable":true,"href":"https:\/\/www.ip.gov.py\/ip\/wp-json\/wp\/v2\/comments?post=194341"}],"version-history":[{"count":0,"href":"https:\/\/www.ip.gov.py\/ip\/wp-json\/wp\/v2\/posts\/194341\/revisions"}],"wp:featuredmedia":[{"embeddable":true,"href":"https:\/\/www.ip.gov.py\/ip\/wp-json\/wp\/v2\/media\/194342"}],"wp:attachment":[{"href":"https:\/\/www.ip.gov.py\/ip\/wp-json\/wp\/v2\/media?parent=194341"}],"wp:term":[{"taxonomy":"category","embeddable":true,"href":"https:\/\/www.ip.gov.py\/ip\/wp-json\/wp\/v2\/categories?post=194341"},{"taxonomy":"post_tag","embeddable":true,"href":"https:\/\/www.ip.gov.py\/ip\/wp-json\/wp\/v2\/tags?post=194341"}],"curies":[{"name":"wp","href":"https:\/\/api.w.org\/{rel}","templated":true}]}}