{"id":195959,"date":"2017-11-21T14:03:49","date_gmt":"2017-11-21T17:03:49","guid":{"rendered":"http:\/\/desarrollo.ip.gov.py\/ip\/?p=195959"},"modified":"2017-11-21T14:03:49","modified_gmt":"2017-11-21T17:03:49","slug":"embajador-de-japon-se-interiorizo-sobre-funcionamiento-del-hospital-de-clinicas","status":"publish","type":"post","link":"https:\/\/www.ip.gov.py\/ip\/2017\/11\/21\/embajador-de-japon-se-interiorizo-sobre-funcionamiento-del-hospital-de-clinicas\/","title":{"rendered":"Embajador de Jap\u00f3n se interioriz\u00f3 sobre funcionamiento del Hospital de Cl\u00ednicas"},"content":{"rendered":"<p style=\"text-align: justify;\"><em><strong>Asunci\u00f3n, IP.-<\/strong><\/em> El Hospital de Cl\u00ednicas recibi\u00f3 en la ma\u00f1ana de este martes, la visita del embajador de Jap\u00f3n, Naohiro Ishida, quien se interioriz\u00f3 acerca del funcionamiento del referido centro.<!--more--><\/p>\n<p style=\"text-align: justify;\">Naohiro Ishida, estuvo acompa\u00f1ado por varios colaboradores y mantuvieron un encuentro con el decano de la Facultad de Ciencias M\u00e9dicas (FCM), Laurentino Barrios; vice decano, Gustavo Macha\u00edn y dem\u00e1s autoridades de la casa de estudios.<\/p>\n<p style=\"text-align: justify;\">\u201cQuer\u00eda visitar y conocer sobre lo que fue el proyecto de traslado y fortalecimiento del Hospital de Cl\u00ednicas, una importante cooperaci\u00f3n del gobierno de Jap\u00f3n. He observado que a pesar del poco presupuesto con que cuenta la Facultad de Ciencias M\u00e9dicas, los profesionales de blanco y el staff est\u00e1n trabajando mucho para el bienestar de los pacientes\u201d, mencion\u00f3 el embajador.<\/p>\n<p style=\"text-align: justify;\">Record\u00f3 adem\u00e1s que dos grandes cooperaciones financieras no reembolsables se han otorgado al Hospital Escuela, sin embargo no descart\u00f3 que puedan darse otro tipo de asistencias.<\/p>\n<figure id=\"attachment_195963\" aria-describedby=\"caption-attachment-195963\" style=\"width: 314px\" class=\"wp-caption alignright\"><img loading=\"lazy\" decoding=\"async\" class=\" wp-image-195963\" src=\"https:\/\/www.ip.gov.py\/ip\/wp-content\/uploads\/2017\/11\/recorrido-del-embajador-de-Japon-en-Clinicas-1-600x362.jpg\" alt=\"\" width=\"314\" height=\"189\" srcset=\"https:\/\/www.ip.gov.py\/ip\/wp-content\/uploads\/2017\/11\/recorrido-del-embajador-de-Japon-en-Clinicas-1-600x362.jpg 600w, https:\/\/www.ip.gov.py\/ip\/wp-content\/uploads\/2017\/11\/recorrido-del-embajador-de-Japon-en-Clinicas-1-696x420.jpg 696w, https:\/\/www.ip.gov.py\/ip\/wp-content\/uploads\/2017\/11\/recorrido-del-embajador-de-Japon-en-Clinicas-1-697x420.jpg 697w, https:\/\/www.ip.gov.py\/ip\/wp-content\/uploads\/2017\/11\/recorrido-del-embajador-de-Japon-en-Clinicas-1.jpg 725w\" sizes=\"auto, (max-width: 314px) 100vw, 314px\" \/><figcaption id=\"caption-attachment-195963\" class=\"wp-caption-text\">Foto gentileza\/Hospital de Clinicas<\/figcaption><\/figure>\n<p style=\"text-align: justify;\">\u201cEs una visita importante. Trabajamos en conjunto para que esto fuera una realidad y as\u00ed surgi\u00f3 Cl\u00ednicas, en San Lorenzo, falta muchas cosas pero estamos en camino, d\u00eda a d\u00eda mejoramos. Es un desaf\u00edo permanente para\u00a0 nosotros usar bien esos recursos\u201d, refiri\u00f3 a su turno, el decano Laurentino Barrios.<\/p>\n<p style=\"text-align: justify;\"><strong>Cese de actividades de la UNA<\/strong><\/p>\n<p style=\"text-align: justify;\">Requerido sobre el cese de las actividades en la Universidad Nacional de Asunci\u00f3n (UNA) en reclamo de mejoras salariales, reconoci\u00f3 que hay mucho por mejorar\u00a0en todos los \u00e1mbitos y que como instituci\u00f3n, acompa\u00f1an y comprenden el cese de actividades declarado por la casa de estudios.<\/p>\n<p style=\"text-align: justify;\">\u201cHay cosas que mejorar en ese terreno. Entiendo y acompa\u00f1amos en buena forma el cese de actividades de la UNA y esperemos que se solucione. No se puede dar respuesta a todo en forma brusca, porque hay d\u00e9ficit de varios a\u00f1os, creo de una d\u00e9cada, y es dif\u00edcil que en un a\u00f1o o un mes se solucione todo\u201d<\/p>\n<p style=\"text-align: justify;\">Este lunes 20 de\u00a0 noviembre, en sesi\u00f3n de Consejo Directivo de la FCM-UNA, autoridades resolvieron garantizar la continuidad de actividades excepcionales, tanto acad\u00e9micas, administrativas, como asistenciales, ante el cese de actividades declarado por la UNA.<\/p>\n<p style=\"text-align: justify;\">En cuanto a las refacciones inform\u00f3 que la instituci\u00f3n est\u00e1 mejorando constantemente. \u201cPara nosotros es un desaf\u00edo permanente, el Hospital de Cl\u00ednicas es din\u00e1mico, no est\u00e1 quieto. Debemos responder a las expectativas de la gente y la gente espera mucho de nosotros\u201d, refiri\u00f3 finalmente.<\/p>\n","protected":false},"excerpt":{"rendered":"<p>Asunci\u00f3n, IP.- El Hospital de Cl\u00ednicas recibi\u00f3 en la ma\u00f1ana de este martes, la visita del embajador de Jap\u00f3n, Naohiro Ishida, quien se interioriz\u00f3 acerca del funcionamiento del referido centro.<\/p>\n","protected":false},"author":1,"featured_media":195961,"comment_status":"closed","ping_status":"closed","sticky":false,"template":"","format":"standard","meta":{"_monsterinsights_skip_tracking":false,"_monsterinsights_sitenote_active":false,"_monsterinsights_sitenote_note":"","_monsterinsights_sitenote_category":0,"footnotes":""},"categories":[2],"tags":[2677,516,1572],"class_list":{"0":"post-195959","1":"post","2":"type-post","3":"status-publish","4":"format-standard","5":"has-post-thumbnail","7":"category-destacado","8":"tag-embajador-de-japon","9":"tag-hospital-de-clinicas","10":"tag-visita"},"yoast_head":"<!-- This site is optimized with the Yoast SEO plugin v27.5 - https:\/\/yoast.com\/product\/yoast-seo-wordpress\/ -->\n<title>Embajador de Jap\u00f3n se interioriz\u00f3 sobre funcionamiento del Hospital de Cl\u00ednicas - .::Agencia IP::.<\/title>\n<meta name=\"robots\" content=\"index, follow, max-snippet:-1, max-image-preview:large, max-video-preview:-1\" \/>\n<link rel=\"canonical\" href=\"https:\/\/www.ip.gov.py\/ip\/2017\/11\/21\/embajador-de-japon-se-interiorizo-sobre-funcionamiento-del-hospital-de-clinicas\/\" \/>\n<meta property=\"og:locale\" content=\"es_ES\" \/>\n<meta property=\"og:type\" content=\"article\" \/>\n<meta property=\"og:title\" content=\"Embajador de Jap\u00f3n se interioriz\u00f3 sobre funcionamiento del Hospital de Cl\u00ednicas - .::Agencia IP::.\" \/>\n<meta property=\"og:description\" content=\"Asunci\u00f3n, IP.- El Hospital de Cl\u00ednicas recibi\u00f3 en la ma\u00f1ana de este martes, la visita del embajador de Jap\u00f3n, Naohiro Ishida, quien se interioriz\u00f3 acerca del funcionamiento del referido centro.\" \/>\n<meta property=\"og:url\" content=\"https:\/\/www.ip.gov.py\/ip\/2017\/11\/21\/embajador-de-japon-se-interiorizo-sobre-funcionamiento-del-hospital-de-clinicas\/\" \/>\n<meta property=\"og:site_name\" content=\".::Agencia IP::.\" \/>\n<meta property=\"article:publisher\" content=\"https:\/\/www.facebook.com\/IPParaguay\/\" \/>\n<meta property=\"article:published_time\" content=\"2017-11-21T17:03:49+00:00\" \/>\n<meta property=\"og:image\" content=\"https:\/\/www.ip.gov.py\/ip\/wp-content\/uploads\/2017\/11\/recorrido-del-embajador-de-Japon-en-Clinicas.jpg\" \/>\n\t<meta property=\"og:image:width\" content=\"1005\" \/>\n\t<meta property=\"og:image:height\" content=\"666\" \/>\n\t<meta property=\"og:image:type\" content=\"image\/jpeg\" \/>\n<meta name=\"author\" content=\"@dm1n\" \/>\n<meta name=\"twitter:card\" content=\"summary_large_image\" \/>\n<meta name=\"twitter:creator\" content=\"@IPParaguay\" \/>\n<meta name=\"twitter:site\" content=\"@IPParaguay\" \/>\n<meta name=\"twitter:label1\" content=\"Escrito por\" \/>\n\t<meta name=\"twitter:data1\" content=\"@dm1n\" \/>\n\t<meta name=\"twitter:label2\" content=\"Tiempo de lectura\" \/>\n\t<meta name=\"twitter:data2\" content=\"2 minutos\" \/>\n<script type=\"application\/ld+json\" class=\"yoast-schema-graph\">{\"@context\":\"https:\\\/\\\/schema.org\",\"@graph\":[{\"@type\":\"Article\",\"@id\":\"https:\\\/\\\/www.ip.gov.py\\\/ip\\\/2017\\\/11\\\/21\\\/embajador-de-japon-se-interiorizo-sobre-funcionamiento-del-hospital-de-clinicas\\\/#article\",\"isPartOf\":{\"@id\":\"https:\\\/\\\/www.ip.gov.py\\\/ip\\\/2017\\\/11\\\/21\\\/embajador-de-japon-se-interiorizo-sobre-funcionamiento-del-hospital-de-clinicas\\\/\"},\"author\":{\"name\":\"@dm1n\",\"@id\":\"https:\\\/\\\/www.ip.gov.py\\\/ip\\\/#\\\/schema\\\/person\\\/a1d87c4a65d7fd4ede9132995e2576d7\"},\"headline\":\"Embajador de Jap\u00f3n se interioriz\u00f3 sobre funcionamiento del Hospital de Cl\u00ednicas\",\"datePublished\":\"2017-11-21T17:03:49+00:00\",\"mainEntityOfPage\":{\"@id\":\"https:\\\/\\\/www.ip.gov.py\\\/ip\\\/2017\\\/11\\\/21\\\/embajador-de-japon-se-interiorizo-sobre-funcionamiento-del-hospital-de-clinicas\\\/\"},\"wordCount\":448,\"publisher\":{\"@id\":\"https:\\\/\\\/www.ip.gov.py\\\/ip\\\/#organization\"},\"image\":{\"@id\":\"https:\\\/\\\/www.ip.gov.py\\\/ip\\\/2017\\\/11\\\/21\\\/embajador-de-japon-se-interiorizo-sobre-funcionamiento-del-hospital-de-clinicas\\\/#primaryimage\"},\"thumbnailUrl\":\"https:\\\/\\\/www.ip.gov.py\\\/ip\\\/wp-content\\\/uploads\\\/2017\\\/11\\\/recorrido-del-embajador-de-Japon-en-Clinicas.jpg\",\"keywords\":[\"Embajador de Jap\u00f3n\",\"Hospital de Clin\u00edcas\",\"Visita\"],\"articleSection\":[\"Destacado\"],\"inLanguage\":\"es\"},{\"@type\":\"WebPage\",\"@id\":\"https:\\\/\\\/www.ip.gov.py\\\/ip\\\/2017\\\/11\\\/21\\\/embajador-de-japon-se-interiorizo-sobre-funcionamiento-del-hospital-de-clinicas\\\/\",\"url\":\"https:\\\/\\\/www.ip.gov.py\\\/ip\\\/2017\\\/11\\\/21\\\/embajador-de-japon-se-interiorizo-sobre-funcionamiento-del-hospital-de-clinicas\\\/\",\"name\":\"Embajador de Jap\u00f3n se interioriz\u00f3 sobre funcionamiento del Hospital de Cl\u00ednicas - .::Agencia IP::.\",\"isPartOf\":{\"@id\":\"https:\\\/\\\/www.ip.gov.py\\\/ip\\\/#website\"},\"primaryImageOfPage\":{\"@id\":\"https:\\\/\\\/www.ip.gov.py\\\/ip\\\/2017\\\/11\\\/21\\\/embajador-de-japon-se-interiorizo-sobre-funcionamiento-del-hospital-de-clinicas\\\/#primaryimage\"},\"image\":{\"@id\":\"https:\\\/\\\/www.ip.gov.py\\\/ip\\\/2017\\\/11\\\/21\\\/embajador-de-japon-se-interiorizo-sobre-funcionamiento-del-hospital-de-clinicas\\\/#primaryimage\"},\"thumbnailUrl\":\"https:\\\/\\\/www.ip.gov.py\\\/ip\\\/wp-content\\\/uploads\\\/2017\\\/11\\\/recorrido-del-embajador-de-Japon-en-Clinicas.jpg\",\"datePublished\":\"2017-11-21T17:03:49+00:00\",\"breadcrumb\":{\"@id\":\"https:\\\/\\\/www.ip.gov.py\\\/ip\\\/2017\\\/11\\\/21\\\/embajador-de-japon-se-interiorizo-sobre-funcionamiento-del-hospital-de-clinicas\\\/#breadcrumb\"},\"inLanguage\":\"es\",\"potentialAction\":[{\"@type\":\"ReadAction\",\"target\":[\"https:\\\/\\\/www.ip.gov.py\\\/ip\\\/2017\\\/11\\\/21\\\/embajador-de-japon-se-interiorizo-sobre-funcionamiento-del-hospital-de-clinicas\\\/\"]}]},{\"@type\":\"ImageObject\",\"inLanguage\":\"es\",\"@id\":\"https:\\\/\\\/www.ip.gov.py\\\/ip\\\/2017\\\/11\\\/21\\\/embajador-de-japon-se-interiorizo-sobre-funcionamiento-del-hospital-de-clinicas\\\/#primaryimage\",\"url\":\"https:\\\/\\\/www.ip.gov.py\\\/ip\\\/wp-content\\\/uploads\\\/2017\\\/11\\\/recorrido-del-embajador-de-Japon-en-Clinicas.jpg\",\"contentUrl\":\"https:\\\/\\\/www.ip.gov.py\\\/ip\\\/wp-content\\\/uploads\\\/2017\\\/11\\\/recorrido-del-embajador-de-Japon-en-Clinicas.jpg\",\"width\":1005,\"height\":666,\"caption\":\"El embajador de Jap\u00f3n (c) recorri\u00f3 las instalaciones del Hospital de Cl\u00ednicas. Foto gentileza\"},{\"@type\":\"BreadcrumbList\",\"@id\":\"https:\\\/\\\/www.ip.gov.py\\\/ip\\\/2017\\\/11\\\/21\\\/embajador-de-japon-se-interiorizo-sobre-funcionamiento-del-hospital-de-clinicas\\\/#breadcrumb\",\"itemListElement\":[{\"@type\":\"ListItem\",\"position\":1,\"name\":\"Portada\",\"item\":\"https:\\\/\\\/www.ip.gov.py\\\/ip\\\/\"},{\"@type\":\"ListItem\",\"position\":2,\"name\":\"Embajador de Jap\u00f3n se interioriz\u00f3 sobre funcionamiento del Hospital de Cl\u00ednicas\"}]},{\"@type\":\"WebSite\",\"@id\":\"https:\\\/\\\/www.ip.gov.py\\\/ip\\\/#website\",\"url\":\"https:\\\/\\\/www.ip.gov.py\\\/ip\\\/\",\"name\":\".::Agencia IP::.\",\"description\":\"\",\"publisher\":{\"@id\":\"https:\\\/\\\/www.ip.gov.py\\\/ip\\\/#organization\"},\"potentialAction\":[{\"@type\":\"SearchAction\",\"target\":{\"@type\":\"EntryPoint\",\"urlTemplate\":\"https:\\\/\\\/www.ip.gov.py\\\/ip\\\/?s={search_term_string}\"},\"query-input\":{\"@type\":\"PropertyValueSpecification\",\"valueRequired\":true,\"valueName\":\"search_term_string\"}}],\"inLanguage\":\"es\"},{\"@type\":\"Organization\",\"@id\":\"https:\\\/\\\/www.ip.gov.py\\\/ip\\\/#organization\",\"name\":\"Agencia IP\",\"url\":\"https:\\\/\\\/www.ip.gov.py\\\/ip\\\/\",\"logo\":{\"@type\":\"ImageObject\",\"inLanguage\":\"es\",\"@id\":\"https:\\\/\\\/www.ip.gov.py\\\/ip\\\/#\\\/schema\\\/logo\\\/image\\\/\",\"url\":\"https:\\\/\\\/www.ip.gov.py\\\/ip\\\/wp-content\\\/uploads\\\/2018\\\/01\\\/Agencia-IP.jpg\",\"contentUrl\":\"https:\\\/\\\/www.ip.gov.py\\\/ip\\\/wp-content\\\/uploads\\\/2018\\\/01\\\/Agencia-IP.jpg\",\"width\":150,\"height\":150,\"caption\":\"Agencia IP\"},\"image\":{\"@id\":\"https:\\\/\\\/www.ip.gov.py\\\/ip\\\/#\\\/schema\\\/logo\\\/image\\\/\"},\"sameAs\":[\"https:\\\/\\\/www.facebook.com\\\/IPParaguay\\\/\",\"https:\\\/\\\/x.com\\\/IPParaguay\",\"https:\\\/\\\/www.instagram.com\\\/IPParaguay\"]},{\"@type\":\"Person\",\"@id\":\"https:\\\/\\\/www.ip.gov.py\\\/ip\\\/#\\\/schema\\\/person\\\/a1d87c4a65d7fd4ede9132995e2576d7\",\"name\":\"@dm1n\",\"url\":\"https:\\\/\\\/www.ip.gov.py\\\/ip\\\/author\\\/dm1n\\\/\"}]}<\/script>\n<!-- \/ Yoast SEO plugin. -->","yoast_head_json":{"title":"Embajador de Jap\u00f3n se interioriz\u00f3 sobre funcionamiento del Hospital de Cl\u00ednicas - .::Agencia IP::.","robots":{"index":"index","follow":"follow","max-snippet":"max-snippet:-1","max-image-preview":"max-image-preview:large","max-video-preview":"max-video-preview:-1"},"canonical":"https:\/\/www.ip.gov.py\/ip\/2017\/11\/21\/embajador-de-japon-se-interiorizo-sobre-funcionamiento-del-hospital-de-clinicas\/","og_locale":"es_ES","og_type":"article","og_title":"Embajador de Jap\u00f3n se interioriz\u00f3 sobre funcionamiento del Hospital de Cl\u00ednicas - .::Agencia IP::.","og_description":"Asunci\u00f3n, IP.- El Hospital de Cl\u00ednicas recibi\u00f3 en la ma\u00f1ana de este martes, la visita del embajador de Jap\u00f3n, Naohiro Ishida, quien se interioriz\u00f3 acerca del funcionamiento del referido centro.","og_url":"https:\/\/www.ip.gov.py\/ip\/2017\/11\/21\/embajador-de-japon-se-interiorizo-sobre-funcionamiento-del-hospital-de-clinicas\/","og_site_name":".::Agencia IP::.","article_publisher":"https:\/\/www.facebook.com\/IPParaguay\/","article_published_time":"2017-11-21T17:03:49+00:00","og_image":[{"width":1005,"height":666,"url":"https:\/\/www.ip.gov.py\/ip\/wp-content\/uploads\/2017\/11\/recorrido-del-embajador-de-Japon-en-Clinicas.jpg","type":"image\/jpeg"}],"author":"@dm1n","twitter_card":"summary_large_image","twitter_creator":"@IPParaguay","twitter_site":"@IPParaguay","twitter_misc":{"Escrito por":"@dm1n","Tiempo de lectura":"2 minutos"},"schema":{"@context":"https:\/\/schema.org","@graph":[{"@type":"Article","@id":"https:\/\/www.ip.gov.py\/ip\/2017\/11\/21\/embajador-de-japon-se-interiorizo-sobre-funcionamiento-del-hospital-de-clinicas\/#article","isPartOf":{"@id":"https:\/\/www.ip.gov.py\/ip\/2017\/11\/21\/embajador-de-japon-se-interiorizo-sobre-funcionamiento-del-hospital-de-clinicas\/"},"author":{"name":"@dm1n","@id":"https:\/\/www.ip.gov.py\/ip\/#\/schema\/person\/a1d87c4a65d7fd4ede9132995e2576d7"},"headline":"Embajador de Jap\u00f3n se interioriz\u00f3 sobre funcionamiento del Hospital de Cl\u00ednicas","datePublished":"2017-11-21T17:03:49+00:00","mainEntityOfPage":{"@id":"https:\/\/www.ip.gov.py\/ip\/2017\/11\/21\/embajador-de-japon-se-interiorizo-sobre-funcionamiento-del-hospital-de-clinicas\/"},"wordCount":448,"publisher":{"@id":"https:\/\/www.ip.gov.py\/ip\/#organization"},"image":{"@id":"https:\/\/www.ip.gov.py\/ip\/2017\/11\/21\/embajador-de-japon-se-interiorizo-sobre-funcionamiento-del-hospital-de-clinicas\/#primaryimage"},"thumbnailUrl":"https:\/\/www.ip.gov.py\/ip\/wp-content\/uploads\/2017\/11\/recorrido-del-embajador-de-Japon-en-Clinicas.jpg","keywords":["Embajador de Jap\u00f3n","Hospital de Clin\u00edcas","Visita"],"articleSection":["Destacado"],"inLanguage":"es"},{"@type":"WebPage","@id":"https:\/\/www.ip.gov.py\/ip\/2017\/11\/21\/embajador-de-japon-se-interiorizo-sobre-funcionamiento-del-hospital-de-clinicas\/","url":"https:\/\/www.ip.gov.py\/ip\/2017\/11\/21\/embajador-de-japon-se-interiorizo-sobre-funcionamiento-del-hospital-de-clinicas\/","name":"Embajador de Jap\u00f3n se interioriz\u00f3 sobre funcionamiento del Hospital de Cl\u00ednicas - .::Agencia IP::.","isPartOf":{"@id":"https:\/\/www.ip.gov.py\/ip\/#website"},"primaryImageOfPage":{"@id":"https:\/\/www.ip.gov.py\/ip\/2017\/11\/21\/embajador-de-japon-se-interiorizo-sobre-funcionamiento-del-hospital-de-clinicas\/#primaryimage"},"image":{"@id":"https:\/\/www.ip.gov.py\/ip\/2017\/11\/21\/embajador-de-japon-se-interiorizo-sobre-funcionamiento-del-hospital-de-clinicas\/#primaryimage"},"thumbnailUrl":"https:\/\/www.ip.gov.py\/ip\/wp-content\/uploads\/2017\/11\/recorrido-del-embajador-de-Japon-en-Clinicas.jpg","datePublished":"2017-11-21T17:03:49+00:00","breadcrumb":{"@id":"https:\/\/www.ip.gov.py\/ip\/2017\/11\/21\/embajador-de-japon-se-interiorizo-sobre-funcionamiento-del-hospital-de-clinicas\/#breadcrumb"},"inLanguage":"es","potentialAction":[{"@type":"ReadAction","target":["https:\/\/www.ip.gov.py\/ip\/2017\/11\/21\/embajador-de-japon-se-interiorizo-sobre-funcionamiento-del-hospital-de-clinicas\/"]}]},{"@type":"ImageObject","inLanguage":"es","@id":"https:\/\/www.ip.gov.py\/ip\/2017\/11\/21\/embajador-de-japon-se-interiorizo-sobre-funcionamiento-del-hospital-de-clinicas\/#primaryimage","url":"https:\/\/www.ip.gov.py\/ip\/wp-content\/uploads\/2017\/11\/recorrido-del-embajador-de-Japon-en-Clinicas.jpg","contentUrl":"https:\/\/www.ip.gov.py\/ip\/wp-content\/uploads\/2017\/11\/recorrido-del-embajador-de-Japon-en-Clinicas.jpg","width":1005,"height":666,"caption":"El embajador de Jap\u00f3n (c) recorri\u00f3 las instalaciones del Hospital de Cl\u00ednicas. Foto gentileza"},{"@type":"BreadcrumbList","@id":"https:\/\/www.ip.gov.py\/ip\/2017\/11\/21\/embajador-de-japon-se-interiorizo-sobre-funcionamiento-del-hospital-de-clinicas\/#breadcrumb","itemListElement":[{"@type":"ListItem","position":1,"name":"Portada","item":"https:\/\/www.ip.gov.py\/ip\/"},{"@type":"ListItem","position":2,"name":"Embajador de Jap\u00f3n se interioriz\u00f3 sobre funcionamiento del Hospital de Cl\u00ednicas"}]},{"@type":"WebSite","@id":"https:\/\/www.ip.gov.py\/ip\/#website","url":"https:\/\/www.ip.gov.py\/ip\/","name":".::Agencia IP::.","description":"","publisher":{"@id":"https:\/\/www.ip.gov.py\/ip\/#organization"},"potentialAction":[{"@type":"SearchAction","target":{"@type":"EntryPoint","urlTemplate":"https:\/\/www.ip.gov.py\/ip\/?s={search_term_string}"},"query-input":{"@type":"PropertyValueSpecification","valueRequired":true,"valueName":"search_term_string"}}],"inLanguage":"es"},{"@type":"Organization","@id":"https:\/\/www.ip.gov.py\/ip\/#organization","name":"Agencia IP","url":"https:\/\/www.ip.gov.py\/ip\/","logo":{"@type":"ImageObject","inLanguage":"es","@id":"https:\/\/www.ip.gov.py\/ip\/#\/schema\/logo\/image\/","url":"https:\/\/www.ip.gov.py\/ip\/wp-content\/uploads\/2018\/01\/Agencia-IP.jpg","contentUrl":"https:\/\/www.ip.gov.py\/ip\/wp-content\/uploads\/2018\/01\/Agencia-IP.jpg","width":150,"height":150,"caption":"Agencia IP"},"image":{"@id":"https:\/\/www.ip.gov.py\/ip\/#\/schema\/logo\/image\/"},"sameAs":["https:\/\/www.facebook.com\/IPParaguay\/","https:\/\/x.com\/IPParaguay","https:\/\/www.instagram.com\/IPParaguay"]},{"@type":"Person","@id":"https:\/\/www.ip.gov.py\/ip\/#\/schema\/person\/a1d87c4a65d7fd4ede9132995e2576d7","name":"@dm1n","url":"https:\/\/www.ip.gov.py\/ip\/author\/dm1n\/"}]}},"_links":{"self":[{"href":"https:\/\/www.ip.gov.py\/ip\/wp-json\/wp\/v2\/posts\/195959","targetHints":{"allow":["GET"]}}],"collection":[{"href":"https:\/\/www.ip.gov.py\/ip\/wp-json\/wp\/v2\/posts"}],"about":[{"href":"https:\/\/www.ip.gov.py\/ip\/wp-json\/wp\/v2\/types\/post"}],"author":[{"embeddable":true,"href":"https:\/\/www.ip.gov.py\/ip\/wp-json\/wp\/v2\/users\/1"}],"replies":[{"embeddable":true,"href":"https:\/\/www.ip.gov.py\/ip\/wp-json\/wp\/v2\/comments?post=195959"}],"version-history":[{"count":0,"href":"https:\/\/www.ip.gov.py\/ip\/wp-json\/wp\/v2\/posts\/195959\/revisions"}],"wp:featuredmedia":[{"embeddable":true,"href":"https:\/\/www.ip.gov.py\/ip\/wp-json\/wp\/v2\/media\/195961"}],"wp:attachment":[{"href":"https:\/\/www.ip.gov.py\/ip\/wp-json\/wp\/v2\/media?parent=195959"}],"wp:term":[{"taxonomy":"category","embeddable":true,"href":"https:\/\/www.ip.gov.py\/ip\/wp-json\/wp\/v2\/categories?post=195959"},{"taxonomy":"post_tag","embeddable":true,"href":"https:\/\/www.ip.gov.py\/ip\/wp-json\/wp\/v2\/tags?post=195959"}],"curies":[{"name":"wp","href":"https:\/\/api.w.org\/{rel}","templated":true}]}}