{"id":196371,"date":"2017-11-23T13:59:32","date_gmt":"2017-11-23T16:59:32","guid":{"rendered":"http:\/\/desarrollo.ip.gov.py\/ip\/?p=196371"},"modified":"2017-11-23T13:59:32","modified_gmt":"2017-11-23T16:59:32","slug":"ministra-de-la-juventud-los-jovenes-no-piden-que-se-les-regale-nada-solo-una-oportunidad","status":"publish","type":"post","link":"https:\/\/www.ip.gov.py\/ip\/2017\/11\/23\/ministra-de-la-juventud-los-jovenes-no-piden-que-se-les-regale-nada-solo-una-oportunidad\/","title":{"rendered":"Ministra de la Juventud: \u201cLos j\u00f3venes no piden que se les regale nada, solo una oportunidad\u201d"},"content":{"rendered":"<p style=\"text-align: justify;\"><em><strong>Asunci\u00f3n, IP.-<\/strong><\/em> La ministra de la Secretar\u00eda Nacional de la Juventud, Magal\u00ed C\u00e1ceres, convers\u00f3 con <strong>Radio Nacional del Paraguay<\/strong> (RNP) sobre el cierre de recorrido que realiz\u00f3 con su equipo t\u00e9cnico por los 17 departamentos, para conocer las inquietudes y necesidades de los j\u00f3venes paraguayos.<!--more--><\/p>\n<p style=\"text-align: justify;\">\u201cHemos cumplido la meta de llegar a los 17 departamentos no solamente para entregar un total de 2450 becas para j\u00f3venes de escasos recursos, sino para reunirnos con j\u00f3venes de distintos sectores y escuchar cuales son las necesidades del d\u00eda a d\u00eda, entendiendo que las necesidades no son las mismas en los diferentes departamentos\u201d, mencion\u00f3 la ministra.<\/p>\n<p style=\"text-align: justify;\">Se\u00f1al\u00f3 que con los recorridos buscan adem\u00e1s potenciar el trabajo articulado con los gobiernos locales y municipios y potenciar las tecnolog\u00edas, teniendo en cuenta que el 84% de los j\u00f3venes paraguayos tienen acceso a internet.<\/p>\n<p style=\"text-align: justify;\">Agreg\u00f3 que se encuentra en etapa final de desarrollo un portal digital de oportunidades que centralizar\u00e1 todas las oportunidades en materia de capacitaciones, empleos, becas, pasant\u00edas y temas de emprendedurismo \u201cCreemos que esta plataforma va ser una herramienta importante para que los j\u00f3venes puedan alcanzar su desarrollo en todos los sentidos, porque ellos no piden que se les regale nada, solo quieren una oportunidad\u201d, indic\u00f3 C\u00e1ceres.<\/p>\n<p style=\"text-align: justify;\">Mencion\u00f3 que siguen las reuniones con sectores p\u00fablicos y privados y la sociedad civil de todo el pa\u00eds. \u201cMantuvimos reuniones con m\u00e1s de 40 instituciones para verificar cuales son las oportunidades que ya existen y celebramos por esto el trabajo articulado, para hacer frente a los desaf\u00edos en materia de juventud\u201d.<\/p>\n<p style=\"text-align: justify;\">Al respecto mencion\u00f3 que trabajan de cerca con el SNPP para identificar en los encuentros departamentales cu\u00e1les son los cursos y capacitaciones que necesitan los j\u00f3venes y de acuerdo a ello dar respuestas eficaces.<\/p>\n<p style=\"text-align: justify;\">Finalmente mencion\u00f3 que las pol\u00edticas p\u00fablicas integrales de juventud estar\u00e1n reflejadas en el \u00a0Plan Nacional de Juventud, que actualmente se encuentra en etapa final de borrador, cuyos lineamientos son el resultado de los foros departamentales que se vienen realizando desde el a\u00f1o del 2014. \u201cdesde enero del pr\u00f3ximo a\u00f1o volveremos a los 17 departamentos con ese borrador bien armado y validar ese plan nacional\u201d, concluy\u00f3 la ministra de Juventud.<\/p>\n","protected":false},"excerpt":{"rendered":"<p>Asunci\u00f3n, IP.- La ministra de la Secretar\u00eda Nacional de la Juventud, Magal\u00ed C\u00e1ceres, convers\u00f3 con Radio Nacional del Paraguay (RNP) sobre el cierre de recorrido que realiz\u00f3 con su equipo t\u00e9cnico por los 17 departamentos, para conocer las inquietudes y necesidades de los j\u00f3venes paraguayos.<\/p>\n","protected":false},"author":1,"featured_media":196372,"comment_status":"closed","ping_status":"closed","sticky":false,"template":"","format":"standard","meta":{"_monsterinsights_skip_tracking":false,"_monsterinsights_sitenote_active":false,"_monsterinsights_sitenote_note":"","_monsterinsights_sitenote_category":0,"footnotes":""},"categories":[4],"tags":[2724,2725,2726],"class_list":{"0":"post-196371","1":"post","2":"type-post","3":"status-publish","4":"format-standard","5":"has-post-thumbnail","7":"category-nacionales","8":"tag-plan-nacional-de-juventud","9":"tag-politicas-publicas-de-juventud","10":"tag-secretaria-nacional-de-la-juventud"},"yoast_head":"<!-- This site is optimized with the Yoast SEO plugin v27.5 - https:\/\/yoast.com\/product\/yoast-seo-wordpress\/ -->\n<title>Ministra de la Juventud: \u201cLos j\u00f3venes no piden que se les regale nada, solo una oportunidad\u201d - .::Agencia IP::.<\/title>\n<meta name=\"robots\" content=\"index, follow, max-snippet:-1, max-image-preview:large, max-video-preview:-1\" \/>\n<link rel=\"canonical\" href=\"https:\/\/www.ip.gov.py\/ip\/2017\/11\/23\/ministra-de-la-juventud-los-jovenes-no-piden-que-se-les-regale-nada-solo-una-oportunidad\/\" \/>\n<meta property=\"og:locale\" content=\"es_ES\" \/>\n<meta property=\"og:type\" content=\"article\" \/>\n<meta property=\"og:title\" content=\"Ministra de la Juventud: \u201cLos j\u00f3venes no piden que se les regale nada, solo una oportunidad\u201d - .::Agencia IP::.\" \/>\n<meta property=\"og:description\" content=\"Asunci\u00f3n, IP.- La ministra de la Secretar\u00eda Nacional de la Juventud, Magal\u00ed C\u00e1ceres, convers\u00f3 con Radio Nacional del Paraguay (RNP) sobre el cierre de recorrido que realiz\u00f3 con su equipo t\u00e9cnico por los 17 departamentos, para conocer las inquietudes y necesidades de los j\u00f3venes paraguayos.\" \/>\n<meta property=\"og:url\" content=\"https:\/\/www.ip.gov.py\/ip\/2017\/11\/23\/ministra-de-la-juventud-los-jovenes-no-piden-que-se-les-regale-nada-solo-una-oportunidad\/\" \/>\n<meta property=\"og:site_name\" content=\".::Agencia IP::.\" \/>\n<meta property=\"article:publisher\" content=\"https:\/\/www.facebook.com\/IPParaguay\/\" \/>\n<meta property=\"article:published_time\" content=\"2017-11-23T16:59:32+00:00\" \/>\n<meta property=\"og:image\" content=\"https:\/\/www.ip.gov.py\/ip\/wp-content\/uploads\/2017\/11\/WhatsApp-Image-2017-11-22-at-15.43.07_q2jo7g6y.jpeg\" \/>\n\t<meta property=\"og:image:width\" content=\"600\" \/>\n\t<meta property=\"og:image:height\" content=\"397\" \/>\n\t<meta property=\"og:image:type\" content=\"image\/jpeg\" \/>\n<meta name=\"author\" content=\"@dm1n\" \/>\n<meta name=\"twitter:card\" content=\"summary_large_image\" \/>\n<meta name=\"twitter:creator\" content=\"@IPParaguay\" \/>\n<meta name=\"twitter:site\" content=\"@IPParaguay\" \/>\n<meta name=\"twitter:label1\" content=\"Escrito por\" \/>\n\t<meta name=\"twitter:data1\" content=\"@dm1n\" \/>\n\t<meta name=\"twitter:label2\" content=\"Tiempo de lectura\" \/>\n\t<meta name=\"twitter:data2\" content=\"2 minutos\" \/>\n<script type=\"application\/ld+json\" class=\"yoast-schema-graph\">{\"@context\":\"https:\\\/\\\/schema.org\",\"@graph\":[{\"@type\":\"Article\",\"@id\":\"https:\\\/\\\/www.ip.gov.py\\\/ip\\\/2017\\\/11\\\/23\\\/ministra-de-la-juventud-los-jovenes-no-piden-que-se-les-regale-nada-solo-una-oportunidad\\\/#article\",\"isPartOf\":{\"@id\":\"https:\\\/\\\/www.ip.gov.py\\\/ip\\\/2017\\\/11\\\/23\\\/ministra-de-la-juventud-los-jovenes-no-piden-que-se-les-regale-nada-solo-una-oportunidad\\\/\"},\"author\":{\"name\":\"@dm1n\",\"@id\":\"https:\\\/\\\/www.ip.gov.py\\\/ip\\\/#\\\/schema\\\/person\\\/a1d87c4a65d7fd4ede9132995e2576d7\"},\"headline\":\"Ministra de la Juventud: \u201cLos j\u00f3venes no piden que se les regale nada, solo una oportunidad\u201d\",\"datePublished\":\"2017-11-23T16:59:32+00:00\",\"mainEntityOfPage\":{\"@id\":\"https:\\\/\\\/www.ip.gov.py\\\/ip\\\/2017\\\/11\\\/23\\\/ministra-de-la-juventud-los-jovenes-no-piden-que-se-les-regale-nada-solo-una-oportunidad\\\/\"},\"wordCount\":396,\"publisher\":{\"@id\":\"https:\\\/\\\/www.ip.gov.py\\\/ip\\\/#organization\"},\"image\":{\"@id\":\"https:\\\/\\\/www.ip.gov.py\\\/ip\\\/2017\\\/11\\\/23\\\/ministra-de-la-juventud-los-jovenes-no-piden-que-se-les-regale-nada-solo-una-oportunidad\\\/#primaryimage\"},\"thumbnailUrl\":\"https:\\\/\\\/www.ip.gov.py\\\/ip\\\/wp-content\\\/uploads\\\/2017\\\/11\\\/WhatsApp-Image-2017-11-22-at-15.43.07_q2jo7g6y.jpeg\",\"keywords\":[\"Plan Nacional de Juventud\",\"Politicas p\u00fablicas de juventud\",\"Secretar\u00eda Nacional de la Juventud\"],\"articleSection\":[\"Nacionales\"],\"inLanguage\":\"es\"},{\"@type\":\"WebPage\",\"@id\":\"https:\\\/\\\/www.ip.gov.py\\\/ip\\\/2017\\\/11\\\/23\\\/ministra-de-la-juventud-los-jovenes-no-piden-que-se-les-regale-nada-solo-una-oportunidad\\\/\",\"url\":\"https:\\\/\\\/www.ip.gov.py\\\/ip\\\/2017\\\/11\\\/23\\\/ministra-de-la-juventud-los-jovenes-no-piden-que-se-les-regale-nada-solo-una-oportunidad\\\/\",\"name\":\"Ministra de la Juventud: \u201cLos j\u00f3venes no piden que se les regale nada, solo una oportunidad\u201d - .::Agencia IP::.\",\"isPartOf\":{\"@id\":\"https:\\\/\\\/www.ip.gov.py\\\/ip\\\/#website\"},\"primaryImageOfPage\":{\"@id\":\"https:\\\/\\\/www.ip.gov.py\\\/ip\\\/2017\\\/11\\\/23\\\/ministra-de-la-juventud-los-jovenes-no-piden-que-se-les-regale-nada-solo-una-oportunidad\\\/#primaryimage\"},\"image\":{\"@id\":\"https:\\\/\\\/www.ip.gov.py\\\/ip\\\/2017\\\/11\\\/23\\\/ministra-de-la-juventud-los-jovenes-no-piden-que-se-les-regale-nada-solo-una-oportunidad\\\/#primaryimage\"},\"thumbnailUrl\":\"https:\\\/\\\/www.ip.gov.py\\\/ip\\\/wp-content\\\/uploads\\\/2017\\\/11\\\/WhatsApp-Image-2017-11-22-at-15.43.07_q2jo7g6y.jpeg\",\"datePublished\":\"2017-11-23T16:59:32+00:00\",\"breadcrumb\":{\"@id\":\"https:\\\/\\\/www.ip.gov.py\\\/ip\\\/2017\\\/11\\\/23\\\/ministra-de-la-juventud-los-jovenes-no-piden-que-se-les-regale-nada-solo-una-oportunidad\\\/#breadcrumb\"},\"inLanguage\":\"es\",\"potentialAction\":[{\"@type\":\"ReadAction\",\"target\":[\"https:\\\/\\\/www.ip.gov.py\\\/ip\\\/2017\\\/11\\\/23\\\/ministra-de-la-juventud-los-jovenes-no-piden-que-se-les-regale-nada-solo-una-oportunidad\\\/\"]}]},{\"@type\":\"ImageObject\",\"inLanguage\":\"es\",\"@id\":\"https:\\\/\\\/www.ip.gov.py\\\/ip\\\/2017\\\/11\\\/23\\\/ministra-de-la-juventud-los-jovenes-no-piden-que-se-les-regale-nada-solo-una-oportunidad\\\/#primaryimage\",\"url\":\"https:\\\/\\\/www.ip.gov.py\\\/ip\\\/wp-content\\\/uploads\\\/2017\\\/11\\\/WhatsApp-Image-2017-11-22-at-15.43.07_q2jo7g6y.jpeg\",\"contentUrl\":\"https:\\\/\\\/www.ip.gov.py\\\/ip\\\/wp-content\\\/uploads\\\/2017\\\/11\\\/WhatsApp-Image-2017-11-22-at-15.43.07_q2jo7g6y.jpeg\",\"width\":600,\"height\":397,\"caption\":\"\u00daltimo encuentro con j\u00f3venes del departamento de Boquer\u00f3n, con el que concluy\u00f3 la gira por los 17 departamentos que realiz\u00f3 la ministra. Foto SNJ\"},{\"@type\":\"BreadcrumbList\",\"@id\":\"https:\\\/\\\/www.ip.gov.py\\\/ip\\\/2017\\\/11\\\/23\\\/ministra-de-la-juventud-los-jovenes-no-piden-que-se-les-regale-nada-solo-una-oportunidad\\\/#breadcrumb\",\"itemListElement\":[{\"@type\":\"ListItem\",\"position\":1,\"name\":\"Portada\",\"item\":\"https:\\\/\\\/www.ip.gov.py\\\/ip\\\/\"},{\"@type\":\"ListItem\",\"position\":2,\"name\":\"Ministra de la Juventud: \u201cLos j\u00f3venes no piden que se les regale nada, solo una oportunidad\u201d\"}]},{\"@type\":\"WebSite\",\"@id\":\"https:\\\/\\\/www.ip.gov.py\\\/ip\\\/#website\",\"url\":\"https:\\\/\\\/www.ip.gov.py\\\/ip\\\/\",\"name\":\".::Agencia IP::.\",\"description\":\"\",\"publisher\":{\"@id\":\"https:\\\/\\\/www.ip.gov.py\\\/ip\\\/#organization\"},\"potentialAction\":[{\"@type\":\"SearchAction\",\"target\":{\"@type\":\"EntryPoint\",\"urlTemplate\":\"https:\\\/\\\/www.ip.gov.py\\\/ip\\\/?s={search_term_string}\"},\"query-input\":{\"@type\":\"PropertyValueSpecification\",\"valueRequired\":true,\"valueName\":\"search_term_string\"}}],\"inLanguage\":\"es\"},{\"@type\":\"Organization\",\"@id\":\"https:\\\/\\\/www.ip.gov.py\\\/ip\\\/#organization\",\"name\":\"Agencia IP\",\"url\":\"https:\\\/\\\/www.ip.gov.py\\\/ip\\\/\",\"logo\":{\"@type\":\"ImageObject\",\"inLanguage\":\"es\",\"@id\":\"https:\\\/\\\/www.ip.gov.py\\\/ip\\\/#\\\/schema\\\/logo\\\/image\\\/\",\"url\":\"https:\\\/\\\/www.ip.gov.py\\\/ip\\\/wp-content\\\/uploads\\\/2018\\\/01\\\/Agencia-IP.jpg\",\"contentUrl\":\"https:\\\/\\\/www.ip.gov.py\\\/ip\\\/wp-content\\\/uploads\\\/2018\\\/01\\\/Agencia-IP.jpg\",\"width\":150,\"height\":150,\"caption\":\"Agencia IP\"},\"image\":{\"@id\":\"https:\\\/\\\/www.ip.gov.py\\\/ip\\\/#\\\/schema\\\/logo\\\/image\\\/\"},\"sameAs\":[\"https:\\\/\\\/www.facebook.com\\\/IPParaguay\\\/\",\"https:\\\/\\\/x.com\\\/IPParaguay\",\"https:\\\/\\\/www.instagram.com\\\/IPParaguay\"]},{\"@type\":\"Person\",\"@id\":\"https:\\\/\\\/www.ip.gov.py\\\/ip\\\/#\\\/schema\\\/person\\\/a1d87c4a65d7fd4ede9132995e2576d7\",\"name\":\"@dm1n\",\"url\":\"https:\\\/\\\/www.ip.gov.py\\\/ip\\\/author\\\/dm1n\\\/\"}]}<\/script>\n<!-- \/ Yoast SEO plugin. -->","yoast_head_json":{"title":"Ministra de la Juventud: \u201cLos j\u00f3venes no piden que se les regale nada, solo una oportunidad\u201d - .::Agencia IP::.","robots":{"index":"index","follow":"follow","max-snippet":"max-snippet:-1","max-image-preview":"max-image-preview:large","max-video-preview":"max-video-preview:-1"},"canonical":"https:\/\/www.ip.gov.py\/ip\/2017\/11\/23\/ministra-de-la-juventud-los-jovenes-no-piden-que-se-les-regale-nada-solo-una-oportunidad\/","og_locale":"es_ES","og_type":"article","og_title":"Ministra de la Juventud: \u201cLos j\u00f3venes no piden que se les regale nada, solo una oportunidad\u201d - .::Agencia IP::.","og_description":"Asunci\u00f3n, IP.- La ministra de la Secretar\u00eda Nacional de la Juventud, Magal\u00ed C\u00e1ceres, convers\u00f3 con Radio Nacional del Paraguay (RNP) sobre el cierre de recorrido que realiz\u00f3 con su equipo t\u00e9cnico por los 17 departamentos, para conocer las inquietudes y necesidades de los j\u00f3venes paraguayos.","og_url":"https:\/\/www.ip.gov.py\/ip\/2017\/11\/23\/ministra-de-la-juventud-los-jovenes-no-piden-que-se-les-regale-nada-solo-una-oportunidad\/","og_site_name":".::Agencia IP::.","article_publisher":"https:\/\/www.facebook.com\/IPParaguay\/","article_published_time":"2017-11-23T16:59:32+00:00","og_image":[{"width":600,"height":397,"url":"https:\/\/www.ip.gov.py\/ip\/wp-content\/uploads\/2017\/11\/WhatsApp-Image-2017-11-22-at-15.43.07_q2jo7g6y.jpeg","type":"image\/jpeg"}],"author":"@dm1n","twitter_card":"summary_large_image","twitter_creator":"@IPParaguay","twitter_site":"@IPParaguay","twitter_misc":{"Escrito por":"@dm1n","Tiempo de lectura":"2 minutos"},"schema":{"@context":"https:\/\/schema.org","@graph":[{"@type":"Article","@id":"https:\/\/www.ip.gov.py\/ip\/2017\/11\/23\/ministra-de-la-juventud-los-jovenes-no-piden-que-se-les-regale-nada-solo-una-oportunidad\/#article","isPartOf":{"@id":"https:\/\/www.ip.gov.py\/ip\/2017\/11\/23\/ministra-de-la-juventud-los-jovenes-no-piden-que-se-les-regale-nada-solo-una-oportunidad\/"},"author":{"name":"@dm1n","@id":"https:\/\/www.ip.gov.py\/ip\/#\/schema\/person\/a1d87c4a65d7fd4ede9132995e2576d7"},"headline":"Ministra de la Juventud: \u201cLos j\u00f3venes no piden que se les regale nada, solo una oportunidad\u201d","datePublished":"2017-11-23T16:59:32+00:00","mainEntityOfPage":{"@id":"https:\/\/www.ip.gov.py\/ip\/2017\/11\/23\/ministra-de-la-juventud-los-jovenes-no-piden-que-se-les-regale-nada-solo-una-oportunidad\/"},"wordCount":396,"publisher":{"@id":"https:\/\/www.ip.gov.py\/ip\/#organization"},"image":{"@id":"https:\/\/www.ip.gov.py\/ip\/2017\/11\/23\/ministra-de-la-juventud-los-jovenes-no-piden-que-se-les-regale-nada-solo-una-oportunidad\/#primaryimage"},"thumbnailUrl":"https:\/\/www.ip.gov.py\/ip\/wp-content\/uploads\/2017\/11\/WhatsApp-Image-2017-11-22-at-15.43.07_q2jo7g6y.jpeg","keywords":["Plan Nacional de Juventud","Politicas p\u00fablicas de juventud","Secretar\u00eda Nacional de la Juventud"],"articleSection":["Nacionales"],"inLanguage":"es"},{"@type":"WebPage","@id":"https:\/\/www.ip.gov.py\/ip\/2017\/11\/23\/ministra-de-la-juventud-los-jovenes-no-piden-que-se-les-regale-nada-solo-una-oportunidad\/","url":"https:\/\/www.ip.gov.py\/ip\/2017\/11\/23\/ministra-de-la-juventud-los-jovenes-no-piden-que-se-les-regale-nada-solo-una-oportunidad\/","name":"Ministra de la Juventud: \u201cLos j\u00f3venes no piden que se les regale nada, solo una oportunidad\u201d - .::Agencia IP::.","isPartOf":{"@id":"https:\/\/www.ip.gov.py\/ip\/#website"},"primaryImageOfPage":{"@id":"https:\/\/www.ip.gov.py\/ip\/2017\/11\/23\/ministra-de-la-juventud-los-jovenes-no-piden-que-se-les-regale-nada-solo-una-oportunidad\/#primaryimage"},"image":{"@id":"https:\/\/www.ip.gov.py\/ip\/2017\/11\/23\/ministra-de-la-juventud-los-jovenes-no-piden-que-se-les-regale-nada-solo-una-oportunidad\/#primaryimage"},"thumbnailUrl":"https:\/\/www.ip.gov.py\/ip\/wp-content\/uploads\/2017\/11\/WhatsApp-Image-2017-11-22-at-15.43.07_q2jo7g6y.jpeg","datePublished":"2017-11-23T16:59:32+00:00","breadcrumb":{"@id":"https:\/\/www.ip.gov.py\/ip\/2017\/11\/23\/ministra-de-la-juventud-los-jovenes-no-piden-que-se-les-regale-nada-solo-una-oportunidad\/#breadcrumb"},"inLanguage":"es","potentialAction":[{"@type":"ReadAction","target":["https:\/\/www.ip.gov.py\/ip\/2017\/11\/23\/ministra-de-la-juventud-los-jovenes-no-piden-que-se-les-regale-nada-solo-una-oportunidad\/"]}]},{"@type":"ImageObject","inLanguage":"es","@id":"https:\/\/www.ip.gov.py\/ip\/2017\/11\/23\/ministra-de-la-juventud-los-jovenes-no-piden-que-se-les-regale-nada-solo-una-oportunidad\/#primaryimage","url":"https:\/\/www.ip.gov.py\/ip\/wp-content\/uploads\/2017\/11\/WhatsApp-Image-2017-11-22-at-15.43.07_q2jo7g6y.jpeg","contentUrl":"https:\/\/www.ip.gov.py\/ip\/wp-content\/uploads\/2017\/11\/WhatsApp-Image-2017-11-22-at-15.43.07_q2jo7g6y.jpeg","width":600,"height":397,"caption":"\u00daltimo encuentro con j\u00f3venes del departamento de Boquer\u00f3n, con el que concluy\u00f3 la gira por los 17 departamentos que realiz\u00f3 la ministra. Foto SNJ"},{"@type":"BreadcrumbList","@id":"https:\/\/www.ip.gov.py\/ip\/2017\/11\/23\/ministra-de-la-juventud-los-jovenes-no-piden-que-se-les-regale-nada-solo-una-oportunidad\/#breadcrumb","itemListElement":[{"@type":"ListItem","position":1,"name":"Portada","item":"https:\/\/www.ip.gov.py\/ip\/"},{"@type":"ListItem","position":2,"name":"Ministra de la Juventud: \u201cLos j\u00f3venes no piden que se les regale nada, solo una oportunidad\u201d"}]},{"@type":"WebSite","@id":"https:\/\/www.ip.gov.py\/ip\/#website","url":"https:\/\/www.ip.gov.py\/ip\/","name":".::Agencia IP::.","description":"","publisher":{"@id":"https:\/\/www.ip.gov.py\/ip\/#organization"},"potentialAction":[{"@type":"SearchAction","target":{"@type":"EntryPoint","urlTemplate":"https:\/\/www.ip.gov.py\/ip\/?s={search_term_string}"},"query-input":{"@type":"PropertyValueSpecification","valueRequired":true,"valueName":"search_term_string"}}],"inLanguage":"es"},{"@type":"Organization","@id":"https:\/\/www.ip.gov.py\/ip\/#organization","name":"Agencia IP","url":"https:\/\/www.ip.gov.py\/ip\/","logo":{"@type":"ImageObject","inLanguage":"es","@id":"https:\/\/www.ip.gov.py\/ip\/#\/schema\/logo\/image\/","url":"https:\/\/www.ip.gov.py\/ip\/wp-content\/uploads\/2018\/01\/Agencia-IP.jpg","contentUrl":"https:\/\/www.ip.gov.py\/ip\/wp-content\/uploads\/2018\/01\/Agencia-IP.jpg","width":150,"height":150,"caption":"Agencia IP"},"image":{"@id":"https:\/\/www.ip.gov.py\/ip\/#\/schema\/logo\/image\/"},"sameAs":["https:\/\/www.facebook.com\/IPParaguay\/","https:\/\/x.com\/IPParaguay","https:\/\/www.instagram.com\/IPParaguay"]},{"@type":"Person","@id":"https:\/\/www.ip.gov.py\/ip\/#\/schema\/person\/a1d87c4a65d7fd4ede9132995e2576d7","name":"@dm1n","url":"https:\/\/www.ip.gov.py\/ip\/author\/dm1n\/"}]}},"_links":{"self":[{"href":"https:\/\/www.ip.gov.py\/ip\/wp-json\/wp\/v2\/posts\/196371","targetHints":{"allow":["GET"]}}],"collection":[{"href":"https:\/\/www.ip.gov.py\/ip\/wp-json\/wp\/v2\/posts"}],"about":[{"href":"https:\/\/www.ip.gov.py\/ip\/wp-json\/wp\/v2\/types\/post"}],"author":[{"embeddable":true,"href":"https:\/\/www.ip.gov.py\/ip\/wp-json\/wp\/v2\/users\/1"}],"replies":[{"embeddable":true,"href":"https:\/\/www.ip.gov.py\/ip\/wp-json\/wp\/v2\/comments?post=196371"}],"version-history":[{"count":0,"href":"https:\/\/www.ip.gov.py\/ip\/wp-json\/wp\/v2\/posts\/196371\/revisions"}],"wp:featuredmedia":[{"embeddable":true,"href":"https:\/\/www.ip.gov.py\/ip\/wp-json\/wp\/v2\/media\/196372"}],"wp:attachment":[{"href":"https:\/\/www.ip.gov.py\/ip\/wp-json\/wp\/v2\/media?parent=196371"}],"wp:term":[{"taxonomy":"category","embeddable":true,"href":"https:\/\/www.ip.gov.py\/ip\/wp-json\/wp\/v2\/categories?post=196371"},{"taxonomy":"post_tag","embeddable":true,"href":"https:\/\/www.ip.gov.py\/ip\/wp-json\/wp\/v2\/tags?post=196371"}],"curies":[{"name":"wp","href":"https:\/\/api.w.org\/{rel}","templated":true}]}}