{"id":241556,"date":"2018-09-30T12:22:48","date_gmt":"2018-09-30T16:22:48","guid":{"rendered":"https:\/\/www.ip.gov.py\/ip\/?p=241556"},"modified":"2018-09-30T12:27:51","modified_gmt":"2018-09-30T16:27:51","slug":"declaran-toque-de-queda-en-camerun","status":"publish","type":"post","link":"https:\/\/www.ip.gov.py\/ip\/2018\/09\/30\/declaran-toque-de-queda-en-camerun\/","title":{"rendered":"Declaran toque de queda en Camer\u00fan"},"content":{"rendered":"<p style=\"text-align: justify;\"><em><strong>Yaund\u00e9.-<\/strong><\/em> Los gobernadores de las regiones de habla inglesa del noroeste y del suroeste de Camer\u00fan declararon hoy un toque de queda de dos d\u00edas, en la v\u00edspera del primer aniversario desde que los separatistas proclamaran de forma simb\u00f3lica su independencia en 2017, confirmaron a Efe fuentes oficiales.<!--more--><\/p>\n<p style=\"text-align: justify;\">Esta medida implica, en casi todas las ciudades de ambas regiones, la restricci\u00f3n de movimiento tanto de bienes como de personas, la prohibici\u00f3n de reunirse y del uso del transporte p\u00fablico y privado; as\u00ed como el cierre de negocios.<\/p>\n<p style=\"text-align: justify;\">\u00abEsta medida tiene como objetivo evitar la celebraci\u00f3n de manifestaciones el pr\u00f3ximo 1 de octubre, fecha de conmemoraci\u00f3n de la Independencia del Camer\u00fan de habla inglesa\u00bb, confirm\u00f3 a Efe una fuente de seguridad de la ciudad suroccidental de Buea.<\/p>\n<p style=\"text-align: justify;\">Las autoridades temen que los numerosos grupos separatistas pasen a la acci\u00f3n durante estos d\u00edas, previos a las elecciones generales del pr\u00f3ximo 7 de octubre, en las que el presidente Paul Biya, de 85 a\u00f1os, se postula para un s\u00e9ptimo mandato.<\/p>\n<p style=\"text-align: justify;\">Uno de los l\u00edderes rebeldes de Ambazonia -como denominan estos grupos armados a las dos regiones de habla inglesa-, Cho Ayaba, amenaz\u00f3 recientemente en su Facebook con promover \u00abacciones importantes a partir del 1 de octubre\u00bb con el fin de demostrar \u00abqui\u00e9n controla realmente las \u00e1reas angl\u00f3fonas\u00bb.<\/p>\n<p style=\"text-align: justify;\">La denominada \u00abcrisis angl\u00f3fona\u00bb comenz\u00f3 en 2016, pero desde finales del a\u00f1o pasado se recrudeci\u00f3 como consecuencia de la dura represi\u00f3n del Ej\u00e9rcito y la aparici\u00f3n de grupos armados, como las Fuerzas de Defensa de la Ambazonia (ADF), que reclaman la independencia de este 20 % del territorio nacional.<\/p>\n<figure id=\"attachment_241559\" aria-describedby=\"caption-attachment-241559\" style=\"width: 289px\" class=\"wp-caption alignright\"><img loading=\"lazy\" decoding=\"async\" class=\" wp-image-241559\" src=\"https:\/\/www.ip.gov.py\/ip\/wp-content\/uploads\/2018\/09\/camerun-africa-537x600.gif\" alt=\"\" width=\"289\" height=\"323\" srcset=\"https:\/\/www.ip.gov.py\/ip\/wp-content\/uploads\/2018\/09\/camerun-africa-537x600.gif 537w, https:\/\/www.ip.gov.py\/ip\/wp-content\/uploads\/2018\/09\/camerun-africa-376x420.gif 376w\" sizes=\"auto, (max-width: 289px) 100vw, 289px\" \/><figcaption id=\"caption-attachment-241559\" class=\"wp-caption-text\">Camer\u00fan en el mapa de \u00c1frica<\/figcaption><\/figure>\n<p style=\"text-align: justify;\">El 1 de octubre del a\u00f1o pasado -fecha que conmemora la reunificaci\u00f3n de Camer\u00fan en 1961- grupos nacionalistas angl\u00f3fonos autoproclamaron de forma simb\u00f3lica la independencia de Ambazonia, siendo reprimidos por el Ej\u00e9rcito.<\/p>\n<p style=\"text-align: justify;\">Al menos 40 manifestantes murieron a causa de la violencia policial, seg\u00fan International Crisis Group (ICG), que cont\u00f3 \u00abdecenas de miles de manifestantes\u00bb.<\/p>\n<p style=\"text-align: justify;\">Desde el inicio de este crisis, al menos 3.000 civiles y unos 150 militares han muerto, seg\u00fan el Centro Subregional para los Derechos Humanos y la Democracia en el \u00c1frica Central (Acnudh), y m\u00e1s de 200.000 personas han sido desplazadas. EFE<\/p>\n","protected":false},"excerpt":{"rendered":"<p>Yaund\u00e9.- Los gobernadores de las regiones de habla inglesa del noroeste y del suroeste de Camer\u00fan declararon hoy un toque de queda de dos d\u00edas, en la v\u00edspera del primer aniversario desde que los separatistas proclamaran de forma simb\u00f3lica su independencia en 2017, confirmaron a Efe fuentes oficiales.<\/p>\n","protected":false},"author":19,"featured_media":241557,"comment_status":"closed","ping_status":"closed","sticky":false,"template":"","format":"standard","meta":{"_monsterinsights_skip_tracking":false,"_monsterinsights_sitenote_active":false,"_monsterinsights_sitenote_note":"","_monsterinsights_sitenote_category":0,"footnotes":""},"categories":[5],"tags":[],"class_list":{"0":"post-241556","1":"post","2":"type-post","3":"status-publish","4":"format-standard","5":"has-post-thumbnail","7":"category-internacionales"},"yoast_head":"<!-- This site is optimized with the Yoast SEO plugin v27.5 - https:\/\/yoast.com\/product\/yoast-seo-wordpress\/ -->\n<title>Declaran toque de queda en Camer\u00fan - .::Agencia IP::.<\/title>\n<meta name=\"robots\" content=\"index, follow, max-snippet:-1, max-image-preview:large, max-video-preview:-1\" \/>\n<link rel=\"canonical\" href=\"https:\/\/www.ip.gov.py\/ip\/2018\/09\/30\/declaran-toque-de-queda-en-camerun\/\" \/>\n<meta property=\"og:locale\" content=\"es_ES\" \/>\n<meta property=\"og:type\" content=\"article\" \/>\n<meta property=\"og:title\" content=\"Declaran toque de queda en Camer\u00fan - .::Agencia IP::.\" \/>\n<meta property=\"og:description\" content=\"Yaund\u00e9.- Los gobernadores de las regiones de habla inglesa del noroeste y del suroeste de Camer\u00fan declararon hoy un toque de queda de dos d\u00edas, en la v\u00edspera del primer aniversario desde que los separatistas proclamaran de forma simb\u00f3lica su independencia en 2017, confirmaron a Efe fuentes oficiales.\" \/>\n<meta property=\"og:url\" content=\"https:\/\/www.ip.gov.py\/ip\/2018\/09\/30\/declaran-toque-de-queda-en-camerun\/\" \/>\n<meta property=\"og:site_name\" content=\".::Agencia IP::.\" \/>\n<meta property=\"article:publisher\" content=\"https:\/\/www.facebook.com\/IPParaguay\/\" \/>\n<meta property=\"article:published_time\" content=\"2018-09-30T16:22:48+00:00\" \/>\n<meta property=\"article:modified_time\" content=\"2018-09-30T16:27:51+00:00\" \/>\n<meta property=\"og:image\" content=\"https:\/\/www.ip.gov.py\/ip\/wp-content\/uploads\/2018\/09\/Camerun-Conflicto-696x463.jpg\" \/>\n\t<meta property=\"og:image:width\" content=\"696\" \/>\n\t<meta property=\"og:image:height\" content=\"463\" \/>\n\t<meta property=\"og:image:type\" content=\"image\/jpeg\" \/>\n<meta name=\"author\" content=\"A R\" \/>\n<meta name=\"twitter:card\" content=\"summary_large_image\" \/>\n<meta name=\"twitter:creator\" content=\"@IPParaguay\" \/>\n<meta name=\"twitter:site\" content=\"@IPParaguay\" \/>\n<meta name=\"twitter:label1\" content=\"Escrito por\" \/>\n\t<meta name=\"twitter:data1\" content=\"A R\" \/>\n\t<meta name=\"twitter:label2\" content=\"Tiempo de lectura\" \/>\n\t<meta name=\"twitter:data2\" content=\"2 minutos\" \/>\n<script type=\"application\/ld+json\" class=\"yoast-schema-graph\">{\"@context\":\"https:\\\/\\\/schema.org\",\"@graph\":[{\"@type\":\"Article\",\"@id\":\"https:\\\/\\\/www.ip.gov.py\\\/ip\\\/2018\\\/09\\\/30\\\/declaran-toque-de-queda-en-camerun\\\/#article\",\"isPartOf\":{\"@id\":\"https:\\\/\\\/www.ip.gov.py\\\/ip\\\/2018\\\/09\\\/30\\\/declaran-toque-de-queda-en-camerun\\\/\"},\"author\":{\"name\":\"A R\",\"@id\":\"https:\\\/\\\/www.ip.gov.py\\\/ip\\\/#\\\/schema\\\/person\\\/e0e2c7d05c4ee9d322a97a877a17db31\"},\"headline\":\"Declaran toque de queda en Camer\u00fan\",\"datePublished\":\"2018-09-30T16:22:48+00:00\",\"dateModified\":\"2018-09-30T16:27:51+00:00\",\"mainEntityOfPage\":{\"@id\":\"https:\\\/\\\/www.ip.gov.py\\\/ip\\\/2018\\\/09\\\/30\\\/declaran-toque-de-queda-en-camerun\\\/\"},\"wordCount\":401,\"publisher\":{\"@id\":\"https:\\\/\\\/www.ip.gov.py\\\/ip\\\/#organization\"},\"image\":{\"@id\":\"https:\\\/\\\/www.ip.gov.py\\\/ip\\\/2018\\\/09\\\/30\\\/declaran-toque-de-queda-en-camerun\\\/#primaryimage\"},\"thumbnailUrl\":\"https:\\\/\\\/www.ip.gov.py\\\/ip\\\/wp-content\\\/uploads\\\/2018\\\/09\\\/Camerun-Conflicto-696x463.jpg\",\"articleSection\":[\"Internacionales\"],\"inLanguage\":\"es\"},{\"@type\":\"WebPage\",\"@id\":\"https:\\\/\\\/www.ip.gov.py\\\/ip\\\/2018\\\/09\\\/30\\\/declaran-toque-de-queda-en-camerun\\\/\",\"url\":\"https:\\\/\\\/www.ip.gov.py\\\/ip\\\/2018\\\/09\\\/30\\\/declaran-toque-de-queda-en-camerun\\\/\",\"name\":\"Declaran toque de queda en Camer\u00fan - .::Agencia IP::.\",\"isPartOf\":{\"@id\":\"https:\\\/\\\/www.ip.gov.py\\\/ip\\\/#website\"},\"primaryImageOfPage\":{\"@id\":\"https:\\\/\\\/www.ip.gov.py\\\/ip\\\/2018\\\/09\\\/30\\\/declaran-toque-de-queda-en-camerun\\\/#primaryimage\"},\"image\":{\"@id\":\"https:\\\/\\\/www.ip.gov.py\\\/ip\\\/2018\\\/09\\\/30\\\/declaran-toque-de-queda-en-camerun\\\/#primaryimage\"},\"thumbnailUrl\":\"https:\\\/\\\/www.ip.gov.py\\\/ip\\\/wp-content\\\/uploads\\\/2018\\\/09\\\/Camerun-Conflicto-696x463.jpg\",\"datePublished\":\"2018-09-30T16:22:48+00:00\",\"dateModified\":\"2018-09-30T16:27:51+00:00\",\"breadcrumb\":{\"@id\":\"https:\\\/\\\/www.ip.gov.py\\\/ip\\\/2018\\\/09\\\/30\\\/declaran-toque-de-queda-en-camerun\\\/#breadcrumb\"},\"inLanguage\":\"es\",\"potentialAction\":[{\"@type\":\"ReadAction\",\"target\":[\"https:\\\/\\\/www.ip.gov.py\\\/ip\\\/2018\\\/09\\\/30\\\/declaran-toque-de-queda-en-camerun\\\/\"]}]},{\"@type\":\"ImageObject\",\"inLanguage\":\"es\",\"@id\":\"https:\\\/\\\/www.ip.gov.py\\\/ip\\\/2018\\\/09\\\/30\\\/declaran-toque-de-queda-en-camerun\\\/#primaryimage\",\"url\":\"https:\\\/\\\/www.ip.gov.py\\\/ip\\\/wp-content\\\/uploads\\\/2018\\\/09\\\/Camerun-Conflicto-696x463.jpg\",\"contentUrl\":\"https:\\\/\\\/www.ip.gov.py\\\/ip\\\/wp-content\\\/uploads\\\/2018\\\/09\\\/Camerun-Conflicto-696x463.jpg\",\"width\":696,\"height\":463,\"caption\":\"Foto: cortes\u00eda www.wafrica.com\"},{\"@type\":\"BreadcrumbList\",\"@id\":\"https:\\\/\\\/www.ip.gov.py\\\/ip\\\/2018\\\/09\\\/30\\\/declaran-toque-de-queda-en-camerun\\\/#breadcrumb\",\"itemListElement\":[{\"@type\":\"ListItem\",\"position\":1,\"name\":\"Portada\",\"item\":\"https:\\\/\\\/www.ip.gov.py\\\/ip\\\/\"},{\"@type\":\"ListItem\",\"position\":2,\"name\":\"Declaran toque de queda en Camer\u00fan\"}]},{\"@type\":\"WebSite\",\"@id\":\"https:\\\/\\\/www.ip.gov.py\\\/ip\\\/#website\",\"url\":\"https:\\\/\\\/www.ip.gov.py\\\/ip\\\/\",\"name\":\".::Agencia IP::.\",\"description\":\"\",\"publisher\":{\"@id\":\"https:\\\/\\\/www.ip.gov.py\\\/ip\\\/#organization\"},\"potentialAction\":[{\"@type\":\"SearchAction\",\"target\":{\"@type\":\"EntryPoint\",\"urlTemplate\":\"https:\\\/\\\/www.ip.gov.py\\\/ip\\\/?s={search_term_string}\"},\"query-input\":{\"@type\":\"PropertyValueSpecification\",\"valueRequired\":true,\"valueName\":\"search_term_string\"}}],\"inLanguage\":\"es\"},{\"@type\":\"Organization\",\"@id\":\"https:\\\/\\\/www.ip.gov.py\\\/ip\\\/#organization\",\"name\":\"Agencia IP\",\"url\":\"https:\\\/\\\/www.ip.gov.py\\\/ip\\\/\",\"logo\":{\"@type\":\"ImageObject\",\"inLanguage\":\"es\",\"@id\":\"https:\\\/\\\/www.ip.gov.py\\\/ip\\\/#\\\/schema\\\/logo\\\/image\\\/\",\"url\":\"https:\\\/\\\/www.ip.gov.py\\\/ip\\\/wp-content\\\/uploads\\\/2018\\\/01\\\/Agencia-IP.jpg\",\"contentUrl\":\"https:\\\/\\\/www.ip.gov.py\\\/ip\\\/wp-content\\\/uploads\\\/2018\\\/01\\\/Agencia-IP.jpg\",\"width\":150,\"height\":150,\"caption\":\"Agencia IP\"},\"image\":{\"@id\":\"https:\\\/\\\/www.ip.gov.py\\\/ip\\\/#\\\/schema\\\/logo\\\/image\\\/\"},\"sameAs\":[\"https:\\\/\\\/www.facebook.com\\\/IPParaguay\\\/\",\"https:\\\/\\\/x.com\\\/IPParaguay\",\"https:\\\/\\\/www.instagram.com\\\/IPParaguay\"]},{\"@type\":\"Person\",\"@id\":\"https:\\\/\\\/www.ip.gov.py\\\/ip\\\/#\\\/schema\\\/person\\\/e0e2c7d05c4ee9d322a97a877a17db31\",\"name\":\"A R\",\"url\":\"https:\\\/\\\/www.ip.gov.py\\\/ip\\\/author\\\/areinoso\\\/\"}]}<\/script>\n<!-- \/ Yoast SEO plugin. -->","yoast_head_json":{"title":"Declaran toque de queda en Camer\u00fan - .::Agencia IP::.","robots":{"index":"index","follow":"follow","max-snippet":"max-snippet:-1","max-image-preview":"max-image-preview:large","max-video-preview":"max-video-preview:-1"},"canonical":"https:\/\/www.ip.gov.py\/ip\/2018\/09\/30\/declaran-toque-de-queda-en-camerun\/","og_locale":"es_ES","og_type":"article","og_title":"Declaran toque de queda en Camer\u00fan - .::Agencia IP::.","og_description":"Yaund\u00e9.- Los gobernadores de las regiones de habla inglesa del noroeste y del suroeste de Camer\u00fan declararon hoy un toque de queda de dos d\u00edas, en la v\u00edspera del primer aniversario desde que los separatistas proclamaran de forma simb\u00f3lica su independencia en 2017, confirmaron a Efe fuentes oficiales.","og_url":"https:\/\/www.ip.gov.py\/ip\/2018\/09\/30\/declaran-toque-de-queda-en-camerun\/","og_site_name":".::Agencia IP::.","article_publisher":"https:\/\/www.facebook.com\/IPParaguay\/","article_published_time":"2018-09-30T16:22:48+00:00","article_modified_time":"2018-09-30T16:27:51+00:00","og_image":[{"width":696,"height":463,"url":"https:\/\/www.ip.gov.py\/ip\/wp-content\/uploads\/2018\/09\/Camerun-Conflicto-696x463.jpg","type":"image\/jpeg"}],"author":"A R","twitter_card":"summary_large_image","twitter_creator":"@IPParaguay","twitter_site":"@IPParaguay","twitter_misc":{"Escrito por":"A R","Tiempo de lectura":"2 minutos"},"schema":{"@context":"https:\/\/schema.org","@graph":[{"@type":"Article","@id":"https:\/\/www.ip.gov.py\/ip\/2018\/09\/30\/declaran-toque-de-queda-en-camerun\/#article","isPartOf":{"@id":"https:\/\/www.ip.gov.py\/ip\/2018\/09\/30\/declaran-toque-de-queda-en-camerun\/"},"author":{"name":"A R","@id":"https:\/\/www.ip.gov.py\/ip\/#\/schema\/person\/e0e2c7d05c4ee9d322a97a877a17db31"},"headline":"Declaran toque de queda en Camer\u00fan","datePublished":"2018-09-30T16:22:48+00:00","dateModified":"2018-09-30T16:27:51+00:00","mainEntityOfPage":{"@id":"https:\/\/www.ip.gov.py\/ip\/2018\/09\/30\/declaran-toque-de-queda-en-camerun\/"},"wordCount":401,"publisher":{"@id":"https:\/\/www.ip.gov.py\/ip\/#organization"},"image":{"@id":"https:\/\/www.ip.gov.py\/ip\/2018\/09\/30\/declaran-toque-de-queda-en-camerun\/#primaryimage"},"thumbnailUrl":"https:\/\/www.ip.gov.py\/ip\/wp-content\/uploads\/2018\/09\/Camerun-Conflicto-696x463.jpg","articleSection":["Internacionales"],"inLanguage":"es"},{"@type":"WebPage","@id":"https:\/\/www.ip.gov.py\/ip\/2018\/09\/30\/declaran-toque-de-queda-en-camerun\/","url":"https:\/\/www.ip.gov.py\/ip\/2018\/09\/30\/declaran-toque-de-queda-en-camerun\/","name":"Declaran toque de queda en Camer\u00fan - .::Agencia IP::.","isPartOf":{"@id":"https:\/\/www.ip.gov.py\/ip\/#website"},"primaryImageOfPage":{"@id":"https:\/\/www.ip.gov.py\/ip\/2018\/09\/30\/declaran-toque-de-queda-en-camerun\/#primaryimage"},"image":{"@id":"https:\/\/www.ip.gov.py\/ip\/2018\/09\/30\/declaran-toque-de-queda-en-camerun\/#primaryimage"},"thumbnailUrl":"https:\/\/www.ip.gov.py\/ip\/wp-content\/uploads\/2018\/09\/Camerun-Conflicto-696x463.jpg","datePublished":"2018-09-30T16:22:48+00:00","dateModified":"2018-09-30T16:27:51+00:00","breadcrumb":{"@id":"https:\/\/www.ip.gov.py\/ip\/2018\/09\/30\/declaran-toque-de-queda-en-camerun\/#breadcrumb"},"inLanguage":"es","potentialAction":[{"@type":"ReadAction","target":["https:\/\/www.ip.gov.py\/ip\/2018\/09\/30\/declaran-toque-de-queda-en-camerun\/"]}]},{"@type":"ImageObject","inLanguage":"es","@id":"https:\/\/www.ip.gov.py\/ip\/2018\/09\/30\/declaran-toque-de-queda-en-camerun\/#primaryimage","url":"https:\/\/www.ip.gov.py\/ip\/wp-content\/uploads\/2018\/09\/Camerun-Conflicto-696x463.jpg","contentUrl":"https:\/\/www.ip.gov.py\/ip\/wp-content\/uploads\/2018\/09\/Camerun-Conflicto-696x463.jpg","width":696,"height":463,"caption":"Foto: cortes\u00eda www.wafrica.com"},{"@type":"BreadcrumbList","@id":"https:\/\/www.ip.gov.py\/ip\/2018\/09\/30\/declaran-toque-de-queda-en-camerun\/#breadcrumb","itemListElement":[{"@type":"ListItem","position":1,"name":"Portada","item":"https:\/\/www.ip.gov.py\/ip\/"},{"@type":"ListItem","position":2,"name":"Declaran toque de queda en Camer\u00fan"}]},{"@type":"WebSite","@id":"https:\/\/www.ip.gov.py\/ip\/#website","url":"https:\/\/www.ip.gov.py\/ip\/","name":".::Agencia IP::.","description":"","publisher":{"@id":"https:\/\/www.ip.gov.py\/ip\/#organization"},"potentialAction":[{"@type":"SearchAction","target":{"@type":"EntryPoint","urlTemplate":"https:\/\/www.ip.gov.py\/ip\/?s={search_term_string}"},"query-input":{"@type":"PropertyValueSpecification","valueRequired":true,"valueName":"search_term_string"}}],"inLanguage":"es"},{"@type":"Organization","@id":"https:\/\/www.ip.gov.py\/ip\/#organization","name":"Agencia IP","url":"https:\/\/www.ip.gov.py\/ip\/","logo":{"@type":"ImageObject","inLanguage":"es","@id":"https:\/\/www.ip.gov.py\/ip\/#\/schema\/logo\/image\/","url":"https:\/\/www.ip.gov.py\/ip\/wp-content\/uploads\/2018\/01\/Agencia-IP.jpg","contentUrl":"https:\/\/www.ip.gov.py\/ip\/wp-content\/uploads\/2018\/01\/Agencia-IP.jpg","width":150,"height":150,"caption":"Agencia IP"},"image":{"@id":"https:\/\/www.ip.gov.py\/ip\/#\/schema\/logo\/image\/"},"sameAs":["https:\/\/www.facebook.com\/IPParaguay\/","https:\/\/x.com\/IPParaguay","https:\/\/www.instagram.com\/IPParaguay"]},{"@type":"Person","@id":"https:\/\/www.ip.gov.py\/ip\/#\/schema\/person\/e0e2c7d05c4ee9d322a97a877a17db31","name":"A R","url":"https:\/\/www.ip.gov.py\/ip\/author\/areinoso\/"}]}},"_links":{"self":[{"href":"https:\/\/www.ip.gov.py\/ip\/wp-json\/wp\/v2\/posts\/241556","targetHints":{"allow":["GET"]}}],"collection":[{"href":"https:\/\/www.ip.gov.py\/ip\/wp-json\/wp\/v2\/posts"}],"about":[{"href":"https:\/\/www.ip.gov.py\/ip\/wp-json\/wp\/v2\/types\/post"}],"author":[{"embeddable":true,"href":"https:\/\/www.ip.gov.py\/ip\/wp-json\/wp\/v2\/users\/19"}],"replies":[{"embeddable":true,"href":"https:\/\/www.ip.gov.py\/ip\/wp-json\/wp\/v2\/comments?post=241556"}],"version-history":[{"count":0,"href":"https:\/\/www.ip.gov.py\/ip\/wp-json\/wp\/v2\/posts\/241556\/revisions"}],"wp:featuredmedia":[{"embeddable":true,"href":"https:\/\/www.ip.gov.py\/ip\/wp-json\/wp\/v2\/media\/241557"}],"wp:attachment":[{"href":"https:\/\/www.ip.gov.py\/ip\/wp-json\/wp\/v2\/media?parent=241556"}],"wp:term":[{"taxonomy":"category","embeddable":true,"href":"https:\/\/www.ip.gov.py\/ip\/wp-json\/wp\/v2\/categories?post=241556"},{"taxonomy":"post_tag","embeddable":true,"href":"https:\/\/www.ip.gov.py\/ip\/wp-json\/wp\/v2\/tags?post=241556"}],"curies":[{"name":"wp","href":"https:\/\/api.w.org\/{rel}","templated":true}]}}