{"id":246101,"date":"2018-10-31T14:52:48","date_gmt":"2018-10-31T17:52:48","guid":{"rendered":"https:\/\/www.ip.gov.py\/ip\/?p=246101"},"modified":"2018-10-31T15:45:30","modified_gmt":"2018-10-31T18:45:30","slug":"estrategia-de-formalizacion-resaltaron-en-la-expo-capasu-2018","status":"publish","type":"post","link":"https:\/\/www.ip.gov.py\/ip\/2018\/10\/31\/estrategia-de-formalizacion-resaltaron-en-la-expo-capasu-2018\/","title":{"rendered":"Estrategia de formalizaci\u00f3n resaltaron en la Expo Capasu 2018"},"content":{"rendered":"<p style=\"text-align: justify;\"><em><strong>Asunci\u00f3n, IP.-<\/strong><\/em> Este mi\u00e9rcoles fue habilitada oficialmente la 20\u00b0 Expo Capasu 2018, en el Centro de Convenciones de la Conmebol, en la ciudad de Luque. El evento, que se extiende hasta ma\u00f1ana, constituye para los supermercadistas locales e internacionales un indicador del trabajo formalizado del sector dentro de la econom\u00eda nacional.<!--more--><\/p>\n<p style=\"text-align: justify;\">Con el lema de la expo de este a\u00f1o: \u201cConstruyamos una pa\u00eds formal\u201d, participaron de la apertura la titular del Ministerio de Industria y Comercio (MIC), Liz Cramer, la titular de la cartera de Trabajo, Carla Bacigalupo; el ministro de Educaci\u00f3n, Eduardo Petta; la ministra de la Seprelad, Mar\u00eda Gonz\u00e1lez; el subsecretario de Tributaci\u00f3n, Fabi\u00e1n Dom\u00ednguez; el titular del Instituto de Previsi\u00f3n Social, Armando Rodr\u00edguez; y la entidad anfitriona, Capasu, Christian Cieplik.<\/p>\n<p style=\"text-align: justify;\">\u201cEsta es la fiesta de la producci\u00f3n y el comercio aliados en un evento, que por sobre todo representa a la formalidad y con indicadores muy concretos de que vale la pena formalizarse; ser parte de una cadena tan importante de proveedores, de cadenas de supermercados y de otros prestadores de servicios\u201d, puntualiz\u00f3 la ministra del MIC.<\/p>\n<p style=\"text-align: justify;\">Se\u00f1al\u00f3 adem\u00e1s que este tipo de emprendimientos permite reforzar el trabajo y facilitar los procesos al interior del MIC en alianza con\u00a0 la Uni\u00f3n Industrial Paraguaya (UIP), la C\u00e1mara Paraguaya de Supermercados (Capasu), la Federaci\u00f3n de la Producci\u00f3n, la Industria y el Comercio (Feprinco), entre otros.<\/p>\n<p style=\"text-align: justify;\">Adem\u00e1s, enfatiz\u00f3: \u201cLo que queremos es facilitar. Hacer mejor y m\u00e1s f\u00e1cil ser formal, de manera que se pueda aprovechar toda esta cadena y esta fuerza, que el sector privado ofrece, cada vez m\u00e1s fortalecido, conquistando nuevos mercados y dando mejor calidad al mercado ya existente\u201d, finaliz\u00f3 la ministra Cramer.<\/p>\n","protected":false},"excerpt":{"rendered":"<p>Asunci\u00f3n, IP.- Este mi\u00e9rcoles fue habilitada oficialmente la 20\u00b0 Expo Capasu 2018, en el Centro de Convenciones de la Conmebol, en la ciudad de Luque. El evento, que se extiende hasta ma\u00f1ana, constituye para los supermercadistas locales e internacionales un indicador del trabajo formalizado del sector dentro de la econom\u00eda nacional.<\/p>\n","protected":false},"author":23,"featured_media":246102,"comment_status":"closed","ping_status":"closed","sticky":false,"template":"","format":"standard","meta":{"_monsterinsights_skip_tracking":false,"_monsterinsights_sitenote_active":false,"_monsterinsights_sitenote_note":"","_monsterinsights_sitenote_category":0,"footnotes":""},"categories":[9],"tags":[],"class_list":{"0":"post-246101","1":"post","2":"type-post","3":"status-publish","4":"format-standard","5":"has-post-thumbnail","7":"category-economia"},"yoast_head":"<!-- This site is optimized with the Yoast SEO plugin v27.5 - https:\/\/yoast.com\/product\/yoast-seo-wordpress\/ -->\n<title>Estrategia de formalizaci\u00f3n resaltaron en la Expo Capasu 2018 - .::Agencia IP::.<\/title>\n<meta name=\"robots\" content=\"index, follow, max-snippet:-1, max-image-preview:large, max-video-preview:-1\" \/>\n<link rel=\"canonical\" href=\"https:\/\/www.ip.gov.py\/ip\/2018\/10\/31\/estrategia-de-formalizacion-resaltaron-en-la-expo-capasu-2018\/\" \/>\n<meta property=\"og:locale\" content=\"es_ES\" \/>\n<meta property=\"og:type\" content=\"article\" \/>\n<meta property=\"og:title\" content=\"Estrategia de formalizaci\u00f3n resaltaron en la Expo Capasu 2018 - .::Agencia IP::.\" \/>\n<meta property=\"og:description\" content=\"Asunci\u00f3n, IP.- Este mi\u00e9rcoles fue habilitada oficialmente la 20\u00b0 Expo Capasu 2018, en el Centro de Convenciones de la Conmebol, en la ciudad de Luque. El evento, que se extiende hasta ma\u00f1ana, constituye para los supermercadistas locales e internacionales un indicador del trabajo formalizado del sector dentro de la econom\u00eda nacional.\" \/>\n<meta property=\"og:url\" content=\"https:\/\/www.ip.gov.py\/ip\/2018\/10\/31\/estrategia-de-formalizacion-resaltaron-en-la-expo-capasu-2018\/\" \/>\n<meta property=\"og:site_name\" content=\".::Agencia IP::.\" \/>\n<meta property=\"article:publisher\" content=\"https:\/\/www.facebook.com\/IPParaguay\/\" \/>\n<meta property=\"article:published_time\" content=\"2018-10-31T17:52:48+00:00\" \/>\n<meta property=\"article:modified_time\" content=\"2018-10-31T18:45:30+00:00\" \/>\n<meta property=\"og:image\" content=\"https:\/\/www.ip.gov.py\/ip\/wp-content\/uploads\/2018\/10\/Capasu.jpeg\" \/>\n\t<meta property=\"og:image:width\" content=\"1280\" \/>\n\t<meta property=\"og:image:height\" content=\"821\" \/>\n\t<meta property=\"og:image:type\" content=\"image\/jpeg\" \/>\n<meta name=\"author\" content=\"Noelia Ferreira\" \/>\n<meta name=\"twitter:card\" content=\"summary_large_image\" \/>\n<meta name=\"twitter:creator\" content=\"@IPParaguay\" \/>\n<meta name=\"twitter:site\" content=\"@IPParaguay\" \/>\n<meta name=\"twitter:label1\" content=\"Escrito por\" \/>\n\t<meta name=\"twitter:data1\" content=\"Noelia Ferreira\" \/>\n\t<meta name=\"twitter:label2\" content=\"Tiempo de lectura\" \/>\n\t<meta name=\"twitter:data2\" content=\"2 minutos\" \/>\n<script type=\"application\/ld+json\" class=\"yoast-schema-graph\">{\"@context\":\"https:\\\/\\\/schema.org\",\"@graph\":[{\"@type\":\"Article\",\"@id\":\"https:\\\/\\\/www.ip.gov.py\\\/ip\\\/2018\\\/10\\\/31\\\/estrategia-de-formalizacion-resaltaron-en-la-expo-capasu-2018\\\/#article\",\"isPartOf\":{\"@id\":\"https:\\\/\\\/www.ip.gov.py\\\/ip\\\/2018\\\/10\\\/31\\\/estrategia-de-formalizacion-resaltaron-en-la-expo-capasu-2018\\\/\"},\"author\":{\"name\":\"Noelia Ferreira\",\"@id\":\"https:\\\/\\\/www.ip.gov.py\\\/ip\\\/#\\\/schema\\\/person\\\/791af27a9219bdbf9064abb776bb41c2\"},\"headline\":\"Estrategia de formalizaci\u00f3n resaltaron en la Expo Capasu 2018\",\"datePublished\":\"2018-10-31T17:52:48+00:00\",\"dateModified\":\"2018-10-31T18:45:30+00:00\",\"mainEntityOfPage\":{\"@id\":\"https:\\\/\\\/www.ip.gov.py\\\/ip\\\/2018\\\/10\\\/31\\\/estrategia-de-formalizacion-resaltaron-en-la-expo-capasu-2018\\\/\"},\"wordCount\":309,\"publisher\":{\"@id\":\"https:\\\/\\\/www.ip.gov.py\\\/ip\\\/#organization\"},\"image\":{\"@id\":\"https:\\\/\\\/www.ip.gov.py\\\/ip\\\/2018\\\/10\\\/31\\\/estrategia-de-formalizacion-resaltaron-en-la-expo-capasu-2018\\\/#primaryimage\"},\"thumbnailUrl\":\"https:\\\/\\\/www.ip.gov.py\\\/ip\\\/wp-content\\\/uploads\\\/2018\\\/10\\\/Capasu.jpeg\",\"articleSection\":[\"Econom\u00eda\"],\"inLanguage\":\"es\"},{\"@type\":\"WebPage\",\"@id\":\"https:\\\/\\\/www.ip.gov.py\\\/ip\\\/2018\\\/10\\\/31\\\/estrategia-de-formalizacion-resaltaron-en-la-expo-capasu-2018\\\/\",\"url\":\"https:\\\/\\\/www.ip.gov.py\\\/ip\\\/2018\\\/10\\\/31\\\/estrategia-de-formalizacion-resaltaron-en-la-expo-capasu-2018\\\/\",\"name\":\"Estrategia de formalizaci\u00f3n resaltaron en la Expo Capasu 2018 - .::Agencia IP::.\",\"isPartOf\":{\"@id\":\"https:\\\/\\\/www.ip.gov.py\\\/ip\\\/#website\"},\"primaryImageOfPage\":{\"@id\":\"https:\\\/\\\/www.ip.gov.py\\\/ip\\\/2018\\\/10\\\/31\\\/estrategia-de-formalizacion-resaltaron-en-la-expo-capasu-2018\\\/#primaryimage\"},\"image\":{\"@id\":\"https:\\\/\\\/www.ip.gov.py\\\/ip\\\/2018\\\/10\\\/31\\\/estrategia-de-formalizacion-resaltaron-en-la-expo-capasu-2018\\\/#primaryimage\"},\"thumbnailUrl\":\"https:\\\/\\\/www.ip.gov.py\\\/ip\\\/wp-content\\\/uploads\\\/2018\\\/10\\\/Capasu.jpeg\",\"datePublished\":\"2018-10-31T17:52:48+00:00\",\"dateModified\":\"2018-10-31T18:45:30+00:00\",\"breadcrumb\":{\"@id\":\"https:\\\/\\\/www.ip.gov.py\\\/ip\\\/2018\\\/10\\\/31\\\/estrategia-de-formalizacion-resaltaron-en-la-expo-capasu-2018\\\/#breadcrumb\"},\"inLanguage\":\"es\",\"potentialAction\":[{\"@type\":\"ReadAction\",\"target\":[\"https:\\\/\\\/www.ip.gov.py\\\/ip\\\/2018\\\/10\\\/31\\\/estrategia-de-formalizacion-resaltaron-en-la-expo-capasu-2018\\\/\"]}]},{\"@type\":\"ImageObject\",\"inLanguage\":\"es\",\"@id\":\"https:\\\/\\\/www.ip.gov.py\\\/ip\\\/2018\\\/10\\\/31\\\/estrategia-de-formalizacion-resaltaron-en-la-expo-capasu-2018\\\/#primaryimage\",\"url\":\"https:\\\/\\\/www.ip.gov.py\\\/ip\\\/wp-content\\\/uploads\\\/2018\\\/10\\\/Capasu.jpeg\",\"contentUrl\":\"https:\\\/\\\/www.ip.gov.py\\\/ip\\\/wp-content\\\/uploads\\\/2018\\\/10\\\/Capasu.jpeg\",\"width\":1280,\"height\":821,\"caption\":\"La apertura oficial de la Expo Capasu se dio en la ma\u00f1ana de este mi\u00e9rcoles en la ciudad de Luque Foto: MIC\"},{\"@type\":\"BreadcrumbList\",\"@id\":\"https:\\\/\\\/www.ip.gov.py\\\/ip\\\/2018\\\/10\\\/31\\\/estrategia-de-formalizacion-resaltaron-en-la-expo-capasu-2018\\\/#breadcrumb\",\"itemListElement\":[{\"@type\":\"ListItem\",\"position\":1,\"name\":\"Portada\",\"item\":\"https:\\\/\\\/www.ip.gov.py\\\/ip\\\/\"},{\"@type\":\"ListItem\",\"position\":2,\"name\":\"Estrategia de formalizaci\u00f3n resaltaron en la Expo Capasu 2018\"}]},{\"@type\":\"WebSite\",\"@id\":\"https:\\\/\\\/www.ip.gov.py\\\/ip\\\/#website\",\"url\":\"https:\\\/\\\/www.ip.gov.py\\\/ip\\\/\",\"name\":\".::Agencia IP::.\",\"description\":\"\",\"publisher\":{\"@id\":\"https:\\\/\\\/www.ip.gov.py\\\/ip\\\/#organization\"},\"potentialAction\":[{\"@type\":\"SearchAction\",\"target\":{\"@type\":\"EntryPoint\",\"urlTemplate\":\"https:\\\/\\\/www.ip.gov.py\\\/ip\\\/?s={search_term_string}\"},\"query-input\":{\"@type\":\"PropertyValueSpecification\",\"valueRequired\":true,\"valueName\":\"search_term_string\"}}],\"inLanguage\":\"es\"},{\"@type\":\"Organization\",\"@id\":\"https:\\\/\\\/www.ip.gov.py\\\/ip\\\/#organization\",\"name\":\"Agencia IP\",\"url\":\"https:\\\/\\\/www.ip.gov.py\\\/ip\\\/\",\"logo\":{\"@type\":\"ImageObject\",\"inLanguage\":\"es\",\"@id\":\"https:\\\/\\\/www.ip.gov.py\\\/ip\\\/#\\\/schema\\\/logo\\\/image\\\/\",\"url\":\"https:\\\/\\\/www.ip.gov.py\\\/ip\\\/wp-content\\\/uploads\\\/2018\\\/01\\\/Agencia-IP.jpg\",\"contentUrl\":\"https:\\\/\\\/www.ip.gov.py\\\/ip\\\/wp-content\\\/uploads\\\/2018\\\/01\\\/Agencia-IP.jpg\",\"width\":150,\"height\":150,\"caption\":\"Agencia IP\"},\"image\":{\"@id\":\"https:\\\/\\\/www.ip.gov.py\\\/ip\\\/#\\\/schema\\\/logo\\\/image\\\/\"},\"sameAs\":[\"https:\\\/\\\/www.facebook.com\\\/IPParaguay\\\/\",\"https:\\\/\\\/x.com\\\/IPParaguay\",\"https:\\\/\\\/www.instagram.com\\\/IPParaguay\"]},{\"@type\":\"Person\",\"@id\":\"https:\\\/\\\/www.ip.gov.py\\\/ip\\\/#\\\/schema\\\/person\\\/791af27a9219bdbf9064abb776bb41c2\",\"name\":\"Noelia Ferreira\",\"sameAs\":[\"http:\\\/\\\/www.ip.gov.py\"],\"url\":\"https:\\\/\\\/www.ip.gov.py\\\/ip\\\/author\\\/nferreira\\\/\"}]}<\/script>\n<!-- \/ Yoast SEO plugin. -->","yoast_head_json":{"title":"Estrategia de formalizaci\u00f3n resaltaron en la Expo Capasu 2018 - .::Agencia IP::.","robots":{"index":"index","follow":"follow","max-snippet":"max-snippet:-1","max-image-preview":"max-image-preview:large","max-video-preview":"max-video-preview:-1"},"canonical":"https:\/\/www.ip.gov.py\/ip\/2018\/10\/31\/estrategia-de-formalizacion-resaltaron-en-la-expo-capasu-2018\/","og_locale":"es_ES","og_type":"article","og_title":"Estrategia de formalizaci\u00f3n resaltaron en la Expo Capasu 2018 - .::Agencia IP::.","og_description":"Asunci\u00f3n, IP.- Este mi\u00e9rcoles fue habilitada oficialmente la 20\u00b0 Expo Capasu 2018, en el Centro de Convenciones de la Conmebol, en la ciudad de Luque. El evento, que se extiende hasta ma\u00f1ana, constituye para los supermercadistas locales e internacionales un indicador del trabajo formalizado del sector dentro de la econom\u00eda nacional.","og_url":"https:\/\/www.ip.gov.py\/ip\/2018\/10\/31\/estrategia-de-formalizacion-resaltaron-en-la-expo-capasu-2018\/","og_site_name":".::Agencia IP::.","article_publisher":"https:\/\/www.facebook.com\/IPParaguay\/","article_published_time":"2018-10-31T17:52:48+00:00","article_modified_time":"2018-10-31T18:45:30+00:00","og_image":[{"width":1280,"height":821,"url":"https:\/\/www.ip.gov.py\/ip\/wp-content\/uploads\/2018\/10\/Capasu.jpeg","type":"image\/jpeg"}],"author":"Noelia Ferreira","twitter_card":"summary_large_image","twitter_creator":"@IPParaguay","twitter_site":"@IPParaguay","twitter_misc":{"Escrito por":"Noelia Ferreira","Tiempo de lectura":"2 minutos"},"schema":{"@context":"https:\/\/schema.org","@graph":[{"@type":"Article","@id":"https:\/\/www.ip.gov.py\/ip\/2018\/10\/31\/estrategia-de-formalizacion-resaltaron-en-la-expo-capasu-2018\/#article","isPartOf":{"@id":"https:\/\/www.ip.gov.py\/ip\/2018\/10\/31\/estrategia-de-formalizacion-resaltaron-en-la-expo-capasu-2018\/"},"author":{"name":"Noelia Ferreira","@id":"https:\/\/www.ip.gov.py\/ip\/#\/schema\/person\/791af27a9219bdbf9064abb776bb41c2"},"headline":"Estrategia de formalizaci\u00f3n resaltaron en la Expo Capasu 2018","datePublished":"2018-10-31T17:52:48+00:00","dateModified":"2018-10-31T18:45:30+00:00","mainEntityOfPage":{"@id":"https:\/\/www.ip.gov.py\/ip\/2018\/10\/31\/estrategia-de-formalizacion-resaltaron-en-la-expo-capasu-2018\/"},"wordCount":309,"publisher":{"@id":"https:\/\/www.ip.gov.py\/ip\/#organization"},"image":{"@id":"https:\/\/www.ip.gov.py\/ip\/2018\/10\/31\/estrategia-de-formalizacion-resaltaron-en-la-expo-capasu-2018\/#primaryimage"},"thumbnailUrl":"https:\/\/www.ip.gov.py\/ip\/wp-content\/uploads\/2018\/10\/Capasu.jpeg","articleSection":["Econom\u00eda"],"inLanguage":"es"},{"@type":"WebPage","@id":"https:\/\/www.ip.gov.py\/ip\/2018\/10\/31\/estrategia-de-formalizacion-resaltaron-en-la-expo-capasu-2018\/","url":"https:\/\/www.ip.gov.py\/ip\/2018\/10\/31\/estrategia-de-formalizacion-resaltaron-en-la-expo-capasu-2018\/","name":"Estrategia de formalizaci\u00f3n resaltaron en la Expo Capasu 2018 - .::Agencia IP::.","isPartOf":{"@id":"https:\/\/www.ip.gov.py\/ip\/#website"},"primaryImageOfPage":{"@id":"https:\/\/www.ip.gov.py\/ip\/2018\/10\/31\/estrategia-de-formalizacion-resaltaron-en-la-expo-capasu-2018\/#primaryimage"},"image":{"@id":"https:\/\/www.ip.gov.py\/ip\/2018\/10\/31\/estrategia-de-formalizacion-resaltaron-en-la-expo-capasu-2018\/#primaryimage"},"thumbnailUrl":"https:\/\/www.ip.gov.py\/ip\/wp-content\/uploads\/2018\/10\/Capasu.jpeg","datePublished":"2018-10-31T17:52:48+00:00","dateModified":"2018-10-31T18:45:30+00:00","breadcrumb":{"@id":"https:\/\/www.ip.gov.py\/ip\/2018\/10\/31\/estrategia-de-formalizacion-resaltaron-en-la-expo-capasu-2018\/#breadcrumb"},"inLanguage":"es","potentialAction":[{"@type":"ReadAction","target":["https:\/\/www.ip.gov.py\/ip\/2018\/10\/31\/estrategia-de-formalizacion-resaltaron-en-la-expo-capasu-2018\/"]}]},{"@type":"ImageObject","inLanguage":"es","@id":"https:\/\/www.ip.gov.py\/ip\/2018\/10\/31\/estrategia-de-formalizacion-resaltaron-en-la-expo-capasu-2018\/#primaryimage","url":"https:\/\/www.ip.gov.py\/ip\/wp-content\/uploads\/2018\/10\/Capasu.jpeg","contentUrl":"https:\/\/www.ip.gov.py\/ip\/wp-content\/uploads\/2018\/10\/Capasu.jpeg","width":1280,"height":821,"caption":"La apertura oficial de la Expo Capasu se dio en la ma\u00f1ana de este mi\u00e9rcoles en la ciudad de Luque Foto: MIC"},{"@type":"BreadcrumbList","@id":"https:\/\/www.ip.gov.py\/ip\/2018\/10\/31\/estrategia-de-formalizacion-resaltaron-en-la-expo-capasu-2018\/#breadcrumb","itemListElement":[{"@type":"ListItem","position":1,"name":"Portada","item":"https:\/\/www.ip.gov.py\/ip\/"},{"@type":"ListItem","position":2,"name":"Estrategia de formalizaci\u00f3n resaltaron en la Expo Capasu 2018"}]},{"@type":"WebSite","@id":"https:\/\/www.ip.gov.py\/ip\/#website","url":"https:\/\/www.ip.gov.py\/ip\/","name":".::Agencia IP::.","description":"","publisher":{"@id":"https:\/\/www.ip.gov.py\/ip\/#organization"},"potentialAction":[{"@type":"SearchAction","target":{"@type":"EntryPoint","urlTemplate":"https:\/\/www.ip.gov.py\/ip\/?s={search_term_string}"},"query-input":{"@type":"PropertyValueSpecification","valueRequired":true,"valueName":"search_term_string"}}],"inLanguage":"es"},{"@type":"Organization","@id":"https:\/\/www.ip.gov.py\/ip\/#organization","name":"Agencia IP","url":"https:\/\/www.ip.gov.py\/ip\/","logo":{"@type":"ImageObject","inLanguage":"es","@id":"https:\/\/www.ip.gov.py\/ip\/#\/schema\/logo\/image\/","url":"https:\/\/www.ip.gov.py\/ip\/wp-content\/uploads\/2018\/01\/Agencia-IP.jpg","contentUrl":"https:\/\/www.ip.gov.py\/ip\/wp-content\/uploads\/2018\/01\/Agencia-IP.jpg","width":150,"height":150,"caption":"Agencia IP"},"image":{"@id":"https:\/\/www.ip.gov.py\/ip\/#\/schema\/logo\/image\/"},"sameAs":["https:\/\/www.facebook.com\/IPParaguay\/","https:\/\/x.com\/IPParaguay","https:\/\/www.instagram.com\/IPParaguay"]},{"@type":"Person","@id":"https:\/\/www.ip.gov.py\/ip\/#\/schema\/person\/791af27a9219bdbf9064abb776bb41c2","name":"Noelia Ferreira","sameAs":["http:\/\/www.ip.gov.py"],"url":"https:\/\/www.ip.gov.py\/ip\/author\/nferreira\/"}]}},"_links":{"self":[{"href":"https:\/\/www.ip.gov.py\/ip\/wp-json\/wp\/v2\/posts\/246101","targetHints":{"allow":["GET"]}}],"collection":[{"href":"https:\/\/www.ip.gov.py\/ip\/wp-json\/wp\/v2\/posts"}],"about":[{"href":"https:\/\/www.ip.gov.py\/ip\/wp-json\/wp\/v2\/types\/post"}],"author":[{"embeddable":true,"href":"https:\/\/www.ip.gov.py\/ip\/wp-json\/wp\/v2\/users\/23"}],"replies":[{"embeddable":true,"href":"https:\/\/www.ip.gov.py\/ip\/wp-json\/wp\/v2\/comments?post=246101"}],"version-history":[{"count":0,"href":"https:\/\/www.ip.gov.py\/ip\/wp-json\/wp\/v2\/posts\/246101\/revisions"}],"wp:featuredmedia":[{"embeddable":true,"href":"https:\/\/www.ip.gov.py\/ip\/wp-json\/wp\/v2\/media\/246102"}],"wp:attachment":[{"href":"https:\/\/www.ip.gov.py\/ip\/wp-json\/wp\/v2\/media?parent=246101"}],"wp:term":[{"taxonomy":"category","embeddable":true,"href":"https:\/\/www.ip.gov.py\/ip\/wp-json\/wp\/v2\/categories?post=246101"},{"taxonomy":"post_tag","embeddable":true,"href":"https:\/\/www.ip.gov.py\/ip\/wp-json\/wp\/v2\/tags?post=246101"}],"curies":[{"name":"wp","href":"https:\/\/api.w.org\/{rel}","templated":true}]}}