{"id":246165,"date":"2018-11-01T09:46:43","date_gmt":"2018-11-01T12:46:43","guid":{"rendered":"https:\/\/www.ip.gov.py\/ip\/?p=246165"},"modified":"2018-11-01T09:56:12","modified_gmt":"2018-11-01T12:56:12","slug":"hacienda-conforma-una-comision-especial-que-analizara-el-gasto-publico","status":"publish","type":"post","link":"https:\/\/www.ip.gov.py\/ip\/2018\/11\/01\/hacienda-conforma-una-comision-especial-que-analizara-el-gasto-publico\/","title":{"rendered":"Hacienda conforma comisi\u00f3n que analizar\u00e1 el gasto p\u00fablico"},"content":{"rendered":"<p style=\"text-align: justify;\"><em><strong>Asunci\u00f3n, IP.-<\/strong><\/em> El Ministerio de Hacienda aprob\u00f3 la creaci\u00f3n de la Comisi\u00f3n Interinstitucional P\u00fablico-Privada que se encargar\u00e1 del estudio y an\u00e1lisis de la eficiencia del gasto p\u00fablico. La misma agrupar\u00e1 a representantes ad hon\u00f3rem del Poder Ejecutivo, del Congreso Nacional, del Consejo Fiscal Asesor, exministros de Hacienda y representantes del sector privado.<!--more--><\/p>\n<p style=\"text-align: justify;\">El objetivo de dicho equipo es avanzar en la implementaci\u00f3n de mejores pr\u00e1cticas en materia de planificaci\u00f3n, gesti\u00f3n, presupuestaci\u00f3n y control, que permitan responder a las necesidades de los ciudadanos por medio de la generaci\u00f3n de bienes y servicios m\u00e1s eficientes, mediante la mejora en la calidad del gasto p\u00fablico.<\/p>\n<p style=\"text-align: justify;\">La comisi\u00f3n, que fue aprobada a trav\u00e9s de una resoluci\u00f3n del Ministerio de Hacienda, ser\u00e1 presidida por el Ministro de Hacienda con la coordinaci\u00f3n de los Viceministros de Administraci\u00f3n Financiera y de Econom\u00eda, deber\u00e1 elevar a la Presidencia de la Rep\u00fablica las propuestas que considere pertinentes en el marco de la asignaci\u00f3n de recursos para el financiamiento del gasto p\u00fablico dentro del Presupuesto General de la Naci\u00f3n (PGN), en un plazo de 60 d\u00edas, contados a partir de la vigencia de dicha Resoluci\u00f3n.<\/p>\n<p style=\"text-align: justify;\">Adem\u00e1s, se podr\u00e1 invitar a las mesas de trabajo y sesiones a funcionarios y personal contratado del sector p\u00fablico, acad\u00e9micos y profesionales del sector privado nacional. Del mismo modo, se podr\u00e1 solicitar apoyo de Organismos Internacionales.<\/p>\n<p style=\"text-align: justify;\">La Comisi\u00f3n Interinstitucional estar\u00e1 integrada de la siguiente manera: por el Ministerio de Hacienda, el Ministro de Hacienda, Viceministro de Administraci\u00f3n Financiera, Viceministro de Econom\u00eda y el Abogado del Tesoro.<\/p>\n<p style=\"text-align: justify;\">Por el Congreso Nacional estar\u00e1n un representante de la C\u00e1mara de Senadores y un representante de la C\u00e1mara de Diputados; por el Consejo Fiscal Asesor, un representante del Consejo Fiscal Asesor; por los exministros de Hacienda, Ernst Bergen, C\u00e9sar Barreto Otaz\u00fa, Manuel Ferreira Brusquetti, Santiago Pe\u00f1a Palacios y Lea Gim\u00e9nez. Por el sector privado, Beltr\u00e1n Macchi, Alberto Acosta Garbarino, Gustavo Volpe, Jorge Dos Santos y Gustavo Cartes.<\/p>\n","protected":false},"excerpt":{"rendered":"<p>Asunci\u00f3n, IP.- El Ministerio de Hacienda aprob\u00f3 la creaci\u00f3n de la Comisi\u00f3n Interinstitucional P\u00fablico-Privada que se encargar\u00e1 del estudio y an\u00e1lisis de la eficiencia del gasto p\u00fablico. La misma agrupar\u00e1 a representantes ad hon\u00f3rem del Poder Ejecutivo, del Congreso Nacional, del Consejo Fiscal Asesor, exministros de Hacienda y representantes del sector privado.<\/p>\n","protected":false},"author":23,"featured_media":221788,"comment_status":"closed","ping_status":"closed","sticky":false,"template":"","format":"standard","meta":{"_monsterinsights_skip_tracking":false,"_monsterinsights_sitenote_active":false,"_monsterinsights_sitenote_note":"","_monsterinsights_sitenote_category":0,"footnotes":""},"categories":[9],"tags":[],"class_list":{"0":"post-246165","1":"post","2":"type-post","3":"status-publish","4":"format-standard","5":"has-post-thumbnail","7":"category-economia"},"yoast_head":"<!-- This site is optimized with the Yoast SEO plugin v27.4 - https:\/\/yoast.com\/product\/yoast-seo-wordpress\/ -->\n<title>Hacienda conforma comisi\u00f3n que analizar\u00e1 el gasto p\u00fablico - .::Agencia IP::.<\/title>\n<meta name=\"robots\" content=\"index, follow, max-snippet:-1, max-image-preview:large, max-video-preview:-1\" \/>\n<link rel=\"canonical\" href=\"https:\/\/www.ip.gov.py\/ip\/2018\/11\/01\/hacienda-conforma-una-comision-especial-que-analizara-el-gasto-publico\/\" \/>\n<meta property=\"og:locale\" content=\"es_ES\" \/>\n<meta property=\"og:type\" content=\"article\" \/>\n<meta property=\"og:title\" content=\"Hacienda conforma comisi\u00f3n que analizar\u00e1 el gasto p\u00fablico - .::Agencia IP::.\" \/>\n<meta property=\"og:description\" content=\"Asunci\u00f3n, IP.- El Ministerio de Hacienda aprob\u00f3 la creaci\u00f3n de la Comisi\u00f3n Interinstitucional P\u00fablico-Privada que se encargar\u00e1 del estudio y an\u00e1lisis de la eficiencia del gasto p\u00fablico. La misma agrupar\u00e1 a representantes ad hon\u00f3rem del Poder Ejecutivo, del Congreso Nacional, del Consejo Fiscal Asesor, exministros de Hacienda y representantes del sector privado.\" \/>\n<meta property=\"og:url\" content=\"https:\/\/www.ip.gov.py\/ip\/2018\/11\/01\/hacienda-conforma-una-comision-especial-que-analizara-el-gasto-publico\/\" \/>\n<meta property=\"og:site_name\" content=\".::Agencia IP::.\" \/>\n<meta property=\"article:publisher\" content=\"https:\/\/www.facebook.com\/IPParaguay\/\" \/>\n<meta property=\"article:published_time\" content=\"2018-11-01T12:46:43+00:00\" \/>\n<meta property=\"article:modified_time\" content=\"2018-11-01T12:56:12+00:00\" \/>\n<meta property=\"og:image\" content=\"https:\/\/www.ip.gov.py\/ip\/wp-content\/uploads\/2018\/05\/Hacienda-Foto-IP.jpeg\" \/>\n\t<meta property=\"og:image:width\" content=\"1280\" \/>\n\t<meta property=\"og:image:height\" content=\"853\" \/>\n\t<meta property=\"og:image:type\" content=\"image\/jpeg\" \/>\n<meta name=\"author\" content=\"Noelia Ferreira\" \/>\n<meta name=\"twitter:card\" content=\"summary_large_image\" \/>\n<meta name=\"twitter:creator\" content=\"@IPParaguay\" \/>\n<meta name=\"twitter:site\" content=\"@IPParaguay\" \/>\n<meta name=\"twitter:label1\" content=\"Escrito por\" \/>\n\t<meta name=\"twitter:data1\" content=\"Noelia Ferreira\" \/>\n\t<meta name=\"twitter:label2\" content=\"Tiempo de lectura\" \/>\n\t<meta name=\"twitter:data2\" content=\"2 minutos\" \/>\n<script type=\"application\/ld+json\" class=\"yoast-schema-graph\">{\"@context\":\"https:\\\/\\\/schema.org\",\"@graph\":[{\"@type\":\"Article\",\"@id\":\"https:\\\/\\\/www.ip.gov.py\\\/ip\\\/2018\\\/11\\\/01\\\/hacienda-conforma-una-comision-especial-que-analizara-el-gasto-publico\\\/#article\",\"isPartOf\":{\"@id\":\"https:\\\/\\\/www.ip.gov.py\\\/ip\\\/2018\\\/11\\\/01\\\/hacienda-conforma-una-comision-especial-que-analizara-el-gasto-publico\\\/\"},\"author\":{\"name\":\"Noelia Ferreira\",\"@id\":\"https:\\\/\\\/www.ip.gov.py\\\/ip\\\/#\\\/schema\\\/person\\\/791af27a9219bdbf9064abb776bb41c2\"},\"headline\":\"Hacienda conforma comisi\u00f3n que analizar\u00e1 el gasto p\u00fablico\",\"datePublished\":\"2018-11-01T12:46:43+00:00\",\"dateModified\":\"2018-11-01T12:56:12+00:00\",\"mainEntityOfPage\":{\"@id\":\"https:\\\/\\\/www.ip.gov.py\\\/ip\\\/2018\\\/11\\\/01\\\/hacienda-conforma-una-comision-especial-que-analizara-el-gasto-publico\\\/\"},\"wordCount\":368,\"publisher\":{\"@id\":\"https:\\\/\\\/www.ip.gov.py\\\/ip\\\/#organization\"},\"image\":{\"@id\":\"https:\\\/\\\/www.ip.gov.py\\\/ip\\\/2018\\\/11\\\/01\\\/hacienda-conforma-una-comision-especial-que-analizara-el-gasto-publico\\\/#primaryimage\"},\"thumbnailUrl\":\"https:\\\/\\\/www.ip.gov.py\\\/ip\\\/wp-content\\\/uploads\\\/2018\\\/05\\\/Hacienda-Foto-IP.jpeg\",\"articleSection\":[\"Econom\u00eda\"],\"inLanguage\":\"es\"},{\"@type\":\"WebPage\",\"@id\":\"https:\\\/\\\/www.ip.gov.py\\\/ip\\\/2018\\\/11\\\/01\\\/hacienda-conforma-una-comision-especial-que-analizara-el-gasto-publico\\\/\",\"url\":\"https:\\\/\\\/www.ip.gov.py\\\/ip\\\/2018\\\/11\\\/01\\\/hacienda-conforma-una-comision-especial-que-analizara-el-gasto-publico\\\/\",\"name\":\"Hacienda conforma comisi\u00f3n que analizar\u00e1 el gasto p\u00fablico - .::Agencia IP::.\",\"isPartOf\":{\"@id\":\"https:\\\/\\\/www.ip.gov.py\\\/ip\\\/#website\"},\"primaryImageOfPage\":{\"@id\":\"https:\\\/\\\/www.ip.gov.py\\\/ip\\\/2018\\\/11\\\/01\\\/hacienda-conforma-una-comision-especial-que-analizara-el-gasto-publico\\\/#primaryimage\"},\"image\":{\"@id\":\"https:\\\/\\\/www.ip.gov.py\\\/ip\\\/2018\\\/11\\\/01\\\/hacienda-conforma-una-comision-especial-que-analizara-el-gasto-publico\\\/#primaryimage\"},\"thumbnailUrl\":\"https:\\\/\\\/www.ip.gov.py\\\/ip\\\/wp-content\\\/uploads\\\/2018\\\/05\\\/Hacienda-Foto-IP.jpeg\",\"datePublished\":\"2018-11-01T12:46:43+00:00\",\"dateModified\":\"2018-11-01T12:56:12+00:00\",\"breadcrumb\":{\"@id\":\"https:\\\/\\\/www.ip.gov.py\\\/ip\\\/2018\\\/11\\\/01\\\/hacienda-conforma-una-comision-especial-que-analizara-el-gasto-publico\\\/#breadcrumb\"},\"inLanguage\":\"es\",\"potentialAction\":[{\"@type\":\"ReadAction\",\"target\":[\"https:\\\/\\\/www.ip.gov.py\\\/ip\\\/2018\\\/11\\\/01\\\/hacienda-conforma-una-comision-especial-que-analizara-el-gasto-publico\\\/\"]}]},{\"@type\":\"ImageObject\",\"inLanguage\":\"es\",\"@id\":\"https:\\\/\\\/www.ip.gov.py\\\/ip\\\/2018\\\/11\\\/01\\\/hacienda-conforma-una-comision-especial-que-analizara-el-gasto-publico\\\/#primaryimage\",\"url\":\"https:\\\/\\\/www.ip.gov.py\\\/ip\\\/wp-content\\\/uploads\\\/2018\\\/05\\\/Hacienda-Foto-IP.jpeg\",\"contentUrl\":\"https:\\\/\\\/www.ip.gov.py\\\/ip\\\/wp-content\\\/uploads\\\/2018\\\/05\\\/Hacienda-Foto-IP.jpeg\",\"width\":1280,\"height\":853,\"caption\":\"Fachada del Ministerio de Hacienda. Foto: IP\"},{\"@type\":\"BreadcrumbList\",\"@id\":\"https:\\\/\\\/www.ip.gov.py\\\/ip\\\/2018\\\/11\\\/01\\\/hacienda-conforma-una-comision-especial-que-analizara-el-gasto-publico\\\/#breadcrumb\",\"itemListElement\":[{\"@type\":\"ListItem\",\"position\":1,\"name\":\"Portada\",\"item\":\"https:\\\/\\\/www.ip.gov.py\\\/ip\\\/\"},{\"@type\":\"ListItem\",\"position\":2,\"name\":\"Hacienda conforma comisi\u00f3n que analizar\u00e1 el gasto p\u00fablico\"}]},{\"@type\":\"WebSite\",\"@id\":\"https:\\\/\\\/www.ip.gov.py\\\/ip\\\/#website\",\"url\":\"https:\\\/\\\/www.ip.gov.py\\\/ip\\\/\",\"name\":\".::Agencia IP::.\",\"description\":\"\",\"publisher\":{\"@id\":\"https:\\\/\\\/www.ip.gov.py\\\/ip\\\/#organization\"},\"potentialAction\":[{\"@type\":\"SearchAction\",\"target\":{\"@type\":\"EntryPoint\",\"urlTemplate\":\"https:\\\/\\\/www.ip.gov.py\\\/ip\\\/?s={search_term_string}\"},\"query-input\":{\"@type\":\"PropertyValueSpecification\",\"valueRequired\":true,\"valueName\":\"search_term_string\"}}],\"inLanguage\":\"es\"},{\"@type\":\"Organization\",\"@id\":\"https:\\\/\\\/www.ip.gov.py\\\/ip\\\/#organization\",\"name\":\"Agencia IP\",\"url\":\"https:\\\/\\\/www.ip.gov.py\\\/ip\\\/\",\"logo\":{\"@type\":\"ImageObject\",\"inLanguage\":\"es\",\"@id\":\"https:\\\/\\\/www.ip.gov.py\\\/ip\\\/#\\\/schema\\\/logo\\\/image\\\/\",\"url\":\"https:\\\/\\\/www.ip.gov.py\\\/ip\\\/wp-content\\\/uploads\\\/2018\\\/01\\\/Agencia-IP.jpg\",\"contentUrl\":\"https:\\\/\\\/www.ip.gov.py\\\/ip\\\/wp-content\\\/uploads\\\/2018\\\/01\\\/Agencia-IP.jpg\",\"width\":150,\"height\":150,\"caption\":\"Agencia IP\"},\"image\":{\"@id\":\"https:\\\/\\\/www.ip.gov.py\\\/ip\\\/#\\\/schema\\\/logo\\\/image\\\/\"},\"sameAs\":[\"https:\\\/\\\/www.facebook.com\\\/IPParaguay\\\/\",\"https:\\\/\\\/x.com\\\/IPParaguay\",\"https:\\\/\\\/www.instagram.com\\\/IPParaguay\"]},{\"@type\":\"Person\",\"@id\":\"https:\\\/\\\/www.ip.gov.py\\\/ip\\\/#\\\/schema\\\/person\\\/791af27a9219bdbf9064abb776bb41c2\",\"name\":\"Noelia Ferreira\",\"sameAs\":[\"http:\\\/\\\/www.ip.gov.py\"],\"url\":\"https:\\\/\\\/www.ip.gov.py\\\/ip\\\/author\\\/nferreira\\\/\"}]}<\/script>\n<!-- \/ Yoast SEO plugin. -->","yoast_head_json":{"title":"Hacienda conforma comisi\u00f3n que analizar\u00e1 el gasto p\u00fablico - .::Agencia IP::.","robots":{"index":"index","follow":"follow","max-snippet":"max-snippet:-1","max-image-preview":"max-image-preview:large","max-video-preview":"max-video-preview:-1"},"canonical":"https:\/\/www.ip.gov.py\/ip\/2018\/11\/01\/hacienda-conforma-una-comision-especial-que-analizara-el-gasto-publico\/","og_locale":"es_ES","og_type":"article","og_title":"Hacienda conforma comisi\u00f3n que analizar\u00e1 el gasto p\u00fablico - .::Agencia IP::.","og_description":"Asunci\u00f3n, IP.- El Ministerio de Hacienda aprob\u00f3 la creaci\u00f3n de la Comisi\u00f3n Interinstitucional P\u00fablico-Privada que se encargar\u00e1 del estudio y an\u00e1lisis de la eficiencia del gasto p\u00fablico. La misma agrupar\u00e1 a representantes ad hon\u00f3rem del Poder Ejecutivo, del Congreso Nacional, del Consejo Fiscal Asesor, exministros de Hacienda y representantes del sector privado.","og_url":"https:\/\/www.ip.gov.py\/ip\/2018\/11\/01\/hacienda-conforma-una-comision-especial-que-analizara-el-gasto-publico\/","og_site_name":".::Agencia IP::.","article_publisher":"https:\/\/www.facebook.com\/IPParaguay\/","article_published_time":"2018-11-01T12:46:43+00:00","article_modified_time":"2018-11-01T12:56:12+00:00","og_image":[{"width":1280,"height":853,"url":"https:\/\/www.ip.gov.py\/ip\/wp-content\/uploads\/2018\/05\/Hacienda-Foto-IP.jpeg","type":"image\/jpeg"}],"author":"Noelia Ferreira","twitter_card":"summary_large_image","twitter_creator":"@IPParaguay","twitter_site":"@IPParaguay","twitter_misc":{"Escrito por":"Noelia Ferreira","Tiempo de lectura":"2 minutos"},"schema":{"@context":"https:\/\/schema.org","@graph":[{"@type":"Article","@id":"https:\/\/www.ip.gov.py\/ip\/2018\/11\/01\/hacienda-conforma-una-comision-especial-que-analizara-el-gasto-publico\/#article","isPartOf":{"@id":"https:\/\/www.ip.gov.py\/ip\/2018\/11\/01\/hacienda-conforma-una-comision-especial-que-analizara-el-gasto-publico\/"},"author":{"name":"Noelia Ferreira","@id":"https:\/\/www.ip.gov.py\/ip\/#\/schema\/person\/791af27a9219bdbf9064abb776bb41c2"},"headline":"Hacienda conforma comisi\u00f3n que analizar\u00e1 el gasto p\u00fablico","datePublished":"2018-11-01T12:46:43+00:00","dateModified":"2018-11-01T12:56:12+00:00","mainEntityOfPage":{"@id":"https:\/\/www.ip.gov.py\/ip\/2018\/11\/01\/hacienda-conforma-una-comision-especial-que-analizara-el-gasto-publico\/"},"wordCount":368,"publisher":{"@id":"https:\/\/www.ip.gov.py\/ip\/#organization"},"image":{"@id":"https:\/\/www.ip.gov.py\/ip\/2018\/11\/01\/hacienda-conforma-una-comision-especial-que-analizara-el-gasto-publico\/#primaryimage"},"thumbnailUrl":"https:\/\/www.ip.gov.py\/ip\/wp-content\/uploads\/2018\/05\/Hacienda-Foto-IP.jpeg","articleSection":["Econom\u00eda"],"inLanguage":"es"},{"@type":"WebPage","@id":"https:\/\/www.ip.gov.py\/ip\/2018\/11\/01\/hacienda-conforma-una-comision-especial-que-analizara-el-gasto-publico\/","url":"https:\/\/www.ip.gov.py\/ip\/2018\/11\/01\/hacienda-conforma-una-comision-especial-que-analizara-el-gasto-publico\/","name":"Hacienda conforma comisi\u00f3n que analizar\u00e1 el gasto p\u00fablico - .::Agencia IP::.","isPartOf":{"@id":"https:\/\/www.ip.gov.py\/ip\/#website"},"primaryImageOfPage":{"@id":"https:\/\/www.ip.gov.py\/ip\/2018\/11\/01\/hacienda-conforma-una-comision-especial-que-analizara-el-gasto-publico\/#primaryimage"},"image":{"@id":"https:\/\/www.ip.gov.py\/ip\/2018\/11\/01\/hacienda-conforma-una-comision-especial-que-analizara-el-gasto-publico\/#primaryimage"},"thumbnailUrl":"https:\/\/www.ip.gov.py\/ip\/wp-content\/uploads\/2018\/05\/Hacienda-Foto-IP.jpeg","datePublished":"2018-11-01T12:46:43+00:00","dateModified":"2018-11-01T12:56:12+00:00","breadcrumb":{"@id":"https:\/\/www.ip.gov.py\/ip\/2018\/11\/01\/hacienda-conforma-una-comision-especial-que-analizara-el-gasto-publico\/#breadcrumb"},"inLanguage":"es","potentialAction":[{"@type":"ReadAction","target":["https:\/\/www.ip.gov.py\/ip\/2018\/11\/01\/hacienda-conforma-una-comision-especial-que-analizara-el-gasto-publico\/"]}]},{"@type":"ImageObject","inLanguage":"es","@id":"https:\/\/www.ip.gov.py\/ip\/2018\/11\/01\/hacienda-conforma-una-comision-especial-que-analizara-el-gasto-publico\/#primaryimage","url":"https:\/\/www.ip.gov.py\/ip\/wp-content\/uploads\/2018\/05\/Hacienda-Foto-IP.jpeg","contentUrl":"https:\/\/www.ip.gov.py\/ip\/wp-content\/uploads\/2018\/05\/Hacienda-Foto-IP.jpeg","width":1280,"height":853,"caption":"Fachada del Ministerio de Hacienda. Foto: IP"},{"@type":"BreadcrumbList","@id":"https:\/\/www.ip.gov.py\/ip\/2018\/11\/01\/hacienda-conforma-una-comision-especial-que-analizara-el-gasto-publico\/#breadcrumb","itemListElement":[{"@type":"ListItem","position":1,"name":"Portada","item":"https:\/\/www.ip.gov.py\/ip\/"},{"@type":"ListItem","position":2,"name":"Hacienda conforma comisi\u00f3n que analizar\u00e1 el gasto p\u00fablico"}]},{"@type":"WebSite","@id":"https:\/\/www.ip.gov.py\/ip\/#website","url":"https:\/\/www.ip.gov.py\/ip\/","name":".::Agencia IP::.","description":"","publisher":{"@id":"https:\/\/www.ip.gov.py\/ip\/#organization"},"potentialAction":[{"@type":"SearchAction","target":{"@type":"EntryPoint","urlTemplate":"https:\/\/www.ip.gov.py\/ip\/?s={search_term_string}"},"query-input":{"@type":"PropertyValueSpecification","valueRequired":true,"valueName":"search_term_string"}}],"inLanguage":"es"},{"@type":"Organization","@id":"https:\/\/www.ip.gov.py\/ip\/#organization","name":"Agencia IP","url":"https:\/\/www.ip.gov.py\/ip\/","logo":{"@type":"ImageObject","inLanguage":"es","@id":"https:\/\/www.ip.gov.py\/ip\/#\/schema\/logo\/image\/","url":"https:\/\/www.ip.gov.py\/ip\/wp-content\/uploads\/2018\/01\/Agencia-IP.jpg","contentUrl":"https:\/\/www.ip.gov.py\/ip\/wp-content\/uploads\/2018\/01\/Agencia-IP.jpg","width":150,"height":150,"caption":"Agencia IP"},"image":{"@id":"https:\/\/www.ip.gov.py\/ip\/#\/schema\/logo\/image\/"},"sameAs":["https:\/\/www.facebook.com\/IPParaguay\/","https:\/\/x.com\/IPParaguay","https:\/\/www.instagram.com\/IPParaguay"]},{"@type":"Person","@id":"https:\/\/www.ip.gov.py\/ip\/#\/schema\/person\/791af27a9219bdbf9064abb776bb41c2","name":"Noelia Ferreira","sameAs":["http:\/\/www.ip.gov.py"],"url":"https:\/\/www.ip.gov.py\/ip\/author\/nferreira\/"}]}},"_links":{"self":[{"href":"https:\/\/www.ip.gov.py\/ip\/wp-json\/wp\/v2\/posts\/246165","targetHints":{"allow":["GET"]}}],"collection":[{"href":"https:\/\/www.ip.gov.py\/ip\/wp-json\/wp\/v2\/posts"}],"about":[{"href":"https:\/\/www.ip.gov.py\/ip\/wp-json\/wp\/v2\/types\/post"}],"author":[{"embeddable":true,"href":"https:\/\/www.ip.gov.py\/ip\/wp-json\/wp\/v2\/users\/23"}],"replies":[{"embeddable":true,"href":"https:\/\/www.ip.gov.py\/ip\/wp-json\/wp\/v2\/comments?post=246165"}],"version-history":[{"count":0,"href":"https:\/\/www.ip.gov.py\/ip\/wp-json\/wp\/v2\/posts\/246165\/revisions"}],"wp:featuredmedia":[{"embeddable":true,"href":"https:\/\/www.ip.gov.py\/ip\/wp-json\/wp\/v2\/media\/221788"}],"wp:attachment":[{"href":"https:\/\/www.ip.gov.py\/ip\/wp-json\/wp\/v2\/media?parent=246165"}],"wp:term":[{"taxonomy":"category","embeddable":true,"href":"https:\/\/www.ip.gov.py\/ip\/wp-json\/wp\/v2\/categories?post=246165"},{"taxonomy":"post_tag","embeddable":true,"href":"https:\/\/www.ip.gov.py\/ip\/wp-json\/wp\/v2\/tags?post=246165"}],"curies":[{"name":"wp","href":"https:\/\/api.w.org\/{rel}","templated":true}]}}