{"id":246887,"date":"2018-11-06T15:33:01","date_gmt":"2018-11-06T18:33:01","guid":{"rendered":"https:\/\/www.ip.gov.py\/ip\/?p=246887"},"modified":"2018-11-06T16:10:52","modified_gmt":"2018-11-06T19:10:52","slug":"paraguay-estara-presente-en-el-mundial-de-tenis-de-olimpiadas-especiales","status":"publish","type":"post","link":"https:\/\/www.ip.gov.py\/ip\/2018\/11\/06\/paraguay-estara-presente-en-el-mundial-de-tenis-de-olimpiadas-especiales\/","title":{"rendered":"Paraguay estar\u00e1 presente en el Mundial de Tenis de Olimpiadas Especiales"},"content":{"rendered":"<p style=\"text-align: justify;\"><em><strong>Asunci\u00f3n, IP.-<\/strong> <\/em>Del 9 al 17 de noviembre se realizar\u00e1 en Rep\u00fablica Dominicana, el Torneo Mundial Invitacional de Tenis de Olimpiadas Especiales, con la participaci\u00f3n de 400 atletas provenientes de 40 pa\u00edses.\u00a0Paraguay estar\u00e1 representado por cuatro atletas.<!--more--><\/p>\n<p style=\"text-align: justify;\">La delegaci\u00f3n est\u00e1 integrada por: Leidy Medina, Derlis Ojeda, Miguel Sostoa y Luis Garc\u00eda, acompa\u00f1ados por Alejandro Tapiolas, entrenador y Mercedes Villar, jefa de la Comitiva.<\/p>\n<p style=\"text-align: justify;\">Los atletas competir\u00e1n en las pruebas de singles, dobles masculino (Derlis Ojeda y Luis Garc\u00eda) y dobles mixto (Leidy Medina y Miguel Sostoa).<\/p>\n<p style=\"text-align: justify;\">Los tenistas seleccionados a este evento deportivo pasaron por una etapa de preselecci\u00f3n que dur\u00f3 varios meses y se desarrollaron en las canchas de la Asociaci\u00f3n Paraguaya de Tenis, instituci\u00f3n que alberg\u00f3 el operativo de preparaci\u00f3n de los mundialistas, inform\u00f3 Olimpiadas Especiales Paraguay.<\/p>\n<p style=\"text-align: justify;\">Adem\u00e1s de los atletas se espera la participaci\u00f3n de 100 entrenadores, 500 familias y 50 jueces y oficiales.<\/p>\n<p style=\"text-align: justify;\">Olimpiadas Especiales<strong>\u00a0<\/strong>es un movimiento global que utiliza el poder<strong>\u00a0<\/strong>transformador del deporte para fomentar un esp\u00edritu de unidad y respeto.<strong>\u00a0<\/strong>Empodera a las personas con discapacidad intelectual para que se conviertan en miembros aceptados y apreciados de sus comunidades, lo que conduce a una sociedad m\u00e1s respetuosa e inclusiva para todos.<\/p>\n<p style=\"text-align: justify;\">Con el apoyo de m\u00e1s de 1 mill\u00f3n de entrenadores y voluntarios, ofrece 32 deportes de tipo ol\u00edmpico y m\u00e1s de 108,000 juegos y competencias cada a\u00f1o a m\u00e1s de 5 millones de atletas en el mundo.<\/p>\n<p style=\"text-align: justify;\">La organizaci\u00f3n es apoyada por varias personalidades, fundaciones y aliados.<\/p>\n<p style=\"text-align: justify;\">En el caso de Olimpiadas Especiales Am\u00e9rica Latina, es una de las siete regiones de Special Olympics International. Tiene presencia en 20 pa\u00edses de la regi\u00f3n, con m\u00e1s de 380 mil atletas que participan en m\u00e1s de 7.000 competencias deportivas al a\u00f1o.<\/p>\n","protected":false},"excerpt":{"rendered":"<p>Asunci\u00f3n, IP.- Del 9 al 17 de noviembre se realizar\u00e1 en Rep\u00fablica Dominicana, el Torneo Mundial Invitacional de Tenis de Olimpiadas Especiales, con la participaci\u00f3n de 400 atletas provenientes de 40 pa\u00edses.\u00a0Paraguay estar\u00e1 representado por cuatro atletas.<\/p>\n","protected":false},"author":5,"featured_media":246888,"comment_status":"closed","ping_status":"closed","sticky":false,"template":"","format":"standard","meta":{"_monsterinsights_skip_tracking":false,"_monsterinsights_sitenote_active":false,"_monsterinsights_sitenote_note":"","_monsterinsights_sitenote_category":0,"footnotes":""},"categories":[8],"tags":[],"class_list":{"0":"post-246887","1":"post","2":"type-post","3":"status-publish","4":"format-standard","5":"has-post-thumbnail","7":"category-deportes"},"yoast_head":"<!-- This site is optimized with the Yoast SEO plugin v27.4 - https:\/\/yoast.com\/product\/yoast-seo-wordpress\/ -->\n<title>Paraguay estar\u00e1 presente en el Mundial de Tenis de Olimpiadas Especiales - .::Agencia IP::.<\/title>\n<meta name=\"robots\" content=\"index, follow, max-snippet:-1, max-image-preview:large, max-video-preview:-1\" \/>\n<link rel=\"canonical\" href=\"https:\/\/www.ip.gov.py\/ip\/2018\/11\/06\/paraguay-estara-presente-en-el-mundial-de-tenis-de-olimpiadas-especiales\/\" \/>\n<meta property=\"og:locale\" content=\"es_ES\" \/>\n<meta property=\"og:type\" content=\"article\" \/>\n<meta property=\"og:title\" content=\"Paraguay estar\u00e1 presente en el Mundial de Tenis de Olimpiadas Especiales - .::Agencia IP::.\" \/>\n<meta property=\"og:description\" content=\"Asunci\u00f3n, IP.- Del 9 al 17 de noviembre se realizar\u00e1 en Rep\u00fablica Dominicana, el Torneo Mundial Invitacional de Tenis de Olimpiadas Especiales, con la participaci\u00f3n de 400 atletas provenientes de 40 pa\u00edses.\u00a0Paraguay estar\u00e1 representado por cuatro atletas.\" \/>\n<meta property=\"og:url\" content=\"https:\/\/www.ip.gov.py\/ip\/2018\/11\/06\/paraguay-estara-presente-en-el-mundial-de-tenis-de-olimpiadas-especiales\/\" \/>\n<meta property=\"og:site_name\" content=\".::Agencia IP::.\" \/>\n<meta property=\"article:publisher\" content=\"https:\/\/www.facebook.com\/IPParaguay\/\" \/>\n<meta property=\"article:published_time\" content=\"2018-11-06T18:33:01+00:00\" \/>\n<meta property=\"article:modified_time\" content=\"2018-11-06T19:10:52+00:00\" \/>\n<meta property=\"og:image\" content=\"https:\/\/www.ip.gov.py\/ip\/wp-content\/uploads\/2018\/11\/Delegaci\u00f3n-mundialista-de-Tenis-Olimpiadas-especiales-1024x809.jpg\" \/>\n\t<meta property=\"og:image:width\" content=\"1024\" \/>\n\t<meta property=\"og:image:height\" content=\"809\" \/>\n\t<meta property=\"og:image:type\" content=\"image\/jpeg\" \/>\n<meta name=\"author\" content=\"L. Q\" \/>\n<meta name=\"twitter:card\" content=\"summary_large_image\" \/>\n<meta name=\"twitter:creator\" content=\"@IPParaguay\" \/>\n<meta name=\"twitter:site\" content=\"@IPParaguay\" \/>\n<meta name=\"twitter:label1\" content=\"Escrito por\" \/>\n\t<meta name=\"twitter:data1\" content=\"L. Q\" \/>\n\t<meta name=\"twitter:label2\" content=\"Tiempo de lectura\" \/>\n\t<meta name=\"twitter:data2\" content=\"2 minutos\" \/>\n<script type=\"application\/ld+json\" class=\"yoast-schema-graph\">{\"@context\":\"https:\\\/\\\/schema.org\",\"@graph\":[{\"@type\":\"Article\",\"@id\":\"https:\\\/\\\/www.ip.gov.py\\\/ip\\\/2018\\\/11\\\/06\\\/paraguay-estara-presente-en-el-mundial-de-tenis-de-olimpiadas-especiales\\\/#article\",\"isPartOf\":{\"@id\":\"https:\\\/\\\/www.ip.gov.py\\\/ip\\\/2018\\\/11\\\/06\\\/paraguay-estara-presente-en-el-mundial-de-tenis-de-olimpiadas-especiales\\\/\"},\"author\":{\"name\":\"L. Q\",\"@id\":\"https:\\\/\\\/www.ip.gov.py\\\/ip\\\/#\\\/schema\\\/person\\\/e80828ea341031e783b9df2fe5a5f4f4\"},\"headline\":\"Paraguay estar\u00e1 presente en el Mundial de Tenis de Olimpiadas Especiales\",\"datePublished\":\"2018-11-06T18:33:01+00:00\",\"dateModified\":\"2018-11-06T19:10:52+00:00\",\"mainEntityOfPage\":{\"@id\":\"https:\\\/\\\/www.ip.gov.py\\\/ip\\\/2018\\\/11\\\/06\\\/paraguay-estara-presente-en-el-mundial-de-tenis-de-olimpiadas-especiales\\\/\"},\"wordCount\":317,\"publisher\":{\"@id\":\"https:\\\/\\\/www.ip.gov.py\\\/ip\\\/#organization\"},\"image\":{\"@id\":\"https:\\\/\\\/www.ip.gov.py\\\/ip\\\/2018\\\/11\\\/06\\\/paraguay-estara-presente-en-el-mundial-de-tenis-de-olimpiadas-especiales\\\/#primaryimage\"},\"thumbnailUrl\":\"https:\\\/\\\/www.ip.gov.py\\\/ip\\\/wp-content\\\/uploads\\\/2018\\\/11\\\/Delegaci\u00f3n-mundialista-de-Tenis-Olimpiadas-especiales.jpg\",\"articleSection\":[\"Deportes\"],\"inLanguage\":\"es\"},{\"@type\":\"WebPage\",\"@id\":\"https:\\\/\\\/www.ip.gov.py\\\/ip\\\/2018\\\/11\\\/06\\\/paraguay-estara-presente-en-el-mundial-de-tenis-de-olimpiadas-especiales\\\/\",\"url\":\"https:\\\/\\\/www.ip.gov.py\\\/ip\\\/2018\\\/11\\\/06\\\/paraguay-estara-presente-en-el-mundial-de-tenis-de-olimpiadas-especiales\\\/\",\"name\":\"Paraguay estar\u00e1 presente en el Mundial de Tenis de Olimpiadas Especiales - .::Agencia IP::.\",\"isPartOf\":{\"@id\":\"https:\\\/\\\/www.ip.gov.py\\\/ip\\\/#website\"},\"primaryImageOfPage\":{\"@id\":\"https:\\\/\\\/www.ip.gov.py\\\/ip\\\/2018\\\/11\\\/06\\\/paraguay-estara-presente-en-el-mundial-de-tenis-de-olimpiadas-especiales\\\/#primaryimage\"},\"image\":{\"@id\":\"https:\\\/\\\/www.ip.gov.py\\\/ip\\\/2018\\\/11\\\/06\\\/paraguay-estara-presente-en-el-mundial-de-tenis-de-olimpiadas-especiales\\\/#primaryimage\"},\"thumbnailUrl\":\"https:\\\/\\\/www.ip.gov.py\\\/ip\\\/wp-content\\\/uploads\\\/2018\\\/11\\\/Delegaci\u00f3n-mundialista-de-Tenis-Olimpiadas-especiales.jpg\",\"datePublished\":\"2018-11-06T18:33:01+00:00\",\"dateModified\":\"2018-11-06T19:10:52+00:00\",\"breadcrumb\":{\"@id\":\"https:\\\/\\\/www.ip.gov.py\\\/ip\\\/2018\\\/11\\\/06\\\/paraguay-estara-presente-en-el-mundial-de-tenis-de-olimpiadas-especiales\\\/#breadcrumb\"},\"inLanguage\":\"es\",\"potentialAction\":[{\"@type\":\"ReadAction\",\"target\":[\"https:\\\/\\\/www.ip.gov.py\\\/ip\\\/2018\\\/11\\\/06\\\/paraguay-estara-presente-en-el-mundial-de-tenis-de-olimpiadas-especiales\\\/\"]}]},{\"@type\":\"ImageObject\",\"inLanguage\":\"es\",\"@id\":\"https:\\\/\\\/www.ip.gov.py\\\/ip\\\/2018\\\/11\\\/06\\\/paraguay-estara-presente-en-el-mundial-de-tenis-de-olimpiadas-especiales\\\/#primaryimage\",\"url\":\"https:\\\/\\\/www.ip.gov.py\\\/ip\\\/wp-content\\\/uploads\\\/2018\\\/11\\\/Delegaci\u00f3n-mundialista-de-Tenis-Olimpiadas-especiales.jpg\",\"contentUrl\":\"https:\\\/\\\/www.ip.gov.py\\\/ip\\\/wp-content\\\/uploads\\\/2018\\\/11\\\/Delegaci\u00f3n-mundialista-de-Tenis-Olimpiadas-especiales.jpg\",\"width\":4480,\"height\":3538,\"caption\":\"Delegaci\u00f3n mundialista de Tenis. Foto: Gentileza\"},{\"@type\":\"BreadcrumbList\",\"@id\":\"https:\\\/\\\/www.ip.gov.py\\\/ip\\\/2018\\\/11\\\/06\\\/paraguay-estara-presente-en-el-mundial-de-tenis-de-olimpiadas-especiales\\\/#breadcrumb\",\"itemListElement\":[{\"@type\":\"ListItem\",\"position\":1,\"name\":\"Portada\",\"item\":\"https:\\\/\\\/www.ip.gov.py\\\/ip\\\/\"},{\"@type\":\"ListItem\",\"position\":2,\"name\":\"Paraguay estar\u00e1 presente en el Mundial de Tenis de Olimpiadas Especiales\"}]},{\"@type\":\"WebSite\",\"@id\":\"https:\\\/\\\/www.ip.gov.py\\\/ip\\\/#website\",\"url\":\"https:\\\/\\\/www.ip.gov.py\\\/ip\\\/\",\"name\":\".::Agencia IP::.\",\"description\":\"\",\"publisher\":{\"@id\":\"https:\\\/\\\/www.ip.gov.py\\\/ip\\\/#organization\"},\"potentialAction\":[{\"@type\":\"SearchAction\",\"target\":{\"@type\":\"EntryPoint\",\"urlTemplate\":\"https:\\\/\\\/www.ip.gov.py\\\/ip\\\/?s={search_term_string}\"},\"query-input\":{\"@type\":\"PropertyValueSpecification\",\"valueRequired\":true,\"valueName\":\"search_term_string\"}}],\"inLanguage\":\"es\"},{\"@type\":\"Organization\",\"@id\":\"https:\\\/\\\/www.ip.gov.py\\\/ip\\\/#organization\",\"name\":\"Agencia IP\",\"url\":\"https:\\\/\\\/www.ip.gov.py\\\/ip\\\/\",\"logo\":{\"@type\":\"ImageObject\",\"inLanguage\":\"es\",\"@id\":\"https:\\\/\\\/www.ip.gov.py\\\/ip\\\/#\\\/schema\\\/logo\\\/image\\\/\",\"url\":\"https:\\\/\\\/www.ip.gov.py\\\/ip\\\/wp-content\\\/uploads\\\/2018\\\/01\\\/Agencia-IP.jpg\",\"contentUrl\":\"https:\\\/\\\/www.ip.gov.py\\\/ip\\\/wp-content\\\/uploads\\\/2018\\\/01\\\/Agencia-IP.jpg\",\"width\":150,\"height\":150,\"caption\":\"Agencia IP\"},\"image\":{\"@id\":\"https:\\\/\\\/www.ip.gov.py\\\/ip\\\/#\\\/schema\\\/logo\\\/image\\\/\"},\"sameAs\":[\"https:\\\/\\\/www.facebook.com\\\/IPParaguay\\\/\",\"https:\\\/\\\/x.com\\\/IPParaguay\",\"https:\\\/\\\/www.instagram.com\\\/IPParaguay\"]},{\"@type\":\"Person\",\"@id\":\"https:\\\/\\\/www.ip.gov.py\\\/ip\\\/#\\\/schema\\\/person\\\/e80828ea341031e783b9df2fe5a5f4f4\",\"name\":\"L. Q\",\"url\":\"https:\\\/\\\/www.ip.gov.py\\\/ip\\\/author\\\/lquinonez\\\/\"}]}<\/script>\n<!-- \/ Yoast SEO plugin. -->","yoast_head_json":{"title":"Paraguay estar\u00e1 presente en el Mundial de Tenis de Olimpiadas Especiales - .::Agencia IP::.","robots":{"index":"index","follow":"follow","max-snippet":"max-snippet:-1","max-image-preview":"max-image-preview:large","max-video-preview":"max-video-preview:-1"},"canonical":"https:\/\/www.ip.gov.py\/ip\/2018\/11\/06\/paraguay-estara-presente-en-el-mundial-de-tenis-de-olimpiadas-especiales\/","og_locale":"es_ES","og_type":"article","og_title":"Paraguay estar\u00e1 presente en el Mundial de Tenis de Olimpiadas Especiales - .::Agencia IP::.","og_description":"Asunci\u00f3n, IP.- Del 9 al 17 de noviembre se realizar\u00e1 en Rep\u00fablica Dominicana, el Torneo Mundial Invitacional de Tenis de Olimpiadas Especiales, con la participaci\u00f3n de 400 atletas provenientes de 40 pa\u00edses.\u00a0Paraguay estar\u00e1 representado por cuatro atletas.","og_url":"https:\/\/www.ip.gov.py\/ip\/2018\/11\/06\/paraguay-estara-presente-en-el-mundial-de-tenis-de-olimpiadas-especiales\/","og_site_name":".::Agencia IP::.","article_publisher":"https:\/\/www.facebook.com\/IPParaguay\/","article_published_time":"2018-11-06T18:33:01+00:00","article_modified_time":"2018-11-06T19:10:52+00:00","og_image":[{"width":1024,"height":809,"url":"https:\/\/www.ip.gov.py\/ip\/wp-content\/uploads\/2018\/11\/Delegaci\u00f3n-mundialista-de-Tenis-Olimpiadas-especiales-1024x809.jpg","type":"image\/jpeg"}],"author":"L. Q","twitter_card":"summary_large_image","twitter_creator":"@IPParaguay","twitter_site":"@IPParaguay","twitter_misc":{"Escrito por":"L. Q","Tiempo de lectura":"2 minutos"},"schema":{"@context":"https:\/\/schema.org","@graph":[{"@type":"Article","@id":"https:\/\/www.ip.gov.py\/ip\/2018\/11\/06\/paraguay-estara-presente-en-el-mundial-de-tenis-de-olimpiadas-especiales\/#article","isPartOf":{"@id":"https:\/\/www.ip.gov.py\/ip\/2018\/11\/06\/paraguay-estara-presente-en-el-mundial-de-tenis-de-olimpiadas-especiales\/"},"author":{"name":"L. Q","@id":"https:\/\/www.ip.gov.py\/ip\/#\/schema\/person\/e80828ea341031e783b9df2fe5a5f4f4"},"headline":"Paraguay estar\u00e1 presente en el Mundial de Tenis de Olimpiadas Especiales","datePublished":"2018-11-06T18:33:01+00:00","dateModified":"2018-11-06T19:10:52+00:00","mainEntityOfPage":{"@id":"https:\/\/www.ip.gov.py\/ip\/2018\/11\/06\/paraguay-estara-presente-en-el-mundial-de-tenis-de-olimpiadas-especiales\/"},"wordCount":317,"publisher":{"@id":"https:\/\/www.ip.gov.py\/ip\/#organization"},"image":{"@id":"https:\/\/www.ip.gov.py\/ip\/2018\/11\/06\/paraguay-estara-presente-en-el-mundial-de-tenis-de-olimpiadas-especiales\/#primaryimage"},"thumbnailUrl":"https:\/\/www.ip.gov.py\/ip\/wp-content\/uploads\/2018\/11\/Delegaci\u00f3n-mundialista-de-Tenis-Olimpiadas-especiales.jpg","articleSection":["Deportes"],"inLanguage":"es"},{"@type":"WebPage","@id":"https:\/\/www.ip.gov.py\/ip\/2018\/11\/06\/paraguay-estara-presente-en-el-mundial-de-tenis-de-olimpiadas-especiales\/","url":"https:\/\/www.ip.gov.py\/ip\/2018\/11\/06\/paraguay-estara-presente-en-el-mundial-de-tenis-de-olimpiadas-especiales\/","name":"Paraguay estar\u00e1 presente en el Mundial de Tenis de Olimpiadas Especiales - .::Agencia IP::.","isPartOf":{"@id":"https:\/\/www.ip.gov.py\/ip\/#website"},"primaryImageOfPage":{"@id":"https:\/\/www.ip.gov.py\/ip\/2018\/11\/06\/paraguay-estara-presente-en-el-mundial-de-tenis-de-olimpiadas-especiales\/#primaryimage"},"image":{"@id":"https:\/\/www.ip.gov.py\/ip\/2018\/11\/06\/paraguay-estara-presente-en-el-mundial-de-tenis-de-olimpiadas-especiales\/#primaryimage"},"thumbnailUrl":"https:\/\/www.ip.gov.py\/ip\/wp-content\/uploads\/2018\/11\/Delegaci\u00f3n-mundialista-de-Tenis-Olimpiadas-especiales.jpg","datePublished":"2018-11-06T18:33:01+00:00","dateModified":"2018-11-06T19:10:52+00:00","breadcrumb":{"@id":"https:\/\/www.ip.gov.py\/ip\/2018\/11\/06\/paraguay-estara-presente-en-el-mundial-de-tenis-de-olimpiadas-especiales\/#breadcrumb"},"inLanguage":"es","potentialAction":[{"@type":"ReadAction","target":["https:\/\/www.ip.gov.py\/ip\/2018\/11\/06\/paraguay-estara-presente-en-el-mundial-de-tenis-de-olimpiadas-especiales\/"]}]},{"@type":"ImageObject","inLanguage":"es","@id":"https:\/\/www.ip.gov.py\/ip\/2018\/11\/06\/paraguay-estara-presente-en-el-mundial-de-tenis-de-olimpiadas-especiales\/#primaryimage","url":"https:\/\/www.ip.gov.py\/ip\/wp-content\/uploads\/2018\/11\/Delegaci\u00f3n-mundialista-de-Tenis-Olimpiadas-especiales.jpg","contentUrl":"https:\/\/www.ip.gov.py\/ip\/wp-content\/uploads\/2018\/11\/Delegaci\u00f3n-mundialista-de-Tenis-Olimpiadas-especiales.jpg","width":4480,"height":3538,"caption":"Delegaci\u00f3n mundialista de Tenis. Foto: Gentileza"},{"@type":"BreadcrumbList","@id":"https:\/\/www.ip.gov.py\/ip\/2018\/11\/06\/paraguay-estara-presente-en-el-mundial-de-tenis-de-olimpiadas-especiales\/#breadcrumb","itemListElement":[{"@type":"ListItem","position":1,"name":"Portada","item":"https:\/\/www.ip.gov.py\/ip\/"},{"@type":"ListItem","position":2,"name":"Paraguay estar\u00e1 presente en el Mundial de Tenis de Olimpiadas Especiales"}]},{"@type":"WebSite","@id":"https:\/\/www.ip.gov.py\/ip\/#website","url":"https:\/\/www.ip.gov.py\/ip\/","name":".::Agencia IP::.","description":"","publisher":{"@id":"https:\/\/www.ip.gov.py\/ip\/#organization"},"potentialAction":[{"@type":"SearchAction","target":{"@type":"EntryPoint","urlTemplate":"https:\/\/www.ip.gov.py\/ip\/?s={search_term_string}"},"query-input":{"@type":"PropertyValueSpecification","valueRequired":true,"valueName":"search_term_string"}}],"inLanguage":"es"},{"@type":"Organization","@id":"https:\/\/www.ip.gov.py\/ip\/#organization","name":"Agencia IP","url":"https:\/\/www.ip.gov.py\/ip\/","logo":{"@type":"ImageObject","inLanguage":"es","@id":"https:\/\/www.ip.gov.py\/ip\/#\/schema\/logo\/image\/","url":"https:\/\/www.ip.gov.py\/ip\/wp-content\/uploads\/2018\/01\/Agencia-IP.jpg","contentUrl":"https:\/\/www.ip.gov.py\/ip\/wp-content\/uploads\/2018\/01\/Agencia-IP.jpg","width":150,"height":150,"caption":"Agencia IP"},"image":{"@id":"https:\/\/www.ip.gov.py\/ip\/#\/schema\/logo\/image\/"},"sameAs":["https:\/\/www.facebook.com\/IPParaguay\/","https:\/\/x.com\/IPParaguay","https:\/\/www.instagram.com\/IPParaguay"]},{"@type":"Person","@id":"https:\/\/www.ip.gov.py\/ip\/#\/schema\/person\/e80828ea341031e783b9df2fe5a5f4f4","name":"L. Q","url":"https:\/\/www.ip.gov.py\/ip\/author\/lquinonez\/"}]}},"_links":{"self":[{"href":"https:\/\/www.ip.gov.py\/ip\/wp-json\/wp\/v2\/posts\/246887","targetHints":{"allow":["GET"]}}],"collection":[{"href":"https:\/\/www.ip.gov.py\/ip\/wp-json\/wp\/v2\/posts"}],"about":[{"href":"https:\/\/www.ip.gov.py\/ip\/wp-json\/wp\/v2\/types\/post"}],"author":[{"embeddable":true,"href":"https:\/\/www.ip.gov.py\/ip\/wp-json\/wp\/v2\/users\/5"}],"replies":[{"embeddable":true,"href":"https:\/\/www.ip.gov.py\/ip\/wp-json\/wp\/v2\/comments?post=246887"}],"version-history":[{"count":0,"href":"https:\/\/www.ip.gov.py\/ip\/wp-json\/wp\/v2\/posts\/246887\/revisions"}],"wp:featuredmedia":[{"embeddable":true,"href":"https:\/\/www.ip.gov.py\/ip\/wp-json\/wp\/v2\/media\/246888"}],"wp:attachment":[{"href":"https:\/\/www.ip.gov.py\/ip\/wp-json\/wp\/v2\/media?parent=246887"}],"wp:term":[{"taxonomy":"category","embeddable":true,"href":"https:\/\/www.ip.gov.py\/ip\/wp-json\/wp\/v2\/categories?post=246887"},{"taxonomy":"post_tag","embeddable":true,"href":"https:\/\/www.ip.gov.py\/ip\/wp-json\/wp\/v2\/tags?post=246887"}],"curies":[{"name":"wp","href":"https:\/\/api.w.org\/{rel}","templated":true}]}}