{"id":250975,"date":"2018-12-05T08:18:37","date_gmt":"2018-12-05T11:18:37","guid":{"rendered":"https:\/\/www.ip.gov.py\/ip\/?p=250975"},"modified":"2018-12-05T08:35:37","modified_gmt":"2018-12-05T11:35:37","slug":"monsenor-pide-impulsar-politicas-publicas-para-reducir-la-inequidad-social","status":"publish","type":"post","link":"https:\/\/www.ip.gov.py\/ip\/2018\/12\/05\/monsenor-pide-impulsar-politicas-publicas-para-reducir-la-inequidad-social\/","title":{"rendered":"Obispo de Villarrica pide impulsar pol\u00edticas p\u00fablicas para reducir la inequidad social"},"content":{"rendered":"<p style=\"text-align: justify;\"><em><strong>Asunci\u00f3n, IP.-<\/strong><\/em> El obispo de la Di\u00f3cesis de Villarrica, monse\u00f1or Adalberto Mart\u00ednez exhort\u00f3 al Gobierno a impulsar con \u201ccoraje\u201d las pol\u00edticas p\u00fablicas para reducir la inequidad social que traiga a los paraguayos mejores condiciones de vida y paz al Paraguay.<!--more--><\/p>\n<p style=\"text-align: justify;\">El tema desarrollado en la ma\u00f1ana de este mi\u00e9rcoles en el octavo d\u00eda de novenario en honor a a la Virgen de Caacup\u00e9 fue \u201cLa amistad con Cristo, condiciones para una vida cristiana\u201d y estuvo a cargo del monse\u00f1or Mart\u00ednez, quien adem\u00e1s es presidente de la Conferencia Episcopal Paraguaya (CEP) y administrador apost\u00f3lico de las Fuerzas Armadas y la Polic\u00eda Nacional.<\/p>\n<p style=\"text-align: justify;\">Al inicio de la homil\u00eda, el monse\u00f1or Adalberto Mart\u00ednez, dijo que \u00abno\u00a0seremos amigos del se\u00f1or y no estaremos cumpliendo su mandamiento, mientras m\u00e1s de 300 paraguayos que viven en la indigencia, es decir pasan hambre, no podemos ser indolentes e indiferentes ante este tipo de esc\u00e1ndalos\u201d.<\/p>\n<p style=\"text-align: justify;\">Sobre el punto dijo que el Paraguay produce suficiente alimentos pero que no llegan a los sectores m\u00e1s desprotegidos y vulnerables de la sociedad, por la inequidad social, problemas estructurales y por la promoci\u00f3n de un modelo de vida de producci\u00f3n y de consumo que excluye a los \u201cm\u00e1s d\u00e9biles\u201d. Al tiempo de mencionar que a la falta de alimentos se suma las debilidades en el \u00e1mbito de la salud y educaci\u00f3n.<\/p>\n<p style=\"text-align: justify;\">Dada la poblaci\u00f3n mayoritariamente joven en el pa\u00eds, el religioso advirti\u00f3 que s\u00ed no se adoptan cambios urgentes y profundos en el sistema educativo y sanitario se \u201ccondenar\u00e1 el futuro de miles de ni\u00f1os y j\u00f3venes\u201d, que le permitan acceder a mejores condiciones de vida \u00a0que mantendr\u00e1 al Paraguay en el atraso.<\/p>\n<p style=\"text-align: justify;\">Se\u00f1al\u00f3 que s\u00ed el crecimiento econ\u00f3mico no se traduce en desarrollo humano, con educaci\u00f3n y salud de calidad en el mediano plazo, \u201cno habr\u00e1 paz social\u201d, ni en el campo ni en la ciudad.<\/p>\n<p style=\"text-align: justify;\">Asimismo expres\u00f3 su preocupaci\u00f3n por el aumento de la violencia y la criminalidad, traducida en robos, secuestros, asesinatos y entre otros males que aquejan al pa\u00eds, que son en gran medida producto de la inequidad social, la corrupci\u00f3n e impunidad.<\/p>\n<p style=\"text-align: justify;\">\u201cBajo el manto de la impunidad crece la violencia, la inseguridad, los grupos armados y la corrupci\u00f3n como gangrena que enferme gravemente el tejido social de la naci\u00f3n\u201d, a\u00f1adi\u00f3.<\/p>\n<p style=\"text-align: justify;\">El monse\u00f1or tambi\u00e9n abog\u00f3 por la generaci\u00f3n de fuentes de trabajo para mitigar la disgregaci\u00f3n de la familia, consecuencias de la migraci\u00f3n forzada, de las necesidades y por la falta de oportunidades en su propia tierra.<\/p>\n<p style=\"text-align: justify;\">En ese sentido exhortaron a los poderes p\u00fablicos a impulsar con decisi\u00f3n y coraje, las pol\u00edticas p\u00fablicas que reduzcan la inequidad social para asegurar la paz social y el bienestar del pueblo, con oportunidades para todos los paraguayos.<\/p>\n<p style=\"text-align: justify;\">\u201cLos cambios estructurales son lentos y deben ser frutos de pol\u00edticas de Estado de mediano y largo plazo, por ello es conveniente continuar las acciones positivas de gobiernos anteriores y profundizar en aquellas pol\u00edticas de bien com\u00fan que favorezcan las condiciones de vida para la poblaci\u00f3n que le permita ir hacia adelante en el progreso\u201d, reconoci\u00f3.<\/p>\n<p style=\"text-align: justify;\">En otra parte de su homil\u00eda, el monse\u00f1or Mart\u00ednez alent\u00f3 a las fuerzas policiales y militares a que pongan su empe\u00f1o en salvaguardar a las personas de sus bienes y vidas. Manifest\u00f3 que este gran servicio que prestan a la patria requiere ante todo mucha honestidad, capacitaci\u00f3n, obediencia a la Constituci\u00f3n Nacional, a las leyes org\u00e1nicas que rigen tanto para la polic\u00eda como los militares y el respeto irrestricto a las personas.<\/p>\n<p style=\"text-align: justify;\">\u201cRezamos por ustedes (polic\u00edas- militares), por sus familias, por su misi\u00f3n y tambi\u00e9n oramos por Edelio Morinigo, por su familia, as\u00ed como F\u00e9lix Urbieta y familia, que el se\u00f1or les fortalezca en esta larga espera y que puedan reencontrarse en el seno de sus hogares\u201d, expres\u00f3 finalmente.<\/p>\n","protected":false},"excerpt":{"rendered":"<p>Asunci\u00f3n, IP.- El obispo de la Di\u00f3cesis de Villarrica, monse\u00f1or Adalberto Mart\u00ednez exhort\u00f3 al Gobierno a impulsar con \u201ccoraje\u201d las pol\u00edticas p\u00fablicas para reducir la inequidad social que traiga a los paraguayos mejores condiciones de vida y paz al Paraguay.<\/p>\n","protected":false},"author":7,"featured_media":250976,"comment_status":"closed","ping_status":"closed","sticky":false,"template":"","format":"standard","meta":{"_monsterinsights_skip_tracking":false,"_monsterinsights_sitenote_active":false,"_monsterinsights_sitenote_note":"","_monsterinsights_sitenote_category":0,"footnotes":""},"categories":[2,4],"tags":[],"class_list":{"0":"post-250975","1":"post","2":"type-post","3":"status-publish","4":"format-standard","5":"has-post-thumbnail","7":"category-destacado","8":"category-nacionales"},"yoast_head":"<!-- This site is optimized with the Yoast SEO plugin v27.5 - https:\/\/yoast.com\/product\/yoast-seo-wordpress\/ -->\n<title>Obispo de Villarrica pide impulsar pol\u00edticas p\u00fablicas para reducir la inequidad social - .::Agencia IP::.<\/title>\n<meta name=\"robots\" content=\"index, follow, max-snippet:-1, max-image-preview:large, max-video-preview:-1\" \/>\n<link rel=\"canonical\" href=\"https:\/\/www.ip.gov.py\/ip\/2018\/12\/05\/monsenor-pide-impulsar-politicas-publicas-para-reducir-la-inequidad-social\/\" \/>\n<meta property=\"og:locale\" content=\"es_ES\" \/>\n<meta property=\"og:type\" content=\"article\" \/>\n<meta property=\"og:title\" content=\"Obispo de Villarrica pide impulsar pol\u00edticas p\u00fablicas para reducir la inequidad social - .::Agencia IP::.\" \/>\n<meta property=\"og:description\" content=\"Asunci\u00f3n, IP.- El obispo de la Di\u00f3cesis de Villarrica, monse\u00f1or Adalberto Mart\u00ednez exhort\u00f3 al Gobierno a impulsar con \u201ccoraje\u201d las pol\u00edticas p\u00fablicas para reducir la inequidad social que traiga a los paraguayos mejores condiciones de vida y paz al Paraguay.\" \/>\n<meta property=\"og:url\" content=\"https:\/\/www.ip.gov.py\/ip\/2018\/12\/05\/monsenor-pide-impulsar-politicas-publicas-para-reducir-la-inequidad-social\/\" \/>\n<meta property=\"og:site_name\" content=\".::Agencia IP::.\" \/>\n<meta property=\"article:publisher\" content=\"https:\/\/www.facebook.com\/IPParaguay\/\" \/>\n<meta property=\"article:published_time\" content=\"2018-12-05T11:18:37+00:00\" \/>\n<meta property=\"article:modified_time\" content=\"2018-12-05T11:35:37+00:00\" \/>\n<meta property=\"og:image\" content=\"https:\/\/www.ip.gov.py\/ip\/wp-content\/uploads\/2018\/12\/homilia-de-Caacupe-novenario.jpg\" \/>\n\t<meta property=\"og:image:width\" content=\"811\" \/>\n\t<meta property=\"og:image:height\" content=\"608\" \/>\n\t<meta property=\"og:image:type\" content=\"image\/jpeg\" \/>\n<meta name=\"author\" content=\"Karina L\u00f3pez\" \/>\n<meta name=\"twitter:card\" content=\"summary_large_image\" \/>\n<meta name=\"twitter:creator\" content=\"@IPParaguay\" \/>\n<meta name=\"twitter:site\" content=\"@IPParaguay\" \/>\n<meta name=\"twitter:label1\" content=\"Escrito por\" \/>\n\t<meta name=\"twitter:data1\" content=\"Karina L\u00f3pez\" \/>\n\t<meta name=\"twitter:label2\" content=\"Tiempo de lectura\" \/>\n\t<meta name=\"twitter:data2\" content=\"3 minutos\" \/>\n<script type=\"application\/ld+json\" class=\"yoast-schema-graph\">{\"@context\":\"https:\\\/\\\/schema.org\",\"@graph\":[{\"@type\":\"Article\",\"@id\":\"https:\\\/\\\/www.ip.gov.py\\\/ip\\\/2018\\\/12\\\/05\\\/monsenor-pide-impulsar-politicas-publicas-para-reducir-la-inequidad-social\\\/#article\",\"isPartOf\":{\"@id\":\"https:\\\/\\\/www.ip.gov.py\\\/ip\\\/2018\\\/12\\\/05\\\/monsenor-pide-impulsar-politicas-publicas-para-reducir-la-inequidad-social\\\/\"},\"author\":{\"name\":\"Karina L\u00f3pez\",\"@id\":\"https:\\\/\\\/www.ip.gov.py\\\/ip\\\/#\\\/schema\\\/person\\\/613765cf13d420d448042e6802220539\"},\"headline\":\"Obispo de Villarrica pide impulsar pol\u00edticas p\u00fablicas para reducir la inequidad social\",\"datePublished\":\"2018-12-05T11:18:37+00:00\",\"dateModified\":\"2018-12-05T11:35:37+00:00\",\"mainEntityOfPage\":{\"@id\":\"https:\\\/\\\/www.ip.gov.py\\\/ip\\\/2018\\\/12\\\/05\\\/monsenor-pide-impulsar-politicas-publicas-para-reducir-la-inequidad-social\\\/\"},\"wordCount\":703,\"publisher\":{\"@id\":\"https:\\\/\\\/www.ip.gov.py\\\/ip\\\/#organization\"},\"image\":{\"@id\":\"https:\\\/\\\/www.ip.gov.py\\\/ip\\\/2018\\\/12\\\/05\\\/monsenor-pide-impulsar-politicas-publicas-para-reducir-la-inequidad-social\\\/#primaryimage\"},\"thumbnailUrl\":\"https:\\\/\\\/www.ip.gov.py\\\/ip\\\/wp-content\\\/uploads\\\/2018\\\/12\\\/homilia-de-Caacupe-novenario.jpg\",\"articleSection\":[\"Destacado\",\"Nacionales\"],\"inLanguage\":\"es\"},{\"@type\":\"WebPage\",\"@id\":\"https:\\\/\\\/www.ip.gov.py\\\/ip\\\/2018\\\/12\\\/05\\\/monsenor-pide-impulsar-politicas-publicas-para-reducir-la-inequidad-social\\\/\",\"url\":\"https:\\\/\\\/www.ip.gov.py\\\/ip\\\/2018\\\/12\\\/05\\\/monsenor-pide-impulsar-politicas-publicas-para-reducir-la-inequidad-social\\\/\",\"name\":\"Obispo de Villarrica pide impulsar pol\u00edticas p\u00fablicas para reducir la inequidad social - .::Agencia IP::.\",\"isPartOf\":{\"@id\":\"https:\\\/\\\/www.ip.gov.py\\\/ip\\\/#website\"},\"primaryImageOfPage\":{\"@id\":\"https:\\\/\\\/www.ip.gov.py\\\/ip\\\/2018\\\/12\\\/05\\\/monsenor-pide-impulsar-politicas-publicas-para-reducir-la-inequidad-social\\\/#primaryimage\"},\"image\":{\"@id\":\"https:\\\/\\\/www.ip.gov.py\\\/ip\\\/2018\\\/12\\\/05\\\/monsenor-pide-impulsar-politicas-publicas-para-reducir-la-inequidad-social\\\/#primaryimage\"},\"thumbnailUrl\":\"https:\\\/\\\/www.ip.gov.py\\\/ip\\\/wp-content\\\/uploads\\\/2018\\\/12\\\/homilia-de-Caacupe-novenario.jpg\",\"datePublished\":\"2018-12-05T11:18:37+00:00\",\"dateModified\":\"2018-12-05T11:35:37+00:00\",\"breadcrumb\":{\"@id\":\"https:\\\/\\\/www.ip.gov.py\\\/ip\\\/2018\\\/12\\\/05\\\/monsenor-pide-impulsar-politicas-publicas-para-reducir-la-inequidad-social\\\/#breadcrumb\"},\"inLanguage\":\"es\",\"potentialAction\":[{\"@type\":\"ReadAction\",\"target\":[\"https:\\\/\\\/www.ip.gov.py\\\/ip\\\/2018\\\/12\\\/05\\\/monsenor-pide-impulsar-politicas-publicas-para-reducir-la-inequidad-social\\\/\"]}]},{\"@type\":\"ImageObject\",\"inLanguage\":\"es\",\"@id\":\"https:\\\/\\\/www.ip.gov.py\\\/ip\\\/2018\\\/12\\\/05\\\/monsenor-pide-impulsar-politicas-publicas-para-reducir-la-inequidad-social\\\/#primaryimage\",\"url\":\"https:\\\/\\\/www.ip.gov.py\\\/ip\\\/wp-content\\\/uploads\\\/2018\\\/12\\\/homilia-de-Caacupe-novenario.jpg\",\"contentUrl\":\"https:\\\/\\\/www.ip.gov.py\\\/ip\\\/wp-content\\\/uploads\\\/2018\\\/12\\\/homilia-de-Caacupe-novenario.jpg\",\"width\":811,\"height\":608,\"caption\":\"Foto Facebook CEP\"},{\"@type\":\"BreadcrumbList\",\"@id\":\"https:\\\/\\\/www.ip.gov.py\\\/ip\\\/2018\\\/12\\\/05\\\/monsenor-pide-impulsar-politicas-publicas-para-reducir-la-inequidad-social\\\/#breadcrumb\",\"itemListElement\":[{\"@type\":\"ListItem\",\"position\":1,\"name\":\"Portada\",\"item\":\"https:\\\/\\\/www.ip.gov.py\\\/ip\\\/\"},{\"@type\":\"ListItem\",\"position\":2,\"name\":\"Obispo de Villarrica pide impulsar pol\u00edticas p\u00fablicas para reducir la inequidad social\"}]},{\"@type\":\"WebSite\",\"@id\":\"https:\\\/\\\/www.ip.gov.py\\\/ip\\\/#website\",\"url\":\"https:\\\/\\\/www.ip.gov.py\\\/ip\\\/\",\"name\":\".::Agencia IP::.\",\"description\":\"\",\"publisher\":{\"@id\":\"https:\\\/\\\/www.ip.gov.py\\\/ip\\\/#organization\"},\"potentialAction\":[{\"@type\":\"SearchAction\",\"target\":{\"@type\":\"EntryPoint\",\"urlTemplate\":\"https:\\\/\\\/www.ip.gov.py\\\/ip\\\/?s={search_term_string}\"},\"query-input\":{\"@type\":\"PropertyValueSpecification\",\"valueRequired\":true,\"valueName\":\"search_term_string\"}}],\"inLanguage\":\"es\"},{\"@type\":\"Organization\",\"@id\":\"https:\\\/\\\/www.ip.gov.py\\\/ip\\\/#organization\",\"name\":\"Agencia IP\",\"url\":\"https:\\\/\\\/www.ip.gov.py\\\/ip\\\/\",\"logo\":{\"@type\":\"ImageObject\",\"inLanguage\":\"es\",\"@id\":\"https:\\\/\\\/www.ip.gov.py\\\/ip\\\/#\\\/schema\\\/logo\\\/image\\\/\",\"url\":\"https:\\\/\\\/www.ip.gov.py\\\/ip\\\/wp-content\\\/uploads\\\/2018\\\/01\\\/Agencia-IP.jpg\",\"contentUrl\":\"https:\\\/\\\/www.ip.gov.py\\\/ip\\\/wp-content\\\/uploads\\\/2018\\\/01\\\/Agencia-IP.jpg\",\"width\":150,\"height\":150,\"caption\":\"Agencia IP\"},\"image\":{\"@id\":\"https:\\\/\\\/www.ip.gov.py\\\/ip\\\/#\\\/schema\\\/logo\\\/image\\\/\"},\"sameAs\":[\"https:\\\/\\\/www.facebook.com\\\/IPParaguay\\\/\",\"https:\\\/\\\/x.com\\\/IPParaguay\",\"https:\\\/\\\/www.instagram.com\\\/IPParaguay\"]},{\"@type\":\"Person\",\"@id\":\"https:\\\/\\\/www.ip.gov.py\\\/ip\\\/#\\\/schema\\\/person\\\/613765cf13d420d448042e6802220539\",\"name\":\"Karina L\u00f3pez\",\"url\":\"https:\\\/\\\/www.ip.gov.py\\\/ip\\\/author\\\/klopez\\\/\"}]}<\/script>\n<!-- \/ Yoast SEO plugin. -->","yoast_head_json":{"title":"Obispo de Villarrica pide impulsar pol\u00edticas p\u00fablicas para reducir la inequidad social - .::Agencia IP::.","robots":{"index":"index","follow":"follow","max-snippet":"max-snippet:-1","max-image-preview":"max-image-preview:large","max-video-preview":"max-video-preview:-1"},"canonical":"https:\/\/www.ip.gov.py\/ip\/2018\/12\/05\/monsenor-pide-impulsar-politicas-publicas-para-reducir-la-inequidad-social\/","og_locale":"es_ES","og_type":"article","og_title":"Obispo de Villarrica pide impulsar pol\u00edticas p\u00fablicas para reducir la inequidad social - .::Agencia IP::.","og_description":"Asunci\u00f3n, IP.- El obispo de la Di\u00f3cesis de Villarrica, monse\u00f1or Adalberto Mart\u00ednez exhort\u00f3 al Gobierno a impulsar con \u201ccoraje\u201d las pol\u00edticas p\u00fablicas para reducir la inequidad social que traiga a los paraguayos mejores condiciones de vida y paz al Paraguay.","og_url":"https:\/\/www.ip.gov.py\/ip\/2018\/12\/05\/monsenor-pide-impulsar-politicas-publicas-para-reducir-la-inequidad-social\/","og_site_name":".::Agencia IP::.","article_publisher":"https:\/\/www.facebook.com\/IPParaguay\/","article_published_time":"2018-12-05T11:18:37+00:00","article_modified_time":"2018-12-05T11:35:37+00:00","og_image":[{"width":811,"height":608,"url":"https:\/\/www.ip.gov.py\/ip\/wp-content\/uploads\/2018\/12\/homilia-de-Caacupe-novenario.jpg","type":"image\/jpeg"}],"author":"Karina L\u00f3pez","twitter_card":"summary_large_image","twitter_creator":"@IPParaguay","twitter_site":"@IPParaguay","twitter_misc":{"Escrito por":"Karina L\u00f3pez","Tiempo de lectura":"3 minutos"},"schema":{"@context":"https:\/\/schema.org","@graph":[{"@type":"Article","@id":"https:\/\/www.ip.gov.py\/ip\/2018\/12\/05\/monsenor-pide-impulsar-politicas-publicas-para-reducir-la-inequidad-social\/#article","isPartOf":{"@id":"https:\/\/www.ip.gov.py\/ip\/2018\/12\/05\/monsenor-pide-impulsar-politicas-publicas-para-reducir-la-inequidad-social\/"},"author":{"name":"Karina L\u00f3pez","@id":"https:\/\/www.ip.gov.py\/ip\/#\/schema\/person\/613765cf13d420d448042e6802220539"},"headline":"Obispo de Villarrica pide impulsar pol\u00edticas p\u00fablicas para reducir la inequidad social","datePublished":"2018-12-05T11:18:37+00:00","dateModified":"2018-12-05T11:35:37+00:00","mainEntityOfPage":{"@id":"https:\/\/www.ip.gov.py\/ip\/2018\/12\/05\/monsenor-pide-impulsar-politicas-publicas-para-reducir-la-inequidad-social\/"},"wordCount":703,"publisher":{"@id":"https:\/\/www.ip.gov.py\/ip\/#organization"},"image":{"@id":"https:\/\/www.ip.gov.py\/ip\/2018\/12\/05\/monsenor-pide-impulsar-politicas-publicas-para-reducir-la-inequidad-social\/#primaryimage"},"thumbnailUrl":"https:\/\/www.ip.gov.py\/ip\/wp-content\/uploads\/2018\/12\/homilia-de-Caacupe-novenario.jpg","articleSection":["Destacado","Nacionales"],"inLanguage":"es"},{"@type":"WebPage","@id":"https:\/\/www.ip.gov.py\/ip\/2018\/12\/05\/monsenor-pide-impulsar-politicas-publicas-para-reducir-la-inequidad-social\/","url":"https:\/\/www.ip.gov.py\/ip\/2018\/12\/05\/monsenor-pide-impulsar-politicas-publicas-para-reducir-la-inequidad-social\/","name":"Obispo de Villarrica pide impulsar pol\u00edticas p\u00fablicas para reducir la inequidad social - .::Agencia IP::.","isPartOf":{"@id":"https:\/\/www.ip.gov.py\/ip\/#website"},"primaryImageOfPage":{"@id":"https:\/\/www.ip.gov.py\/ip\/2018\/12\/05\/monsenor-pide-impulsar-politicas-publicas-para-reducir-la-inequidad-social\/#primaryimage"},"image":{"@id":"https:\/\/www.ip.gov.py\/ip\/2018\/12\/05\/monsenor-pide-impulsar-politicas-publicas-para-reducir-la-inequidad-social\/#primaryimage"},"thumbnailUrl":"https:\/\/www.ip.gov.py\/ip\/wp-content\/uploads\/2018\/12\/homilia-de-Caacupe-novenario.jpg","datePublished":"2018-12-05T11:18:37+00:00","dateModified":"2018-12-05T11:35:37+00:00","breadcrumb":{"@id":"https:\/\/www.ip.gov.py\/ip\/2018\/12\/05\/monsenor-pide-impulsar-politicas-publicas-para-reducir-la-inequidad-social\/#breadcrumb"},"inLanguage":"es","potentialAction":[{"@type":"ReadAction","target":["https:\/\/www.ip.gov.py\/ip\/2018\/12\/05\/monsenor-pide-impulsar-politicas-publicas-para-reducir-la-inequidad-social\/"]}]},{"@type":"ImageObject","inLanguage":"es","@id":"https:\/\/www.ip.gov.py\/ip\/2018\/12\/05\/monsenor-pide-impulsar-politicas-publicas-para-reducir-la-inequidad-social\/#primaryimage","url":"https:\/\/www.ip.gov.py\/ip\/wp-content\/uploads\/2018\/12\/homilia-de-Caacupe-novenario.jpg","contentUrl":"https:\/\/www.ip.gov.py\/ip\/wp-content\/uploads\/2018\/12\/homilia-de-Caacupe-novenario.jpg","width":811,"height":608,"caption":"Foto Facebook CEP"},{"@type":"BreadcrumbList","@id":"https:\/\/www.ip.gov.py\/ip\/2018\/12\/05\/monsenor-pide-impulsar-politicas-publicas-para-reducir-la-inequidad-social\/#breadcrumb","itemListElement":[{"@type":"ListItem","position":1,"name":"Portada","item":"https:\/\/www.ip.gov.py\/ip\/"},{"@type":"ListItem","position":2,"name":"Obispo de Villarrica pide impulsar pol\u00edticas p\u00fablicas para reducir la inequidad social"}]},{"@type":"WebSite","@id":"https:\/\/www.ip.gov.py\/ip\/#website","url":"https:\/\/www.ip.gov.py\/ip\/","name":".::Agencia IP::.","description":"","publisher":{"@id":"https:\/\/www.ip.gov.py\/ip\/#organization"},"potentialAction":[{"@type":"SearchAction","target":{"@type":"EntryPoint","urlTemplate":"https:\/\/www.ip.gov.py\/ip\/?s={search_term_string}"},"query-input":{"@type":"PropertyValueSpecification","valueRequired":true,"valueName":"search_term_string"}}],"inLanguage":"es"},{"@type":"Organization","@id":"https:\/\/www.ip.gov.py\/ip\/#organization","name":"Agencia IP","url":"https:\/\/www.ip.gov.py\/ip\/","logo":{"@type":"ImageObject","inLanguage":"es","@id":"https:\/\/www.ip.gov.py\/ip\/#\/schema\/logo\/image\/","url":"https:\/\/www.ip.gov.py\/ip\/wp-content\/uploads\/2018\/01\/Agencia-IP.jpg","contentUrl":"https:\/\/www.ip.gov.py\/ip\/wp-content\/uploads\/2018\/01\/Agencia-IP.jpg","width":150,"height":150,"caption":"Agencia IP"},"image":{"@id":"https:\/\/www.ip.gov.py\/ip\/#\/schema\/logo\/image\/"},"sameAs":["https:\/\/www.facebook.com\/IPParaguay\/","https:\/\/x.com\/IPParaguay","https:\/\/www.instagram.com\/IPParaguay"]},{"@type":"Person","@id":"https:\/\/www.ip.gov.py\/ip\/#\/schema\/person\/613765cf13d420d448042e6802220539","name":"Karina L\u00f3pez","url":"https:\/\/www.ip.gov.py\/ip\/author\/klopez\/"}]}},"_links":{"self":[{"href":"https:\/\/www.ip.gov.py\/ip\/wp-json\/wp\/v2\/posts\/250975","targetHints":{"allow":["GET"]}}],"collection":[{"href":"https:\/\/www.ip.gov.py\/ip\/wp-json\/wp\/v2\/posts"}],"about":[{"href":"https:\/\/www.ip.gov.py\/ip\/wp-json\/wp\/v2\/types\/post"}],"author":[{"embeddable":true,"href":"https:\/\/www.ip.gov.py\/ip\/wp-json\/wp\/v2\/users\/7"}],"replies":[{"embeddable":true,"href":"https:\/\/www.ip.gov.py\/ip\/wp-json\/wp\/v2\/comments?post=250975"}],"version-history":[{"count":0,"href":"https:\/\/www.ip.gov.py\/ip\/wp-json\/wp\/v2\/posts\/250975\/revisions"}],"wp:featuredmedia":[{"embeddable":true,"href":"https:\/\/www.ip.gov.py\/ip\/wp-json\/wp\/v2\/media\/250976"}],"wp:attachment":[{"href":"https:\/\/www.ip.gov.py\/ip\/wp-json\/wp\/v2\/media?parent=250975"}],"wp:term":[{"taxonomy":"category","embeddable":true,"href":"https:\/\/www.ip.gov.py\/ip\/wp-json\/wp\/v2\/categories?post=250975"},{"taxonomy":"post_tag","embeddable":true,"href":"https:\/\/www.ip.gov.py\/ip\/wp-json\/wp\/v2\/tags?post=250975"}],"curies":[{"name":"wp","href":"https:\/\/api.w.org\/{rel}","templated":true}]}}