{"id":252278,"date":"2018-12-14T11:55:04","date_gmt":"2018-12-14T14:55:04","guid":{"rendered":"https:\/\/www.ip.gov.py\/ip\/?p=252278"},"modified":"2018-12-14T11:55:04","modified_gmt":"2018-12-14T14:55:04","slug":"andres-peralta-presenta-palabras-ilustradas","status":"publish","type":"post","link":"https:\/\/www.ip.gov.py\/ip\/2018\/12\/14\/andres-peralta-presenta-palabras-ilustradas\/","title":{"rendered":"Andr\u00e9s Peralta presenta \u201cPalabras ilustradas\u201d"},"content":{"rendered":"<p style=\"text-align: justify;\"><em><strong>Asunci\u00f3n, IP.-<\/strong> <\/em>El ilustrador e historietista Andr\u00e9s Peralta (Andrewken) presentar\u00e1 en la Manzana de la Rivera la muestra \u201cPalabras ilustradas \u2013 Memorias del planeta extra\u00f1o\u201d , una colecci\u00f3n de 50 cuadros en los que reinterpreta la obras literaria de la escritora Norma Flores Allende.<!--more--><\/p>\n<p style=\"text-align: justify;\">La inauguraci\u00f3n se realizar\u00e1 el jueves 20 de diciembre a las 19:00 en el espacio Miguel Acevedo del Centro Cultural de la Ciudad Carlos Colombino-Manzana de la Rivera, Ayolas 129 casi Benjam\u00edn Constant, en el centro de Asunci\u00f3n. El acceso es libre y gratuito.<\/p>\n<p style=\"text-align: justify;\">\u201cPalabras Ilustradas es el concepto que redescubre una po\u00e9tica que se expresa a trav\u00e9s de una b\u00fasqueda de la belleza en formas, paisajes y seres. Relatos on\u00edricos y c\u00f3smicos, poblados de seres tanto fant\u00e1sticos como veros\u00edmiles son retratados en acuarela y tinta para resaltar que \u201clo extra\u00f1o es a su vez lo dom\u00e9stico: todo nos es extra\u00f1o\u201d, se\u00f1ala la rese\u00f1a de la exposici\u00f3n.<\/p>\n<p style=\"text-align: justify;\">La obra \u201cMemorias del planeta extra\u00f1o\u201d de Norma Flores Allende fue lanzada en el a\u00f1o 2016, obteniendo menci\u00f3n de honor en el Premio Municipal de Literatura 2016 y posteriormente fue editado en formato e-book (libro electr\u00f3nico) para disponibilizarlo en las plataformas comerciales Amazon y Lektu. Andrewken ilustr\u00f3 la versi\u00f3n electr\u00f3nica.<\/p>\n<p>&nbsp;<\/p>\n","protected":false},"excerpt":{"rendered":"<p>Asunci\u00f3n, IP.- El ilustrador e historietista Andr\u00e9s Peralta (Andrewken) presentar\u00e1 en la Manzana de la Rivera la muestra \u201cPalabras ilustradas \u2013 Memorias del planeta extra\u00f1o\u201d , una colecci\u00f3n de 50 cuadros en los que reinterpreta la obras literaria de la escritora Norma Flores Allende.<\/p>\n","protected":false},"author":19,"featured_media":252280,"comment_status":"closed","ping_status":"closed","sticky":false,"template":"","format":"standard","meta":{"_monsterinsights_skip_tracking":false,"_monsterinsights_sitenote_active":false,"_monsterinsights_sitenote_note":"","_monsterinsights_sitenote_category":0,"footnotes":""},"categories":[7],"tags":[],"class_list":{"0":"post-252278","1":"post","2":"type-post","3":"status-publish","4":"format-standard","5":"has-post-thumbnail","7":"category-cultura"},"yoast_head":"<!-- This site is optimized with the Yoast SEO plugin v27.4 - https:\/\/yoast.com\/product\/yoast-seo-wordpress\/ -->\n<title>Andr\u00e9s Peralta presenta \u201cPalabras ilustradas\u201d - .::Agencia IP::.<\/title>\n<meta name=\"robots\" content=\"index, follow, max-snippet:-1, max-image-preview:large, max-video-preview:-1\" \/>\n<link rel=\"canonical\" href=\"https:\/\/www.ip.gov.py\/ip\/2018\/12\/14\/andres-peralta-presenta-palabras-ilustradas\/\" \/>\n<meta property=\"og:locale\" content=\"es_ES\" \/>\n<meta property=\"og:type\" content=\"article\" \/>\n<meta property=\"og:title\" content=\"Andr\u00e9s Peralta presenta \u201cPalabras ilustradas\u201d - .::Agencia IP::.\" \/>\n<meta property=\"og:description\" content=\"Asunci\u00f3n, IP.- El ilustrador e historietista Andr\u00e9s Peralta (Andrewken) presentar\u00e1 en la Manzana de la Rivera la muestra \u201cPalabras ilustradas \u2013 Memorias del planeta extra\u00f1o\u201d , una colecci\u00f3n de 50 cuadros en los que reinterpreta la obras literaria de la escritora Norma Flores Allende.\" \/>\n<meta property=\"og:url\" content=\"https:\/\/www.ip.gov.py\/ip\/2018\/12\/14\/andres-peralta-presenta-palabras-ilustradas\/\" \/>\n<meta property=\"og:site_name\" content=\".::Agencia IP::.\" \/>\n<meta property=\"article:publisher\" content=\"https:\/\/www.facebook.com\/IPParaguay\/\" \/>\n<meta property=\"article:published_time\" content=\"2018-12-14T14:55:04+00:00\" \/>\n<meta property=\"og:image\" content=\"https:\/\/www.ip.gov.py\/ip\/wp-content\/uploads\/2018\/12\/48359620_10218108802731246_8300017272953503744_n.jpg\" \/>\n\t<meta property=\"og:image:width\" content=\"851\" \/>\n\t<meta property=\"og:image:height\" content=\"315\" \/>\n\t<meta property=\"og:image:type\" content=\"image\/jpeg\" \/>\n<meta name=\"author\" content=\"A R\" \/>\n<meta name=\"twitter:card\" content=\"summary_large_image\" \/>\n<meta name=\"twitter:creator\" content=\"@IPParaguay\" \/>\n<meta name=\"twitter:site\" content=\"@IPParaguay\" \/>\n<meta name=\"twitter:label1\" content=\"Escrito por\" \/>\n\t<meta name=\"twitter:data1\" content=\"A R\" \/>\n\t<meta name=\"twitter:label2\" content=\"Tiempo de lectura\" \/>\n\t<meta name=\"twitter:data2\" content=\"1 minuto\" \/>\n<script type=\"application\/ld+json\" class=\"yoast-schema-graph\">{\"@context\":\"https:\\\/\\\/schema.org\",\"@graph\":[{\"@type\":\"Article\",\"@id\":\"https:\\\/\\\/www.ip.gov.py\\\/ip\\\/2018\\\/12\\\/14\\\/andres-peralta-presenta-palabras-ilustradas\\\/#article\",\"isPartOf\":{\"@id\":\"https:\\\/\\\/www.ip.gov.py\\\/ip\\\/2018\\\/12\\\/14\\\/andres-peralta-presenta-palabras-ilustradas\\\/\"},\"author\":{\"name\":\"A R\",\"@id\":\"https:\\\/\\\/www.ip.gov.py\\\/ip\\\/#\\\/schema\\\/person\\\/e0e2c7d05c4ee9d322a97a877a17db31\"},\"headline\":\"Andr\u00e9s Peralta presenta \u201cPalabras ilustradas\u201d\",\"datePublished\":\"2018-12-14T14:55:04+00:00\",\"mainEntityOfPage\":{\"@id\":\"https:\\\/\\\/www.ip.gov.py\\\/ip\\\/2018\\\/12\\\/14\\\/andres-peralta-presenta-palabras-ilustradas\\\/\"},\"wordCount\":227,\"publisher\":{\"@id\":\"https:\\\/\\\/www.ip.gov.py\\\/ip\\\/#organization\"},\"image\":{\"@id\":\"https:\\\/\\\/www.ip.gov.py\\\/ip\\\/2018\\\/12\\\/14\\\/andres-peralta-presenta-palabras-ilustradas\\\/#primaryimage\"},\"thumbnailUrl\":\"https:\\\/\\\/www.ip.gov.py\\\/ip\\\/wp-content\\\/uploads\\\/2018\\\/12\\\/48359620_10218108802731246_8300017272953503744_n.jpg\",\"articleSection\":[\"Cultura\"],\"inLanguage\":\"es\"},{\"@type\":\"WebPage\",\"@id\":\"https:\\\/\\\/www.ip.gov.py\\\/ip\\\/2018\\\/12\\\/14\\\/andres-peralta-presenta-palabras-ilustradas\\\/\",\"url\":\"https:\\\/\\\/www.ip.gov.py\\\/ip\\\/2018\\\/12\\\/14\\\/andres-peralta-presenta-palabras-ilustradas\\\/\",\"name\":\"Andr\u00e9s Peralta presenta \u201cPalabras ilustradas\u201d - .::Agencia IP::.\",\"isPartOf\":{\"@id\":\"https:\\\/\\\/www.ip.gov.py\\\/ip\\\/#website\"},\"primaryImageOfPage\":{\"@id\":\"https:\\\/\\\/www.ip.gov.py\\\/ip\\\/2018\\\/12\\\/14\\\/andres-peralta-presenta-palabras-ilustradas\\\/#primaryimage\"},\"image\":{\"@id\":\"https:\\\/\\\/www.ip.gov.py\\\/ip\\\/2018\\\/12\\\/14\\\/andres-peralta-presenta-palabras-ilustradas\\\/#primaryimage\"},\"thumbnailUrl\":\"https:\\\/\\\/www.ip.gov.py\\\/ip\\\/wp-content\\\/uploads\\\/2018\\\/12\\\/48359620_10218108802731246_8300017272953503744_n.jpg\",\"datePublished\":\"2018-12-14T14:55:04+00:00\",\"breadcrumb\":{\"@id\":\"https:\\\/\\\/www.ip.gov.py\\\/ip\\\/2018\\\/12\\\/14\\\/andres-peralta-presenta-palabras-ilustradas\\\/#breadcrumb\"},\"inLanguage\":\"es\",\"potentialAction\":[{\"@type\":\"ReadAction\",\"target\":[\"https:\\\/\\\/www.ip.gov.py\\\/ip\\\/2018\\\/12\\\/14\\\/andres-peralta-presenta-palabras-ilustradas\\\/\"]}]},{\"@type\":\"ImageObject\",\"inLanguage\":\"es\",\"@id\":\"https:\\\/\\\/www.ip.gov.py\\\/ip\\\/2018\\\/12\\\/14\\\/andres-peralta-presenta-palabras-ilustradas\\\/#primaryimage\",\"url\":\"https:\\\/\\\/www.ip.gov.py\\\/ip\\\/wp-content\\\/uploads\\\/2018\\\/12\\\/48359620_10218108802731246_8300017272953503744_n.jpg\",\"contentUrl\":\"https:\\\/\\\/www.ip.gov.py\\\/ip\\\/wp-content\\\/uploads\\\/2018\\\/12\\\/48359620_10218108802731246_8300017272953503744_n.jpg\",\"width\":851,\"height\":315},{\"@type\":\"BreadcrumbList\",\"@id\":\"https:\\\/\\\/www.ip.gov.py\\\/ip\\\/2018\\\/12\\\/14\\\/andres-peralta-presenta-palabras-ilustradas\\\/#breadcrumb\",\"itemListElement\":[{\"@type\":\"ListItem\",\"position\":1,\"name\":\"Portada\",\"item\":\"https:\\\/\\\/www.ip.gov.py\\\/ip\\\/\"},{\"@type\":\"ListItem\",\"position\":2,\"name\":\"Andr\u00e9s Peralta presenta \u201cPalabras ilustradas\u201d\"}]},{\"@type\":\"WebSite\",\"@id\":\"https:\\\/\\\/www.ip.gov.py\\\/ip\\\/#website\",\"url\":\"https:\\\/\\\/www.ip.gov.py\\\/ip\\\/\",\"name\":\".::Agencia IP::.\",\"description\":\"\",\"publisher\":{\"@id\":\"https:\\\/\\\/www.ip.gov.py\\\/ip\\\/#organization\"},\"potentialAction\":[{\"@type\":\"SearchAction\",\"target\":{\"@type\":\"EntryPoint\",\"urlTemplate\":\"https:\\\/\\\/www.ip.gov.py\\\/ip\\\/?s={search_term_string}\"},\"query-input\":{\"@type\":\"PropertyValueSpecification\",\"valueRequired\":true,\"valueName\":\"search_term_string\"}}],\"inLanguage\":\"es\"},{\"@type\":\"Organization\",\"@id\":\"https:\\\/\\\/www.ip.gov.py\\\/ip\\\/#organization\",\"name\":\"Agencia IP\",\"url\":\"https:\\\/\\\/www.ip.gov.py\\\/ip\\\/\",\"logo\":{\"@type\":\"ImageObject\",\"inLanguage\":\"es\",\"@id\":\"https:\\\/\\\/www.ip.gov.py\\\/ip\\\/#\\\/schema\\\/logo\\\/image\\\/\",\"url\":\"https:\\\/\\\/www.ip.gov.py\\\/ip\\\/wp-content\\\/uploads\\\/2018\\\/01\\\/Agencia-IP.jpg\",\"contentUrl\":\"https:\\\/\\\/www.ip.gov.py\\\/ip\\\/wp-content\\\/uploads\\\/2018\\\/01\\\/Agencia-IP.jpg\",\"width\":150,\"height\":150,\"caption\":\"Agencia IP\"},\"image\":{\"@id\":\"https:\\\/\\\/www.ip.gov.py\\\/ip\\\/#\\\/schema\\\/logo\\\/image\\\/\"},\"sameAs\":[\"https:\\\/\\\/www.facebook.com\\\/IPParaguay\\\/\",\"https:\\\/\\\/x.com\\\/IPParaguay\",\"https:\\\/\\\/www.instagram.com\\\/IPParaguay\"]},{\"@type\":\"Person\",\"@id\":\"https:\\\/\\\/www.ip.gov.py\\\/ip\\\/#\\\/schema\\\/person\\\/e0e2c7d05c4ee9d322a97a877a17db31\",\"name\":\"A R\",\"url\":\"https:\\\/\\\/www.ip.gov.py\\\/ip\\\/author\\\/areinoso\\\/\"}]}<\/script>\n<!-- \/ Yoast SEO plugin. -->","yoast_head_json":{"title":"Andr\u00e9s Peralta presenta \u201cPalabras ilustradas\u201d - .::Agencia IP::.","robots":{"index":"index","follow":"follow","max-snippet":"max-snippet:-1","max-image-preview":"max-image-preview:large","max-video-preview":"max-video-preview:-1"},"canonical":"https:\/\/www.ip.gov.py\/ip\/2018\/12\/14\/andres-peralta-presenta-palabras-ilustradas\/","og_locale":"es_ES","og_type":"article","og_title":"Andr\u00e9s Peralta presenta \u201cPalabras ilustradas\u201d - .::Agencia IP::.","og_description":"Asunci\u00f3n, IP.- El ilustrador e historietista Andr\u00e9s Peralta (Andrewken) presentar\u00e1 en la Manzana de la Rivera la muestra \u201cPalabras ilustradas \u2013 Memorias del planeta extra\u00f1o\u201d , una colecci\u00f3n de 50 cuadros en los que reinterpreta la obras literaria de la escritora Norma Flores Allende.","og_url":"https:\/\/www.ip.gov.py\/ip\/2018\/12\/14\/andres-peralta-presenta-palabras-ilustradas\/","og_site_name":".::Agencia IP::.","article_publisher":"https:\/\/www.facebook.com\/IPParaguay\/","article_published_time":"2018-12-14T14:55:04+00:00","og_image":[{"width":851,"height":315,"url":"https:\/\/www.ip.gov.py\/ip\/wp-content\/uploads\/2018\/12\/48359620_10218108802731246_8300017272953503744_n.jpg","type":"image\/jpeg"}],"author":"A R","twitter_card":"summary_large_image","twitter_creator":"@IPParaguay","twitter_site":"@IPParaguay","twitter_misc":{"Escrito por":"A R","Tiempo de lectura":"1 minuto"},"schema":{"@context":"https:\/\/schema.org","@graph":[{"@type":"Article","@id":"https:\/\/www.ip.gov.py\/ip\/2018\/12\/14\/andres-peralta-presenta-palabras-ilustradas\/#article","isPartOf":{"@id":"https:\/\/www.ip.gov.py\/ip\/2018\/12\/14\/andres-peralta-presenta-palabras-ilustradas\/"},"author":{"name":"A R","@id":"https:\/\/www.ip.gov.py\/ip\/#\/schema\/person\/e0e2c7d05c4ee9d322a97a877a17db31"},"headline":"Andr\u00e9s Peralta presenta \u201cPalabras ilustradas\u201d","datePublished":"2018-12-14T14:55:04+00:00","mainEntityOfPage":{"@id":"https:\/\/www.ip.gov.py\/ip\/2018\/12\/14\/andres-peralta-presenta-palabras-ilustradas\/"},"wordCount":227,"publisher":{"@id":"https:\/\/www.ip.gov.py\/ip\/#organization"},"image":{"@id":"https:\/\/www.ip.gov.py\/ip\/2018\/12\/14\/andres-peralta-presenta-palabras-ilustradas\/#primaryimage"},"thumbnailUrl":"https:\/\/www.ip.gov.py\/ip\/wp-content\/uploads\/2018\/12\/48359620_10218108802731246_8300017272953503744_n.jpg","articleSection":["Cultura"],"inLanguage":"es"},{"@type":"WebPage","@id":"https:\/\/www.ip.gov.py\/ip\/2018\/12\/14\/andres-peralta-presenta-palabras-ilustradas\/","url":"https:\/\/www.ip.gov.py\/ip\/2018\/12\/14\/andres-peralta-presenta-palabras-ilustradas\/","name":"Andr\u00e9s Peralta presenta \u201cPalabras ilustradas\u201d - .::Agencia IP::.","isPartOf":{"@id":"https:\/\/www.ip.gov.py\/ip\/#website"},"primaryImageOfPage":{"@id":"https:\/\/www.ip.gov.py\/ip\/2018\/12\/14\/andres-peralta-presenta-palabras-ilustradas\/#primaryimage"},"image":{"@id":"https:\/\/www.ip.gov.py\/ip\/2018\/12\/14\/andres-peralta-presenta-palabras-ilustradas\/#primaryimage"},"thumbnailUrl":"https:\/\/www.ip.gov.py\/ip\/wp-content\/uploads\/2018\/12\/48359620_10218108802731246_8300017272953503744_n.jpg","datePublished":"2018-12-14T14:55:04+00:00","breadcrumb":{"@id":"https:\/\/www.ip.gov.py\/ip\/2018\/12\/14\/andres-peralta-presenta-palabras-ilustradas\/#breadcrumb"},"inLanguage":"es","potentialAction":[{"@type":"ReadAction","target":["https:\/\/www.ip.gov.py\/ip\/2018\/12\/14\/andres-peralta-presenta-palabras-ilustradas\/"]}]},{"@type":"ImageObject","inLanguage":"es","@id":"https:\/\/www.ip.gov.py\/ip\/2018\/12\/14\/andres-peralta-presenta-palabras-ilustradas\/#primaryimage","url":"https:\/\/www.ip.gov.py\/ip\/wp-content\/uploads\/2018\/12\/48359620_10218108802731246_8300017272953503744_n.jpg","contentUrl":"https:\/\/www.ip.gov.py\/ip\/wp-content\/uploads\/2018\/12\/48359620_10218108802731246_8300017272953503744_n.jpg","width":851,"height":315},{"@type":"BreadcrumbList","@id":"https:\/\/www.ip.gov.py\/ip\/2018\/12\/14\/andres-peralta-presenta-palabras-ilustradas\/#breadcrumb","itemListElement":[{"@type":"ListItem","position":1,"name":"Portada","item":"https:\/\/www.ip.gov.py\/ip\/"},{"@type":"ListItem","position":2,"name":"Andr\u00e9s Peralta presenta \u201cPalabras ilustradas\u201d"}]},{"@type":"WebSite","@id":"https:\/\/www.ip.gov.py\/ip\/#website","url":"https:\/\/www.ip.gov.py\/ip\/","name":".::Agencia IP::.","description":"","publisher":{"@id":"https:\/\/www.ip.gov.py\/ip\/#organization"},"potentialAction":[{"@type":"SearchAction","target":{"@type":"EntryPoint","urlTemplate":"https:\/\/www.ip.gov.py\/ip\/?s={search_term_string}"},"query-input":{"@type":"PropertyValueSpecification","valueRequired":true,"valueName":"search_term_string"}}],"inLanguage":"es"},{"@type":"Organization","@id":"https:\/\/www.ip.gov.py\/ip\/#organization","name":"Agencia IP","url":"https:\/\/www.ip.gov.py\/ip\/","logo":{"@type":"ImageObject","inLanguage":"es","@id":"https:\/\/www.ip.gov.py\/ip\/#\/schema\/logo\/image\/","url":"https:\/\/www.ip.gov.py\/ip\/wp-content\/uploads\/2018\/01\/Agencia-IP.jpg","contentUrl":"https:\/\/www.ip.gov.py\/ip\/wp-content\/uploads\/2018\/01\/Agencia-IP.jpg","width":150,"height":150,"caption":"Agencia IP"},"image":{"@id":"https:\/\/www.ip.gov.py\/ip\/#\/schema\/logo\/image\/"},"sameAs":["https:\/\/www.facebook.com\/IPParaguay\/","https:\/\/x.com\/IPParaguay","https:\/\/www.instagram.com\/IPParaguay"]},{"@type":"Person","@id":"https:\/\/www.ip.gov.py\/ip\/#\/schema\/person\/e0e2c7d05c4ee9d322a97a877a17db31","name":"A R","url":"https:\/\/www.ip.gov.py\/ip\/author\/areinoso\/"}]}},"_links":{"self":[{"href":"https:\/\/www.ip.gov.py\/ip\/wp-json\/wp\/v2\/posts\/252278","targetHints":{"allow":["GET"]}}],"collection":[{"href":"https:\/\/www.ip.gov.py\/ip\/wp-json\/wp\/v2\/posts"}],"about":[{"href":"https:\/\/www.ip.gov.py\/ip\/wp-json\/wp\/v2\/types\/post"}],"author":[{"embeddable":true,"href":"https:\/\/www.ip.gov.py\/ip\/wp-json\/wp\/v2\/users\/19"}],"replies":[{"embeddable":true,"href":"https:\/\/www.ip.gov.py\/ip\/wp-json\/wp\/v2\/comments?post=252278"}],"version-history":[{"count":0,"href":"https:\/\/www.ip.gov.py\/ip\/wp-json\/wp\/v2\/posts\/252278\/revisions"}],"wp:featuredmedia":[{"embeddable":true,"href":"https:\/\/www.ip.gov.py\/ip\/wp-json\/wp\/v2\/media\/252280"}],"wp:attachment":[{"href":"https:\/\/www.ip.gov.py\/ip\/wp-json\/wp\/v2\/media?parent=252278"}],"wp:term":[{"taxonomy":"category","embeddable":true,"href":"https:\/\/www.ip.gov.py\/ip\/wp-json\/wp\/v2\/categories?post=252278"},{"taxonomy":"post_tag","embeddable":true,"href":"https:\/\/www.ip.gov.py\/ip\/wp-json\/wp\/v2\/tags?post=252278"}],"curies":[{"name":"wp","href":"https:\/\/api.w.org\/{rel}","templated":true}]}}