{"id":265724,"date":"2019-03-31T13:14:20","date_gmt":"2019-03-31T17:14:20","guid":{"rendered":"https:\/\/www.ip.gov.py\/ip\/?p=265724"},"modified":"2019-03-31T13:14:20","modified_gmt":"2019-03-31T17:14:20","slug":"preocupa-al-ministerio-de-la-mujer-que-los-casos-de-feminicidio-no-disminuyen","status":"publish","type":"post","link":"https:\/\/www.ip.gov.py\/ip\/2019\/03\/31\/preocupa-al-ministerio-de-la-mujer-que-los-casos-de-feminicidio-no-disminuyen\/","title":{"rendered":"Preocupa al Ministerio de la Mujer que los casos de feminicidio no disminuyen"},"content":{"rendered":"<p style=\"text-align: justify;\"><em><strong>Asunci\u00f3n, IP.-<\/strong><\/em> La ministra de la Mujer, Nilda Romero, expres\u00f3 este domingo la preocupaci\u00f3n desde el Gobierno de que, pese a todos los esfuerzos institucionales y de concienciaci\u00f3n, el n\u00famero de casos de feminicidio en Paraguay no se reducen.<\/p>\n<p><!--more--><\/p>\n<p style=\"text-align: justify;\">\u00abEsto est\u00e1 llegando a una situaci\u00f3n alarmante porque son 13 casos este a\u00f1o\u00bb dijo la ministra Romero en su participaci\u00f3n en el programa Entre Par\u00e9ntesis, emitido este domingo por radio \u00d1anduti.<\/p>\n<p style=\"text-align: justify;\">Record\u00f3 que el a\u00f1o pasado se registr\u00f3 un total de 59 casos y que el ritmo de hechos nuevos que se produjeron en los primeros tres meses de este a\u00f1o demuestra que este alto \u00edndice no da se\u00f1ales de reducci\u00f3n.<\/p>\n<p style=\"text-align: justify;\">En ese sentido se\u00f1al\u00f3 que el ministerio est\u00e1 evaluando sus acciones institucionales para poder tener una comunicaci\u00f3n\u00a0 y acciones que impacten efectivamente en reducir este flagelo.<\/p>\n<p style=\"text-align: justify;\">\u00abEs cierto que el Ministerio de la Mujer por s\u00ed solo no va a poder rever estar situaci\u00f3n porque para combatir la violencia contra las mujeres tienen que estar involucradas todas las instituciones y toda la sociedad\u00bb, dijo.<\/p>\n<p style=\"text-align: justify;\">Sin embargo, se\u00f1al\u00f3 que seguir\u00e1n articulando campa\u00f1as de concienciaci\u00f3n con los medios de comunicaci\u00f3n social y que se buscar\u00e1 involucrar en el trabajo a la iglesia. \u00abNo tenemos un trabajo articulado con la iglesia y tenemos que elaborar un plan de acci\u00f3n en conjunto\u00bb, reconoci\u00f3.<\/p>\n<p style=\"text-align: justify;\">Por otro lado, Raquel Iglesias, directora del Observatorio de la Mujer del Ministerio de la Mujer, mencion\u00f3 que otra de las estrategias que se pretende implementar es la de entrevistar a los autores de los casos de feminicidio para llegar a identificar factores de riesgo para las mujeres.<\/p>\n<p style=\"text-align: justify;\">Se\u00f1al\u00f3 que este tipo de trabajos se realizaron en otros pa\u00edses y contribuyen en los esfuerzos institucionales, y dio el ejemplo de Espa\u00f1a que se encarg\u00f3 de entrevistar a 500 autores de feminicidio.<\/p>\n<p style=\"text-align: justify;\">\u00abAhora tenemos 40 personas probablemente a quienes podr\u00edamos entrevistar para tener un perfil del victimario, y tambi\u00e9n de la v\u00edctima a trav\u00e9s de testimonios colaterales de los familiares. Con esto se puede entender mejor la situaci\u00f3n y tratar de afinar mejor los programas de prevenci\u00f3n para encontrar los factores de riesgo\u00bb, dijo.<\/p>\n<p style=\"text-align: justify;\">Destac\u00f3 que estos factores deber\u00e1n posteriormente darse a conocer \u00abpara que las mujeres, adem\u00e1s de conocer sus derechos y hacer las denuncias, ellas mismas se cuiden e identifiquen el riesgo de permanecer en una relaci\u00f3n\u00bb.<\/p>\n<p style=\"text-align: justify;\">Iglesias afirm\u00f3 que \u00abimporta mucho\u00bb que las mujeres sepan cuidarse a s\u00ed mismas, y que por ello el ministerio insistir\u00e1 en ese aspecto, adem\u00e1s de todas las campa\u00f1as de conocimiento de derechos, de promoci\u00f3n de relaciones sanas y empoderamiento econ\u00f3mico que ya realiza la instituci\u00f3n.<\/p>\n","protected":false},"excerpt":{"rendered":"<p>Asunci\u00f3n, IP.- La ministra de la Mujer, Nilda Romero, expres\u00f3 este domingo la preocupaci\u00f3n desde el Gobierno de que, pese a todos los esfuerzos institucionales y de concienciaci\u00f3n, el n\u00famero de casos de feminicidio en Paraguay no se reducen.<\/p>\n","protected":false},"author":2,"featured_media":262647,"comment_status":"closed","ping_status":"closed","sticky":false,"template":"","format":"standard","meta":{"_monsterinsights_skip_tracking":false,"_monsterinsights_sitenote_active":false,"_monsterinsights_sitenote_note":"","_monsterinsights_sitenote_category":0,"footnotes":""},"categories":[4],"tags":[],"class_list":{"0":"post-265724","1":"post","2":"type-post","3":"status-publish","4":"format-standard","5":"has-post-thumbnail","7":"category-nacionales"},"yoast_head":"<!-- This site is optimized with the Yoast SEO plugin v27.5 - https:\/\/yoast.com\/product\/yoast-seo-wordpress\/ -->\n<title>Preocupa al Ministerio de la Mujer que los casos de feminicidio no disminuyen - .::Agencia IP::.<\/title>\n<meta name=\"robots\" content=\"index, follow, max-snippet:-1, max-image-preview:large, max-video-preview:-1\" \/>\n<link rel=\"canonical\" href=\"https:\/\/www.ip.gov.py\/ip\/2019\/03\/31\/preocupa-al-ministerio-de-la-mujer-que-los-casos-de-feminicidio-no-disminuyen\/\" \/>\n<meta property=\"og:locale\" content=\"es_ES\" \/>\n<meta property=\"og:type\" content=\"article\" \/>\n<meta property=\"og:title\" content=\"Preocupa al Ministerio de la Mujer que los casos de feminicidio no disminuyen - .::Agencia IP::.\" \/>\n<meta property=\"og:description\" content=\"Asunci\u00f3n, IP.- La ministra de la Mujer, Nilda Romero, expres\u00f3 este domingo la preocupaci\u00f3n desde el Gobierno de que, pese a todos los esfuerzos institucionales y de concienciaci\u00f3n, el n\u00famero de casos de feminicidio en Paraguay no se reducen.\" \/>\n<meta property=\"og:url\" content=\"https:\/\/www.ip.gov.py\/ip\/2019\/03\/31\/preocupa-al-ministerio-de-la-mujer-que-los-casos-de-feminicidio-no-disminuyen\/\" \/>\n<meta property=\"og:site_name\" content=\".::Agencia IP::.\" \/>\n<meta property=\"article:publisher\" content=\"https:\/\/www.facebook.com\/IPParaguay\/\" \/>\n<meta property=\"article:published_time\" content=\"2019-03-31T17:14:20+00:00\" \/>\n<meta property=\"og:image\" content=\"https:\/\/www.ip.gov.py\/ip\/wp-content\/uploads\/2019\/03\/WhatsApp-Image-2019-03-08-at-11.27.28.jpeg\" \/>\n\t<meta property=\"og:image:width\" content=\"768\" \/>\n\t<meta property=\"og:image:height\" content=\"1024\" \/>\n\t<meta property=\"og:image:type\" content=\"image\/jpeg\" \/>\n<meta name=\"author\" content=\"Roque Mereles\" \/>\n<meta name=\"twitter:card\" content=\"summary_large_image\" \/>\n<meta name=\"twitter:creator\" content=\"@IPParaguay\" \/>\n<meta name=\"twitter:site\" content=\"@IPParaguay\" \/>\n<meta name=\"twitter:label1\" content=\"Escrito por\" \/>\n\t<meta name=\"twitter:data1\" content=\"Roque Mereles\" \/>\n\t<meta name=\"twitter:label2\" content=\"Tiempo de lectura\" \/>\n\t<meta name=\"twitter:data2\" content=\"2 minutos\" \/>\n<script type=\"application\/ld+json\" class=\"yoast-schema-graph\">{\"@context\":\"https:\\\/\\\/schema.org\",\"@graph\":[{\"@type\":\"Article\",\"@id\":\"https:\\\/\\\/www.ip.gov.py\\\/ip\\\/2019\\\/03\\\/31\\\/preocupa-al-ministerio-de-la-mujer-que-los-casos-de-feminicidio-no-disminuyen\\\/#article\",\"isPartOf\":{\"@id\":\"https:\\\/\\\/www.ip.gov.py\\\/ip\\\/2019\\\/03\\\/31\\\/preocupa-al-ministerio-de-la-mujer-que-los-casos-de-feminicidio-no-disminuyen\\\/\"},\"author\":{\"name\":\"Roque Mereles\",\"@id\":\"https:\\\/\\\/www.ip.gov.py\\\/ip\\\/#\\\/schema\\\/person\\\/7ec1ca00d0a9301ecc37fff902ff6741\"},\"headline\":\"Preocupa al Ministerio de la Mujer que los casos de feminicidio no disminuyen\",\"datePublished\":\"2019-03-31T17:14:20+00:00\",\"mainEntityOfPage\":{\"@id\":\"https:\\\/\\\/www.ip.gov.py\\\/ip\\\/2019\\\/03\\\/31\\\/preocupa-al-ministerio-de-la-mujer-que-los-casos-de-feminicidio-no-disminuyen\\\/\"},\"wordCount\":480,\"publisher\":{\"@id\":\"https:\\\/\\\/www.ip.gov.py\\\/ip\\\/#organization\"},\"image\":{\"@id\":\"https:\\\/\\\/www.ip.gov.py\\\/ip\\\/2019\\\/03\\\/31\\\/preocupa-al-ministerio-de-la-mujer-que-los-casos-de-feminicidio-no-disminuyen\\\/#primaryimage\"},\"thumbnailUrl\":\"https:\\\/\\\/www.ip.gov.py\\\/ip\\\/wp-content\\\/uploads\\\/2019\\\/03\\\/WhatsApp-Image-2019-03-08-at-11.27.28.jpeg\",\"articleSection\":[\"Nacionales\"],\"inLanguage\":\"es\"},{\"@type\":\"WebPage\",\"@id\":\"https:\\\/\\\/www.ip.gov.py\\\/ip\\\/2019\\\/03\\\/31\\\/preocupa-al-ministerio-de-la-mujer-que-los-casos-de-feminicidio-no-disminuyen\\\/\",\"url\":\"https:\\\/\\\/www.ip.gov.py\\\/ip\\\/2019\\\/03\\\/31\\\/preocupa-al-ministerio-de-la-mujer-que-los-casos-de-feminicidio-no-disminuyen\\\/\",\"name\":\"Preocupa al Ministerio de la Mujer que los casos de feminicidio no disminuyen - .::Agencia IP::.\",\"isPartOf\":{\"@id\":\"https:\\\/\\\/www.ip.gov.py\\\/ip\\\/#website\"},\"primaryImageOfPage\":{\"@id\":\"https:\\\/\\\/www.ip.gov.py\\\/ip\\\/2019\\\/03\\\/31\\\/preocupa-al-ministerio-de-la-mujer-que-los-casos-de-feminicidio-no-disminuyen\\\/#primaryimage\"},\"image\":{\"@id\":\"https:\\\/\\\/www.ip.gov.py\\\/ip\\\/2019\\\/03\\\/31\\\/preocupa-al-ministerio-de-la-mujer-que-los-casos-de-feminicidio-no-disminuyen\\\/#primaryimage\"},\"thumbnailUrl\":\"https:\\\/\\\/www.ip.gov.py\\\/ip\\\/wp-content\\\/uploads\\\/2019\\\/03\\\/WhatsApp-Image-2019-03-08-at-11.27.28.jpeg\",\"datePublished\":\"2019-03-31T17:14:20+00:00\",\"breadcrumb\":{\"@id\":\"https:\\\/\\\/www.ip.gov.py\\\/ip\\\/2019\\\/03\\\/31\\\/preocupa-al-ministerio-de-la-mujer-que-los-casos-de-feminicidio-no-disminuyen\\\/#breadcrumb\"},\"inLanguage\":\"es\",\"potentialAction\":[{\"@type\":\"ReadAction\",\"target\":[\"https:\\\/\\\/www.ip.gov.py\\\/ip\\\/2019\\\/03\\\/31\\\/preocupa-al-ministerio-de-la-mujer-que-los-casos-de-feminicidio-no-disminuyen\\\/\"]}]},{\"@type\":\"ImageObject\",\"inLanguage\":\"es\",\"@id\":\"https:\\\/\\\/www.ip.gov.py\\\/ip\\\/2019\\\/03\\\/31\\\/preocupa-al-ministerio-de-la-mujer-que-los-casos-de-feminicidio-no-disminuyen\\\/#primaryimage\",\"url\":\"https:\\\/\\\/www.ip.gov.py\\\/ip\\\/wp-content\\\/uploads\\\/2019\\\/03\\\/WhatsApp-Image-2019-03-08-at-11.27.28.jpeg\",\"contentUrl\":\"https:\\\/\\\/www.ip.gov.py\\\/ip\\\/wp-content\\\/uploads\\\/2019\\\/03\\\/WhatsApp-Image-2019-03-08-at-11.27.28.jpeg\",\"width\":768,\"height\":1024,\"caption\":\"La campa\u00f1a en la v\u00eda p\u00fablica busca llamar la atenci\u00f3n hacia el aumento de casos de violencia contra la mujer. Foto Ministerio de la Mujer.\"},{\"@type\":\"BreadcrumbList\",\"@id\":\"https:\\\/\\\/www.ip.gov.py\\\/ip\\\/2019\\\/03\\\/31\\\/preocupa-al-ministerio-de-la-mujer-que-los-casos-de-feminicidio-no-disminuyen\\\/#breadcrumb\",\"itemListElement\":[{\"@type\":\"ListItem\",\"position\":1,\"name\":\"Portada\",\"item\":\"https:\\\/\\\/www.ip.gov.py\\\/ip\\\/\"},{\"@type\":\"ListItem\",\"position\":2,\"name\":\"Preocupa al Ministerio de la Mujer que los casos de feminicidio no disminuyen\"}]},{\"@type\":\"WebSite\",\"@id\":\"https:\\\/\\\/www.ip.gov.py\\\/ip\\\/#website\",\"url\":\"https:\\\/\\\/www.ip.gov.py\\\/ip\\\/\",\"name\":\".::Agencia IP::.\",\"description\":\"\",\"publisher\":{\"@id\":\"https:\\\/\\\/www.ip.gov.py\\\/ip\\\/#organization\"},\"potentialAction\":[{\"@type\":\"SearchAction\",\"target\":{\"@type\":\"EntryPoint\",\"urlTemplate\":\"https:\\\/\\\/www.ip.gov.py\\\/ip\\\/?s={search_term_string}\"},\"query-input\":{\"@type\":\"PropertyValueSpecification\",\"valueRequired\":true,\"valueName\":\"search_term_string\"}}],\"inLanguage\":\"es\"},{\"@type\":\"Organization\",\"@id\":\"https:\\\/\\\/www.ip.gov.py\\\/ip\\\/#organization\",\"name\":\"Agencia IP\",\"url\":\"https:\\\/\\\/www.ip.gov.py\\\/ip\\\/\",\"logo\":{\"@type\":\"ImageObject\",\"inLanguage\":\"es\",\"@id\":\"https:\\\/\\\/www.ip.gov.py\\\/ip\\\/#\\\/schema\\\/logo\\\/image\\\/\",\"url\":\"https:\\\/\\\/www.ip.gov.py\\\/ip\\\/wp-content\\\/uploads\\\/2018\\\/01\\\/Agencia-IP.jpg\",\"contentUrl\":\"https:\\\/\\\/www.ip.gov.py\\\/ip\\\/wp-content\\\/uploads\\\/2018\\\/01\\\/Agencia-IP.jpg\",\"width\":150,\"height\":150,\"caption\":\"Agencia IP\"},\"image\":{\"@id\":\"https:\\\/\\\/www.ip.gov.py\\\/ip\\\/#\\\/schema\\\/logo\\\/image\\\/\"},\"sameAs\":[\"https:\\\/\\\/www.facebook.com\\\/IPParaguay\\\/\",\"https:\\\/\\\/x.com\\\/IPParaguay\",\"https:\\\/\\\/www.instagram.com\\\/IPParaguay\"]},{\"@type\":\"Person\",\"@id\":\"https:\\\/\\\/www.ip.gov.py\\\/ip\\\/#\\\/schema\\\/person\\\/7ec1ca00d0a9301ecc37fff902ff6741\",\"name\":\"Roque Mereles\",\"url\":\"https:\\\/\\\/www.ip.gov.py\\\/ip\\\/author\\\/rmereles\\\/\"}]}<\/script>\n<!-- \/ Yoast SEO plugin. -->","yoast_head_json":{"title":"Preocupa al Ministerio de la Mujer que los casos de feminicidio no disminuyen - .::Agencia IP::.","robots":{"index":"index","follow":"follow","max-snippet":"max-snippet:-1","max-image-preview":"max-image-preview:large","max-video-preview":"max-video-preview:-1"},"canonical":"https:\/\/www.ip.gov.py\/ip\/2019\/03\/31\/preocupa-al-ministerio-de-la-mujer-que-los-casos-de-feminicidio-no-disminuyen\/","og_locale":"es_ES","og_type":"article","og_title":"Preocupa al Ministerio de la Mujer que los casos de feminicidio no disminuyen - .::Agencia IP::.","og_description":"Asunci\u00f3n, IP.- La ministra de la Mujer, Nilda Romero, expres\u00f3 este domingo la preocupaci\u00f3n desde el Gobierno de que, pese a todos los esfuerzos institucionales y de concienciaci\u00f3n, el n\u00famero de casos de feminicidio en Paraguay no se reducen.","og_url":"https:\/\/www.ip.gov.py\/ip\/2019\/03\/31\/preocupa-al-ministerio-de-la-mujer-que-los-casos-de-feminicidio-no-disminuyen\/","og_site_name":".::Agencia IP::.","article_publisher":"https:\/\/www.facebook.com\/IPParaguay\/","article_published_time":"2019-03-31T17:14:20+00:00","og_image":[{"width":768,"height":1024,"url":"https:\/\/www.ip.gov.py\/ip\/wp-content\/uploads\/2019\/03\/WhatsApp-Image-2019-03-08-at-11.27.28.jpeg","type":"image\/jpeg"}],"author":"Roque Mereles","twitter_card":"summary_large_image","twitter_creator":"@IPParaguay","twitter_site":"@IPParaguay","twitter_misc":{"Escrito por":"Roque Mereles","Tiempo de lectura":"2 minutos"},"schema":{"@context":"https:\/\/schema.org","@graph":[{"@type":"Article","@id":"https:\/\/www.ip.gov.py\/ip\/2019\/03\/31\/preocupa-al-ministerio-de-la-mujer-que-los-casos-de-feminicidio-no-disminuyen\/#article","isPartOf":{"@id":"https:\/\/www.ip.gov.py\/ip\/2019\/03\/31\/preocupa-al-ministerio-de-la-mujer-que-los-casos-de-feminicidio-no-disminuyen\/"},"author":{"name":"Roque Mereles","@id":"https:\/\/www.ip.gov.py\/ip\/#\/schema\/person\/7ec1ca00d0a9301ecc37fff902ff6741"},"headline":"Preocupa al Ministerio de la Mujer que los casos de feminicidio no disminuyen","datePublished":"2019-03-31T17:14:20+00:00","mainEntityOfPage":{"@id":"https:\/\/www.ip.gov.py\/ip\/2019\/03\/31\/preocupa-al-ministerio-de-la-mujer-que-los-casos-de-feminicidio-no-disminuyen\/"},"wordCount":480,"publisher":{"@id":"https:\/\/www.ip.gov.py\/ip\/#organization"},"image":{"@id":"https:\/\/www.ip.gov.py\/ip\/2019\/03\/31\/preocupa-al-ministerio-de-la-mujer-que-los-casos-de-feminicidio-no-disminuyen\/#primaryimage"},"thumbnailUrl":"https:\/\/www.ip.gov.py\/ip\/wp-content\/uploads\/2019\/03\/WhatsApp-Image-2019-03-08-at-11.27.28.jpeg","articleSection":["Nacionales"],"inLanguage":"es"},{"@type":"WebPage","@id":"https:\/\/www.ip.gov.py\/ip\/2019\/03\/31\/preocupa-al-ministerio-de-la-mujer-que-los-casos-de-feminicidio-no-disminuyen\/","url":"https:\/\/www.ip.gov.py\/ip\/2019\/03\/31\/preocupa-al-ministerio-de-la-mujer-que-los-casos-de-feminicidio-no-disminuyen\/","name":"Preocupa al Ministerio de la Mujer que los casos de feminicidio no disminuyen - .::Agencia IP::.","isPartOf":{"@id":"https:\/\/www.ip.gov.py\/ip\/#website"},"primaryImageOfPage":{"@id":"https:\/\/www.ip.gov.py\/ip\/2019\/03\/31\/preocupa-al-ministerio-de-la-mujer-que-los-casos-de-feminicidio-no-disminuyen\/#primaryimage"},"image":{"@id":"https:\/\/www.ip.gov.py\/ip\/2019\/03\/31\/preocupa-al-ministerio-de-la-mujer-que-los-casos-de-feminicidio-no-disminuyen\/#primaryimage"},"thumbnailUrl":"https:\/\/www.ip.gov.py\/ip\/wp-content\/uploads\/2019\/03\/WhatsApp-Image-2019-03-08-at-11.27.28.jpeg","datePublished":"2019-03-31T17:14:20+00:00","breadcrumb":{"@id":"https:\/\/www.ip.gov.py\/ip\/2019\/03\/31\/preocupa-al-ministerio-de-la-mujer-que-los-casos-de-feminicidio-no-disminuyen\/#breadcrumb"},"inLanguage":"es","potentialAction":[{"@type":"ReadAction","target":["https:\/\/www.ip.gov.py\/ip\/2019\/03\/31\/preocupa-al-ministerio-de-la-mujer-que-los-casos-de-feminicidio-no-disminuyen\/"]}]},{"@type":"ImageObject","inLanguage":"es","@id":"https:\/\/www.ip.gov.py\/ip\/2019\/03\/31\/preocupa-al-ministerio-de-la-mujer-que-los-casos-de-feminicidio-no-disminuyen\/#primaryimage","url":"https:\/\/www.ip.gov.py\/ip\/wp-content\/uploads\/2019\/03\/WhatsApp-Image-2019-03-08-at-11.27.28.jpeg","contentUrl":"https:\/\/www.ip.gov.py\/ip\/wp-content\/uploads\/2019\/03\/WhatsApp-Image-2019-03-08-at-11.27.28.jpeg","width":768,"height":1024,"caption":"La campa\u00f1a en la v\u00eda p\u00fablica busca llamar la atenci\u00f3n hacia el aumento de casos de violencia contra la mujer. Foto Ministerio de la Mujer."},{"@type":"BreadcrumbList","@id":"https:\/\/www.ip.gov.py\/ip\/2019\/03\/31\/preocupa-al-ministerio-de-la-mujer-que-los-casos-de-feminicidio-no-disminuyen\/#breadcrumb","itemListElement":[{"@type":"ListItem","position":1,"name":"Portada","item":"https:\/\/www.ip.gov.py\/ip\/"},{"@type":"ListItem","position":2,"name":"Preocupa al Ministerio de la Mujer que los casos de feminicidio no disminuyen"}]},{"@type":"WebSite","@id":"https:\/\/www.ip.gov.py\/ip\/#website","url":"https:\/\/www.ip.gov.py\/ip\/","name":".::Agencia IP::.","description":"","publisher":{"@id":"https:\/\/www.ip.gov.py\/ip\/#organization"},"potentialAction":[{"@type":"SearchAction","target":{"@type":"EntryPoint","urlTemplate":"https:\/\/www.ip.gov.py\/ip\/?s={search_term_string}"},"query-input":{"@type":"PropertyValueSpecification","valueRequired":true,"valueName":"search_term_string"}}],"inLanguage":"es"},{"@type":"Organization","@id":"https:\/\/www.ip.gov.py\/ip\/#organization","name":"Agencia IP","url":"https:\/\/www.ip.gov.py\/ip\/","logo":{"@type":"ImageObject","inLanguage":"es","@id":"https:\/\/www.ip.gov.py\/ip\/#\/schema\/logo\/image\/","url":"https:\/\/www.ip.gov.py\/ip\/wp-content\/uploads\/2018\/01\/Agencia-IP.jpg","contentUrl":"https:\/\/www.ip.gov.py\/ip\/wp-content\/uploads\/2018\/01\/Agencia-IP.jpg","width":150,"height":150,"caption":"Agencia IP"},"image":{"@id":"https:\/\/www.ip.gov.py\/ip\/#\/schema\/logo\/image\/"},"sameAs":["https:\/\/www.facebook.com\/IPParaguay\/","https:\/\/x.com\/IPParaguay","https:\/\/www.instagram.com\/IPParaguay"]},{"@type":"Person","@id":"https:\/\/www.ip.gov.py\/ip\/#\/schema\/person\/7ec1ca00d0a9301ecc37fff902ff6741","name":"Roque Mereles","url":"https:\/\/www.ip.gov.py\/ip\/author\/rmereles\/"}]}},"_links":{"self":[{"href":"https:\/\/www.ip.gov.py\/ip\/wp-json\/wp\/v2\/posts\/265724","targetHints":{"allow":["GET"]}}],"collection":[{"href":"https:\/\/www.ip.gov.py\/ip\/wp-json\/wp\/v2\/posts"}],"about":[{"href":"https:\/\/www.ip.gov.py\/ip\/wp-json\/wp\/v2\/types\/post"}],"author":[{"embeddable":true,"href":"https:\/\/www.ip.gov.py\/ip\/wp-json\/wp\/v2\/users\/2"}],"replies":[{"embeddable":true,"href":"https:\/\/www.ip.gov.py\/ip\/wp-json\/wp\/v2\/comments?post=265724"}],"version-history":[{"count":0,"href":"https:\/\/www.ip.gov.py\/ip\/wp-json\/wp\/v2\/posts\/265724\/revisions"}],"wp:featuredmedia":[{"embeddable":true,"href":"https:\/\/www.ip.gov.py\/ip\/wp-json\/wp\/v2\/media\/262647"}],"wp:attachment":[{"href":"https:\/\/www.ip.gov.py\/ip\/wp-json\/wp\/v2\/media?parent=265724"}],"wp:term":[{"taxonomy":"category","embeddable":true,"href":"https:\/\/www.ip.gov.py\/ip\/wp-json\/wp\/v2\/categories?post=265724"},{"taxonomy":"post_tag","embeddable":true,"href":"https:\/\/www.ip.gov.py\/ip\/wp-json\/wp\/v2\/tags?post=265724"}],"curies":[{"name":"wp","href":"https:\/\/api.w.org\/{rel}","templated":true}]}}