{"id":269627,"date":"2019-05-05T13:55:40","date_gmt":"2019-05-05T17:55:40","guid":{"rendered":"https:\/\/www.ip.gov.py\/ip\/?p=269627"},"modified":"2019-05-05T15:03:09","modified_gmt":"2019-05-05T19:03:09","slug":"impulso-a-la-economia-digital-una-de-las-prioridades-del-gobierno-nacional","status":"publish","type":"post","link":"https:\/\/www.ip.gov.py\/ip\/2019\/05\/05\/impulso-a-la-economia-digital-una-de-las-prioridades-del-gobierno-nacional\/","title":{"rendered":"Impulso a la econom\u00eda digital una de las prioridades del Gobierno Nacional\u00a0"},"content":{"rendered":"<p style=\"text-align: justify;\"><em><strong>Asunci\u00f3n, IP.-<\/strong> <\/em>La agenda digital que viene siendo impulsada por el Gobierno Nacional a trav\u00e9s del Ministerio de Tecnolog\u00edas de la Informaci\u00f3n y Comunicaci\u00f3n (Mitic) consta de tres ejes principales que son mejorar la velocidad del internet, digitalizar los procesos de los entes del Estado y la implementaci\u00f3n de nuevas tecnolog\u00edas para dar un impulso a la econom\u00eda digital.<!--more--><\/p>\n<p style=\"text-align: justify;\">El director general de innovaci\u00f3n productiva y econom\u00eda digital de Mitic, Sebasti\u00e1n Ortiz Fiorio, \u00a0se\u00f1al\u00f3 a Tribuna, programa emitido por Paraguay TV\u00a0 que dentro de los ejes prioritarios de la agenda digital se encuentra la econom\u00eda digital, con el fin de dar un importante impulso a un sector de innovaci\u00f3n en el pa\u00eds.<\/p>\n<p style=\"text-align: justify;\">\u201cLa innovaci\u00f3n es un concepto din\u00e1mico, se va adaptando seg\u00fan va evolucionando. Al hablar de econom\u00eda digital,\u00a0 estamos hablando de globalizaci\u00f3n y eso conlleva producir,\u00a0 ofrecer y consumir\u00a0 bienes y servicios en cualquier parte del mundo desde Paraguay\u201d, mencion\u00f3.<\/p>\n<p style=\"text-align: justify;\">Explic\u00f3 que existen 3 ejes principales dentro de la Agenda Digital, mencionando\u00a0 en primer lugar a la conectividad, que es \u201ctrabajar en mejorar el internet en el pa\u00eds, m\u00e1s velocidad, mejores precios\u201d.<\/p>\n<p style=\"text-align: justify;\">En cuanto al segundo eje mencion\u00f3 que \u201ctodo lo que es gobierno electr\u00f3nico, digitalizar 130 procesos\u00a0 que haga el ciudadano con el estado, evitar las colas, va tener un gran impacto en la ciudadan\u00eda\u201d.<\/p>\n<p style=\"text-align: justify;\">Mientras, el tercer eje ser\u00e1 en torno a la econom\u00eda digital, \u201cdentro de\u00a0 este componente,\u00a0 el producto de transformaci\u00f3n digital sectorial lo que busca es\u00a0 crear un impacto en sectores, no para empresas particulares, sino para sectores espec\u00edficos con la implementaci\u00f3n de tecnolog\u00edas en sus diferentes procesos productivos\u201d.<\/p>\n<p style=\"text-align: justify;\">Se\u00f1al\u00f3 que a partir de esto, se buscar\u00e1 \u201ctrabajar en cofinanciaci\u00f3n de proyectos de transformaci\u00f3n digital, vamos a sentarnos con sectores a escuchar las necesidades que tengan e individualizar,\u00a0 que proyecto se puedan cofinanciar\u201d.<\/p>\n<p style=\"text-align: justify;\"><strong>Beneficios para la ciudadan\u00eda<\/strong><\/p>\n<p style=\"text-align: justify;\">En cuanto a los beneficios para la ciudadan\u00eda, mencion\u00f3 que \u201ctodo lo referente con la creaci\u00f3n\u00a0 de talento digital, va crear en la ciudadan\u00eda un impacto tan positivo, como la generaci\u00f3n de nuevas capacidades t\u00e9cnicas,\u00a0 para poder afrontar nuevos puestos de trabajos que van a ser demandados\u201d<\/p>\n<p style=\"text-align: justify;\">Explic\u00f3 que se va a desarrollar todo un trabajo con los chicos del colegio, \u201cvamos a intervenir en ese proceso,\u00a0 vamos a identificarlos a trav\u00e9s de olimpiadas de matem\u00e1ticas, para que\u00a0 el d\u00eda de ma\u00f1ana seguir trabajando con ellos con certificaciones de corta duraci\u00f3n, no hablamos de una carrera, pero si, para que puedan obtener un puesto de trabajo tanto aqu\u00ed en Paraguay como afuera\u201d.<\/p>\n<p style=\"text-align: justify;\"><strong>Starups y distrito digital<\/strong><\/p>\n<p style=\"text-align: justify;\">Por otra parte, se\u00f1al\u00f3 que actualmente,\u00a0 en cuanto a emprendimientos \u201cestamos enfocados a lo que es emprendimientos de base digital, partiendo de eso, seria trabajar con starups, el ecosistema est\u00e1 evolucionando hasta cierto punto, lo que buscamos con estos productos,\u00a0 es potenciar lo que ya hay\u00a0 y tener un n\u00famero superior de startups a lo que tenemos hoy, tener nuevos emprendimientos, que vayan subiendo a las diferentes fases en las vidas de una startup\u201d.<\/p>\n<p style=\"text-align: justify;\">\u201cVamos a incidir en la vida de las startups,\u00a0 con capital semilla y con otras ayudas para expandirse\u201d mencion\u00f3 el director general de innovaci\u00f3n productiva y econom\u00eda digital de Mitic.<\/p>\n<p style=\"text-align: justify;\">\u201cLa idea es la construcci\u00f3n de un distrito digital, un hub tecnol\u00f3gico donde puedan convivir las startups, las incubadoras, las aceleradoras, donde puedan formar parte,\u00a0 empresas del sector TIC, como tambi\u00e9n empresas extranjeras que puedan venir a aterrizar en Paraguay, que puedan estar f\u00edsicamente en un lugar, que conviva todo ese ecosistema, y de igual forma dotarles de personas capacitadas\u201d.<\/p>\n<p style=\"text-align: justify;\"><strong>Desarrollo<\/strong><\/p>\n<p style=\"text-align: justify;\">El representante de la direcci\u00f3n de\u00a0 econom\u00eda digital se\u00f1al\u00f3 que los resultados se ir\u00e1n viendo de a poco y el tiempo de ejecuci\u00f3n ser\u00e1 dentro de los pr\u00f3ximos 5 a\u00f1os y medio. Indic\u00f3 que ya se ven\u00edan financiando a entre 20 y 30 startups en los \u00faltimos 3 a 4 a\u00f1os.<\/p>\n<p style=\"text-align: justify;\">\u201cEl ecosistema ya est\u00e1 creado, hemos crecido hasta un cierto punto, en el cual necesitamos mayores elementos para dar el siguiente paso, necesitamos de una aceleradora con experiencia internacional, de m\u00e1s \u00e1ngeles inversores, necesitamos de fondos de inversi\u00f3n, todo esto ser\u00e1 fundamental\u00a0 para apuntalar lo que ya est\u00e1 creado\u201d.<\/p>\n<p style=\"text-align: justify;\">Finalmente, se\u00f1al\u00f3 que se tienen incubadoras en Ciudad del Este,\u00a0 Encarnaci\u00f3n, con quienes ya se tuvo contacto, \u201cuna vez que estemos con la definici\u00f3n exacta de la implementaci\u00f3n de estos productos, vamos a comunicar a todos los sectores para que tenga alcance nacional\u201d.<\/p>\n","protected":false},"excerpt":{"rendered":"<p>Asunci\u00f3n, IP.- La agenda digital que viene siendo impulsada por el Gobierno Nacional a trav\u00e9s del Ministerio de Tecnolog\u00edas de la Informaci\u00f3n y Comunicaci\u00f3n (Mitic) consta de tres ejes principales que son mejorar la velocidad del internet, digitalizar los procesos de los entes del Estado y la implementaci\u00f3n de nuevas tecnolog\u00edas para dar un impulso [&hellip;]<\/p>\n","protected":false},"author":23,"featured_media":269628,"comment_status":"closed","ping_status":"closed","sticky":false,"template":"","format":"standard","meta":{"_monsterinsights_skip_tracking":false,"_monsterinsights_sitenote_active":false,"_monsterinsights_sitenote_note":"","_monsterinsights_sitenote_category":0,"footnotes":""},"categories":[6],"tags":[],"class_list":{"0":"post-269627","1":"post","2":"type-post","3":"status-publish","4":"format-standard","5":"has-post-thumbnail","7":"category-politica"},"yoast_head":"<!-- This site is optimized with the Yoast SEO plugin v27.4 - https:\/\/yoast.com\/product\/yoast-seo-wordpress\/ -->\n<title>Impulso a la econom\u00eda digital una de las prioridades del Gobierno Nacional\u00a0 - .::Agencia IP::.<\/title>\n<meta name=\"robots\" content=\"index, follow, max-snippet:-1, max-image-preview:large, max-video-preview:-1\" \/>\n<link rel=\"canonical\" href=\"https:\/\/www.ip.gov.py\/ip\/2019\/05\/05\/impulso-a-la-economia-digital-una-de-las-prioridades-del-gobierno-nacional\/\" \/>\n<meta property=\"og:locale\" content=\"es_ES\" \/>\n<meta property=\"og:type\" content=\"article\" \/>\n<meta property=\"og:title\" content=\"Impulso a la econom\u00eda digital una de las prioridades del Gobierno Nacional\u00a0 - .::Agencia IP::.\" \/>\n<meta property=\"og:description\" content=\"Asunci\u00f3n, IP.- La agenda digital que viene siendo impulsada por el Gobierno Nacional a trav\u00e9s del Ministerio de Tecnolog\u00edas de la Informaci\u00f3n y Comunicaci\u00f3n (Mitic) consta de tres ejes principales que son mejorar la velocidad del internet, digitalizar los procesos de los entes del Estado y la implementaci\u00f3n de nuevas tecnolog\u00edas para dar un impulso [&hellip;]\" \/>\n<meta property=\"og:url\" content=\"https:\/\/www.ip.gov.py\/ip\/2019\/05\/05\/impulso-a-la-economia-digital-una-de-las-prioridades-del-gobierno-nacional\/\" \/>\n<meta property=\"og:site_name\" content=\".::Agencia IP::.\" \/>\n<meta property=\"article:publisher\" content=\"https:\/\/www.facebook.com\/IPParaguay\/\" \/>\n<meta property=\"article:published_time\" content=\"2019-05-05T17:55:40+00:00\" \/>\n<meta property=\"article:modified_time\" content=\"2019-05-05T19:03:09+00:00\" \/>\n<meta property=\"og:image\" content=\"https:\/\/www.ip.gov.py\/ip\/wp-content\/uploads\/2019\/05\/Tribuna.jpg\" \/>\n\t<meta property=\"og:image:width\" content=\"604\" \/>\n\t<meta property=\"og:image:height\" content=\"563\" \/>\n\t<meta property=\"og:image:type\" content=\"image\/jpeg\" \/>\n<meta name=\"author\" content=\"Noelia Ferreira\" \/>\n<meta name=\"twitter:card\" content=\"summary_large_image\" \/>\n<meta name=\"twitter:creator\" content=\"@IPParaguay\" \/>\n<meta name=\"twitter:site\" content=\"@IPParaguay\" \/>\n<meta name=\"twitter:label1\" content=\"Escrito por\" \/>\n\t<meta name=\"twitter:data1\" content=\"Noelia Ferreira\" \/>\n\t<meta name=\"twitter:label2\" content=\"Tiempo de lectura\" \/>\n\t<meta name=\"twitter:data2\" content=\"4 minutos\" \/>\n<script type=\"application\/ld+json\" class=\"yoast-schema-graph\">{\"@context\":\"https:\\\/\\\/schema.org\",\"@graph\":[{\"@type\":\"Article\",\"@id\":\"https:\\\/\\\/www.ip.gov.py\\\/ip\\\/2019\\\/05\\\/05\\\/impulso-a-la-economia-digital-una-de-las-prioridades-del-gobierno-nacional\\\/#article\",\"isPartOf\":{\"@id\":\"https:\\\/\\\/www.ip.gov.py\\\/ip\\\/2019\\\/05\\\/05\\\/impulso-a-la-economia-digital-una-de-las-prioridades-del-gobierno-nacional\\\/\"},\"author\":{\"name\":\"Noelia Ferreira\",\"@id\":\"https:\\\/\\\/www.ip.gov.py\\\/ip\\\/#\\\/schema\\\/person\\\/791af27a9219bdbf9064abb776bb41c2\"},\"headline\":\"Impulso a la econom\u00eda digital una de las prioridades del Gobierno Nacional\u00a0\",\"datePublished\":\"2019-05-05T17:55:40+00:00\",\"dateModified\":\"2019-05-05T19:03:09+00:00\",\"mainEntityOfPage\":{\"@id\":\"https:\\\/\\\/www.ip.gov.py\\\/ip\\\/2019\\\/05\\\/05\\\/impulso-a-la-economia-digital-una-de-las-prioridades-del-gobierno-nacional\\\/\"},\"wordCount\":800,\"publisher\":{\"@id\":\"https:\\\/\\\/www.ip.gov.py\\\/ip\\\/#organization\"},\"image\":{\"@id\":\"https:\\\/\\\/www.ip.gov.py\\\/ip\\\/2019\\\/05\\\/05\\\/impulso-a-la-economia-digital-una-de-las-prioridades-del-gobierno-nacional\\\/#primaryimage\"},\"thumbnailUrl\":\"https:\\\/\\\/www.ip.gov.py\\\/ip\\\/wp-content\\\/uploads\\\/2019\\\/05\\\/Tribuna.jpg\",\"articleSection\":[\"Pol\u00edtica\"],\"inLanguage\":\"es\"},{\"@type\":\"WebPage\",\"@id\":\"https:\\\/\\\/www.ip.gov.py\\\/ip\\\/2019\\\/05\\\/05\\\/impulso-a-la-economia-digital-una-de-las-prioridades-del-gobierno-nacional\\\/\",\"url\":\"https:\\\/\\\/www.ip.gov.py\\\/ip\\\/2019\\\/05\\\/05\\\/impulso-a-la-economia-digital-una-de-las-prioridades-del-gobierno-nacional\\\/\",\"name\":\"Impulso a la econom\u00eda digital una de las prioridades del Gobierno Nacional\u00a0 - .::Agencia IP::.\",\"isPartOf\":{\"@id\":\"https:\\\/\\\/www.ip.gov.py\\\/ip\\\/#website\"},\"primaryImageOfPage\":{\"@id\":\"https:\\\/\\\/www.ip.gov.py\\\/ip\\\/2019\\\/05\\\/05\\\/impulso-a-la-economia-digital-una-de-las-prioridades-del-gobierno-nacional\\\/#primaryimage\"},\"image\":{\"@id\":\"https:\\\/\\\/www.ip.gov.py\\\/ip\\\/2019\\\/05\\\/05\\\/impulso-a-la-economia-digital-una-de-las-prioridades-del-gobierno-nacional\\\/#primaryimage\"},\"thumbnailUrl\":\"https:\\\/\\\/www.ip.gov.py\\\/ip\\\/wp-content\\\/uploads\\\/2019\\\/05\\\/Tribuna.jpg\",\"datePublished\":\"2019-05-05T17:55:40+00:00\",\"dateModified\":\"2019-05-05T19:03:09+00:00\",\"breadcrumb\":{\"@id\":\"https:\\\/\\\/www.ip.gov.py\\\/ip\\\/2019\\\/05\\\/05\\\/impulso-a-la-economia-digital-una-de-las-prioridades-del-gobierno-nacional\\\/#breadcrumb\"},\"inLanguage\":\"es\",\"potentialAction\":[{\"@type\":\"ReadAction\",\"target\":[\"https:\\\/\\\/www.ip.gov.py\\\/ip\\\/2019\\\/05\\\/05\\\/impulso-a-la-economia-digital-una-de-las-prioridades-del-gobierno-nacional\\\/\"]}]},{\"@type\":\"ImageObject\",\"inLanguage\":\"es\",\"@id\":\"https:\\\/\\\/www.ip.gov.py\\\/ip\\\/2019\\\/05\\\/05\\\/impulso-a-la-economia-digital-una-de-las-prioridades-del-gobierno-nacional\\\/#primaryimage\",\"url\":\"https:\\\/\\\/www.ip.gov.py\\\/ip\\\/wp-content\\\/uploads\\\/2019\\\/05\\\/Tribuna.jpg\",\"contentUrl\":\"https:\\\/\\\/www.ip.gov.py\\\/ip\\\/wp-content\\\/uploads\\\/2019\\\/05\\\/Tribuna.jpg\",\"width\":604,\"height\":563,\"caption\":\"El director general de innovaci\u00f3n productiva y econom\u00eda digital de Mitic, Sebasti\u00e1n Ortiz Fiorio Foto: Paraguay TV\"},{\"@type\":\"BreadcrumbList\",\"@id\":\"https:\\\/\\\/www.ip.gov.py\\\/ip\\\/2019\\\/05\\\/05\\\/impulso-a-la-economia-digital-una-de-las-prioridades-del-gobierno-nacional\\\/#breadcrumb\",\"itemListElement\":[{\"@type\":\"ListItem\",\"position\":1,\"name\":\"Portada\",\"item\":\"https:\\\/\\\/www.ip.gov.py\\\/ip\\\/\"},{\"@type\":\"ListItem\",\"position\":2,\"name\":\"Impulso a la econom\u00eda digital una de las prioridades del Gobierno Nacional\u00a0\"}]},{\"@type\":\"WebSite\",\"@id\":\"https:\\\/\\\/www.ip.gov.py\\\/ip\\\/#website\",\"url\":\"https:\\\/\\\/www.ip.gov.py\\\/ip\\\/\",\"name\":\".::Agencia IP::.\",\"description\":\"\",\"publisher\":{\"@id\":\"https:\\\/\\\/www.ip.gov.py\\\/ip\\\/#organization\"},\"potentialAction\":[{\"@type\":\"SearchAction\",\"target\":{\"@type\":\"EntryPoint\",\"urlTemplate\":\"https:\\\/\\\/www.ip.gov.py\\\/ip\\\/?s={search_term_string}\"},\"query-input\":{\"@type\":\"PropertyValueSpecification\",\"valueRequired\":true,\"valueName\":\"search_term_string\"}}],\"inLanguage\":\"es\"},{\"@type\":\"Organization\",\"@id\":\"https:\\\/\\\/www.ip.gov.py\\\/ip\\\/#organization\",\"name\":\"Agencia IP\",\"url\":\"https:\\\/\\\/www.ip.gov.py\\\/ip\\\/\",\"logo\":{\"@type\":\"ImageObject\",\"inLanguage\":\"es\",\"@id\":\"https:\\\/\\\/www.ip.gov.py\\\/ip\\\/#\\\/schema\\\/logo\\\/image\\\/\",\"url\":\"https:\\\/\\\/www.ip.gov.py\\\/ip\\\/wp-content\\\/uploads\\\/2018\\\/01\\\/Agencia-IP.jpg\",\"contentUrl\":\"https:\\\/\\\/www.ip.gov.py\\\/ip\\\/wp-content\\\/uploads\\\/2018\\\/01\\\/Agencia-IP.jpg\",\"width\":150,\"height\":150,\"caption\":\"Agencia IP\"},\"image\":{\"@id\":\"https:\\\/\\\/www.ip.gov.py\\\/ip\\\/#\\\/schema\\\/logo\\\/image\\\/\"},\"sameAs\":[\"https:\\\/\\\/www.facebook.com\\\/IPParaguay\\\/\",\"https:\\\/\\\/x.com\\\/IPParaguay\",\"https:\\\/\\\/www.instagram.com\\\/IPParaguay\"]},{\"@type\":\"Person\",\"@id\":\"https:\\\/\\\/www.ip.gov.py\\\/ip\\\/#\\\/schema\\\/person\\\/791af27a9219bdbf9064abb776bb41c2\",\"name\":\"Noelia Ferreira\",\"sameAs\":[\"http:\\\/\\\/www.ip.gov.py\"],\"url\":\"https:\\\/\\\/www.ip.gov.py\\\/ip\\\/author\\\/nferreira\\\/\"}]}<\/script>\n<!-- \/ Yoast SEO plugin. -->","yoast_head_json":{"title":"Impulso a la econom\u00eda digital una de las prioridades del Gobierno Nacional\u00a0 - .::Agencia IP::.","robots":{"index":"index","follow":"follow","max-snippet":"max-snippet:-1","max-image-preview":"max-image-preview:large","max-video-preview":"max-video-preview:-1"},"canonical":"https:\/\/www.ip.gov.py\/ip\/2019\/05\/05\/impulso-a-la-economia-digital-una-de-las-prioridades-del-gobierno-nacional\/","og_locale":"es_ES","og_type":"article","og_title":"Impulso a la econom\u00eda digital una de las prioridades del Gobierno Nacional\u00a0 - .::Agencia IP::.","og_description":"Asunci\u00f3n, IP.- La agenda digital que viene siendo impulsada por el Gobierno Nacional a trav\u00e9s del Ministerio de Tecnolog\u00edas de la Informaci\u00f3n y Comunicaci\u00f3n (Mitic) consta de tres ejes principales que son mejorar la velocidad del internet, digitalizar los procesos de los entes del Estado y la implementaci\u00f3n de nuevas tecnolog\u00edas para dar un impulso [&hellip;]","og_url":"https:\/\/www.ip.gov.py\/ip\/2019\/05\/05\/impulso-a-la-economia-digital-una-de-las-prioridades-del-gobierno-nacional\/","og_site_name":".::Agencia IP::.","article_publisher":"https:\/\/www.facebook.com\/IPParaguay\/","article_published_time":"2019-05-05T17:55:40+00:00","article_modified_time":"2019-05-05T19:03:09+00:00","og_image":[{"width":604,"height":563,"url":"https:\/\/www.ip.gov.py\/ip\/wp-content\/uploads\/2019\/05\/Tribuna.jpg","type":"image\/jpeg"}],"author":"Noelia Ferreira","twitter_card":"summary_large_image","twitter_creator":"@IPParaguay","twitter_site":"@IPParaguay","twitter_misc":{"Escrito por":"Noelia Ferreira","Tiempo de lectura":"4 minutos"},"schema":{"@context":"https:\/\/schema.org","@graph":[{"@type":"Article","@id":"https:\/\/www.ip.gov.py\/ip\/2019\/05\/05\/impulso-a-la-economia-digital-una-de-las-prioridades-del-gobierno-nacional\/#article","isPartOf":{"@id":"https:\/\/www.ip.gov.py\/ip\/2019\/05\/05\/impulso-a-la-economia-digital-una-de-las-prioridades-del-gobierno-nacional\/"},"author":{"name":"Noelia Ferreira","@id":"https:\/\/www.ip.gov.py\/ip\/#\/schema\/person\/791af27a9219bdbf9064abb776bb41c2"},"headline":"Impulso a la econom\u00eda digital una de las prioridades del Gobierno Nacional\u00a0","datePublished":"2019-05-05T17:55:40+00:00","dateModified":"2019-05-05T19:03:09+00:00","mainEntityOfPage":{"@id":"https:\/\/www.ip.gov.py\/ip\/2019\/05\/05\/impulso-a-la-economia-digital-una-de-las-prioridades-del-gobierno-nacional\/"},"wordCount":800,"publisher":{"@id":"https:\/\/www.ip.gov.py\/ip\/#organization"},"image":{"@id":"https:\/\/www.ip.gov.py\/ip\/2019\/05\/05\/impulso-a-la-economia-digital-una-de-las-prioridades-del-gobierno-nacional\/#primaryimage"},"thumbnailUrl":"https:\/\/www.ip.gov.py\/ip\/wp-content\/uploads\/2019\/05\/Tribuna.jpg","articleSection":["Pol\u00edtica"],"inLanguage":"es"},{"@type":"WebPage","@id":"https:\/\/www.ip.gov.py\/ip\/2019\/05\/05\/impulso-a-la-economia-digital-una-de-las-prioridades-del-gobierno-nacional\/","url":"https:\/\/www.ip.gov.py\/ip\/2019\/05\/05\/impulso-a-la-economia-digital-una-de-las-prioridades-del-gobierno-nacional\/","name":"Impulso a la econom\u00eda digital una de las prioridades del Gobierno Nacional\u00a0 - .::Agencia IP::.","isPartOf":{"@id":"https:\/\/www.ip.gov.py\/ip\/#website"},"primaryImageOfPage":{"@id":"https:\/\/www.ip.gov.py\/ip\/2019\/05\/05\/impulso-a-la-economia-digital-una-de-las-prioridades-del-gobierno-nacional\/#primaryimage"},"image":{"@id":"https:\/\/www.ip.gov.py\/ip\/2019\/05\/05\/impulso-a-la-economia-digital-una-de-las-prioridades-del-gobierno-nacional\/#primaryimage"},"thumbnailUrl":"https:\/\/www.ip.gov.py\/ip\/wp-content\/uploads\/2019\/05\/Tribuna.jpg","datePublished":"2019-05-05T17:55:40+00:00","dateModified":"2019-05-05T19:03:09+00:00","breadcrumb":{"@id":"https:\/\/www.ip.gov.py\/ip\/2019\/05\/05\/impulso-a-la-economia-digital-una-de-las-prioridades-del-gobierno-nacional\/#breadcrumb"},"inLanguage":"es","potentialAction":[{"@type":"ReadAction","target":["https:\/\/www.ip.gov.py\/ip\/2019\/05\/05\/impulso-a-la-economia-digital-una-de-las-prioridades-del-gobierno-nacional\/"]}]},{"@type":"ImageObject","inLanguage":"es","@id":"https:\/\/www.ip.gov.py\/ip\/2019\/05\/05\/impulso-a-la-economia-digital-una-de-las-prioridades-del-gobierno-nacional\/#primaryimage","url":"https:\/\/www.ip.gov.py\/ip\/wp-content\/uploads\/2019\/05\/Tribuna.jpg","contentUrl":"https:\/\/www.ip.gov.py\/ip\/wp-content\/uploads\/2019\/05\/Tribuna.jpg","width":604,"height":563,"caption":"El director general de innovaci\u00f3n productiva y econom\u00eda digital de Mitic, Sebasti\u00e1n Ortiz Fiorio Foto: Paraguay TV"},{"@type":"BreadcrumbList","@id":"https:\/\/www.ip.gov.py\/ip\/2019\/05\/05\/impulso-a-la-economia-digital-una-de-las-prioridades-del-gobierno-nacional\/#breadcrumb","itemListElement":[{"@type":"ListItem","position":1,"name":"Portada","item":"https:\/\/www.ip.gov.py\/ip\/"},{"@type":"ListItem","position":2,"name":"Impulso a la econom\u00eda digital una de las prioridades del Gobierno Nacional\u00a0"}]},{"@type":"WebSite","@id":"https:\/\/www.ip.gov.py\/ip\/#website","url":"https:\/\/www.ip.gov.py\/ip\/","name":".::Agencia IP::.","description":"","publisher":{"@id":"https:\/\/www.ip.gov.py\/ip\/#organization"},"potentialAction":[{"@type":"SearchAction","target":{"@type":"EntryPoint","urlTemplate":"https:\/\/www.ip.gov.py\/ip\/?s={search_term_string}"},"query-input":{"@type":"PropertyValueSpecification","valueRequired":true,"valueName":"search_term_string"}}],"inLanguage":"es"},{"@type":"Organization","@id":"https:\/\/www.ip.gov.py\/ip\/#organization","name":"Agencia IP","url":"https:\/\/www.ip.gov.py\/ip\/","logo":{"@type":"ImageObject","inLanguage":"es","@id":"https:\/\/www.ip.gov.py\/ip\/#\/schema\/logo\/image\/","url":"https:\/\/www.ip.gov.py\/ip\/wp-content\/uploads\/2018\/01\/Agencia-IP.jpg","contentUrl":"https:\/\/www.ip.gov.py\/ip\/wp-content\/uploads\/2018\/01\/Agencia-IP.jpg","width":150,"height":150,"caption":"Agencia IP"},"image":{"@id":"https:\/\/www.ip.gov.py\/ip\/#\/schema\/logo\/image\/"},"sameAs":["https:\/\/www.facebook.com\/IPParaguay\/","https:\/\/x.com\/IPParaguay","https:\/\/www.instagram.com\/IPParaguay"]},{"@type":"Person","@id":"https:\/\/www.ip.gov.py\/ip\/#\/schema\/person\/791af27a9219bdbf9064abb776bb41c2","name":"Noelia Ferreira","sameAs":["http:\/\/www.ip.gov.py"],"url":"https:\/\/www.ip.gov.py\/ip\/author\/nferreira\/"}]}},"_links":{"self":[{"href":"https:\/\/www.ip.gov.py\/ip\/wp-json\/wp\/v2\/posts\/269627","targetHints":{"allow":["GET"]}}],"collection":[{"href":"https:\/\/www.ip.gov.py\/ip\/wp-json\/wp\/v2\/posts"}],"about":[{"href":"https:\/\/www.ip.gov.py\/ip\/wp-json\/wp\/v2\/types\/post"}],"author":[{"embeddable":true,"href":"https:\/\/www.ip.gov.py\/ip\/wp-json\/wp\/v2\/users\/23"}],"replies":[{"embeddable":true,"href":"https:\/\/www.ip.gov.py\/ip\/wp-json\/wp\/v2\/comments?post=269627"}],"version-history":[{"count":0,"href":"https:\/\/www.ip.gov.py\/ip\/wp-json\/wp\/v2\/posts\/269627\/revisions"}],"wp:featuredmedia":[{"embeddable":true,"href":"https:\/\/www.ip.gov.py\/ip\/wp-json\/wp\/v2\/media\/269628"}],"wp:attachment":[{"href":"https:\/\/www.ip.gov.py\/ip\/wp-json\/wp\/v2\/media?parent=269627"}],"wp:term":[{"taxonomy":"category","embeddable":true,"href":"https:\/\/www.ip.gov.py\/ip\/wp-json\/wp\/v2\/categories?post=269627"},{"taxonomy":"post_tag","embeddable":true,"href":"https:\/\/www.ip.gov.py\/ip\/wp-json\/wp\/v2\/tags?post=269627"}],"curies":[{"name":"wp","href":"https:\/\/api.w.org\/{rel}","templated":true}]}}