{"id":277327,"date":"2019-07-06T10:31:32","date_gmt":"2019-07-06T14:31:32","guid":{"rendered":"https:\/\/www.ip.gov.py\/ip\/?p=277327"},"modified":"2019-07-06T10:31:32","modified_gmt":"2019-07-06T14:31:32","slug":"brasil-un-camino-poco-convincente-a-la-final-de-su-copa","status":"publish","type":"post","link":"https:\/\/www.ip.gov.py\/ip\/2019\/07\/06\/brasil-un-camino-poco-convincente-a-la-final-de-su-copa\/","title":{"rendered":"Brasil, un camino poco convincente a la final de su Copa"},"content":{"rendered":"<p style=\"text-align: justify;\"><em><strong>R\u00edo de Janeiro.-<\/strong><\/em> La selecci\u00f3n brasile\u00f1a, mermada semanas antes del torneo por la baja de su gran estrella, Neymar, lesionado en un amistoso contra Catar, ha protagonizado un camino poco convincente a la final del Maracan\u00e1, en el que ha ido de menos a m\u00e1s, con la goleada 0-5 a Per\u00fa y la semifinal ganada 2-0 a Argentina como mejores momentos.<!--more--><\/p>\n<p style=\"text-align: justify;\">Brasil arranc\u00f3 el torneo jugando en el Morumb\u00ed de Sao Paulo contra la selecci\u00f3n m\u00e1s d\u00e9bil de su grupo, Bolivia, pero el esquema defensivo del combinado andino sorprendi\u00f3 y contuvo a la pentacampeona durante 50 minutos, hasta que Phillipe Coutinho encontr\u00f3, por dos ocasiones el camino a la red, seguido por Everton.<\/p>\n<p style=\"text-align: justify;\">Las sensaciones se confirmaron en el siguiente duelo de la anfitriona, en el Arena Fonte Nova de Salvador, donde se enfrent\u00f3 con el f\u00e9rreo sistema defensivo de Venezuela y su arquero, Wuilker Far\u00ed\u00f1ez, quien protagoniz\u00f3 toda una exhibici\u00f3n y cont\u00f3 con el auxilio del videoarbitraje. El VAR anul\u00f3 tres tantos brasile\u00f1os: uno de Roberto Firmino, otro de Gabriel Jes\u00fas y uno final de Coutinho.<\/p>\n<p style=\"text-align: justify;\">Con cuatro puntos, los mismos que Per\u00fa y solo dos menos de Venezuela, en la \u00faltima jornada la &#8216;Canarinha&#8217; pod\u00eda quedar incluso eliminada, en un hipot\u00e9tico triple empate si perd\u00eda ante Per\u00fa.<\/p>\n<p style=\"text-align: justify;\">Pero fue entonces, en el Arena Corinthians de Sao Paulo, cuando surgieron los goles que no aparecieron ante Venezuela. Pese al dominio inicial del conjunto incaico, un cabezazo de Casemiro en el minuto 12 allan\u00f3 el camino de la anfitriona. Firmino, tras un error del meta peruano Pedro Gallese y luego Everton, Daniel Alves y Willian redondearon el resultado, que podr\u00eda haber sido mayor, pero Gallese le par\u00f3 un penalti a Gabriel Jesus.<\/p>\n<p style=\"text-align: justify;\">Clasificada como primera de grupo, Brasil recibi\u00f3 como rival a una de las mejores terceras, Paraguay, que obtuvo el billete de rebote y con solo dos puntos. La &#8216;Albirroja&#8217; se encerr\u00f3, se encomend\u00f3 a su portero, Roberto &#8216;Gatito&#8217; Fern\u00e1ndez, y forz\u00f3 los penaltis. Una parada de Alisson y un error del paraguayo Derlis Gonz\u00e1lez dieron paso libre a la anfitriona.<\/p>\n<p style=\"text-align: justify;\">En la semifinal del Mineirao de Belo Horizonte apareci\u00f3 Argentina, tras haber sido segunda de su grupo, en un partido que son\u00f3 a final anticipada. Por ambiente lo fue, y tambi\u00e9n por el jugad\u00f3n de Alves, que regate\u00f3 a dos y pas\u00f3 sin mirar a Firmino, cuyo centro fue rematado a gol por Gabriel Jes\u00fas a los 20 minutos.<\/p>\n<p style=\"text-align: justify;\">El tanto no desarm\u00f3 a Argentina, que intent\u00f3 e intent\u00f3, estrell\u00f3 un cabezazo de Sergio el &#8216;Kun&#8217; Ag\u00fcero en el larguero, y oblig\u00f3 a lucirse a Alisson; pero en un contragolpe con carrera de Gabriel Jes\u00fas y pase para Firmino, la &#8216;Canarinha&#8217; mat\u00f3 el encuentro y se gan\u00f3 su plaza en la final del Maracan\u00e1.<\/p>\n<p>En caso de que Brasil conquiste en el legendario estadio Maracan\u00e1 su noveno t\u00edtulo de Copa Am\u00e9rica con la porter\u00eda imbatida ser\u00e1 la primera vez que la Canarinha levantar\u00e1 el t\u00edtulo de esta competici\u00f3n sin sufrir goles en todo el torneo. EFE<\/p>\n","protected":false},"excerpt":{"rendered":"<p>R\u00edo de Janeiro.- La selecci\u00f3n brasile\u00f1a, mermada semanas antes del torneo por la baja de su gran estrella, Neymar, lesionado en un amistoso contra Catar, ha protagonizado un camino poco convincente a la final del Maracan\u00e1, en el que ha ido de menos a m\u00e1s, con la goleada 0-5 a Per\u00fa y la semifinal ganada [&hellip;]<\/p>\n","protected":false},"author":7,"featured_media":277328,"comment_status":"closed","ping_status":"closed","sticky":false,"template":"","format":"standard","meta":{"_monsterinsights_skip_tracking":false,"_monsterinsights_sitenote_active":false,"_monsterinsights_sitenote_note":"","_monsterinsights_sitenote_category":0,"footnotes":""},"categories":[8],"tags":[],"class_list":{"0":"post-277327","1":"post","2":"type-post","3":"status-publish","4":"format-standard","5":"has-post-thumbnail","7":"category-deportes"},"yoast_head":"<!-- This site is optimized with the Yoast SEO plugin v27.5 - https:\/\/yoast.com\/product\/yoast-seo-wordpress\/ -->\n<title>Brasil, un camino poco convincente a la final de su Copa - .::Agencia IP::.<\/title>\n<meta name=\"robots\" content=\"index, follow, max-snippet:-1, max-image-preview:large, max-video-preview:-1\" \/>\n<link rel=\"canonical\" href=\"https:\/\/www.ip.gov.py\/ip\/2019\/07\/06\/brasil-un-camino-poco-convincente-a-la-final-de-su-copa\/\" \/>\n<meta property=\"og:locale\" content=\"es_ES\" \/>\n<meta property=\"og:type\" content=\"article\" \/>\n<meta property=\"og:title\" content=\"Brasil, un camino poco convincente a la final de su Copa - .::Agencia IP::.\" \/>\n<meta property=\"og:description\" content=\"R\u00edo de Janeiro.- La selecci\u00f3n brasile\u00f1a, mermada semanas antes del torneo por la baja de su gran estrella, Neymar, lesionado en un amistoso contra Catar, ha protagonizado un camino poco convincente a la final del Maracan\u00e1, en el que ha ido de menos a m\u00e1s, con la goleada 0-5 a Per\u00fa y la semifinal ganada [&hellip;]\" \/>\n<meta property=\"og:url\" content=\"https:\/\/www.ip.gov.py\/ip\/2019\/07\/06\/brasil-un-camino-poco-convincente-a-la-final-de-su-copa\/\" \/>\n<meta property=\"og:site_name\" content=\".::Agencia IP::.\" \/>\n<meta property=\"article:publisher\" content=\"https:\/\/www.facebook.com\/IPParaguay\/\" \/>\n<meta property=\"article:published_time\" content=\"2019-07-06T14:31:32+00:00\" \/>\n<meta property=\"og:image\" content=\"https:\/\/www.ip.gov.py\/ip\/wp-content\/uploads\/2019\/07\/Brasil-Copa-America.jpg\" \/>\n\t<meta property=\"og:image:width\" content=\"800\" \/>\n\t<meta property=\"og:image:height\" content=\"588\" \/>\n\t<meta property=\"og:image:type\" content=\"image\/jpeg\" \/>\n<meta name=\"author\" content=\"Karina L\u00f3pez\" \/>\n<meta name=\"twitter:card\" content=\"summary_large_image\" \/>\n<meta name=\"twitter:creator\" content=\"@IPParaguay\" \/>\n<meta name=\"twitter:site\" content=\"@IPParaguay\" \/>\n<meta name=\"twitter:label1\" content=\"Escrito por\" \/>\n\t<meta name=\"twitter:data1\" content=\"Karina L\u00f3pez\" \/>\n\t<meta name=\"twitter:label2\" content=\"Tiempo de lectura\" \/>\n\t<meta name=\"twitter:data2\" content=\"3 minutos\" \/>\n<script type=\"application\/ld+json\" class=\"yoast-schema-graph\">{\"@context\":\"https:\\\/\\\/schema.org\",\"@graph\":[{\"@type\":\"Article\",\"@id\":\"https:\\\/\\\/www.ip.gov.py\\\/ip\\\/2019\\\/07\\\/06\\\/brasil-un-camino-poco-convincente-a-la-final-de-su-copa\\\/#article\",\"isPartOf\":{\"@id\":\"https:\\\/\\\/www.ip.gov.py\\\/ip\\\/2019\\\/07\\\/06\\\/brasil-un-camino-poco-convincente-a-la-final-de-su-copa\\\/\"},\"author\":{\"name\":\"Karina L\u00f3pez\",\"@id\":\"https:\\\/\\\/www.ip.gov.py\\\/ip\\\/#\\\/schema\\\/person\\\/613765cf13d420d448042e6802220539\"},\"headline\":\"Brasil, un camino poco convincente a la final de su Copa\",\"datePublished\":\"2019-07-06T14:31:32+00:00\",\"mainEntityOfPage\":{\"@id\":\"https:\\\/\\\/www.ip.gov.py\\\/ip\\\/2019\\\/07\\\/06\\\/brasil-un-camino-poco-convincente-a-la-final-de-su-copa\\\/\"},\"wordCount\":535,\"publisher\":{\"@id\":\"https:\\\/\\\/www.ip.gov.py\\\/ip\\\/#organization\"},\"image\":{\"@id\":\"https:\\\/\\\/www.ip.gov.py\\\/ip\\\/2019\\\/07\\\/06\\\/brasil-un-camino-poco-convincente-a-la-final-de-su-copa\\\/#primaryimage\"},\"thumbnailUrl\":\"https:\\\/\\\/www.ip.gov.py\\\/ip\\\/wp-content\\\/uploads\\\/2019\\\/07\\\/Brasil-Copa-America.jpg\",\"articleSection\":[\"Deportes\"],\"inLanguage\":\"es\"},{\"@type\":\"WebPage\",\"@id\":\"https:\\\/\\\/www.ip.gov.py\\\/ip\\\/2019\\\/07\\\/06\\\/brasil-un-camino-poco-convincente-a-la-final-de-su-copa\\\/\",\"url\":\"https:\\\/\\\/www.ip.gov.py\\\/ip\\\/2019\\\/07\\\/06\\\/brasil-un-camino-poco-convincente-a-la-final-de-su-copa\\\/\",\"name\":\"Brasil, un camino poco convincente a la final de su Copa - .::Agencia IP::.\",\"isPartOf\":{\"@id\":\"https:\\\/\\\/www.ip.gov.py\\\/ip\\\/#website\"},\"primaryImageOfPage\":{\"@id\":\"https:\\\/\\\/www.ip.gov.py\\\/ip\\\/2019\\\/07\\\/06\\\/brasil-un-camino-poco-convincente-a-la-final-de-su-copa\\\/#primaryimage\"},\"image\":{\"@id\":\"https:\\\/\\\/www.ip.gov.py\\\/ip\\\/2019\\\/07\\\/06\\\/brasil-un-camino-poco-convincente-a-la-final-de-su-copa\\\/#primaryimage\"},\"thumbnailUrl\":\"https:\\\/\\\/www.ip.gov.py\\\/ip\\\/wp-content\\\/uploads\\\/2019\\\/07\\\/Brasil-Copa-America.jpg\",\"datePublished\":\"2019-07-06T14:31:32+00:00\",\"breadcrumb\":{\"@id\":\"https:\\\/\\\/www.ip.gov.py\\\/ip\\\/2019\\\/07\\\/06\\\/brasil-un-camino-poco-convincente-a-la-final-de-su-copa\\\/#breadcrumb\"},\"inLanguage\":\"es\",\"potentialAction\":[{\"@type\":\"ReadAction\",\"target\":[\"https:\\\/\\\/www.ip.gov.py\\\/ip\\\/2019\\\/07\\\/06\\\/brasil-un-camino-poco-convincente-a-la-final-de-su-copa\\\/\"]}]},{\"@type\":\"ImageObject\",\"inLanguage\":\"es\",\"@id\":\"https:\\\/\\\/www.ip.gov.py\\\/ip\\\/2019\\\/07\\\/06\\\/brasil-un-camino-poco-convincente-a-la-final-de-su-copa\\\/#primaryimage\",\"url\":\"https:\\\/\\\/www.ip.gov.py\\\/ip\\\/wp-content\\\/uploads\\\/2019\\\/07\\\/Brasil-Copa-America.jpg\",\"contentUrl\":\"https:\\\/\\\/www.ip.gov.py\\\/ip\\\/wp-content\\\/uploads\\\/2019\\\/07\\\/Brasil-Copa-America.jpg\",\"width\":800,\"height\":588,\"caption\":\"Foto EFE\"},{\"@type\":\"BreadcrumbList\",\"@id\":\"https:\\\/\\\/www.ip.gov.py\\\/ip\\\/2019\\\/07\\\/06\\\/brasil-un-camino-poco-convincente-a-la-final-de-su-copa\\\/#breadcrumb\",\"itemListElement\":[{\"@type\":\"ListItem\",\"position\":1,\"name\":\"Portada\",\"item\":\"https:\\\/\\\/www.ip.gov.py\\\/ip\\\/\"},{\"@type\":\"ListItem\",\"position\":2,\"name\":\"Brasil, un camino poco convincente a la final de su Copa\"}]},{\"@type\":\"WebSite\",\"@id\":\"https:\\\/\\\/www.ip.gov.py\\\/ip\\\/#website\",\"url\":\"https:\\\/\\\/www.ip.gov.py\\\/ip\\\/\",\"name\":\".::Agencia IP::.\",\"description\":\"\",\"publisher\":{\"@id\":\"https:\\\/\\\/www.ip.gov.py\\\/ip\\\/#organization\"},\"potentialAction\":[{\"@type\":\"SearchAction\",\"target\":{\"@type\":\"EntryPoint\",\"urlTemplate\":\"https:\\\/\\\/www.ip.gov.py\\\/ip\\\/?s={search_term_string}\"},\"query-input\":{\"@type\":\"PropertyValueSpecification\",\"valueRequired\":true,\"valueName\":\"search_term_string\"}}],\"inLanguage\":\"es\"},{\"@type\":\"Organization\",\"@id\":\"https:\\\/\\\/www.ip.gov.py\\\/ip\\\/#organization\",\"name\":\"Agencia IP\",\"url\":\"https:\\\/\\\/www.ip.gov.py\\\/ip\\\/\",\"logo\":{\"@type\":\"ImageObject\",\"inLanguage\":\"es\",\"@id\":\"https:\\\/\\\/www.ip.gov.py\\\/ip\\\/#\\\/schema\\\/logo\\\/image\\\/\",\"url\":\"https:\\\/\\\/www.ip.gov.py\\\/ip\\\/wp-content\\\/uploads\\\/2018\\\/01\\\/Agencia-IP.jpg\",\"contentUrl\":\"https:\\\/\\\/www.ip.gov.py\\\/ip\\\/wp-content\\\/uploads\\\/2018\\\/01\\\/Agencia-IP.jpg\",\"width\":150,\"height\":150,\"caption\":\"Agencia IP\"},\"image\":{\"@id\":\"https:\\\/\\\/www.ip.gov.py\\\/ip\\\/#\\\/schema\\\/logo\\\/image\\\/\"},\"sameAs\":[\"https:\\\/\\\/www.facebook.com\\\/IPParaguay\\\/\",\"https:\\\/\\\/x.com\\\/IPParaguay\",\"https:\\\/\\\/www.instagram.com\\\/IPParaguay\"]},{\"@type\":\"Person\",\"@id\":\"https:\\\/\\\/www.ip.gov.py\\\/ip\\\/#\\\/schema\\\/person\\\/613765cf13d420d448042e6802220539\",\"name\":\"Karina L\u00f3pez\",\"url\":\"https:\\\/\\\/www.ip.gov.py\\\/ip\\\/author\\\/klopez\\\/\"}]}<\/script>\n<!-- \/ Yoast SEO plugin. -->","yoast_head_json":{"title":"Brasil, un camino poco convincente a la final de su Copa - .::Agencia IP::.","robots":{"index":"index","follow":"follow","max-snippet":"max-snippet:-1","max-image-preview":"max-image-preview:large","max-video-preview":"max-video-preview:-1"},"canonical":"https:\/\/www.ip.gov.py\/ip\/2019\/07\/06\/brasil-un-camino-poco-convincente-a-la-final-de-su-copa\/","og_locale":"es_ES","og_type":"article","og_title":"Brasil, un camino poco convincente a la final de su Copa - .::Agencia IP::.","og_description":"R\u00edo de Janeiro.- La selecci\u00f3n brasile\u00f1a, mermada semanas antes del torneo por la baja de su gran estrella, Neymar, lesionado en un amistoso contra Catar, ha protagonizado un camino poco convincente a la final del Maracan\u00e1, en el que ha ido de menos a m\u00e1s, con la goleada 0-5 a Per\u00fa y la semifinal ganada [&hellip;]","og_url":"https:\/\/www.ip.gov.py\/ip\/2019\/07\/06\/brasil-un-camino-poco-convincente-a-la-final-de-su-copa\/","og_site_name":".::Agencia IP::.","article_publisher":"https:\/\/www.facebook.com\/IPParaguay\/","article_published_time":"2019-07-06T14:31:32+00:00","og_image":[{"width":800,"height":588,"url":"https:\/\/www.ip.gov.py\/ip\/wp-content\/uploads\/2019\/07\/Brasil-Copa-America.jpg","type":"image\/jpeg"}],"author":"Karina L\u00f3pez","twitter_card":"summary_large_image","twitter_creator":"@IPParaguay","twitter_site":"@IPParaguay","twitter_misc":{"Escrito por":"Karina L\u00f3pez","Tiempo de lectura":"3 minutos"},"schema":{"@context":"https:\/\/schema.org","@graph":[{"@type":"Article","@id":"https:\/\/www.ip.gov.py\/ip\/2019\/07\/06\/brasil-un-camino-poco-convincente-a-la-final-de-su-copa\/#article","isPartOf":{"@id":"https:\/\/www.ip.gov.py\/ip\/2019\/07\/06\/brasil-un-camino-poco-convincente-a-la-final-de-su-copa\/"},"author":{"name":"Karina L\u00f3pez","@id":"https:\/\/www.ip.gov.py\/ip\/#\/schema\/person\/613765cf13d420d448042e6802220539"},"headline":"Brasil, un camino poco convincente a la final de su Copa","datePublished":"2019-07-06T14:31:32+00:00","mainEntityOfPage":{"@id":"https:\/\/www.ip.gov.py\/ip\/2019\/07\/06\/brasil-un-camino-poco-convincente-a-la-final-de-su-copa\/"},"wordCount":535,"publisher":{"@id":"https:\/\/www.ip.gov.py\/ip\/#organization"},"image":{"@id":"https:\/\/www.ip.gov.py\/ip\/2019\/07\/06\/brasil-un-camino-poco-convincente-a-la-final-de-su-copa\/#primaryimage"},"thumbnailUrl":"https:\/\/www.ip.gov.py\/ip\/wp-content\/uploads\/2019\/07\/Brasil-Copa-America.jpg","articleSection":["Deportes"],"inLanguage":"es"},{"@type":"WebPage","@id":"https:\/\/www.ip.gov.py\/ip\/2019\/07\/06\/brasil-un-camino-poco-convincente-a-la-final-de-su-copa\/","url":"https:\/\/www.ip.gov.py\/ip\/2019\/07\/06\/brasil-un-camino-poco-convincente-a-la-final-de-su-copa\/","name":"Brasil, un camino poco convincente a la final de su Copa - .::Agencia IP::.","isPartOf":{"@id":"https:\/\/www.ip.gov.py\/ip\/#website"},"primaryImageOfPage":{"@id":"https:\/\/www.ip.gov.py\/ip\/2019\/07\/06\/brasil-un-camino-poco-convincente-a-la-final-de-su-copa\/#primaryimage"},"image":{"@id":"https:\/\/www.ip.gov.py\/ip\/2019\/07\/06\/brasil-un-camino-poco-convincente-a-la-final-de-su-copa\/#primaryimage"},"thumbnailUrl":"https:\/\/www.ip.gov.py\/ip\/wp-content\/uploads\/2019\/07\/Brasil-Copa-America.jpg","datePublished":"2019-07-06T14:31:32+00:00","breadcrumb":{"@id":"https:\/\/www.ip.gov.py\/ip\/2019\/07\/06\/brasil-un-camino-poco-convincente-a-la-final-de-su-copa\/#breadcrumb"},"inLanguage":"es","potentialAction":[{"@type":"ReadAction","target":["https:\/\/www.ip.gov.py\/ip\/2019\/07\/06\/brasil-un-camino-poco-convincente-a-la-final-de-su-copa\/"]}]},{"@type":"ImageObject","inLanguage":"es","@id":"https:\/\/www.ip.gov.py\/ip\/2019\/07\/06\/brasil-un-camino-poco-convincente-a-la-final-de-su-copa\/#primaryimage","url":"https:\/\/www.ip.gov.py\/ip\/wp-content\/uploads\/2019\/07\/Brasil-Copa-America.jpg","contentUrl":"https:\/\/www.ip.gov.py\/ip\/wp-content\/uploads\/2019\/07\/Brasil-Copa-America.jpg","width":800,"height":588,"caption":"Foto EFE"},{"@type":"BreadcrumbList","@id":"https:\/\/www.ip.gov.py\/ip\/2019\/07\/06\/brasil-un-camino-poco-convincente-a-la-final-de-su-copa\/#breadcrumb","itemListElement":[{"@type":"ListItem","position":1,"name":"Portada","item":"https:\/\/www.ip.gov.py\/ip\/"},{"@type":"ListItem","position":2,"name":"Brasil, un camino poco convincente a la final de su Copa"}]},{"@type":"WebSite","@id":"https:\/\/www.ip.gov.py\/ip\/#website","url":"https:\/\/www.ip.gov.py\/ip\/","name":".::Agencia IP::.","description":"","publisher":{"@id":"https:\/\/www.ip.gov.py\/ip\/#organization"},"potentialAction":[{"@type":"SearchAction","target":{"@type":"EntryPoint","urlTemplate":"https:\/\/www.ip.gov.py\/ip\/?s={search_term_string}"},"query-input":{"@type":"PropertyValueSpecification","valueRequired":true,"valueName":"search_term_string"}}],"inLanguage":"es"},{"@type":"Organization","@id":"https:\/\/www.ip.gov.py\/ip\/#organization","name":"Agencia IP","url":"https:\/\/www.ip.gov.py\/ip\/","logo":{"@type":"ImageObject","inLanguage":"es","@id":"https:\/\/www.ip.gov.py\/ip\/#\/schema\/logo\/image\/","url":"https:\/\/www.ip.gov.py\/ip\/wp-content\/uploads\/2018\/01\/Agencia-IP.jpg","contentUrl":"https:\/\/www.ip.gov.py\/ip\/wp-content\/uploads\/2018\/01\/Agencia-IP.jpg","width":150,"height":150,"caption":"Agencia IP"},"image":{"@id":"https:\/\/www.ip.gov.py\/ip\/#\/schema\/logo\/image\/"},"sameAs":["https:\/\/www.facebook.com\/IPParaguay\/","https:\/\/x.com\/IPParaguay","https:\/\/www.instagram.com\/IPParaguay"]},{"@type":"Person","@id":"https:\/\/www.ip.gov.py\/ip\/#\/schema\/person\/613765cf13d420d448042e6802220539","name":"Karina L\u00f3pez","url":"https:\/\/www.ip.gov.py\/ip\/author\/klopez\/"}]}},"_links":{"self":[{"href":"https:\/\/www.ip.gov.py\/ip\/wp-json\/wp\/v2\/posts\/277327","targetHints":{"allow":["GET"]}}],"collection":[{"href":"https:\/\/www.ip.gov.py\/ip\/wp-json\/wp\/v2\/posts"}],"about":[{"href":"https:\/\/www.ip.gov.py\/ip\/wp-json\/wp\/v2\/types\/post"}],"author":[{"embeddable":true,"href":"https:\/\/www.ip.gov.py\/ip\/wp-json\/wp\/v2\/users\/7"}],"replies":[{"embeddable":true,"href":"https:\/\/www.ip.gov.py\/ip\/wp-json\/wp\/v2\/comments?post=277327"}],"version-history":[{"count":0,"href":"https:\/\/www.ip.gov.py\/ip\/wp-json\/wp\/v2\/posts\/277327\/revisions"}],"wp:featuredmedia":[{"embeddable":true,"href":"https:\/\/www.ip.gov.py\/ip\/wp-json\/wp\/v2\/media\/277328"}],"wp:attachment":[{"href":"https:\/\/www.ip.gov.py\/ip\/wp-json\/wp\/v2\/media?parent=277327"}],"wp:term":[{"taxonomy":"category","embeddable":true,"href":"https:\/\/www.ip.gov.py\/ip\/wp-json\/wp\/v2\/categories?post=277327"},{"taxonomy":"post_tag","embeddable":true,"href":"https:\/\/www.ip.gov.py\/ip\/wp-json\/wp\/v2\/tags?post=277327"}],"curies":[{"name":"wp","href":"https:\/\/api.w.org\/{rel}","templated":true}]}}