{"id":277379,"date":"2019-07-07T11:24:10","date_gmt":"2019-07-07T15:24:10","guid":{"rendered":"https:\/\/www.ip.gov.py\/ip\/?p=277379"},"modified":"2019-07-07T11:24:10","modified_gmt":"2019-07-07T15:24:10","slug":"las-razones-de-la-expulsion-de-messi-segun-el-acta-arbitral","status":"publish","type":"post","link":"https:\/\/www.ip.gov.py\/ip\/2019\/07\/07\/las-razones-de-la-expulsion-de-messi-segun-el-acta-arbitral\/","title":{"rendered":"Las razones de la expulsi\u00f3n de Messi, seg\u00fan el acta arbitral"},"content":{"rendered":"<p style=\"text-align: justify;\"><span id=\"ctl14_lblMostra\"><em><strong>Sao Paulo.-<\/strong><\/em> El delantero argentino Lionel Messi fue expulsado este s\u00e1bado durante el partido por el tercer puesto de la\u00a0<span class=\"classCadenaBusqueda\">Copa<\/span>\u00a0Am\u00e9rica contra Chile por \u00abconfrontar con el adversario, en un incidente cuando el bal\u00f3n ya no estaba en juego\u00bb, seg\u00fan el acta del \u00e1rbitro paraguayo Mario D\u00edaz de Vivar.<\/span><!--more--><\/p>\n<p style=\"text-align: justify;\"><span id=\"ctl14_lblMostra\">El \u00e1rbitro ha marcado el \u00abitem 6\u00bb de los motivos de la expulsi\u00f3n, con la aclaraci\u00f3n de que lo elige \u00abante la falta de opciones\u00bb. El mismo se\u00f1ala como uno de los motivos \u00abpor confrontar con el adversario en un incidente sucedido cuando el bal\u00f3n ya no estaba en juego, propinando un fuerte golpe con el hombro al advesario\u00bb (el chileno Gary Medel, que tambi\u00e9n fue expulsado).<\/p>\n<p>El camisa 10 de la Albiceleste fue expulsado junto con el central chileno en el minuto 37 tras una trifulca entre ambos que el \u00e1rbitro castig\u00f3 con roja directa, una decisi\u00f3n que ratific\u00f3 el VAR.<\/p>\n<p>En el caso de la roja a Medel, Mario D\u00edaz de Vivar dijo que el zaguero de la Roja \u00abpropin\u00f3 con brutalidad golpes con el pecho y brazo al adversario (Messi) hasta ser contenido por sus compa\u00f1eros\u00bb.<\/p>\n<p>La decisi\u00f3n fue ampliamente criticada por los t\u00e9cnicos de ambas selecciones, el argentino Lionel Scaloni y el colombiano Reinaldo Rueda, y por los propios protagonistas de la acci\u00f3n.<\/p>\n<p>\u00abEs un lance del partido que pasa mucho, \u00e9l (Medel) juega siempre al limite y bueno, una vez pasan estas situaciones en el partido, creo que el arbitro se excedi\u00f3 un poco, porque con la amarilla para dos, hubiese terminado, pero bueno\u00bb, se\u00f1al\u00f3 Messi.<\/p>\n<p>\u00abEl \u00e1rbitro se manej\u00f3 s\u00faper mal, era una amarilla para los dos y se terminaba todo. No fue falta. El \u00e1rbitro se equivoc\u00f3 y nos expuls\u00f3 mal a los dos\u00bb, apunt\u00f3 Medel.<\/p>\n<p>Argentina se colg\u00f3 la medalla de bronce de la\u00a0<span class=\"classCadenaBusqueda\">Copa<\/span>\u00a0Am\u00e9rica 2019 despu\u00e9s de vencer este s\u00e1bado a Chile por 2-1 en el Arena Corinthians de Sao Paulo, gracias a los goles de Sergio Ag\u00fcero (m.12) y Paulo Dybala (m.22). EFE<\/span><\/p>\n","protected":false},"excerpt":{"rendered":"<p>Sao Paulo.- El delantero argentino Lionel Messi fue expulsado este s\u00e1bado durante el partido por el tercer puesto de la\u00a0Copa\u00a0Am\u00e9rica contra Chile por \u00abconfrontar con el adversario, en un incidente cuando el bal\u00f3n ya no estaba en juego\u00bb, seg\u00fan el acta del \u00e1rbitro paraguayo Mario D\u00edaz de Vivar.<\/p>\n","protected":false},"author":22,"featured_media":277380,"comment_status":"closed","ping_status":"closed","sticky":false,"template":"","format":"standard","meta":{"_monsterinsights_skip_tracking":false,"_monsterinsights_sitenote_active":false,"_monsterinsights_sitenote_note":"","_monsterinsights_sitenote_category":0,"footnotes":""},"categories":[8],"tags":[],"class_list":{"0":"post-277379","1":"post","2":"type-post","3":"status-publish","4":"format-standard","5":"has-post-thumbnail","7":"category-deportes"},"yoast_head":"<!-- This site is optimized with the Yoast SEO plugin v27.4 - https:\/\/yoast.com\/product\/yoast-seo-wordpress\/ -->\n<title>Las razones de la expulsi\u00f3n de Messi, seg\u00fan el acta arbitral - .::Agencia IP::.<\/title>\n<meta name=\"robots\" content=\"index, follow, max-snippet:-1, max-image-preview:large, max-video-preview:-1\" \/>\n<link rel=\"canonical\" href=\"https:\/\/www.ip.gov.py\/ip\/2019\/07\/07\/las-razones-de-la-expulsion-de-messi-segun-el-acta-arbitral\/\" \/>\n<meta property=\"og:locale\" content=\"es_ES\" \/>\n<meta property=\"og:type\" content=\"article\" \/>\n<meta property=\"og:title\" content=\"Las razones de la expulsi\u00f3n de Messi, seg\u00fan el acta arbitral - .::Agencia IP::.\" \/>\n<meta property=\"og:description\" content=\"Sao Paulo.- El delantero argentino Lionel Messi fue expulsado este s\u00e1bado durante el partido por el tercer puesto de la\u00a0Copa\u00a0Am\u00e9rica contra Chile por \u00abconfrontar con el adversario, en un incidente cuando el bal\u00f3n ya no estaba en juego\u00bb, seg\u00fan el acta del \u00e1rbitro paraguayo Mario D\u00edaz de Vivar.\" \/>\n<meta property=\"og:url\" content=\"https:\/\/www.ip.gov.py\/ip\/2019\/07\/07\/las-razones-de-la-expulsion-de-messi-segun-el-acta-arbitral\/\" \/>\n<meta property=\"og:site_name\" content=\".::Agencia IP::.\" \/>\n<meta property=\"article:publisher\" content=\"https:\/\/www.facebook.com\/IPParaguay\/\" \/>\n<meta property=\"article:published_time\" content=\"2019-07-07T15:24:10+00:00\" \/>\n<meta property=\"og:image\" content=\"https:\/\/www.ip.gov.py\/ip\/wp-content\/uploads\/2019\/07\/messi-expulsion-copa-america-.jpg\" \/>\n\t<meta property=\"og:image:width\" content=\"800\" \/>\n\t<meta property=\"og:image:height\" content=\"533\" \/>\n\t<meta property=\"og:image:type\" content=\"image\/jpeg\" \/>\n<meta name=\"author\" content=\"Alberto C\" \/>\n<meta name=\"twitter:card\" content=\"summary_large_image\" \/>\n<meta name=\"twitter:creator\" content=\"@IPParaguay\" \/>\n<meta name=\"twitter:site\" content=\"@IPParaguay\" \/>\n<meta name=\"twitter:label1\" content=\"Escrito por\" \/>\n\t<meta name=\"twitter:data1\" content=\"Alberto C\" \/>\n\t<meta name=\"twitter:label2\" content=\"Tiempo de lectura\" \/>\n\t<meta name=\"twitter:data2\" content=\"2 minutos\" \/>\n<script type=\"application\/ld+json\" class=\"yoast-schema-graph\">{\"@context\":\"https:\\\/\\\/schema.org\",\"@graph\":[{\"@type\":\"Article\",\"@id\":\"https:\\\/\\\/www.ip.gov.py\\\/ip\\\/2019\\\/07\\\/07\\\/las-razones-de-la-expulsion-de-messi-segun-el-acta-arbitral\\\/#article\",\"isPartOf\":{\"@id\":\"https:\\\/\\\/www.ip.gov.py\\\/ip\\\/2019\\\/07\\\/07\\\/las-razones-de-la-expulsion-de-messi-segun-el-acta-arbitral\\\/\"},\"author\":{\"name\":\"Alberto C\",\"@id\":\"https:\\\/\\\/www.ip.gov.py\\\/ip\\\/#\\\/schema\\\/person\\\/369fedd28420fad35e23b10a9df16fb8\"},\"headline\":\"Las razones de la expulsi\u00f3n de Messi, seg\u00fan el acta arbitral\",\"datePublished\":\"2019-07-07T15:24:10+00:00\",\"mainEntityOfPage\":{\"@id\":\"https:\\\/\\\/www.ip.gov.py\\\/ip\\\/2019\\\/07\\\/07\\\/las-razones-de-la-expulsion-de-messi-segun-el-acta-arbitral\\\/\"},\"wordCount\":366,\"publisher\":{\"@id\":\"https:\\\/\\\/www.ip.gov.py\\\/ip\\\/#organization\"},\"image\":{\"@id\":\"https:\\\/\\\/www.ip.gov.py\\\/ip\\\/2019\\\/07\\\/07\\\/las-razones-de-la-expulsion-de-messi-segun-el-acta-arbitral\\\/#primaryimage\"},\"thumbnailUrl\":\"https:\\\/\\\/www.ip.gov.py\\\/ip\\\/wp-content\\\/uploads\\\/2019\\\/07\\\/messi-expulsion-copa-america-.jpg\",\"articleSection\":[\"Deportes\"],\"inLanguage\":\"es\"},{\"@type\":\"WebPage\",\"@id\":\"https:\\\/\\\/www.ip.gov.py\\\/ip\\\/2019\\\/07\\\/07\\\/las-razones-de-la-expulsion-de-messi-segun-el-acta-arbitral\\\/\",\"url\":\"https:\\\/\\\/www.ip.gov.py\\\/ip\\\/2019\\\/07\\\/07\\\/las-razones-de-la-expulsion-de-messi-segun-el-acta-arbitral\\\/\",\"name\":\"Las razones de la expulsi\u00f3n de Messi, seg\u00fan el acta arbitral - .::Agencia IP::.\",\"isPartOf\":{\"@id\":\"https:\\\/\\\/www.ip.gov.py\\\/ip\\\/#website\"},\"primaryImageOfPage\":{\"@id\":\"https:\\\/\\\/www.ip.gov.py\\\/ip\\\/2019\\\/07\\\/07\\\/las-razones-de-la-expulsion-de-messi-segun-el-acta-arbitral\\\/#primaryimage\"},\"image\":{\"@id\":\"https:\\\/\\\/www.ip.gov.py\\\/ip\\\/2019\\\/07\\\/07\\\/las-razones-de-la-expulsion-de-messi-segun-el-acta-arbitral\\\/#primaryimage\"},\"thumbnailUrl\":\"https:\\\/\\\/www.ip.gov.py\\\/ip\\\/wp-content\\\/uploads\\\/2019\\\/07\\\/messi-expulsion-copa-america-.jpg\",\"datePublished\":\"2019-07-07T15:24:10+00:00\",\"breadcrumb\":{\"@id\":\"https:\\\/\\\/www.ip.gov.py\\\/ip\\\/2019\\\/07\\\/07\\\/las-razones-de-la-expulsion-de-messi-segun-el-acta-arbitral\\\/#breadcrumb\"},\"inLanguage\":\"es\",\"potentialAction\":[{\"@type\":\"ReadAction\",\"target\":[\"https:\\\/\\\/www.ip.gov.py\\\/ip\\\/2019\\\/07\\\/07\\\/las-razones-de-la-expulsion-de-messi-segun-el-acta-arbitral\\\/\"]}]},{\"@type\":\"ImageObject\",\"inLanguage\":\"es\",\"@id\":\"https:\\\/\\\/www.ip.gov.py\\\/ip\\\/2019\\\/07\\\/07\\\/las-razones-de-la-expulsion-de-messi-segun-el-acta-arbitral\\\/#primaryimage\",\"url\":\"https:\\\/\\\/www.ip.gov.py\\\/ip\\\/wp-content\\\/uploads\\\/2019\\\/07\\\/messi-expulsion-copa-america-.jpg\",\"contentUrl\":\"https:\\\/\\\/www.ip.gov.py\\\/ip\\\/wp-content\\\/uploads\\\/2019\\\/07\\\/messi-expulsion-copa-america-.jpg\",\"width\":800,\"height\":533,\"caption\":\"Foto EFE.\"},{\"@type\":\"BreadcrumbList\",\"@id\":\"https:\\\/\\\/www.ip.gov.py\\\/ip\\\/2019\\\/07\\\/07\\\/las-razones-de-la-expulsion-de-messi-segun-el-acta-arbitral\\\/#breadcrumb\",\"itemListElement\":[{\"@type\":\"ListItem\",\"position\":1,\"name\":\"Portada\",\"item\":\"https:\\\/\\\/www.ip.gov.py\\\/ip\\\/\"},{\"@type\":\"ListItem\",\"position\":2,\"name\":\"Las razones de la expulsi\u00f3n de Messi, seg\u00fan el acta arbitral\"}]},{\"@type\":\"WebSite\",\"@id\":\"https:\\\/\\\/www.ip.gov.py\\\/ip\\\/#website\",\"url\":\"https:\\\/\\\/www.ip.gov.py\\\/ip\\\/\",\"name\":\".::Agencia IP::.\",\"description\":\"\",\"publisher\":{\"@id\":\"https:\\\/\\\/www.ip.gov.py\\\/ip\\\/#organization\"},\"potentialAction\":[{\"@type\":\"SearchAction\",\"target\":{\"@type\":\"EntryPoint\",\"urlTemplate\":\"https:\\\/\\\/www.ip.gov.py\\\/ip\\\/?s={search_term_string}\"},\"query-input\":{\"@type\":\"PropertyValueSpecification\",\"valueRequired\":true,\"valueName\":\"search_term_string\"}}],\"inLanguage\":\"es\"},{\"@type\":\"Organization\",\"@id\":\"https:\\\/\\\/www.ip.gov.py\\\/ip\\\/#organization\",\"name\":\"Agencia IP\",\"url\":\"https:\\\/\\\/www.ip.gov.py\\\/ip\\\/\",\"logo\":{\"@type\":\"ImageObject\",\"inLanguage\":\"es\",\"@id\":\"https:\\\/\\\/www.ip.gov.py\\\/ip\\\/#\\\/schema\\\/logo\\\/image\\\/\",\"url\":\"https:\\\/\\\/www.ip.gov.py\\\/ip\\\/wp-content\\\/uploads\\\/2018\\\/01\\\/Agencia-IP.jpg\",\"contentUrl\":\"https:\\\/\\\/www.ip.gov.py\\\/ip\\\/wp-content\\\/uploads\\\/2018\\\/01\\\/Agencia-IP.jpg\",\"width\":150,\"height\":150,\"caption\":\"Agencia IP\"},\"image\":{\"@id\":\"https:\\\/\\\/www.ip.gov.py\\\/ip\\\/#\\\/schema\\\/logo\\\/image\\\/\"},\"sameAs\":[\"https:\\\/\\\/www.facebook.com\\\/IPParaguay\\\/\",\"https:\\\/\\\/x.com\\\/IPParaguay\",\"https:\\\/\\\/www.instagram.com\\\/IPParaguay\"]},{\"@type\":\"Person\",\"@id\":\"https:\\\/\\\/www.ip.gov.py\\\/ip\\\/#\\\/schema\\\/person\\\/369fedd28420fad35e23b10a9df16fb8\",\"name\":\"Alberto C\",\"sameAs\":[\"https:\\\/\\\/www.ip.gov.py\"],\"url\":\"https:\\\/\\\/www.ip.gov.py\\\/ip\\\/author\\\/acelma\\\/\"}]}<\/script>\n<!-- \/ Yoast SEO plugin. -->","yoast_head_json":{"title":"Las razones de la expulsi\u00f3n de Messi, seg\u00fan el acta arbitral - .::Agencia IP::.","robots":{"index":"index","follow":"follow","max-snippet":"max-snippet:-1","max-image-preview":"max-image-preview:large","max-video-preview":"max-video-preview:-1"},"canonical":"https:\/\/www.ip.gov.py\/ip\/2019\/07\/07\/las-razones-de-la-expulsion-de-messi-segun-el-acta-arbitral\/","og_locale":"es_ES","og_type":"article","og_title":"Las razones de la expulsi\u00f3n de Messi, seg\u00fan el acta arbitral - .::Agencia IP::.","og_description":"Sao Paulo.- El delantero argentino Lionel Messi fue expulsado este s\u00e1bado durante el partido por el tercer puesto de la\u00a0Copa\u00a0Am\u00e9rica contra Chile por \u00abconfrontar con el adversario, en un incidente cuando el bal\u00f3n ya no estaba en juego\u00bb, seg\u00fan el acta del \u00e1rbitro paraguayo Mario D\u00edaz de Vivar.","og_url":"https:\/\/www.ip.gov.py\/ip\/2019\/07\/07\/las-razones-de-la-expulsion-de-messi-segun-el-acta-arbitral\/","og_site_name":".::Agencia IP::.","article_publisher":"https:\/\/www.facebook.com\/IPParaguay\/","article_published_time":"2019-07-07T15:24:10+00:00","og_image":[{"width":800,"height":533,"url":"https:\/\/www.ip.gov.py\/ip\/wp-content\/uploads\/2019\/07\/messi-expulsion-copa-america-.jpg","type":"image\/jpeg"}],"author":"Alberto C","twitter_card":"summary_large_image","twitter_creator":"@IPParaguay","twitter_site":"@IPParaguay","twitter_misc":{"Escrito por":"Alberto C","Tiempo de lectura":"2 minutos"},"schema":{"@context":"https:\/\/schema.org","@graph":[{"@type":"Article","@id":"https:\/\/www.ip.gov.py\/ip\/2019\/07\/07\/las-razones-de-la-expulsion-de-messi-segun-el-acta-arbitral\/#article","isPartOf":{"@id":"https:\/\/www.ip.gov.py\/ip\/2019\/07\/07\/las-razones-de-la-expulsion-de-messi-segun-el-acta-arbitral\/"},"author":{"name":"Alberto C","@id":"https:\/\/www.ip.gov.py\/ip\/#\/schema\/person\/369fedd28420fad35e23b10a9df16fb8"},"headline":"Las razones de la expulsi\u00f3n de Messi, seg\u00fan el acta arbitral","datePublished":"2019-07-07T15:24:10+00:00","mainEntityOfPage":{"@id":"https:\/\/www.ip.gov.py\/ip\/2019\/07\/07\/las-razones-de-la-expulsion-de-messi-segun-el-acta-arbitral\/"},"wordCount":366,"publisher":{"@id":"https:\/\/www.ip.gov.py\/ip\/#organization"},"image":{"@id":"https:\/\/www.ip.gov.py\/ip\/2019\/07\/07\/las-razones-de-la-expulsion-de-messi-segun-el-acta-arbitral\/#primaryimage"},"thumbnailUrl":"https:\/\/www.ip.gov.py\/ip\/wp-content\/uploads\/2019\/07\/messi-expulsion-copa-america-.jpg","articleSection":["Deportes"],"inLanguage":"es"},{"@type":"WebPage","@id":"https:\/\/www.ip.gov.py\/ip\/2019\/07\/07\/las-razones-de-la-expulsion-de-messi-segun-el-acta-arbitral\/","url":"https:\/\/www.ip.gov.py\/ip\/2019\/07\/07\/las-razones-de-la-expulsion-de-messi-segun-el-acta-arbitral\/","name":"Las razones de la expulsi\u00f3n de Messi, seg\u00fan el acta arbitral - .::Agencia IP::.","isPartOf":{"@id":"https:\/\/www.ip.gov.py\/ip\/#website"},"primaryImageOfPage":{"@id":"https:\/\/www.ip.gov.py\/ip\/2019\/07\/07\/las-razones-de-la-expulsion-de-messi-segun-el-acta-arbitral\/#primaryimage"},"image":{"@id":"https:\/\/www.ip.gov.py\/ip\/2019\/07\/07\/las-razones-de-la-expulsion-de-messi-segun-el-acta-arbitral\/#primaryimage"},"thumbnailUrl":"https:\/\/www.ip.gov.py\/ip\/wp-content\/uploads\/2019\/07\/messi-expulsion-copa-america-.jpg","datePublished":"2019-07-07T15:24:10+00:00","breadcrumb":{"@id":"https:\/\/www.ip.gov.py\/ip\/2019\/07\/07\/las-razones-de-la-expulsion-de-messi-segun-el-acta-arbitral\/#breadcrumb"},"inLanguage":"es","potentialAction":[{"@type":"ReadAction","target":["https:\/\/www.ip.gov.py\/ip\/2019\/07\/07\/las-razones-de-la-expulsion-de-messi-segun-el-acta-arbitral\/"]}]},{"@type":"ImageObject","inLanguage":"es","@id":"https:\/\/www.ip.gov.py\/ip\/2019\/07\/07\/las-razones-de-la-expulsion-de-messi-segun-el-acta-arbitral\/#primaryimage","url":"https:\/\/www.ip.gov.py\/ip\/wp-content\/uploads\/2019\/07\/messi-expulsion-copa-america-.jpg","contentUrl":"https:\/\/www.ip.gov.py\/ip\/wp-content\/uploads\/2019\/07\/messi-expulsion-copa-america-.jpg","width":800,"height":533,"caption":"Foto EFE."},{"@type":"BreadcrumbList","@id":"https:\/\/www.ip.gov.py\/ip\/2019\/07\/07\/las-razones-de-la-expulsion-de-messi-segun-el-acta-arbitral\/#breadcrumb","itemListElement":[{"@type":"ListItem","position":1,"name":"Portada","item":"https:\/\/www.ip.gov.py\/ip\/"},{"@type":"ListItem","position":2,"name":"Las razones de la expulsi\u00f3n de Messi, seg\u00fan el acta arbitral"}]},{"@type":"WebSite","@id":"https:\/\/www.ip.gov.py\/ip\/#website","url":"https:\/\/www.ip.gov.py\/ip\/","name":".::Agencia IP::.","description":"","publisher":{"@id":"https:\/\/www.ip.gov.py\/ip\/#organization"},"potentialAction":[{"@type":"SearchAction","target":{"@type":"EntryPoint","urlTemplate":"https:\/\/www.ip.gov.py\/ip\/?s={search_term_string}"},"query-input":{"@type":"PropertyValueSpecification","valueRequired":true,"valueName":"search_term_string"}}],"inLanguage":"es"},{"@type":"Organization","@id":"https:\/\/www.ip.gov.py\/ip\/#organization","name":"Agencia IP","url":"https:\/\/www.ip.gov.py\/ip\/","logo":{"@type":"ImageObject","inLanguage":"es","@id":"https:\/\/www.ip.gov.py\/ip\/#\/schema\/logo\/image\/","url":"https:\/\/www.ip.gov.py\/ip\/wp-content\/uploads\/2018\/01\/Agencia-IP.jpg","contentUrl":"https:\/\/www.ip.gov.py\/ip\/wp-content\/uploads\/2018\/01\/Agencia-IP.jpg","width":150,"height":150,"caption":"Agencia IP"},"image":{"@id":"https:\/\/www.ip.gov.py\/ip\/#\/schema\/logo\/image\/"},"sameAs":["https:\/\/www.facebook.com\/IPParaguay\/","https:\/\/x.com\/IPParaguay","https:\/\/www.instagram.com\/IPParaguay"]},{"@type":"Person","@id":"https:\/\/www.ip.gov.py\/ip\/#\/schema\/person\/369fedd28420fad35e23b10a9df16fb8","name":"Alberto C","sameAs":["https:\/\/www.ip.gov.py"],"url":"https:\/\/www.ip.gov.py\/ip\/author\/acelma\/"}]}},"_links":{"self":[{"href":"https:\/\/www.ip.gov.py\/ip\/wp-json\/wp\/v2\/posts\/277379","targetHints":{"allow":["GET"]}}],"collection":[{"href":"https:\/\/www.ip.gov.py\/ip\/wp-json\/wp\/v2\/posts"}],"about":[{"href":"https:\/\/www.ip.gov.py\/ip\/wp-json\/wp\/v2\/types\/post"}],"author":[{"embeddable":true,"href":"https:\/\/www.ip.gov.py\/ip\/wp-json\/wp\/v2\/users\/22"}],"replies":[{"embeddable":true,"href":"https:\/\/www.ip.gov.py\/ip\/wp-json\/wp\/v2\/comments?post=277379"}],"version-history":[{"count":0,"href":"https:\/\/www.ip.gov.py\/ip\/wp-json\/wp\/v2\/posts\/277379\/revisions"}],"wp:featuredmedia":[{"embeddable":true,"href":"https:\/\/www.ip.gov.py\/ip\/wp-json\/wp\/v2\/media\/277380"}],"wp:attachment":[{"href":"https:\/\/www.ip.gov.py\/ip\/wp-json\/wp\/v2\/media?parent=277379"}],"wp:term":[{"taxonomy":"category","embeddable":true,"href":"https:\/\/www.ip.gov.py\/ip\/wp-json\/wp\/v2\/categories?post=277379"},{"taxonomy":"post_tag","embeddable":true,"href":"https:\/\/www.ip.gov.py\/ip\/wp-json\/wp\/v2\/tags?post=277379"}],"curies":[{"name":"wp","href":"https:\/\/api.w.org\/{rel}","templated":true}]}}